{"id":178233,"date":"2021-05-06T20:49:16","date_gmt":"2021-05-06T23:49:16","guid":{"rendered":"https:\/\/aconteceunovale.com.br\/portal\/?p=178233"},"modified":"2021-05-06T20:53:00","modified_gmt":"2021-05-06T23:53:00","slug":"suspeito-de-matar-colega-de-trabalho-em-itamarandiba-e-preso-em-rio-vermelho","status":"publish","type":"post","link":"https:\/\/aconteceunovale.com.br\/portal\/?p=178233","title":{"rendered":"Suspeito de matar colega de trabalho em Itamarandiba \u00e9 preso em Rio Vermelho"},"content":{"rendered":"\n<p>Um homem de 30 anos foi preso em Rio Vermelho, nesta quinta-feira (6\/5\/2021), durante uma opera\u00e7\u00e3o conjunta das pol\u00edcias Civil e Militar. Ele \u00e9 suspeito de matar um colega de trabalho em Itamarandiba, no Vale do Jequitinhonha, no dia 16 de abril deste ano. O crime ocorreu dentro de um \u00f4nibus e foi motivado por ci\u00fames.<\/p>\n\n\n\n<p>De acordo com as investiga\u00e7\u00f5es, os envolvidos tiveram uma discuss\u00e3o durante uma viagem de \u00f4nibus. O investigado, acreditando que o colega, de 32 anos, estaria tendo rela\u00e7\u00f5es com sua esposa, atirou cinco vezes contra ele. O homem baleado chegou a ser encaminhado a um hospital de Itamarandiba, mas n\u00e3o resistiu aos ferimentos.<\/p>\n\n\n\n<p>O suspeito fugiu ap\u00f3s o crime e estava foragido desde ent\u00e3o. Ele foi localizado em Rio Vermelho, onde foi cumprido o mandado de pris\u00e3o, e posteriormente encaminhado ao Sistema Prisional.<\/p>\n\n\n\n<p>&#8212;&#8212;&#8212;&#8212;&#8212;&#8212;<br><em>Quer receber as not\u00edcias do <strong>Aconteceu no Vale<\/strong> em primeira m\u00e3o? Siga-nos no Facebook <a rel=\"noreferrer noopener\" href=\"http:\/\/facebook.com\/aconteceunovale\" target=\"_blank\">@aconteceunovale<\/a>, Twitter <a rel=\"noreferrer noopener\" href=\"https:\/\/twitter.com\/noticiadosvales\" target=\"_blank\">@noticiadosvales<\/a> e Instagram <a rel=\"noreferrer noopener\" href=\"https:\/\/www.instagram.com\/aconteceunovale\" target=\"_blank\">@aconteceunovale<\/a>.<\/em><\/p>\n","protected":false},"excerpt":{"rendered":"<p>Um homem de 30 anos foi preso em Rio Vermelho, nesta quinta-feira (6\/5\/2021), durante uma opera\u00e7\u00e3o conjunta das pol\u00edcias Civil e Militar. Ele \u00e9 suspeito de matar um colega de trabalho em Itamarandiba, no Vale do Jequitinhonha, no dia 16 de abril deste ano. O crime ocorreu dentro de um \u00f4nibus e foi motivado por [&hellip;]<\/p>\n","protected":false},"author":4,"featured_media":151866,"comment_status":"open","ping_status":"closed","sticky":false,"template":"","format":"standard","meta":{"amp_status":"","footnotes":""},"categories":[123,120],"tags":[244828,14084,149,44364,244830,244829,445,244827],"class_list":["post-178233","post","type-post","status-publish","format-standard","has-post-thumbnail","hentry","category-gerais","category-jequi","tag-homem-preso-em-rio-vermelho","tag-homicidio-em-itamarandiba","tag-itamarandiba","tag-preso-em-rio-vermelho","tag-preso-por-assassinato-em-itamarandiba","tag-preso-por-homicidio-em-itamarandiba","tag-rio-vermelho","tag-suspeito-de-matar-colega-de-trabalho-em-itamarandiba-e-preso-em-rio-vermelho"],"_links":{"self":[{"href":"https:\/\/aconteceunovale.com.br\/portal\/index.php?rest_route=\/wp\/v2\/posts\/178233","targetHints":{"allow":["GET"]}}],"collection":[{"href":"https:\/\/aconteceunovale.com.br\/portal\/index.php?rest_route=\/wp\/v2\/posts"}],"about":[{"href":"https:\/\/aconteceunovale.com.br\/portal\/index.php?rest_route=\/wp\/v2\/types\/post"}],"author":[{"embeddable":true,"href":"https:\/\/aconteceunovale.com.br\/portal\/index.php?rest_route=\/wp\/v2\/users\/4"}],"replies":[{"embeddable":true,"href":"https:\/\/aconteceunovale.com.br\/portal\/index.php?rest_route=%2Fwp%2Fv2%2Fcomments&post=178233"}],"version-history":[{"count":1,"href":"https:\/\/aconteceunovale.com.br\/portal\/index.php?rest_route=\/wp\/v2\/posts\/178233\/revisions"}],"predecessor-version":[{"id":178234,"href":"https:\/\/aconteceunovale.com.br\/portal\/index.php?rest_route=\/wp\/v2\/posts\/178233\/revisions\/178234"}],"wp:featuredmedia":[{"embeddable":true,"href":"https:\/\/aconteceunovale.com.br\/portal\/index.php?rest_route=\/wp\/v2\/media\/151866"}],"wp:attachment":[{"href":"https:\/\/aconteceunovale.com.br\/portal\/index.php?rest_route=%2Fwp%2Fv2%2Fmedia&parent=178233"}],"wp:term":[{"taxonomy":"category","embeddable":true,"href":"https:\/\/aconteceunovale.com.br\/portal\/index.php?rest_route=%2Fwp%2Fv2%2Fcategories&post=178233"},{"taxonomy":"post_tag","embeddable":true,"href":"https:\/\/aconteceunovale.com.br\/portal\/index.php?rest_route=%2Fwp%2Fv2%2Ftags&post=178233"}],"curies":[{"name":"wp","href":"https:\/\/api.w.org\/{rel}","templated":true}]}}