{"id":178142,"date":"2021-05-04T21:07:10","date_gmt":"2021-05-05T00:07:10","guid":{"rendered":"https:\/\/aconteceunovale.com.br\/portal\/?p=178142"},"modified":"2021-05-04T21:08:02","modified_gmt":"2021-05-05T00:08:02","slug":"foragido-da-justica-do-espirito-santo-e-preso-em-governador-valadares","status":"publish","type":"post","link":"https:\/\/aconteceunovale.com.br\/portal\/?p=178142","title":{"rendered":"Foragido da Justi\u00e7a do Esp\u00edrito Santo \u00e9 preso em Governador Valadares"},"content":{"rendered":"\n<p class=\"wp-block-paragraph\">A For\u00e7a Integrada de Combate ao Crime Organizado (FICCO), coordenada pela Pol\u00edcia Federal e composta pelas pol\u00edcias Civil, Militar e Penal, cumpriu, na segunda-feira (3\/5\/2021), mandados de pris\u00e3o contra um homem, de 34 anos, que estava foragido da Justi\u00e7a do Estado do Esp\u00edrito Santo. Ele foi preso no distrito de Chonin de Cima, zona rural de Governador Valadares.<\/p>\n\n\n\n<figure class=\"wp-block-gallery columns-1 is-cropped wp-block-gallery-1 is-layout-flex wp-block-gallery-is-layout-flex\"><ul class=\"blocks-gallery-grid\"><li class=\"blocks-gallery-item\"><figure><img loading=\"lazy\" decoding=\"async\" width=\"678\" height=\"427\" src=\"https:\/\/aconteceunovale.com.br\/portal\/wp-content\/uploads\/2021\/05\/preso_gv.jpeg\" alt=\"\" data-id=\"178143\" data-full-url=\"https:\/\/aconteceunovale.com.br\/portal\/wp-content\/uploads\/2021\/05\/preso_gv.jpeg\" data-link=\"https:\/\/aconteceunovale.com.br\/portal\/?attachment_id=178143\" class=\"wp-image-178143\" srcset=\"https:\/\/aconteceunovale.com.br\/portal\/wp-content\/uploads\/2021\/05\/preso_gv.jpeg 678w, https:\/\/aconteceunovale.com.br\/portal\/wp-content\/uploads\/2021\/05\/preso_gv-300x189.jpeg 300w, https:\/\/aconteceunovale.com.br\/portal\/wp-content\/uploads\/2021\/05\/preso_gv-667x420.jpeg 667w\" sizes=\"auto, (max-width: 678px) 100vw, 678px\" \/><figcaption class=\"blocks-gallery-item__caption\"><em>Foto: Divulga\u00e7\u00e3o\/PCMG<\/em><\/figcaption><\/figure><\/li><\/ul><\/figure>\n\n\n\n<p class=\"wp-block-paragraph\">Contra o suspeito havia dois mandados de pris\u00e3o em aberto pelos crimes de tr\u00e1fico de drogas e posse ilegal de arma de fogo de uso restrito, cujas ordens judiciais foram expedidas pela Vara Criminal da Justi\u00e7a Federal de S\u00e3o Mateus (ES).<\/p>\n\n\n\n<p class=\"wp-block-paragraph\">Durante os trabalhos policiais, foi realizada busca minuciosa na casa do homem, sendo encontradas e apreendidas duas pistolas, 19 muni\u00e7\u00f5es intactas, um tablete e uma por\u00e7\u00e3o de subst\u00e2ncia semelhante \u00e0 maconha, pesando quase um quilo no total, al\u00e9m de documentos supostamente falsificados.<\/p>\n\n\n\n<p class=\"wp-block-paragraph\">O suspeito foi encaminhado para a Delegacia de Pol\u00edcia Federal, em Governador Valadares, onde foi ouvido e, logo em seguida, encaminhado ao Sistema Prisional.<\/p>\n\n\n\n<p class=\"wp-block-paragraph\">&#8212;&#8212;&#8212;&#8212;&#8212;&#8212;<br><em>Quer receber as not\u00edcias do <strong>Aconteceu no Vale<\/strong> em primeira m\u00e3o? Siga-nos no Facebook <a rel=\"noreferrer noopener\" href=\"http:\/\/facebook.com\/aconteceunovale\" target=\"_blank\">@aconteceunovale<\/a>, Twitter <a rel=\"noreferrer noopener\" href=\"https:\/\/twitter.com\/noticiadosvales\" target=\"_blank\">@noticiadosvales<\/a> e Instagram <a rel=\"noreferrer noopener\" href=\"https:\/\/www.instagram.com\/aconteceunovale\" target=\"_blank\">@aconteceunovale<\/a>.<\/em><\/p>\n","protected":false},"excerpt":{"rendered":"<p>A For\u00e7a Integrada de Combate ao Crime Organizado (FICCO), coordenada pela Pol\u00edcia Federal e composta pelas pol\u00edcias Civil, Militar e Penal, cumpriu, na segunda-feira (3\/5\/2021), mandados de pris\u00e3o contra um homem, de 34 anos, que estava foragido da Justi\u00e7a do Estado do Esp\u00edrito Santo. Ele foi preso no distrito de Chonin de Cima, zona rural [&hellip;]<\/p>\n","protected":false},"author":4,"featured_media":178143,"comment_status":"open","ping_status":"closed","sticky":false,"template":"","format":"standard","meta":{"amp_status":"","footnotes":""},"categories":[6,121],"tags":[244657,225638,244654,244658,244655,247,63250,244656,48037,15950],"class_list":["post-178142","post","type-post","status-publish","format-standard","has-post-thumbnail","hentry","category-br","category-leste","tag-chonin-de-cima","tag-ficco-governador-valadares","tag-foragido-da-justica-do-espirito-santo-e-preso-em-governador-valadares","tag-foragido-de-sao-mateus-preso-em-governador-valadares","tag-foragido-preso-em-governador-valadares","tag-governador-valadares","tag-policia-federal-em-governador-valadares","tag-preso-em-chonin-de-cima","tag-preso-em-governador-valadares","tag-sao-mateus"],"yoast_head":"<!-- This site is optimized with the Yoast SEO plugin v28.3 - https:\/\/yoast.com\/product\/yoast-seo-wordpress\/ -->\n<title>Foragido da Justi\u00e7a do Esp\u00edrito Santo \u00e9 preso em Governador Valadares - Aconteceu no Vale<\/title>\n<meta name=\"robots\" content=\"index, follow, max-snippet:-1, max-image-preview:large, max-video-preview:-1\" \/>\n<link rel=\"canonical\" href=\"https:\/\/aconteceunovale.com.br\/portal\/?p=178142\" \/>\n<meta property=\"og:locale\" content=\"pt_BR\" \/>\n<meta property=\"og:type\" content=\"article\" \/>\n<meta property=\"og:title\" content=\"Foragido da Justi\u00e7a do Esp\u00edrito Santo \u00e9 preso em Governador Valadares - Aconteceu no Vale\" \/>\n<meta property=\"og:description\" content=\"A For\u00e7a Integrada de Combate ao Crime Organizado (FICCO), coordenada pela Pol\u00edcia Federal e composta pelas pol\u00edcias Civil, Militar e Penal, cumpriu, na segunda-feira (3\/5\/2021), mandados de pris\u00e3o contra um homem, de 34 anos, que estava foragido da Justi\u00e7a do Estado do Esp\u00edrito Santo. Ele foi preso no distrito de Chonin de Cima, zona rural [&hellip;]\" \/>\n<meta property=\"og:url\" content=\"https:\/\/aconteceunovale.com.br\/portal\/?p=178142\" \/>\n<meta property=\"og:site_name\" content=\"Aconteceu no Vale\" \/>\n<meta property=\"article:publisher\" content=\"https:\/\/www.facebook.com\/aconteceunovale\/\" \/>\n<meta property=\"article:published_time\" content=\"2021-05-05T00:07:10+00:00\" \/>\n<meta property=\"article:modified_time\" content=\"2021-05-05T00:08:02+00:00\" \/>\n<meta property=\"og:image\" content=\"https:\/\/aconteceunovale.com.br\/portal\/wp-content\/uploads\/2021\/05\/preso_gv.jpeg\" \/>\n\t<meta property=\"og:image:width\" content=\"678\" \/>\n\t<meta property=\"og:image:height\" content=\"427\" \/>\n\t<meta property=\"og:image:type\" content=\"image\/jpeg\" \/>\n<meta name=\"author\" content=\"Reda\u00e7\u00e3o Aconteceu no Vale\" \/>\n<meta name=\"twitter:card\" content=\"summary_large_image\" \/>\n<meta name=\"twitter:creator\" content=\"@noticiadosvales\" \/>\n<meta name=\"twitter:site\" content=\"@noticiadosvales\" \/>\n<meta name=\"twitter:label1\" content=\"Escrito por\" \/>\n\t<meta name=\"twitter:data1\" content=\"Reda\u00e7\u00e3o Aconteceu no Vale\" \/>\n\t<meta name=\"twitter:label2\" content=\"Est. tempo de leitura\" \/>\n\t<meta name=\"twitter:data2\" content=\"1 minuto\" \/>\n<script type=\"application\/ld+json\" class=\"yoast-schema-graph\">{\"@context\":\"https:\\\/\\\/schema.org\",\"@graph\":[{\"@type\":\"Article\",\"@id\":\"https:\\\/\\\/aconteceunovale.com.br\\\/portal\\\/?p=178142#article\",\"isPartOf\":{\"@id\":\"https:\\\/\\\/aconteceunovale.com.br\\\/portal\\\/?p=178142\"},\"author\":{\"name\":\"Reda\u00e7\u00e3o Aconteceu no Vale\",\"@id\":\"https:\\\/\\\/aconteceunovale.com.br\\\/portal\\\/#\\\/schema\\\/person\\\/7d2f26d1483f8a63de73da1ee0754d35\"},\"headline\":\"Foragido da Justi\u00e7a do Esp\u00edrito Santo \u00e9 preso em Governador Valadares\",\"datePublished\":\"2021-05-05T00:07:10+00:00\",\"dateModified\":\"2021-05-05T00:08:02+00:00\",\"mainEntityOfPage\":{\"@id\":\"https:\\\/\\\/aconteceunovale.com.br\\\/portal\\\/?p=178142\"},\"wordCount\":215,\"commentCount\":0,\"image\":{\"@id\":\"https:\\\/\\\/aconteceunovale.com.br\\\/portal\\\/?p=178142#primaryimage\"},\"thumbnailUrl\":\"https:\\\/\\\/aconteceunovale.com.br\\\/portal\\\/wp-content\\\/uploads\\\/2021\\\/05\\\/preso_gv.jpeg\",\"keywords\":[\"Chonin de Cima\",\"FICCO Governador Valadares\",\"Foragido da Justi\u00e7a do Esp\u00edrito Santo \u00e9 preso em Governador Valadares\",\"Foragido de S\u00e3o Mateus preso em Governador Valadares\",\"Foragido preso em Governador Valadares\",\"Governador Valadares\",\"Pol\u00edcia Federal em Governador Valadares\",\"Preso em Chonin de Cima\",\"preso em Governador Valadares\",\"S\u00e3o Mateus\"],\"articleSection\":[\"Brasil\",\"Leste de Minas\"],\"inLanguage\":\"pt-BR\",\"potentialAction\":[{\"@type\":\"CommentAction\",\"name\":\"Comment\",\"target\":[\"https:\\\/\\\/aconteceunovale.com.br\\\/portal\\\/?p=178142#respond\"]}]},{\"@type\":\"WebPage\",\"@id\":\"https:\\\/\\\/aconteceunovale.com.br\\\/portal\\\/?p=178142\",\"url\":\"https:\\\/\\\/aconteceunovale.com.br\\\/portal\\\/?p=178142\",\"name\":\"Foragido da Justi\u00e7a do Esp\u00edrito Santo \u00e9 preso em Governador Valadares - Aconteceu no Vale\",\"isPartOf\":{\"@id\":\"https:\\\/\\\/aconteceunovale.com.br\\\/portal\\\/#website\"},\"primaryImageOfPage\":{\"@id\":\"https:\\\/\\\/aconteceunovale.com.br\\\/portal\\\/?p=178142#primaryimage\"},\"image\":{\"@id\":\"https:\\\/\\\/aconteceunovale.com.br\\\/portal\\\/?p=178142#primaryimage\"},\"thumbnailUrl\":\"https:\\\/\\\/aconteceunovale.com.br\\\/portal\\\/wp-content\\\/uploads\\\/2021\\\/05\\\/preso_gv.jpeg\",\"datePublished\":\"2021-05-05T00:07:10+00:00\",\"dateModified\":\"2021-05-05T00:08:02+00:00\",\"author\":{\"@id\":\"https:\\\/\\\/aconteceunovale.com.br\\\/portal\\\/#\\\/schema\\\/person\\\/7d2f26d1483f8a63de73da1ee0754d35\"},\"breadcrumb\":{\"@id\":\"https:\\\/\\\/aconteceunovale.com.br\\\/portal\\\/?p=178142#breadcrumb\"},\"inLanguage\":\"pt-BR\",\"potentialAction\":[{\"@type\":\"ReadAction\",\"target\":[\"https:\\\/\\\/aconteceunovale.com.br\\\/portal\\\/?p=178142\"]}]},{\"@type\":\"ImageObject\",\"inLanguage\":\"pt-BR\",\"@id\":\"https:\\\/\\\/aconteceunovale.com.br\\\/portal\\\/?p=178142#primaryimage\",\"url\":\"https:\\\/\\\/aconteceunovale.com.br\\\/portal\\\/wp-content\\\/uploads\\\/2021\\\/05\\\/preso_gv.jpeg\",\"contentUrl\":\"https:\\\/\\\/aconteceunovale.com.br\\\/portal\\\/wp-content\\\/uploads\\\/2021\\\/05\\\/preso_gv.jpeg\",\"width\":678,\"height\":427},{\"@type\":\"BreadcrumbList\",\"@id\":\"https:\\\/\\\/aconteceunovale.com.br\\\/portal\\\/?p=178142#breadcrumb\",\"itemListElement\":[{\"@type\":\"ListItem\",\"position\":1,\"name\":\"In\u00edcio\",\"item\":\"https:\\\/\\\/aconteceunovale.com.br\\\/portal\\\/\"},{\"@type\":\"ListItem\",\"position\":2,\"name\":\"Foragido da Justi\u00e7a do Esp\u00edrito Santo \u00e9 preso em Governador Valadares\"}]},{\"@type\":\"WebSite\",\"@id\":\"https:\\\/\\\/aconteceunovale.com.br\\\/portal\\\/#website\",\"url\":\"https:\\\/\\\/aconteceunovale.com.br\\\/portal\\\/\",\"name\":\"Aconteceu no Vale\",\"description\":\"Portal de Not\u00edcias\",\"potentialAction\":[{\"@type\":\"SearchAction\",\"target\":{\"@type\":\"EntryPoint\",\"urlTemplate\":\"https:\\\/\\\/aconteceunovale.com.br\\\/portal\\\/?s={search_term_string}\"},\"query-input\":{\"@type\":\"PropertyValueSpecification\",\"valueRequired\":true,\"valueName\":\"search_term_string\"}}],\"inLanguage\":\"pt-BR\"},{\"@type\":\"Person\",\"@id\":\"https:\\\/\\\/aconteceunovale.com.br\\\/portal\\\/#\\\/schema\\\/person\\\/7d2f26d1483f8a63de73da1ee0754d35\",\"name\":\"Reda\u00e7\u00e3o Aconteceu no Vale\",\"description\":\"Equipe de reportagem do Aconteceu no Vale, portal de not\u00edcias do Vale do Jequitinhonha, em Minas Gerais. Cobrimos as 51 cidades do Vale desde 2013. Sugest\u00f5es de pauta e pedidos de corre\u00e7\u00e3o: contato@aconteceunovale.com.br\",\"url\":\"https:\\\/\\\/aconteceunovale.com.br\\\/portal\\\/?author=4\"}]}<\/script>\n<!-- \/ Yoast SEO plugin. -->","yoast_head_json":{"title":"Foragido da Justi\u00e7a do Esp\u00edrito Santo \u00e9 preso em Governador Valadares - Aconteceu no Vale","robots":{"index":"index","follow":"follow","max-snippet":"max-snippet:-1","max-image-preview":"max-image-preview:large","max-video-preview":"max-video-preview:-1"},"canonical":"https:\/\/aconteceunovale.com.br\/portal\/?p=178142","og_locale":"pt_BR","og_type":"article","og_title":"Foragido da Justi\u00e7a do Esp\u00edrito Santo \u00e9 preso em Governador Valadares - Aconteceu no Vale","og_description":"A For\u00e7a Integrada de Combate ao Crime Organizado (FICCO), coordenada pela Pol\u00edcia Federal e composta pelas pol\u00edcias Civil, Militar e Penal, cumpriu, na segunda-feira (3\/5\/2021), mandados de pris\u00e3o contra um homem, de 34 anos, que estava foragido da Justi\u00e7a do Estado do Esp\u00edrito Santo. Ele foi preso no distrito de Chonin de Cima, zona rural [&hellip;]","og_url":"https:\/\/aconteceunovale.com.br\/portal\/?p=178142","og_site_name":"Aconteceu no Vale","article_publisher":"https:\/\/www.facebook.com\/aconteceunovale\/","article_published_time":"2021-05-05T00:07:10+00:00","article_modified_time":"2021-05-05T00:08:02+00:00","og_image":[{"width":678,"height":427,"url":"https:\/\/aconteceunovale.com.br\/portal\/wp-content\/uploads\/2021\/05\/preso_gv.jpeg","type":"image\/jpeg"}],"author":"Reda\u00e7\u00e3o Aconteceu no Vale","twitter_card":"summary_large_image","twitter_creator":"@noticiadosvales","twitter_site":"@noticiadosvales","twitter_misc":{"Escrito por":"Reda\u00e7\u00e3o Aconteceu no Vale","Est. tempo de leitura":"1 minuto"},"schema":{"@context":"https:\/\/schema.org","@graph":[{"@type":"Article","@id":"https:\/\/aconteceunovale.com.br\/portal\/?p=178142#article","isPartOf":{"@id":"https:\/\/aconteceunovale.com.br\/portal\/?p=178142"},"author":{"name":"Reda\u00e7\u00e3o Aconteceu no Vale","@id":"https:\/\/aconteceunovale.com.br\/portal\/#\/schema\/person\/7d2f26d1483f8a63de73da1ee0754d35"},"headline":"Foragido da Justi\u00e7a do Esp\u00edrito Santo \u00e9 preso em Governador Valadares","datePublished":"2021-05-05T00:07:10+00:00","dateModified":"2021-05-05T00:08:02+00:00","mainEntityOfPage":{"@id":"https:\/\/aconteceunovale.com.br\/portal\/?p=178142"},"wordCount":215,"commentCount":0,"image":{"@id":"https:\/\/aconteceunovale.com.br\/portal\/?p=178142#primaryimage"},"thumbnailUrl":"https:\/\/aconteceunovale.com.br\/portal\/wp-content\/uploads\/2021\/05\/preso_gv.jpeg","keywords":["Chonin de Cima","FICCO Governador Valadares","Foragido da Justi\u00e7a do Esp\u00edrito Santo \u00e9 preso em Governador Valadares","Foragido de S\u00e3o Mateus preso em Governador Valadares","Foragido preso em Governador Valadares","Governador Valadares","Pol\u00edcia Federal em Governador Valadares","Preso em Chonin de Cima","preso em Governador Valadares","S\u00e3o Mateus"],"articleSection":["Brasil","Leste de Minas"],"inLanguage":"pt-BR","potentialAction":[{"@type":"CommentAction","name":"Comment","target":["https:\/\/aconteceunovale.com.br\/portal\/?p=178142#respond"]}]},{"@type":"WebPage","@id":"https:\/\/aconteceunovale.com.br\/portal\/?p=178142","url":"https:\/\/aconteceunovale.com.br\/portal\/?p=178142","name":"Foragido da Justi\u00e7a do Esp\u00edrito Santo \u00e9 preso em Governador Valadares - Aconteceu no Vale","isPartOf":{"@id":"https:\/\/aconteceunovale.com.br\/portal\/#website"},"primaryImageOfPage":{"@id":"https:\/\/aconteceunovale.com.br\/portal\/?p=178142#primaryimage"},"image":{"@id":"https:\/\/aconteceunovale.com.br\/portal\/?p=178142#primaryimage"},"thumbnailUrl":"https:\/\/aconteceunovale.com.br\/portal\/wp-content\/uploads\/2021\/05\/preso_gv.jpeg","datePublished":"2021-05-05T00:07:10+00:00","dateModified":"2021-05-05T00:08:02+00:00","author":{"@id":"https:\/\/aconteceunovale.com.br\/portal\/#\/schema\/person\/7d2f26d1483f8a63de73da1ee0754d35"},"breadcrumb":{"@id":"https:\/\/aconteceunovale.com.br\/portal\/?p=178142#breadcrumb"},"inLanguage":"pt-BR","potentialAction":[{"@type":"ReadAction","target":["https:\/\/aconteceunovale.com.br\/portal\/?p=178142"]}]},{"@type":"ImageObject","inLanguage":"pt-BR","@id":"https:\/\/aconteceunovale.com.br\/portal\/?p=178142#primaryimage","url":"https:\/\/aconteceunovale.com.br\/portal\/wp-content\/uploads\/2021\/05\/preso_gv.jpeg","contentUrl":"https:\/\/aconteceunovale.com.br\/portal\/wp-content\/uploads\/2021\/05\/preso_gv.jpeg","width":678,"height":427},{"@type":"BreadcrumbList","@id":"https:\/\/aconteceunovale.com.br\/portal\/?p=178142#breadcrumb","itemListElement":[{"@type":"ListItem","position":1,"name":"In\u00edcio","item":"https:\/\/aconteceunovale.com.br\/portal\/"},{"@type":"ListItem","position":2,"name":"Foragido da Justi\u00e7a do Esp\u00edrito Santo \u00e9 preso em Governador Valadares"}]},{"@type":"WebSite","@id":"https:\/\/aconteceunovale.com.br\/portal\/#website","url":"https:\/\/aconteceunovale.com.br\/portal\/","name":"Aconteceu no Vale","description":"Portal de Not\u00edcias","potentialAction":[{"@type":"SearchAction","target":{"@type":"EntryPoint","urlTemplate":"https:\/\/aconteceunovale.com.br\/portal\/?s={search_term_string}"},"query-input":{"@type":"PropertyValueSpecification","valueRequired":true,"valueName":"search_term_string"}}],"inLanguage":"pt-BR"},{"@type":"Person","@id":"https:\/\/aconteceunovale.com.br\/portal\/#\/schema\/person\/7d2f26d1483f8a63de73da1ee0754d35","name":"Reda\u00e7\u00e3o Aconteceu no Vale","description":"Equipe de reportagem do Aconteceu no Vale, portal de not\u00edcias do Vale do Jequitinhonha, em Minas Gerais. Cobrimos as 51 cidades do Vale desde 2013. Sugest\u00f5es de pauta e pedidos de corre\u00e7\u00e3o: contato@aconteceunovale.com.br","url":"https:\/\/aconteceunovale.com.br\/portal\/?author=4"}]}},"_links":{"self":[{"href":"https:\/\/aconteceunovale.com.br\/portal\/index.php?rest_route=\/wp\/v2\/posts\/178142","targetHints":{"allow":["GET"]}}],"collection":[{"href":"https:\/\/aconteceunovale.com.br\/portal\/index.php?rest_route=\/wp\/v2\/posts"}],"about":[{"href":"https:\/\/aconteceunovale.com.br\/portal\/index.php?rest_route=\/wp\/v2\/types\/post"}],"author":[{"embeddable":true,"href":"https:\/\/aconteceunovale.com.br\/portal\/index.php?rest_route=\/wp\/v2\/users\/4"}],"replies":[{"embeddable":true,"href":"https:\/\/aconteceunovale.com.br\/portal\/index.php?rest_route=%2Fwp%2Fv2%2Fcomments&post=178142"}],"version-history":[{"count":1,"href":"https:\/\/aconteceunovale.com.br\/portal\/index.php?rest_route=\/wp\/v2\/posts\/178142\/revisions"}],"predecessor-version":[{"id":178144,"href":"https:\/\/aconteceunovale.com.br\/portal\/index.php?rest_route=\/wp\/v2\/posts\/178142\/revisions\/178144"}],"wp:featuredmedia":[{"embeddable":true,"href":"https:\/\/aconteceunovale.com.br\/portal\/index.php?rest_route=\/wp\/v2\/media\/178143"}],"wp:attachment":[{"href":"https:\/\/aconteceunovale.com.br\/portal\/index.php?rest_route=%2Fwp%2Fv2%2Fmedia&parent=178142"}],"wp:term":[{"taxonomy":"category","embeddable":true,"href":"https:\/\/aconteceunovale.com.br\/portal\/index.php?rest_route=%2Fwp%2Fv2%2Fcategories&post=178142"},{"taxonomy":"post_tag","embeddable":true,"href":"https:\/\/aconteceunovale.com.br\/portal\/index.php?rest_route=%2Fwp%2Fv2%2Ftags&post=178142"}],"curies":[{"name":"wp","href":"https:\/\/api.w.org\/{rel}","templated":true}]}}