{"id":178135,"date":"2021-05-04T16:24:19","date_gmt":"2021-05-04T19:24:19","guid":{"rendered":"https:\/\/aconteceunovale.com.br\/portal\/?p=178135"},"modified":"2021-05-04T16:28:33","modified_gmt":"2021-05-04T19:28:33","slug":"policia-indicia-jairinho-e-monique-pela-morte-de-henry-borel","status":"publish","type":"post","link":"https:\/\/aconteceunovale.com.br\/portal\/?p=178135","title":{"rendered":"Pol\u00edcia indicia Jairinho e Monique pela morte de Henry Borel"},"content":{"rendered":"\n<p>A Pol\u00edcia Civil do Rio\u00a0de Janeiro\u00a0indiciou por\u00a0homic\u00eddio duplamente qualificado\u00a0&#8211;\u00a0impossibilidade de defesa da v\u00edtima\u00a0e pelo emprego de tortura &#8211;\u00a0o vereador Jairo Souza Santos J\u00fanior, conhecido como Dr. Jairinho (sem partido),\u00a0e a\u00a0professora Monique Medeiros, padrasto e m\u00e3e de\u00a0Henry Borel,\u00a0de 4 anos.<\/p>\n\n\n\n<figure class=\"wp-block-gallery columns-1 is-cropped wp-block-gallery-1 is-layout-flex wp-block-gallery-is-layout-flex\"><ul class=\"blocks-gallery-grid\"><li class=\"blocks-gallery-item\"><figure><img loading=\"lazy\" decoding=\"async\" width=\"678\" height=\"406\" src=\"https:\/\/aconteceunovale.com.br\/portal\/wp-content\/uploads\/2021\/05\/jairinho.jpg\" alt=\"\" data-id=\"178136\" data-full-url=\"https:\/\/aconteceunovale.com.br\/portal\/wp-content\/uploads\/2021\/05\/jairinho.jpg\" data-link=\"https:\/\/aconteceunovale.com.br\/portal\/?attachment_id=178136\" class=\"wp-image-178136\" srcset=\"https:\/\/aconteceunovale.com.br\/portal\/wp-content\/uploads\/2021\/05\/jairinho.jpg 678w, https:\/\/aconteceunovale.com.br\/portal\/wp-content\/uploads\/2021\/05\/jairinho-300x180.jpg 300w\" sizes=\"auto, (max-width: 678px) 100vw, 678px\" \/><figcaption class=\"blocks-gallery-item__caption\"><em>Foto: T\u00e2nia R\u00eago\/Ag\u00eancia Brasil<\/em><\/figcaption><\/figure><\/li><\/ul><\/figure>\n\n\n\n<p>Laudo do Instituto M\u00e9dico Legal revelou que o menino, morto no dia&nbsp;8 de mar\u00e7o, sofreu 23 les\u00f5es, tr\u00eas delas na cabe\u00e7a, e morreu devido a uma hemorragia no f\u00edgado provocada por a\u00e7\u00e3o violenta.<\/p>\n\n\n\n<p>Al\u00e9m do homic\u00eddio, Jairinho&nbsp;tamb\u00e9m&nbsp;foi indiciado por dois epis\u00f3dios de&nbsp;crime de tortura ocorridos&nbsp;em fevereiro e Monique, por tortura por omiss\u00e3o,&nbsp;porque, segundo as investiga\u00e7\u00f5es, ela sabia&nbsp;que&nbsp;o filho&nbsp;estava sendo torturado e n\u00e3o agiu para evitar o crime.<\/p>\n\n\n\n<p>O inqu\u00e9rito foi enviado para o&nbsp;Minist\u00e9rio P\u00fablico&nbsp;do Estado do Rio&nbsp;de Janeiro&nbsp;que vai decidir se denuncia ou n\u00e3o o casal pelos crimes.<\/p>\n\n\n\n<h2 class=\"wp-block-heading\">Nova vers\u00e3o<\/h2>\n\n\n\n<p>Durante seu depoimento \u00e0 pol\u00edcia, Monique disse que Henry tinha ca\u00eddo da cama. Depois, em cartas escritas na pris\u00e3o, ela mudou sua vers\u00e3o e disse que mentiu porque tinha medo de Jairinho e afirmou&nbsp;ter&nbsp;sido manipulada. A defesa quer que a pol\u00edcia tome novo depoimento da professora.<\/p>\n\n\n\n<p>\u201cSobre o argumento [da defesa] de calar a Monique, isso \u00e9 absolutamente descabido. Ela foi ouvida por horas. Por lei, ela&nbsp;ter\u00e1 oportunidades para se manifestar em ju\u00edzo: na presen\u00e7a de seus advogados, promotor de justi\u00e7a e juiz de direito. A \u00fanica pessoa que foi calada nessa situa\u00e7\u00e3o toda foi o Henry. Ele foi calado. Ele pediu ajuda e n\u00e3o foi ouvido. Ela teve oportunidade de se manifestar\u201d, disse&nbsp;hoje&nbsp;(4) o&nbsp;titular da 16\u00aa DP (Barra da Tijuca), delegado Henrique Damasceno, que conduziu as investiga\u00e7\u00f5es.<\/p>\n\n\n\n<h2 class=\"wp-block-heading\">Defesa<\/h2>\n\n\n\n<p>A defesa de Jairinho disse que&nbsp;houve muito a\u00e7odamento para a conclus\u00e3o&nbsp;do inqu\u00e9rito&nbsp;e que n\u00e3o h\u00e1&nbsp;d\u00favida&nbsp;de&nbsp;que a mesma celeridade ocorrer\u00e1&nbsp;da parte do Minist\u00e9rio P\u00fablico.&nbsp;\u201cEsta pressa n\u00e3o \u00e9 aconselh\u00e1vel em um processo de alta complexidade. A press\u00e3o da opini\u00e3o p\u00fablica n\u00e3o pode interferir sob pena do cometimento de erros graves\u201d,&nbsp;informou a defesa.<\/p>\n\n\n\n<p>Os advogados&nbsp;de Monique Medeiros&nbsp;disseram que ela \u00e9 inocente \u201cneste hediondo crime que vitimou seu filho\u201d. Para a defesa, o inqu\u00e9rito policial foi finalizado prematuramente com erros investigativos. \u201cForam reinquiridas v\u00e1rias pessoas e admitida mudan\u00e7a de seus relatos. Monique n\u00e3o teve igual direito, em &#8216;dois pesos e duas medidas&#8217;\u201d, diz a nota.<\/p>\n\n\n\n<p>\u201cA defesa vai trabalhar com objetivo de fazer prevalecer a verdade na Justi\u00e7a. Tratar Monique como coautora do crime \u00e9 erro injustific\u00e1vel!\u201d, afirmou a defesa.<\/p>\n\n\n\n<p>&#8212;&#8212;&#8212;&#8212;&#8212;&#8212;<br><em>Quer receber as not\u00edcias do <strong>Aconteceu no Vale<\/strong> em primeira m\u00e3o? Siga-nos no Facebook <a rel=\"noreferrer noopener\" href=\"http:\/\/facebook.com\/aconteceunovale\" target=\"_blank\">@aconteceunovale<\/a>, Twitter <a rel=\"noreferrer noopener\" href=\"https:\/\/twitter.com\/noticiadosvales\" target=\"_blank\">@noticiadosvales<\/a> e Instagram <a rel=\"noreferrer noopener\" href=\"https:\/\/www.instagram.com\/aconteceunovale\" target=\"_blank\">@aconteceunovale<\/a>.<\/em><\/p>\n","protected":false},"excerpt":{"rendered":"<p>A Pol\u00edcia Civil do Rio\u00a0de Janeiro\u00a0indiciou por\u00a0homic\u00eddio duplamente qualificado\u00a0&#8211;\u00a0impossibilidade de defesa da v\u00edtima\u00a0e pelo emprego de tortura &#8211;\u00a0o vereador Jairo Souza Santos J\u00fanior, conhecido como Dr. Jairinho (sem partido),\u00a0e a\u00a0professora Monique Medeiros, padrasto e m\u00e3e de\u00a0Henry Borel,\u00a0de 4 anos. Laudo do Instituto M\u00e9dico Legal revelou que o menino, morto no dia&nbsp;8 de mar\u00e7o, sofreu 23 [&hellip;]<\/p>\n","protected":false},"author":4,"featured_media":178136,"comment_status":"open","ping_status":"closed","sticky":false,"template":"","format":"standard","meta":{"amp_status":"","footnotes":""},"categories":[6],"tags":[242490,242497,242502,242492,206577,242498,242499,1018,242406,242501,242500,242495,242491,242322,242319,242324,242496,242323,96508,242489,244643,242318,242320,242321,242316,242315,242317,242493,242494,122679,242313,242312,242314],"class_list":["post-178135","post","type-post","status-publish","format-standard","has-post-thumbnail","hentry","category-br","tag-16a-delegacia-de-policia-civil-do-rio-de-janeiro","tag-antenor-lopes","tag-camara-municipal-do-rio-de-janeiro","tag-cellebrite-premium","tag-claudio-castro","tag-delegado-antenor-lopes","tag-delegado-henrique-damasceno","tag-destaque","tag-dr-jairinho-e-mae-do-menino-henry-borel-sao-levados-para-presidio","tag-dr-jairinho-expulso-do-solidariedade","tag-expulso-do-solidariedade","tag-governador-claudio-castro","tag-henrique-damasceno","tag-henry-borel-medeiros","tag-jairo-souza-santos-junior","tag-leniel-borel","tag-marcos-kac","tag-monique-medeiros","tag-mprj","tag-policia-do-rio-nao-tem-duvida-de-que-dr-jairinho-matou-o-menino-henry-borel","tag-policia-indicia-jairinho-e-monique-pela-morte-de-henry-borel","tag-prisao-da-mae-de-henry-borel","tag-prisao-de-vereador-do-rio","tag-prisao-de-vereador-do-rio-de-janeiro","tag-prisao-do-doutor-jairinho","tag-prisao-do-dr-jairinho","tag-prisao-do-vereador-jairinho","tag-software-cellebrite-premium","tag-software-cellebrite-premium-usado-na-investigacao-da-morte-de-henry-borel","tag-solidariedade","tag-vereador-doutor-jairinho-e-mae-de-henry-borel-sao-presos-temporariamente","tag-vereador-dr-jairinho-e-mae-de-henry-borel-sao-presos-temporariamente","tag-vereador-jairinho-e-mae-de-henry-borel-sao-presos-temporariamente"],"_links":{"self":[{"href":"https:\/\/aconteceunovale.com.br\/portal\/index.php?rest_route=\/wp\/v2\/posts\/178135","targetHints":{"allow":["GET"]}}],"collection":[{"href":"https:\/\/aconteceunovale.com.br\/portal\/index.php?rest_route=\/wp\/v2\/posts"}],"about":[{"href":"https:\/\/aconteceunovale.com.br\/portal\/index.php?rest_route=\/wp\/v2\/types\/post"}],"author":[{"embeddable":true,"href":"https:\/\/aconteceunovale.com.br\/portal\/index.php?rest_route=\/wp\/v2\/users\/4"}],"replies":[{"embeddable":true,"href":"https:\/\/aconteceunovale.com.br\/portal\/index.php?rest_route=%2Fwp%2Fv2%2Fcomments&post=178135"}],"version-history":[{"count":1,"href":"https:\/\/aconteceunovale.com.br\/portal\/index.php?rest_route=\/wp\/v2\/posts\/178135\/revisions"}],"predecessor-version":[{"id":178137,"href":"https:\/\/aconteceunovale.com.br\/portal\/index.php?rest_route=\/wp\/v2\/posts\/178135\/revisions\/178137"}],"wp:featuredmedia":[{"embeddable":true,"href":"https:\/\/aconteceunovale.com.br\/portal\/index.php?rest_route=\/wp\/v2\/media\/178136"}],"wp:attachment":[{"href":"https:\/\/aconteceunovale.com.br\/portal\/index.php?rest_route=%2Fwp%2Fv2%2Fmedia&parent=178135"}],"wp:term":[{"taxonomy":"category","embeddable":true,"href":"https:\/\/aconteceunovale.com.br\/portal\/index.php?rest_route=%2Fwp%2Fv2%2Fcategories&post=178135"},{"taxonomy":"post_tag","embeddable":true,"href":"https:\/\/aconteceunovale.com.br\/portal\/index.php?rest_route=%2Fwp%2Fv2%2Ftags&post=178135"}],"curies":[{"name":"wp","href":"https:\/\/api.w.org\/{rel}","templated":true}]}}