{"id":178132,"date":"2021-05-04T16:15:45","date_gmt":"2021-05-04T19:15:45","guid":{"rendered":"https:\/\/aconteceunovale.com.br\/portal\/?p=178132"},"modified":"2021-05-04T16:17:51","modified_gmt":"2021-05-04T19:17:51","slug":"jovem-mata-criancas-e-professoras-em-creche-de-santa-catarina","status":"publish","type":"post","link":"https:\/\/aconteceunovale.com.br\/portal\/?p=178132","title":{"rendered":"Jovem mata crian\u00e7as e professoras em creche de Santa Catarina"},"content":{"rendered":"\n<p>Um jovem de 18 anos invadiu uma creche na cidade de Saudades (SC), nesta ter\u00e7a-feira\u00a0(4\/5\/2021), e matou ao menos tr\u00eas crian\u00e7as e duas professoras com golpes de fac\u00e3o. Uma terceira crian\u00e7a ferida est\u00e1 sob cuidados m\u00e9dicos em um hospital.<\/p>\n\n\n\n<figure class=\"wp-block-gallery columns-1 is-cropped wp-block-gallery-1 is-layout-flex wp-block-gallery-is-layout-flex\"><ul class=\"blocks-gallery-grid\"><li class=\"blocks-gallery-item\"><figure><img loading=\"lazy\" decoding=\"async\" width=\"600\" height=\"450\" src=\"https:\/\/aconteceunovale.com.br\/portal\/wp-content\/uploads\/2021\/05\/creche_atentado.jpeg\" alt=\"\" data-id=\"178133\" data-full-url=\"https:\/\/aconteceunovale.com.br\/portal\/wp-content\/uploads\/2021\/05\/creche_atentado.jpeg\" data-link=\"https:\/\/aconteceunovale.com.br\/portal\/?attachment_id=178133\" class=\"wp-image-178133\" srcset=\"https:\/\/aconteceunovale.com.br\/portal\/wp-content\/uploads\/2021\/05\/creche_atentado.jpeg 600w, https:\/\/aconteceunovale.com.br\/portal\/wp-content\/uploads\/2021\/05\/creche_atentado-300x225.jpeg 300w, https:\/\/aconteceunovale.com.br\/portal\/wp-content\/uploads\/2021\/05\/creche_atentado-80x60.jpeg 80w, https:\/\/aconteceunovale.com.br\/portal\/wp-content\/uploads\/2021\/05\/creche_atentado-265x198.jpeg 265w, https:\/\/aconteceunovale.com.br\/portal\/wp-content\/uploads\/2021\/05\/creche_atentado-560x420.jpeg 560w\" sizes=\"auto, (max-width: 600px) 100vw, 600px\" \/><figcaption class=\"blocks-gallery-item__caption\"><em>Foto: Imprensa do Povo\/Divulga\u00e7\u00e3o ND<\/em><\/figcaption><\/figure><\/li><\/ul><\/figure>\n\n\n\n<p>A identidade do agressor e os nomes das v\u00edtimas ainda n\u00e3o foram confirmados por fontes oficiais. Segundo a Pol\u00edcia Militar de Santa Catarina, ap\u00f3s cometer os crimes, o rapaz tentou suic\u00eddio e foi levado para um hospital da cidade de Pinhalzinho.<\/p>\n\n\n\n<p>Segundo o subcomandante do batalh\u00e3o da PM em Chapec\u00f3, major Rafael Ant\u00f4nio da Silva, o criminoso foi contido por populares at\u00e9 a chegada dos primeiros policiais e bombeiros.<\/p>\n\n\n\n<p><em>\u201cInfelizmente, ao chegarem, os bombeiros se depararam com pessoas j\u00e1 mortas, n\u00e3o podendo nem mais conduzi-las ao hospital\u201d<\/em>, disse Silva \u00e0\u00a0Ag\u00eancia Brasil. O agressor, por sua vez, cortou o pr\u00f3prio pesco\u00e7o com o fac\u00e3o que usou para atacar as v\u00edtimas e foi socorrido em estado grave.<\/p>\n\n\n\n<p>De acordo com o subcomandante, ainda n\u00e3o se sabe o motivo do crime. As primeiras informa\u00e7\u00f5es d\u00e3o conta de que o rapaz n\u00e3o tem nenhum v\u00ednculo com a creche, onde estudam crian\u00e7as de 6 meses a 2 anos de idade.<\/p>\n\n\n\n<p><em>\u201cEle mora na cidade e entrou no estabelecimento portando o fac\u00e3o que usou contra as v\u00edtimas. Uma professora e duas crian\u00e7as morreram no pr\u00f3prio local. Outra professora, gravemente ferida, morreu no hospital e ao menos uma crian\u00e7a ferida est\u00e1 internada\u201d<\/em>, explicou Silva.<\/p>\n\n\n\n<p>&#8212;&#8212;&#8212;&#8212;&#8212;&#8212;<br><em>Quer receber as not\u00edcias do <strong>Aconteceu no Vale<\/strong> em primeira m\u00e3o? Siga-nos no Facebook <a rel=\"noreferrer noopener\" href=\"http:\/\/facebook.com\/aconteceunovale\" target=\"_blank\">@aconteceunovale<\/a>, Twitter <a rel=\"noreferrer noopener\" href=\"https:\/\/twitter.com\/noticiadosvales\" target=\"_blank\">@noticiadosvales<\/a> e Instagram <a rel=\"noreferrer noopener\" href=\"https:\/\/www.instagram.com\/aconteceunovale\" target=\"_blank\">@aconteceunovale<\/a>.<\/em><\/p>\n","protected":false},"excerpt":{"rendered":"<p>Um jovem de 18 anos invadiu uma creche na cidade de Saudades (SC), nesta ter\u00e7a-feira\u00a0(4\/5\/2021), e matou ao menos tr\u00eas crian\u00e7as e duas professoras com golpes de fac\u00e3o. Uma terceira crian\u00e7a ferida est\u00e1 sob cuidados m\u00e9dicos em um hospital. A identidade do agressor e os nomes das v\u00edtimas ainda n\u00e3o foram confirmados por fontes oficiais. [&hellip;]<\/p>\n","protected":false},"author":4,"featured_media":178133,"comment_status":"open","ping_status":"closed","sticky":false,"template":"","format":"standard","meta":{"amp_status":"","footnotes":""},"categories":[6,40238],"tags":[244639,244638,244635,244642,244633,244636,244634,244641,9083,244640,244637,1018,244629,244631,244630,244632,233748,10237],"class_list":["post-178132","post","type-post","status-publish","format-standard","has-post-thumbnail","hentry","category-br","category-educacao-2","tag-aquarela","tag-ataque-com-facao-em-creche-de-saudades","tag-ataque-com-facao-em-santa-catarina","tag-ataque-com-facao-na-creche-aquarela","tag-ataque-em-creche-de-santa-catarina","tag-ataque-em-creche-de-saudades","tag-ataque-em-santa-catarina","tag-ataque-na-creche-aquarela","tag-chapeco","tag-creche-aquarela","tag-crime-em-creche-de-saudades","tag-destaque","tag-jovem-invade-creche-com-facao-e-mata-criancas-e-professoras-em-santa-catarina","tag-jovem-mata-criancas-e-professoras-com-golpes-de-facao-em-creche-de-santa-catarina","tag-jovem-mata-criancas-e-professoras-com-golpes-de-facao-em-santa-catarina","tag-jovem-mata-criancas-e-professoras-em-creche-de-santa-catarina","tag-pinhalzinho","tag-saudades"],"_links":{"self":[{"href":"https:\/\/aconteceunovale.com.br\/portal\/index.php?rest_route=\/wp\/v2\/posts\/178132","targetHints":{"allow":["GET"]}}],"collection":[{"href":"https:\/\/aconteceunovale.com.br\/portal\/index.php?rest_route=\/wp\/v2\/posts"}],"about":[{"href":"https:\/\/aconteceunovale.com.br\/portal\/index.php?rest_route=\/wp\/v2\/types\/post"}],"author":[{"embeddable":true,"href":"https:\/\/aconteceunovale.com.br\/portal\/index.php?rest_route=\/wp\/v2\/users\/4"}],"replies":[{"embeddable":true,"href":"https:\/\/aconteceunovale.com.br\/portal\/index.php?rest_route=%2Fwp%2Fv2%2Fcomments&post=178132"}],"version-history":[{"count":1,"href":"https:\/\/aconteceunovale.com.br\/portal\/index.php?rest_route=\/wp\/v2\/posts\/178132\/revisions"}],"predecessor-version":[{"id":178134,"href":"https:\/\/aconteceunovale.com.br\/portal\/index.php?rest_route=\/wp\/v2\/posts\/178132\/revisions\/178134"}],"wp:featuredmedia":[{"embeddable":true,"href":"https:\/\/aconteceunovale.com.br\/portal\/index.php?rest_route=\/wp\/v2\/media\/178133"}],"wp:attachment":[{"href":"https:\/\/aconteceunovale.com.br\/portal\/index.php?rest_route=%2Fwp%2Fv2%2Fmedia&parent=178132"}],"wp:term":[{"taxonomy":"category","embeddable":true,"href":"https:\/\/aconteceunovale.com.br\/portal\/index.php?rest_route=%2Fwp%2Fv2%2Fcategories&post=178132"},{"taxonomy":"post_tag","embeddable":true,"href":"https:\/\/aconteceunovale.com.br\/portal\/index.php?rest_route=%2Fwp%2Fv2%2Ftags&post=178132"}],"curies":[{"name":"wp","href":"https:\/\/api.w.org\/{rel}","templated":true}]}}