{"id":178119,"date":"2021-05-04T13:03:02","date_gmt":"2021-05-04T16:03:02","guid":{"rendered":"https:\/\/aconteceunovale.com.br\/portal\/?p=178119"},"modified":"2021-05-04T13:04:39","modified_gmt":"2021-05-04T16:04:39","slug":"apos-imunizacao-contra-covid-19-percentual-de-obitos-e-internacoes-entre-idosos-com-mais-de-70-anos-cai-em-minas-gerais","status":"publish","type":"post","link":"https:\/\/aconteceunovale.com.br\/portal\/?p=178119","title":{"rendered":"Ap\u00f3s imuniza\u00e7\u00e3o contra Covid-19, percentual de \u00f3bitos e interna\u00e7\u00f5es entre idosos com mais de 70 anos cai em Minas Gerais"},"content":{"rendered":"\n<p>Ap\u00f3s tr\u00eas meses do in\u00edcio da Campanha de Vacina\u00e7\u00e3o Contra a Covid-19 em Minas Gerais, \u00e9 poss\u00edvel observar queda na propor\u00e7\u00e3o de \u00f3bitos e interna\u00e7\u00f5es pelo coronav\u00edrus entre a popula\u00e7\u00e3o com mais de 70 anos. Dados da equipe t\u00e9cnica da Sala de Situa\u00e7\u00e3o da\u00a0Secretaria de Estado de Sa\u00fade (SES-MG)\u00a0apontam que, na segunda quinzena de janeiro deste ano, 25,1% dos \u00f3bitos registrados no estado pela doen\u00e7a ocorreram entre pessoas de 80 a 89 anos. J\u00e1 na segunda quinzena de abril, este n\u00famero caiu para 9,9% do total de mortes registradas.<\/p>\n\n\n\n<figure class=\"wp-block-gallery columns-1 is-cropped wp-block-gallery-1 is-layout-flex wp-block-gallery-is-layout-flex\"><ul class=\"blocks-gallery-grid\"><li class=\"blocks-gallery-item\"><figure><img loading=\"lazy\" decoding=\"async\" width=\"675\" height=\"450\" src=\"https:\/\/aconteceunovale.com.br\/portal\/wp-content\/uploads\/2021\/05\/vacinacao_mg_resultado_1.jpg\" alt=\"\" data-id=\"178120\" data-full-url=\"https:\/\/aconteceunovale.com.br\/portal\/wp-content\/uploads\/2021\/05\/vacinacao_mg_resultado_1.jpg\" data-link=\"https:\/\/aconteceunovale.com.br\/portal\/?attachment_id=178120\" class=\"wp-image-178120\" srcset=\"https:\/\/aconteceunovale.com.br\/portal\/wp-content\/uploads\/2021\/05\/vacinacao_mg_resultado_1.jpg 675w, https:\/\/aconteceunovale.com.br\/portal\/wp-content\/uploads\/2021\/05\/vacinacao_mg_resultado_1-300x200.jpg 300w, https:\/\/aconteceunovale.com.br\/portal\/wp-content\/uploads\/2021\/05\/vacinacao_mg_resultado_1-630x420.jpg 630w\" sizes=\"auto, (max-width: 675px) 100vw, 675px\" \/><figcaption class=\"blocks-gallery-item__caption\"><em>Foto: F\u00e1bio Marchetto \/ via Ag\u00eancia Minas<\/em><\/figcaption><\/figure><\/li><\/ul><\/figure>\n\n\n\n<p>Entre as pessoas acima de 90 anos, a queda foi de quase sete&nbsp;pontos percentuais, passando de 8,6%, do total de \u00f3bitos registrados por covid-19, para 2%. Na faixa et\u00e1ria entre 70 e 79 anos tamb\u00e9m \u00e9 poss\u00edvel verificar uma redu\u00e7\u00e3o: em janeiro, 29,5% do total de \u00f3bitos eram de pessoas nesta faixa et\u00e1ria. Em abril, este n\u00famero reduziu para 27,4%.<\/p>\n\n\n\n<p>\u201cDurante 2020, as mortes de idosos se mantiveram no patamar de 25% a 30% de todos os \u00f3bitos por covid-19. Com o in\u00edcio da vacina\u00e7\u00e3o, esse n\u00famero vem caindo\u201d, avalia a coordenadora da Sala de Situa\u00e7\u00e3o e do Centro de Informa\u00e7\u00f5es Estrat\u00e9gicas em Vigil\u00e2ncia em Sa\u00fade (Cievs-MG) da SES-MG, Eva L\u00eddia Medeiros.<\/p>\n\n\n\n<div class=\"wp-block-image\"><figure class=\"aligncenter size-large\"><img loading=\"lazy\" decoding=\"async\" width=\"452\" height=\"250\" src=\"https:\/\/aconteceunovale.com.br\/portal\/wp-content\/uploads\/2021\/05\/vacinacao_mg_resultado_2.png\" alt=\"\" class=\"wp-image-178121\" srcset=\"https:\/\/aconteceunovale.com.br\/portal\/wp-content\/uploads\/2021\/05\/vacinacao_mg_resultado_2.png 452w, https:\/\/aconteceunovale.com.br\/portal\/wp-content\/uploads\/2021\/05\/vacinacao_mg_resultado_2-300x166.png 300w\" sizes=\"auto, (max-width: 452px) 100vw, 452px\" \/><\/figure><\/div>\n\n\n\n<h2 class=\"wp-block-heading\"><strong>Interna\u00e7\u00f5es<\/strong><\/h2>\n\n\n\n<p>Os dados relacionados \u00e0s interna\u00e7\u00f5es tamb\u00e9m apontam queda no \u00edndice de idosos com mais de 70 anos que precisaram de UTI no estado. Segundo Eva L\u00eddia \u00e9 poss\u00edvel verificar que, na segunda quinzena de janeiro, 14,8% do total de interna\u00e7\u00f5es em UTI por covid-19 era de pessoas na faixa et\u00e1ria de 80 a 89 anos. J\u00e1 em abril, este n\u00famero foi para 6,9%.<\/p>\n\n\n\n<p>Entre os idosos de 70 a 79 anos, o percentual de internados caiu de 20,6%, em janeiro, para 15,9%, em abril. Entre as pessoas acima de 90 anos, 5,1% estavam na UTI por covid-19 em janeiro; na \u00faltima semana de abril este \u00edndice passou para 1,7% do total. \u201cA vacina garante a seguran\u00e7a sanit\u00e1ria de toda a popula\u00e7\u00e3o. Os estudos cient\u00edficos publicados at\u00e9 o momento comprovam que, ap\u00f3s a segunda dose, a imunidade \u00e9 alcan\u00e7ada, individual e coletivamente\u201d, afirma Eva L\u00eddia.<\/p>\n\n\n\n<div class=\"wp-block-image\"><figure class=\"aligncenter size-large\"><img loading=\"lazy\" decoding=\"async\" width=\"452\" height=\"247\" src=\"https:\/\/aconteceunovale.com.br\/portal\/wp-content\/uploads\/2021\/05\/vacinacao_mg_resultado_3.png\" alt=\"\" class=\"wp-image-178122\" srcset=\"https:\/\/aconteceunovale.com.br\/portal\/wp-content\/uploads\/2021\/05\/vacinacao_mg_resultado_3.png 452w, https:\/\/aconteceunovale.com.br\/portal\/wp-content\/uploads\/2021\/05\/vacinacao_mg_resultado_3-300x164.png 300w\" sizes=\"auto, (max-width: 452px) 100vw, 452px\" \/><\/figure><\/div>\n\n\n\n<h2 class=\"wp-block-heading\"><strong>Vacina\u00e7\u00e3o no estado<\/strong><\/h2>\n\n\n\n<p>At\u00e9 o momento, Minas Gerais recebeu do Minist\u00e9rio da Sa\u00fade 7.578.640 doses de vacinas contra o coronav\u00edrus. Cerca de 1,7 milh\u00e3o de mineiros j\u00e1 foram imunizados com a segunda dose, completando o esquema vacinal necess\u00e1rio para a prote\u00e7\u00e3o contra a doen\u00e7a.<\/p>\n\n\n\n<h2 class=\"wp-block-heading\"><strong>Avan\u00e7o entre jovens<\/strong><\/h2>\n\n\n\n<p>Se entre os idosos \u00e9 poss\u00edvel observar a redu\u00e7\u00e3o de casos e \u00f3bitos, na faixa et\u00e1ria de 20 a 69 anos houve aumento na propor\u00e7\u00e3o dos \u00f3bitos e das interna\u00e7\u00f5es em UTI por covid-19, em rela\u00e7\u00e3o ao total de notifica\u00e7\u00f5es no estado.<\/p>\n\n\n\n<p>Eva L\u00eddia avalia que esse aumento se deve tanto \u00e0 diminui\u00e7\u00e3o da porcentagem de casos e \u00f3bitos entre pessoas de outras faixas et\u00e1rias, quanto ao agravamento da doen\u00e7a em todo o pa\u00eds, causado pela introdu\u00e7\u00e3o de novas variantes e pelo aumento expressivo da circula\u00e7\u00e3o de pessoas nos \u00faltimos meses.&nbsp;<\/p>\n\n\n\n<p>\u201cOs \u00edndices s\u00e3o justificados pelo impacto da cobertura vacinal nos grupos acima de 80 anos, bem como pelo aumento da incid\u00eancia geral do n\u00famero de casos, o que tamb\u00e9m influencia no aumento de interna\u00e7\u00f5es causado por agravamento da covid-19\u201d, explica. Por isso, a coordenadora da Sala de Situa\u00e7\u00e3o alerta sobre a necessidade de se manter as medidas de prote\u00e7\u00e3o sanit\u00e1rias, como o uso de m\u00e1scaras e o distanciamento social.<\/p>\n\n\n\n<p>&#8212;&#8212;&#8212;&#8212;&#8212;&#8212;<br><em>Quer receber as not\u00edcias do <strong>Aconteceu no Vale<\/strong> em primeira m\u00e3o? Siga-nos no Facebook <a rel=\"noreferrer noopener\" href=\"http:\/\/facebook.com\/aconteceunovale\" target=\"_blank\">@aconteceunovale<\/a>, Twitter <a rel=\"noreferrer noopener\" href=\"https:\/\/twitter.com\/noticiadosvales\" target=\"_blank\">@noticiadosvales<\/a> e Instagram <a rel=\"noreferrer noopener\" href=\"https:\/\/www.instagram.com\/aconteceunovale\" target=\"_blank\">@aconteceunovale<\/a>.<\/em><\/p>\n","protected":false},"excerpt":{"rendered":"<p>Ap\u00f3s tr\u00eas meses do in\u00edcio da Campanha de Vacina\u00e7\u00e3o Contra a Covid-19 em Minas Gerais, \u00e9 poss\u00edvel observar queda na propor\u00e7\u00e3o de \u00f3bitos e interna\u00e7\u00f5es pelo coronav\u00edrus entre a popula\u00e7\u00e3o com mais de 70 anos. Dados da equipe t\u00e9cnica da Sala de Situa\u00e7\u00e3o da\u00a0Secretaria de Estado de Sa\u00fade (SES-MG)\u00a0apontam que, na segunda quinzena de janeiro [&hellip;]<\/p>\n","protected":false},"author":4,"featured_media":178120,"comment_status":"open","ping_status":"closed","sticky":false,"template":"","format":"standard","meta":{"amp_status":"","footnotes":""},"categories":[123,40242],"tags":[240692,235100,235104,194,217799,219851,235098,219853,244604,22090,214884,216498,236448,239797,221718,1018,235105,192714,231330,231334,184213,235103,135894,231100,235094,235096,235097,235095,240007,235015,244364,243267,240691,241552,240634,242407,235101,219855,215653,221717,219854,219852,217692,244601,231333,231337,231332,231336,236858,221719,244602,244603,178207,220285,220287,220286,235102,235099,231331,231335],"class_list":["post-178119","post","type-post","status-publish","format-standard","has-post-thumbnail","hentry","category-gerais","category-saude-2","tag-6-mil-doses-de-vacinas-contra-covid-19-e-ampliara-imunizacao-para-idosos-de-65-a-69-anos","tag-adileia-pereira-de-jesus-cardoso","tag-adriana-vilella-avila-de-castro","tag-belo-horizonte","tag-casos-de-coronavirus-em-minas-gerais","tag-casos-de-covid-19-em-minas-gerais","tag-cece","tag-cidades-com-casos-de-coronavirus-em-minas-gerais","tag-cievs-mg-da-ses-mg","tag-confins","tag-coronavirus","tag-covid-19","tag-covid-19-minas-gerais-bate-novo-recorde-ao-registrar-mais-de-10-mil-casos-em-24h","tag-covid-19-minas-gerais-tem-recorde-de-mortes-e-de-casos-em-24h","tag-curados-do-coronavirus-em-minas-gerais","tag-destaque","tag-distribuicao-da-vacina-em-minas-gerais","tag-eva-lidia-medeiros","tag-governador-detalha-plano-de-contingencia-para-vacinacao-contra-a-covid-19-em-minas-gerais","tag-governador-detalha-plano-de-contingencia-para-vacinacao-contra-o-novo-coronavirus-em-minas-gerais","tag-governador-romeu-zema","tag-hem","tag-hospital-eduardo-de-menezes","tag-imunizacao-contra-covid-19","tag-iniciada-a-maior-operacao-de-vacinacao-da-historia-de-minas-gerais","tag-maior-operacao-de-vacinacao-da-historia-de-minas-gerais","tag-maria-bom-sucesso-pereira","tag-minas-gerais-inicia-a-maior-operacao-de-vacinacao-da-sua-historia","tag-minas-gerais-recebe-542-550-novas-doses-de-vacinas-contra-covid-19","tag-minas-gerais-recebe-561-mil-doses-da-coronavac","tag-minas-gerais-recebe-hoje-mais-589-800-doses-de-vacinas-contra-covid-19","tag-minas-gerais-recebe-hoje-mais-701-200-doses-de-vacinas-contra-covid-19","tag-minas-gerais-recebe-mais-475","tag-minas-gerais-recebe-mais-de-1-milhao-de-doses-de-vacinas-contra-covid-19","tag-minas-gerais-recebera-mais-475-600-doses-de-vacinas-contra-a-covid-19","tag-minas-gerais-recebera-mais-478-150-doses-de-vacinas-contra-covid-19","tag-moises-alves-senra","tag-mortes-por-coronavirus-em-minas-gerais","tag-novo-coronavirus","tag-numero-de-curados-do-coronavirus-em-minas-gerais","tag-numeros-do-coronavirus-em-minas-gerais","tag-obitos-por-coronavirus-em-minas-gerias","tag-pandemia-de-coronavirus","tag-percentual-de-obitos-e-internacoes-entre-idosos-com-mais-de-70-anos-cai-em-minas-gerais","tag-plano-de-contingencia-para-vacinacao-contra-a-covid-19-em-minas-gerais","tag-plano-de-contingencia-para-vacinacao-contra-o-novo-coronavirus-em-minas-gerais","tag-plano-para-vacinacao-contra-a-covid-19-em-minas-gerais","tag-plano-para-vacinacao-contra-o-novo-coronavirus-em-minas-gerais","tag-primeira-pessoa-vacinada-contra-a-covid-19-em-minas-gerais-recebe-a-segunda-dose","tag-recuperados-do-coronavirus-em-minas-gerais","tag-resultado-da-imunizacao-contra-covid-19","tag-resultado-da-vacinacao-contra-covid-19","tag-romeu-zema","tag-secretaria-de-saude-atualiza-numeros-do-coronavirus-em-minas-gerais","tag-secretaria-de-saude-de-minas-gerais-atualiza-numeros-do-coronavirus","tag-ses-mg-atualiza-numeros-do-coronavirus","tag-teresa-gamarano-barros","tag-thiago-liberio-santana-medina","tag-vacinacao-contra-a-covid-19-em-minas-gerais","tag-vacinacao-contra-o-novo-coronavirus-em-minas-gerais"],"_links":{"self":[{"href":"https:\/\/aconteceunovale.com.br\/portal\/index.php?rest_route=\/wp\/v2\/posts\/178119","targetHints":{"allow":["GET"]}}],"collection":[{"href":"https:\/\/aconteceunovale.com.br\/portal\/index.php?rest_route=\/wp\/v2\/posts"}],"about":[{"href":"https:\/\/aconteceunovale.com.br\/portal\/index.php?rest_route=\/wp\/v2\/types\/post"}],"author":[{"embeddable":true,"href":"https:\/\/aconteceunovale.com.br\/portal\/index.php?rest_route=\/wp\/v2\/users\/4"}],"replies":[{"embeddable":true,"href":"https:\/\/aconteceunovale.com.br\/portal\/index.php?rest_route=%2Fwp%2Fv2%2Fcomments&post=178119"}],"version-history":[{"count":1,"href":"https:\/\/aconteceunovale.com.br\/portal\/index.php?rest_route=\/wp\/v2\/posts\/178119\/revisions"}],"predecessor-version":[{"id":178123,"href":"https:\/\/aconteceunovale.com.br\/portal\/index.php?rest_route=\/wp\/v2\/posts\/178119\/revisions\/178123"}],"wp:featuredmedia":[{"embeddable":true,"href":"https:\/\/aconteceunovale.com.br\/portal\/index.php?rest_route=\/wp\/v2\/media\/178120"}],"wp:attachment":[{"href":"https:\/\/aconteceunovale.com.br\/portal\/index.php?rest_route=%2Fwp%2Fv2%2Fmedia&parent=178119"}],"wp:term":[{"taxonomy":"category","embeddable":true,"href":"https:\/\/aconteceunovale.com.br\/portal\/index.php?rest_route=%2Fwp%2Fv2%2Fcategories&post=178119"},{"taxonomy":"post_tag","embeddable":true,"href":"https:\/\/aconteceunovale.com.br\/portal\/index.php?rest_route=%2Fwp%2Fv2%2Ftags&post=178119"}],"curies":[{"name":"wp","href":"https:\/\/api.w.org\/{rel}","templated":true}]}}