{"id":178086,"date":"2021-05-02T20:38:28","date_gmt":"2021-05-02T23:38:28","guid":{"rendered":"https:\/\/aconteceunovale.com.br\/portal\/?p=178086"},"modified":"2021-05-02T20:38:48","modified_gmt":"2021-05-02T23:38:48","slug":"covid-19-brasil-tem-1475-milhoes-de-casos-e-4076-mil-obitos-90-dos-infectados-se-recuperaram-da-doenca","status":"publish","type":"post","link":"https:\/\/aconteceunovale.com.br\/portal\/?p=178086","title":{"rendered":"Covid-19: Brasil tem 14,75 milh\u00f5es de casos e 407,6 mil \u00f3bitos; 90% dos infectados se recuperaram da doen\u00e7a"},"content":{"rendered":"\n<p>O Brasil chegou a 407.639 mortes por Covid-19, conforme atualiza\u00e7\u00e3o do Minist\u00e9rio da Sa\u00fade divulgada neste domingo (2\/5\/2021). Em 24 horas, desde o \u00faltimo boletim, foram registrados 1.202 novos \u00f3bitos pelas secretarias estaduais de sa\u00fade.&nbsp;<\/p>\n\n\n\n<p>Entre ontem e hoje, foram notificados 28.935 novos casos de infec\u00e7\u00e3o.&nbsp;A soma de casos acumulados ficou 14.754.910.<\/p>\n\n\n\n<p>Os dados indicam tamb\u00e9m que 1.068.553 (7,2%) de pacientes est\u00e3o, neste momento, em acompanhamento por profissionais de sa\u00fade. Outros 13.278.718, o correspondente a 90% dos infectados, se recuperaram da doen\u00e7a.<\/p>\n\n\n\n<figure class=\"wp-block-image size-large\"><img loading=\"lazy\" decoding=\"async\" width=\"754\" height=\"424\" src=\"https:\/\/aconteceunovale.com.br\/portal\/wp-content\/uploads\/2021\/05\/corona_br_2maio.jpeg\" alt=\"\" class=\"wp-image-178087\" srcset=\"https:\/\/aconteceunovale.com.br\/portal\/wp-content\/uploads\/2021\/05\/corona_br_2maio.jpeg 754w, https:\/\/aconteceunovale.com.br\/portal\/wp-content\/uploads\/2021\/05\/corona_br_2maio-300x169.jpeg 300w, https:\/\/aconteceunovale.com.br\/portal\/wp-content\/uploads\/2021\/05\/corona_br_2maio-696x391.jpeg 696w, https:\/\/aconteceunovale.com.br\/portal\/wp-content\/uploads\/2021\/05\/corona_br_2maio-747x420.jpeg 747w\" sizes=\"auto, (max-width: 754px) 100vw, 754px\" \/><\/figure>\n\n\n\n<h2 class=\"wp-block-heading\">Estados<\/h2>\n\n\n\n<p>S\u00e3o Paulo chegou a 2,923 milh\u00f5es de pessoas contaminadas. Os outros estados com maior n\u00famero de casos no pa\u00eds s\u00e3o Minas Gerais (1,37 milh\u00e3o) e Rio Grande do Sul (980,4 mil). J\u00e1 o Acre, na regi\u00e3o Norte do pa\u00eds, segue com o menor n\u00famero de casos (78,1 mil).<\/p>\n\n\n\n<p>Em n\u00famero de mortes, S\u00e3o Paulo tamb\u00e9m lidera, com mais de 97 mil \u00f3bitos. Rio de Janeiro (44,8 mil) e Minas Gerais (mais de 34 mil) aparecem na sequ\u00eancia. O menor n\u00famero de morte foi registrado em Roraima (1.513).<\/p>\n\n\n\n<p>&#8212;&#8212;&#8212;&#8212;&#8212;&#8212;<br><em>Quer receber as not\u00edcias do <strong>Aconteceu no Vale<\/strong> em primeira m\u00e3o? Siga-nos no Facebook <a rel=\"noreferrer noopener\" href=\"http:\/\/facebook.com\/aconteceunovale\" target=\"_blank\">@aconteceunovale<\/a>, Twitter <a rel=\"noreferrer noopener\" href=\"https:\/\/twitter.com\/noticiadosvales\" target=\"_blank\">@noticiadosvales<\/a> e Instagram <a rel=\"noreferrer noopener\" href=\"https:\/\/www.instagram.com\/aconteceunovale\" target=\"_blank\">@aconteceunovale<\/a>.<\/em><\/p>\n","protected":false},"excerpt":{"rendered":"<p>O Brasil chegou a 407.639 mortes por Covid-19, conforme atualiza\u00e7\u00e3o do Minist\u00e9rio da Sa\u00fade divulgada neste domingo (2\/5\/2021). Em 24 horas, desde o \u00faltimo boletim, foram registrados 1.202 novos \u00f3bitos pelas secretarias estaduais de sa\u00fade.&nbsp; Entre ontem e hoje, foram notificados 28.935 novos casos de infec\u00e7\u00e3o.&nbsp;A soma de casos acumulados ficou 14.754.910. Os dados indicam [&hellip;]<\/p>\n","protected":false},"author":4,"featured_media":171461,"comment_status":"open","ping_status":"closed","sticky":false,"template":"","format":"standard","meta":{"amp_status":"","footnotes":""},"categories":[6,40242],"tags":[4785,240739,241206,240425,220477,244377,241327,220660,240423,219520,218049,218205,214884,215394,216498,218043,244541,240422,240152,1018,19326,220349,218044,218045,215653,218206,219105,219104,218876,219519,140166,217692,220478,220479,240424,220944,220945],"class_list":["post-178086","post","type-post","status-publish","format-standard","has-post-thumbnail","hentry","category-br","category-saude-2","tag-brasil","tag-brasil-bate-novo-recorde-e-registra-3-650-obitos-por-covid-19-em-24-horas","tag-brasil-bate-novo-recorde-e-registra-3-780-obitos-por-covid-19-em-24h","tag-brasil-bate-recorde-com-mais-de-3-mil-mortes-por-covid-19-em-24-horas","tag-brasil-bate-recorde-de-obitos-e-casos-confirmados-em-um-dia","tag-brasil-passa-a-marca-de-400-mil-vidas-perdidas-para-a-covid-19","tag-brasil-registra-novo-recorde-diario-de-obitos-por-covid-19","tag-brasil-ultrapassa-marca-de-4-mil-obitos-por-covid-19","tag-calamidade-no-brasil","tag-casos-confirmados-e-obitos-no-brasil","tag-casos-de-coronavirus-no-brasil","tag-casos-de-covid-19-no-brasil","tag-coronavirus","tag-coronavirus-no-brasil","tag-covid-19","tag-covid-19-no-brasil","tag-covid-19-brasil-tem-14-milhoes-de-casos-e-407-mil-obitos-90-dos-infectados-se-recuperaram-da-doenca","tag-crise-na-saude-no-brasil","tag-crise-sanitaria-no-brasil","tag-destaque","tag-ministerio-da-saude","tag-ministerio-da-saude-atualiza-numeros-do-coronavirus-no-brasil","tag-mortes-por-coronavirus-no-brasil","tag-mortes-por-covid-19-no-brasil","tag-novo-coronavirus","tag-numero-de-casos-de-covid-19-confirmados-no-brasil","tag-numeros-da-covid-19-no-brasil","tag-numeros-do-coronavirus-no-brasil","tag-obitos-por-coronavirus-no-brasil","tag-obitos-por-covid-19-no-brasil","tag-pandemia","tag-pandemia-de-coronavirus","tag-recorde-de-obitos-por-coronavirus-no-brasil","tag-recorde-de-obitos-por-covid-19-no-brasil","tag-tragedia-na-saude-do-brasil","tag-virus-vai-atingir-70-da-populacao","tag-virus-vai-atingir-70-da-populacao-diz-jair-bolsonaro"],"_links":{"self":[{"href":"https:\/\/aconteceunovale.com.br\/portal\/index.php?rest_route=\/wp\/v2\/posts\/178086","targetHints":{"allow":["GET"]}}],"collection":[{"href":"https:\/\/aconteceunovale.com.br\/portal\/index.php?rest_route=\/wp\/v2\/posts"}],"about":[{"href":"https:\/\/aconteceunovale.com.br\/portal\/index.php?rest_route=\/wp\/v2\/types\/post"}],"author":[{"embeddable":true,"href":"https:\/\/aconteceunovale.com.br\/portal\/index.php?rest_route=\/wp\/v2\/users\/4"}],"replies":[{"embeddable":true,"href":"https:\/\/aconteceunovale.com.br\/portal\/index.php?rest_route=%2Fwp%2Fv2%2Fcomments&post=178086"}],"version-history":[{"count":1,"href":"https:\/\/aconteceunovale.com.br\/portal\/index.php?rest_route=\/wp\/v2\/posts\/178086\/revisions"}],"predecessor-version":[{"id":178088,"href":"https:\/\/aconteceunovale.com.br\/portal\/index.php?rest_route=\/wp\/v2\/posts\/178086\/revisions\/178088"}],"wp:featuredmedia":[{"embeddable":true,"href":"https:\/\/aconteceunovale.com.br\/portal\/index.php?rest_route=\/wp\/v2\/media\/171461"}],"wp:attachment":[{"href":"https:\/\/aconteceunovale.com.br\/portal\/index.php?rest_route=%2Fwp%2Fv2%2Fmedia&parent=178086"}],"wp:term":[{"taxonomy":"category","embeddable":true,"href":"https:\/\/aconteceunovale.com.br\/portal\/index.php?rest_route=%2Fwp%2Fv2%2Fcategories&post=178086"},{"taxonomy":"post_tag","embeddable":true,"href":"https:\/\/aconteceunovale.com.br\/portal\/index.php?rest_route=%2Fwp%2Fv2%2Ftags&post=178086"}],"curies":[{"name":"wp","href":"https:\/\/api.w.org\/{rel}","templated":true}]}}