{"id":178069,"date":"2021-05-02T10:52:40","date_gmt":"2021-05-02T13:52:40","guid":{"rendered":"https:\/\/aconteceunovale.com.br\/portal\/?p=178069"},"modified":"2021-05-02T10:55:27","modified_gmt":"2021-05-02T13:55:27","slug":"meu-filho-morreu-com-fome-diz-mae-de-homem-morto-apos-furtar-carne-em-supermercado","status":"publish","type":"post","link":"https:\/\/aconteceunovale.com.br\/portal\/?p=178069","title":{"rendered":"&#8220;Meu filho morreu com fome&#8221;, diz m\u00e3e de homem morto ap\u00f3s furtar carne em supermercado"},"content":{"rendered":"\n<p>A dona de casa Dion\u00e9sia Pereira Barros est\u00e1 revoltada com a morte do filho, Bruno Barros, de 29 anos, e o neto Yan Barros, de 19 anos, que foram assassinados ap\u00f3s serem torturados por traficantes.<\/p>\n\n\n\n<figure class=\"wp-block-gallery columns-1 is-cropped wp-block-gallery-1 is-layout-flex wp-block-gallery-is-layout-flex\"><ul class=\"blocks-gallery-grid\"><li class=\"blocks-gallery-item\"><figure><img loading=\"lazy\" decoding=\"async\" width=\"678\" height=\"424\" src=\"https:\/\/aconteceunovale.com.br\/portal\/wp-content\/uploads\/2021\/05\/furto_carne_atakarejo.jpg\" alt=\"\" data-id=\"178070\" data-full-url=\"https:\/\/aconteceunovale.com.br\/portal\/wp-content\/uploads\/2021\/05\/furto_carne_atakarejo.jpg\" data-link=\"https:\/\/aconteceunovale.com.br\/portal\/?attachment_id=178070\" class=\"wp-image-178070\" srcset=\"https:\/\/aconteceunovale.com.br\/portal\/wp-content\/uploads\/2021\/05\/furto_carne_atakarejo.jpg 678w, https:\/\/aconteceunovale.com.br\/portal\/wp-content\/uploads\/2021\/05\/furto_carne_atakarejo-300x188.jpg 300w, https:\/\/aconteceunovale.com.br\/portal\/wp-content\/uploads\/2021\/05\/furto_carne_atakarejo-672x420.jpg 672w\" sizes=\"auto, (max-width: 678px) 100vw, 678px\" \/><figcaption class=\"blocks-gallery-item__caption\"><em>Tio e sobrinho foram mortos ap\u00f3s furto de carne em supermercado &#8211; Foto: Reprodu\u00e7\u00e3o<\/em><\/figcaption><\/figure><\/li><\/ul><\/figure>\n\n\n\n<p>\u201cMatar meu filho, o que foi que meu filho fez? Meu filho morreu com fome porque n\u00e3o teve coragem de me pedir comida, ele n\u00e3o morava comigo, n\u00e3o. As meninas est\u00e3o a\u00ed de testemunha. &#8216;Tia, estou com fome&#8217;. &#8216;Vai pedir a sua m\u00e3e&#8217;. Porque ele n\u00e3o era de comer assim, sabe?&#8221;, contou a dona de casa.<\/p>\n\n\n\n<p>A fam\u00edlia de Bruno e Yan conta que os dois foram entregues por seguran\u00e7as do supermercado Atakarejo para traficantes ap\u00f3s serem flagrados roubando quatro pacotes de carne. Uma testemunha, que presenciou o fato, contou \u00e0 TV Bahia, que viu a dupla ser entregue a homens armados no estacionamento do estabelecimento.<\/p>\n\n\n\n<p>\u201cEu estou passando muito mal, mas eu vou falar. Eu quero perguntar a eles, minha filha, se eles viram alguma escopeta l\u00e1 junto daquelas carnes. Eu sei que meus filhos erraram, mas eles n\u00e3o eram Deus para entregar meu filho para morte. O seguran\u00e7a do mercado deu meu filho para a morte, deu de bandeja para o Satan\u00e1s\u201d, disse Dion\u00e9sia Barros.<\/p>\n\n\n\n<p>A fam\u00edlia dos dois homens relata que um deles enviou \u00e1udios pedindo dinheiro para pagar carnes que eles teriam furtado de um supermercado. Com o dinheiro, ele pagaria os quatro pacotes de carne de charque que, juntos, custavam R$ 755,60. No supermercado Atakarejo, onde ocorreu o caso, cada pacote com 5 kg custa R$ 188,90.<\/p>\n\n\n\n<p>Elaine Costa Silva, m\u00e3e de Yan Barros, conta que o filho e Bruno foram agredidos no supermercado.<\/p>\n\n\n\n<p>&#8220;Chegaram a ser agredidos pelos seguran\u00e7as, tomaram um monte de bicuda [chute], depois ele [Yan Barros] fez uma liga\u00e7\u00e3o pelo WhatsApp, o meu filho chorava muito, chorava muito, disse que ele estava tomando muita porrada pelos seguran\u00e7as&#8221;, revelou.<\/p>\n\n\n\n<p>\u201cChegaram a falar que n\u00e3o ia ter mais chance mais. E a\u00ed foi que o tio dele ligou para a irm\u00e3 de considera\u00e7\u00e3o dizendo: &#8216;J\u00e1 estou sendo entregue para os marginais&#8217;. Ent\u00e3o eles j\u00e1 foram j\u00e1 entregando eles dois, ent\u00e3o n\u00e3o deu a chance de meu filho ser julgado pela justi\u00e7a\u201d, disse Elaine Silva.<\/p>\n\n\n\n<p>Segundo ela, Bruno Barros chegou a pedir, por telefone, para que a fam\u00edlia chamasse a pol\u00edcia e que uma den\u00fancia foi feita atrav\u00e9s do Disk Den\u00fancia, mas os policiais n\u00e3o chegaram a tempo de evitar a morte dos rapazes.<\/p>\n\n\n\n<p>\u201cBruno pediu para chamar a pol\u00edcia e a\u00ed a irm\u00e3 dele de considera\u00e7\u00e3o chamou, chegou a fazer a liga\u00e7\u00e3o, ligando para o Disk Den\u00fancia, denunciando, entendeu? Chamando a pol\u00edcia, que ele falava: &#8216;Chame a pol\u00edcia, irm\u00e3, chame a pol\u00edcia, eu prefiro ser preso, eles v\u00e3o me matar, eles v\u00e3o me matar. Eles j\u00e1 est\u00e3o me entregando j\u00e1 aos marginais, pelo estacionamento\u2019, e a\u00ed eles entregaram meu filho\u201d, contou.<\/p>\n\n\n\n<h2 class=\"wp-block-heading\"><strong>Entenda o caso<\/strong><\/h2>\n\n\n\n<p>Na noite de segunda-feira (26\/4), dois homens foram achados mortos na localidade da Pol\u00eamica, em Salvador. De acordo com a Pol\u00edcia Civil, eles foram torturados e atingidos por disparos de arma de fogo. \u00c0 \u00e9poca, a pol\u00edcia informou que a motiva\u00e7\u00e3o do crime estava relacionada ao tr\u00e1fico de drogas.<\/p>\n\n\n\n<p>Um dia depois, na ter\u00e7a-feira (27\/4), eles foram identificados como Bruno Barros e Yan Barros. Na quinta-feira (29\/4), a m\u00e3e de Yan, Elaine Costa Silva, revelou que ele foi morto ap\u00f3s ter sido flagrado pelos seguran\u00e7as do supermercado Atakarejo por furtar carne no estabelecimento.<\/p>\n\n\n\n<p>Segundo ela, o tio de Yan, Bruno, que tamb\u00e9m foi morto, enviou \u00e1udios a uma amiga informando o que tinha acontecido e pedindo ajuda para n\u00e3o ser entregue aos traficantes do Nordeste de Amaralina.<\/p>\n\n\n\n<p>Na sexta-feira (30\/4), parentes e amigos dos dois homens fizeram uma manifesta\u00e7\u00e3o, na rua onde eles moravam, em Fazenda Coutos, e depois na frente do Atacad\u00e3o Atakarejo, que fica no mesmo bairro.<\/p>\n\n\n\n<p>O grupo bloqueou a rua pr\u00f3ximo \u00e0 Base Comunit\u00e1ria da Pol\u00edcia Militar pedindo justi\u00e7a. Emocionada, a m\u00e3e de Bruno Barros, Dion\u00e9sia Pereira, chegou a passar mal durante o ato. Depois, eles entraram no supermercado e com cartazes fizeram um protesto.<\/p>\n\n\n\n<p>Por meio de nota, o Atakarejo informou que \u00e9 cumpridor da legisla\u00e7\u00e3o vigente, e atua rigorosamente comprometido com a obedi\u00eancia \u00e0s normas legais, e que n\u00e3o compactua com qualquer ato em desacordo com a lei.<\/p>\n\n\n\n<p>Disse tamb\u00e9m que os fatos questionados envolvem seguran\u00e7a p\u00fablica e que certamente ser\u00e3o investigados e conduzidos pela autoridade p\u00fablica competente.<\/p>\n\n\n\n<p>Em nota, o Minist\u00e9rio P\u00fablico da Bahia informou que ao tomar conhecimento do fato envolvendo Bruno Barros e Yan Barros, adotou as provid\u00eancias cab\u00edveis nesta fase preliminar de apura\u00e7\u00e3o, autuando uma not\u00edcia de crime e encaminhando ao N\u00facleo do J\u00fari da Capital.<\/p>\n\n\n\n<p>J\u00e1 a Pol\u00edcia Militar informou que a 40\u00aa CIPM n\u00e3o foi acionada para atender a ocorr\u00eancia. No entanto, assim que tomou conhecimento, por meio de populares, de que teria ocorrido de um poss\u00edvel furto no estabelecimento comercial no bairro de Amaralina, a unidade deslocou uma equipe at\u00e9 o local. Quando chegou, funcion\u00e1rios n\u00e3o confirmaram o fato.<\/p>\n\n\n\n<p>A Pol\u00edcia Civil informou que algumas testemunhas foram ouvidas na Delegacia de Homic\u00eddios e Prote\u00e7\u00e3o \u00e0 Pessoa e as investiga\u00e7\u00f5es est\u00e3o avan\u00e7adas. Segundo o \u00f3rg\u00e3o, j\u00e1 h\u00e1 indicativo de autoria. As equipes da unidade realizam dilig\u00eancias e mais detalhes n\u00e3o podem ser divulgados para n\u00e3o interferir no andamento das apura\u00e7\u00f5es.<\/p>\n\n\n\n<p>&#8212;&#8212;&#8212;&#8212;&#8212;&#8212;<br><em>Quer receber as not\u00edcias do <strong>Aconteceu no Vale<\/strong> em primeira m\u00e3o? Siga-nos no Facebook <a rel=\"noreferrer noopener\" href=\"http:\/\/facebook.com\/aconteceunovale\" target=\"_blank\">@aconteceunovale<\/a>, Twitter <a rel=\"noreferrer noopener\" href=\"https:\/\/twitter.com\/noticiadosvales\" target=\"_blank\">@noticiadosvales<\/a> e Instagram <a rel=\"noreferrer noopener\" href=\"https:\/\/www.instagram.com\/aconteceunovale\" target=\"_blank\">@aconteceunovale<\/a>.<\/em><\/p>\n","protected":false},"excerpt":{"rendered":"<p>A dona de casa Dion\u00e9sia Pereira Barros est\u00e1 revoltada com a morte do filho, Bruno Barros, de 29 anos, e o neto Yan Barros, de 19 anos, que foram assassinados ap\u00f3s serem torturados por traficantes. \u201cMatar meu filho, o que foi que meu filho fez? Meu filho morreu com fome porque n\u00e3o teve coragem de [&hellip;]<\/p>\n","protected":false},"author":4,"featured_media":178070,"comment_status":"open","ping_status":"closed","sticky":false,"template":"","format":"standard","meta":{"amp_status":"","footnotes":""},"categories":[6],"tags":[244517,244511,244520,244521,1018,244510,244515,244519,244518,244513,244505,244504,244508,244506,244507,244514,159143,244516,243357,6531,244509,244512,244522],"class_list":["post-178069","post","type-post","status-publish","format-standard","has-post-thumbnail","hentry","category-br","tag-atacadao-atakarejo","tag-bruno-barros","tag-bruno-barros-e-yan-barros","tag-bruno-e-yan-barros","tag-destaque","tag-dionesia-pereira-barros","tag-elaine-costa-silva","tag-furto-de-carne-em-supermercado-do-bairro-amaralina","tag-furto-de-carne-no-atacadao-atakarejo","tag-furto-de-carne-no-atakarejo","tag-mae-de-homem-morto-apos-furtar-carne-em-supermercado","tag-meu-filho-morreu-com-fome","tag-mortes-apos-furto-de-carne-em-supermercado","tag-morto-apos-furtar-carne-em-supermercado","tag-mortos-apos-furto-de-carne-em-supermercado","tag-mortos-apos-furto-de-carne-no-atakarejo","tag-mpba","tag-pcba","tag-pmba","tag-salvador","tag-tio-e-sobrinho-foram-mortos-apos-furto-de-carne-em-supermercado","tag-yan-barros","tag-yan-e-bruno-barros"],"_links":{"self":[{"href":"https:\/\/aconteceunovale.com.br\/portal\/index.php?rest_route=\/wp\/v2\/posts\/178069","targetHints":{"allow":["GET"]}}],"collection":[{"href":"https:\/\/aconteceunovale.com.br\/portal\/index.php?rest_route=\/wp\/v2\/posts"}],"about":[{"href":"https:\/\/aconteceunovale.com.br\/portal\/index.php?rest_route=\/wp\/v2\/types\/post"}],"author":[{"embeddable":true,"href":"https:\/\/aconteceunovale.com.br\/portal\/index.php?rest_route=\/wp\/v2\/users\/4"}],"replies":[{"embeddable":true,"href":"https:\/\/aconteceunovale.com.br\/portal\/index.php?rest_route=%2Fwp%2Fv2%2Fcomments&post=178069"}],"version-history":[{"count":1,"href":"https:\/\/aconteceunovale.com.br\/portal\/index.php?rest_route=\/wp\/v2\/posts\/178069\/revisions"}],"predecessor-version":[{"id":178071,"href":"https:\/\/aconteceunovale.com.br\/portal\/index.php?rest_route=\/wp\/v2\/posts\/178069\/revisions\/178071"}],"wp:featuredmedia":[{"embeddable":true,"href":"https:\/\/aconteceunovale.com.br\/portal\/index.php?rest_route=\/wp\/v2\/media\/178070"}],"wp:attachment":[{"href":"https:\/\/aconteceunovale.com.br\/portal\/index.php?rest_route=%2Fwp%2Fv2%2Fmedia&parent=178069"}],"wp:term":[{"taxonomy":"category","embeddable":true,"href":"https:\/\/aconteceunovale.com.br\/portal\/index.php?rest_route=%2Fwp%2Fv2%2Fcategories&post=178069"},{"taxonomy":"post_tag","embeddable":true,"href":"https:\/\/aconteceunovale.com.br\/portal\/index.php?rest_route=%2Fwp%2Fv2%2Ftags&post=178069"}],"curies":[{"name":"wp","href":"https:\/\/api.w.org\/{rel}","templated":true}]}}