{"id":178063,"date":"2021-05-01T20:32:29","date_gmt":"2021-05-01T23:32:29","guid":{"rendered":"https:\/\/aconteceunovale.com.br\/portal\/?p=178063"},"modified":"2021-05-01T20:38:15","modified_gmt":"2021-05-01T23:38:15","slug":"com-golaco-de-hulk-atletico-derrota-o-tombense-e-fica-perto-da-final-do-mineiro","status":"publish","type":"post","link":"https:\/\/aconteceunovale.com.br\/portal\/?p=178063","title":{"rendered":"Com gola\u00e7o de Hulk, Atl\u00e9tico derrota o Tombense e fica perto da final do Mineiro"},"content":{"rendered":"\n<p>O Atl\u00e9tico-MG ficou muito perto da final do Campeonato Mineiro, ap\u00f3s derrotar o Tombense por 3 a 0 neste s\u00e1bado (1\/5\/2021) no est\u00e1dio Independ\u00eancia no primeiro jogo da semifinal. As equipes voltam a medir for\u00e7as no pr\u00f3ximo s\u00e1bado (8), no est\u00e1dio do Mineir\u00e3o, a partir das 16h30 (hor\u00e1rio de Bras\u00edlia).<\/p>\n\n\n\n<figure class=\"wp-block-gallery columns-1 is-cropped wp-block-gallery-1 is-layout-flex wp-block-gallery-is-layout-flex\"><ul class=\"blocks-gallery-grid\"><li class=\"blocks-gallery-item\"><figure><img loading=\"lazy\" decoding=\"async\" width=\"675\" height=\"450\" src=\"https:\/\/aconteceunovale.com.br\/portal\/wp-content\/uploads\/2021\/05\/tombense_galo_1.jpg\" alt=\"\" data-id=\"178064\" data-full-url=\"https:\/\/aconteceunovale.com.br\/portal\/wp-content\/uploads\/2021\/05\/tombense_galo_1.jpg\" data-link=\"https:\/\/aconteceunovale.com.br\/portal\/?attachment_id=178064\" class=\"wp-image-178064\" srcset=\"https:\/\/aconteceunovale.com.br\/portal\/wp-content\/uploads\/2021\/05\/tombense_galo_1.jpg 675w, https:\/\/aconteceunovale.com.br\/portal\/wp-content\/uploads\/2021\/05\/tombense_galo_1-300x200.jpg 300w, https:\/\/aconteceunovale.com.br\/portal\/wp-content\/uploads\/2021\/05\/tombense_galo_1-630x420.jpg 630w\" sizes=\"auto, (max-width: 675px) 100vw, 675px\" \/><figcaption class=\"blocks-gallery-item__caption\"><em>Foto: Pedro Souza \/ Ag\u00eancia Galo \/ Clube Atl\u00e9tico Mineiro<\/em><\/figcaption><\/figure><\/li><\/ul><\/figure>\n\n\n\n<p>Com um time claramente superior tecnicamente, o Galo tomou conta da partida e n\u00e3o demorou a chegar ao gol. Aos 15 minutos a defesa do Tombense vacilou na sa\u00edda de bola e Hulk ficou com o dom\u00ednio. O atacante tocou para o meia Hyoran, que se livrou da marca\u00e7\u00e3o e bateu bem para vencer o goleiro Felipe Garcia.<\/p>\n\n\n\n<p>O Atl\u00e9tico-MG continuou mandando no confronto e ampliou seis minutos depois. Hulk sofreu p\u00eanalti de Manoel e o lateral Guga cobrou muito bem para deixar o seu.<\/p>\n\n\n\n<p>Com a vantagem de 2 a 0, a equipe do t\u00e9cnico Cuca diminuiu a intensidade, e s\u00f3 conseguiu chegar ao terceiro gol na etapa final. Aos 16 minutos Hulk soltou uma bomba para marcar um gola\u00e7o.<\/p>\n\n\n\n<figure class=\"wp-block-gallery columns-1 is-cropped wp-block-gallery-2 is-layout-flex wp-block-gallery-is-layout-flex\"><ul class=\"blocks-gallery-grid\"><li class=\"blocks-gallery-item\"><figure><img loading=\"lazy\" decoding=\"async\" width=\"675\" height=\"450\" src=\"https:\/\/aconteceunovale.com.br\/portal\/wp-content\/uploads\/2021\/05\/tombense_galo_2.jpg\" alt=\"\" data-id=\"178065\" data-full-url=\"https:\/\/aconteceunovale.com.br\/portal\/wp-content\/uploads\/2021\/05\/tombense_galo_2.jpg\" data-link=\"https:\/\/aconteceunovale.com.br\/portal\/?attachment_id=178065\" class=\"wp-image-178065\" srcset=\"https:\/\/aconteceunovale.com.br\/portal\/wp-content\/uploads\/2021\/05\/tombense_galo_2.jpg 675w, https:\/\/aconteceunovale.com.br\/portal\/wp-content\/uploads\/2021\/05\/tombense_galo_2-300x200.jpg 300w, https:\/\/aconteceunovale.com.br\/portal\/wp-content\/uploads\/2021\/05\/tombense_galo_2-630x420.jpg 630w\" sizes=\"auto, (max-width: 675px) 100vw, 675px\" \/><figcaption class=\"blocks-gallery-item__caption\"><em>Foto: Pedro Souza \/ Ag\u00eancia Galo \/ Clube Atl\u00e9tico Mineiro<\/em><\/figcaption><\/figure><\/li><\/ul><\/figure>\n\n\n\n<p>O Tombense ainda teve a oportunidade de descontar aos 29 minutos, mas o goleiro Matheus Mendes (que havia acabado de entrar no lugar do goleiro Everson, que foi expulso por cometer a infra\u00e7\u00e3o) defendeu a cobran\u00e7a do atacante Kek\u00e9. Placar final: vit\u00f3ria do Atl\u00e9tico-MG por 3 a 0.<\/p>\n\n\n\n<h3 class=\"wp-block-heading\"><strong>Melhores momentos<\/strong><\/h3>\n\n\n\n<blockquote class=\"twitter-tweet\"><p lang=\"pt\" dir=\"ltr\">&#x1f3a5; Veja os melhores momentos da vit\u00f3ria do Atl\u00e9tico sobre o Tombense por 3 a 0 no primeiro jogo pela semifinal do Mineiro. &#x1f4fa; <a href=\"https:\/\/twitter.com\/hashtag\/VamoGalo?src=hash&amp;ref_src=twsrc%5Etfw\">#VamoGalo<\/a> <a href=\"https:\/\/twitter.com\/hashtag\/TOMxCAM?src=hash&amp;ref_src=twsrc%5Etfw\">#TOMxCAM<\/a> &#x1f3f4;&#x1f3f3; <a href=\"https:\/\/t.co\/t762xTKhk7\">pic.twitter.com\/t762xTKhk7<\/a><\/p>&mdash; Atl\u00e9tico &#x1f637; (@Atletico) <a href=\"https:\/\/twitter.com\/Atletico\/status\/1388621754155683841?ref_src=twsrc%5Etfw\">May 1, 2021<\/a><\/blockquote> <script async src=\"https:\/\/platform.twitter.com\/widgets.js\" charset=\"utf-8\"><\/script>\n\n\n\n<h3 class=\"wp-block-heading\"><strong>Matheus Mendes se emociona com defesa de p\u00eanalti<\/strong><\/h3>\n\n\n\n<p>Um dos destaques do Atl\u00e9tico-MG na vit\u00f3ria sobre o Tombense foi o goleiro Matheus Mendes, que entrou em campo ap\u00f3s a expuls\u00e3o de Everson e defendeu um p\u00eanalti.<\/p>\n\n\n\n<figure class=\"wp-block-gallery columns-1 is-cropped wp-block-gallery-3 is-layout-flex wp-block-gallery-is-layout-flex\"><ul class=\"blocks-gallery-grid\"><li class=\"blocks-gallery-item\"><figure><img loading=\"lazy\" decoding=\"async\" width=\"675\" height=\"450\" src=\"https:\/\/aconteceunovale.com.br\/portal\/wp-content\/uploads\/2021\/05\/tombense_galo_3.jpg\" alt=\"\" data-id=\"178066\" data-full-url=\"https:\/\/aconteceunovale.com.br\/portal\/wp-content\/uploads\/2021\/05\/tombense_galo_3.jpg\" data-link=\"https:\/\/aconteceunovale.com.br\/portal\/?attachment_id=178066\" class=\"wp-image-178066\" srcset=\"https:\/\/aconteceunovale.com.br\/portal\/wp-content\/uploads\/2021\/05\/tombense_galo_3.jpg 675w, https:\/\/aconteceunovale.com.br\/portal\/wp-content\/uploads\/2021\/05\/tombense_galo_3-300x200.jpg 300w, https:\/\/aconteceunovale.com.br\/portal\/wp-content\/uploads\/2021\/05\/tombense_galo_3-630x420.jpg 630w\" sizes=\"auto, (max-width: 675px) 100vw, 675px\" \/><figcaption class=\"blocks-gallery-item__caption\"><em>Foto: Pedro Souza \/ Ag\u00eancia Galo \/ Clube Atl\u00e9tico Mineiro<\/em><\/figcaption><\/figure><\/li><\/ul><\/figure>\n\n\n\n<p>Formado nas categorias de base do Galo, o jovem arqueiro natural de Governador Valadares (MG) se emocionou com a defesa que, segundo ele, foi muito importante, apesar da vantagem no placar:<\/p>\n\n\n\n<p><em>\u201cEstava 3 a 0, mas, se a gente toma um gol naquele momento, poderia complicar um pouco\u201d, <\/em>afirmou.<em> \u201cGra\u00e7as a Deus, pude fazer a defesa\u201d.<\/em><\/p>\n\n\n\n<p>Bastante comovido, Mendes destacou que todo atleta da base do Atl\u00e9tico sonha em estrear no profissional: <em>\u201cHoje, pude fazer essa defesa de p\u00eanalti, que me ajuda bastante\u201d<\/em>, disse.<\/p>\n\n\n\n<p>Matheus Mendes agradeceu aos treinadores de goleiro Rog\u00e9rio Maia e Danilo Minutti, e falou da sensa\u00e7\u00e3o de al\u00edvio depois da defesa.<\/p>\n\n\n\n<p><em>\u201cSentimento de&#8230;ufa\u201d. \u201cDepois, at\u00e9 sentei no ch\u00e3o e passou um filme na cabe\u00e7a, da vida toda de trabalho, um momento muito importante para mim\u201d.<\/em><\/p>\n\n\n\n<h2 class=\"wp-block-heading\"><strong>Cuca exalta vit\u00f3ria<\/strong><\/h2>\n\n\n\n<p>Na entrevista coletiva que concedeu depois da vit\u00f3ria sobre o Tombense, o t\u00e9cnico Cuca destacou a import\u00e2ncia do resultado e o bom aproveitamento da equipe na temporada. O placar de hoje deixou o Galo muito pr\u00f3ximo da 15\u00aa final consecutiva no Campeonato Mineiro.<\/p>\n\n\n\n<p><em>\u201cTemos que tentar empilhar o m\u00e1ximo poss\u00edvel de vit\u00f3rias, colocar na cabe\u00e7a que voc\u00ea tem que ser um time vencedor&#8221;<\/em>, disse. <em>&#8220;\u00c9 isso que a gente tem falado com eles (jogadores) todos os dias\u201d.<\/em><\/p>\n\n\n\n<figure class=\"wp-block-embed is-type-rich is-provider-incorporar-manipulador wp-block-embed-incorporar-manipulador wp-embed-aspect-16-9 wp-has-aspect-ratio\"><div class=\"wp-block-embed__wrapper\">\n<iframe loading=\"lazy\" title=\"Entrevista: Cuca (01\/5\/2021)\" width=\"696\" height=\"392\" src=\"https:\/\/www.youtube.com\/embed\/XjkHl3OE2rA?feature=oembed\" frameborder=\"0\" allow=\"accelerometer; autoplay; clipboard-write; encrypted-media; gyroscope; picture-in-picture\" allowfullscreen><\/iframe>\n<\/div><\/figure>\n\n\n\n<p>O comandante alvinegro exaltou o bom desempenho do time em 2021, onde o Galo conquistou onze vit\u00f3rias em 14 jogos, al\u00e9m de um empate, aproveitamento superior a 80%.<\/p>\n\n\n\n<p><em>&#8220;S\u00e3o n\u00fameros bons e o desempenho est\u00e1 melhorando, ent\u00e3o, as coisas tendem a ir cada vez melhor&#8221;<\/em>, afirmou.<\/p>\n\n\n\n<p>O treinador atleticano elogiou o goleiro Matheus Mendes, que defendeu um p\u00eanalti logo que entrou em campo no lugar de Everson.<\/p>\n\n\n\n<p><em>&#8220;A gente fica feliz e isso mostra que, apesar da enorme perda do Rafael, estamos bem servidos com o Matheus tamb\u00e9m&#8221;<\/em>, disse.<\/p>\n\n\n\n<p>De acordo com Cuca, a experi\u00eancia que o jovem arqueiro adquiriu no ano passado, disputando a S\u00e9rie B pelo CSA, foi muito importante.<\/p>\n\n\n\n<p><em>\u201cDa\u00ed a import\u00e2ncia do jogador, \u00e0s vezes, sair, dar uma rodada, pegar bagagem, fazer um vestibular fora e voltar j\u00e1 concursado&#8221;.<\/em><\/p>\n\n\n\n<p>&#8212;&#8212;&#8212;&#8212;&#8212;&#8212;<br><em>Quer receber as not\u00edcias do <strong>Aconteceu no Vale<\/strong> em primeira m\u00e3o? Siga-nos no Facebook <a rel=\"noreferrer noopener\" href=\"http:\/\/facebook.com\/aconteceunovale\" target=\"_blank\">@aconteceunovale<\/a>, Twitter <a rel=\"noreferrer noopener\" href=\"https:\/\/twitter.com\/noticiadosvales\" target=\"_blank\">@noticiadosvales<\/a> e Instagram <a rel=\"noreferrer noopener\" href=\"https:\/\/www.instagram.com\/aconteceunovale\" target=\"_blank\">@aconteceunovale<\/a>.<\/em><\/p>\n","protected":false},"excerpt":{"rendered":"<p>O Atl\u00e9tico-MG ficou muito perto da final do Campeonato Mineiro, ap\u00f3s derrotar o Tombense por 3 a 0 neste s\u00e1bado (1\/5\/2021) no est\u00e1dio Independ\u00eancia no primeiro jogo da semifinal. As equipes voltam a medir for\u00e7as no pr\u00f3ximo s\u00e1bado (8), no est\u00e1dio do Mineir\u00e3o, a partir das 16h30 (hor\u00e1rio de Bras\u00edlia). Com um time claramente superior [&hellip;]<\/p>\n","protected":false},"author":4,"featured_media":178064,"comment_status":"open","ping_status":"closed","sticky":false,"template":"","format":"standard","meta":{"amp_status":"","footnotes":""},"categories":[59,123],"tags":[244502,244496,2741,244501,40575,194,1017,4404,238598,239227,1018,42193,12312,244495,244499,244498,247,132685,244283,22725,244497,238600,244500,23161,38590,244503,32690],"class_list":["post-178063","post","type-post","status-publish","format-standard","has-post-thumbnail","hentry","category-sports","category-gerais","tag-atletico-3-x-0-tombense","tag-atletico-derrota-o-tombense-e-fica-perto-da-final-do-mineiro","tag-atletico-mineiro","tag-atletico-x-tombense","tag-atletico-mg","tag-belo-horizonte","tag-bh","tag-campeonato-mineiro","tag-campeonato-mineiro-2021","tag-cuca","tag-destaque","tag-final-do-campeonato-mineiro","tag-galo","tag-golaco-de-hulk","tag-goleiro-matheus-mendes-2","tag-goleiro-matheus-mendes","tag-governador-valadares","tag-hulk","tag-hulk-da-paraiba","tag-independencia","tag-matheus-mendes","tag-mineiro-2021","tag-semifinal-do-mineiro","tag-tombense","tag-tombense-0-x-3-atletico","tag-tombense-x-atletico","tag-tombos"],"_links":{"self":[{"href":"https:\/\/aconteceunovale.com.br\/portal\/index.php?rest_route=\/wp\/v2\/posts\/178063","targetHints":{"allow":["GET"]}}],"collection":[{"href":"https:\/\/aconteceunovale.com.br\/portal\/index.php?rest_route=\/wp\/v2\/posts"}],"about":[{"href":"https:\/\/aconteceunovale.com.br\/portal\/index.php?rest_route=\/wp\/v2\/types\/post"}],"author":[{"embeddable":true,"href":"https:\/\/aconteceunovale.com.br\/portal\/index.php?rest_route=\/wp\/v2\/users\/4"}],"replies":[{"embeddable":true,"href":"https:\/\/aconteceunovale.com.br\/portal\/index.php?rest_route=%2Fwp%2Fv2%2Fcomments&post=178063"}],"version-history":[{"count":1,"href":"https:\/\/aconteceunovale.com.br\/portal\/index.php?rest_route=\/wp\/v2\/posts\/178063\/revisions"}],"predecessor-version":[{"id":178068,"href":"https:\/\/aconteceunovale.com.br\/portal\/index.php?rest_route=\/wp\/v2\/posts\/178063\/revisions\/178068"}],"wp:featuredmedia":[{"embeddable":true,"href":"https:\/\/aconteceunovale.com.br\/portal\/index.php?rest_route=\/wp\/v2\/media\/178064"}],"wp:attachment":[{"href":"https:\/\/aconteceunovale.com.br\/portal\/index.php?rest_route=%2Fwp%2Fv2%2Fmedia&parent=178063"}],"wp:term":[{"taxonomy":"category","embeddable":true,"href":"https:\/\/aconteceunovale.com.br\/portal\/index.php?rest_route=%2Fwp%2Fv2%2Fcategories&post=178063"},{"taxonomy":"post_tag","embeddable":true,"href":"https:\/\/aconteceunovale.com.br\/portal\/index.php?rest_route=%2Fwp%2Fv2%2Ftags&post=178063"}],"curies":[{"name":"wp","href":"https:\/\/api.w.org\/{rel}","templated":true}]}}