{"id":178058,"date":"2021-05-01T18:09:40","date_gmt":"2021-05-01T21:09:40","guid":{"rendered":"https:\/\/aconteceunovale.com.br\/portal\/?p=178058"},"modified":"2021-05-01T18:13:47","modified_gmt":"2021-05-01T21:13:47","slug":"saiba-quais-comorbidades-tem-prioridade-na-vacinacao-contra-covid","status":"publish","type":"post","link":"https:\/\/aconteceunovale.com.br\/portal\/?p=178058","title":{"rendered":"Saiba quais comorbidades t\u00eam prioridade na vacina\u00e7\u00e3o contra Covid-19"},"content":{"rendered":"\n<p>A vacina\u00e7\u00e3o contra Covid-19 de pessoas com comorbidades deve come\u00e7ar em maio, segundo previs\u00e3o do Minist\u00e9rio da Sa\u00fade. A estimativa da pasta \u00e9 que existem 25 milh\u00f5es de brasileiros com comorbidades ou defici\u00eancias, com idades entre 18 e 59 anos.<\/p>\n\n\n\n<p>A pasta divulgou uma nota t\u00e9cnica na qual aponta quais ser\u00e3o as fases de imuniza\u00e7\u00e3o para os\u00a0grupos de pessoas com doen\u00e7as cr\u00f4nicas e quem deve ser imunizado\u00a0nessas etapas.<\/p>\n\n\n\n<p>Na fase 1, ser\u00e3o vacinadas pessoas com s\u00edndrome de Down, doen\u00e7a renal cr\u00f4nica em di\u00e1lise, gestantes e pu\u00e9rperas com comorbidades, pessoas de 55 a 59 anos com comorbidades e pessoas com defici\u00eancia permanente, de 22 a 59 anos, cadastradas no Benef\u00edcio de Presta\u00e7\u00e3o Continuada (BPC).<\/p>\n\n\n\n<p>Na fase 2, entram as pessoas com comorbidades de qualquer idade, pessoas com defici\u00eancia permanente cadastradas no BPC e gestantes e pu\u00e9rperas independentemente de terem comorbidades.<\/p>\n\n\n\n<p>Veja a lista das comorbidade que fazem parte do grupo priorit\u00e1rio:<\/p>\n\n\n\n<p>&#8211; <strong>Diabetes<\/strong>;<\/p>\n\n\n\n<p>&#8211; <strong>Pneumonias cr\u00f4nicas graves<\/strong>: doen\u00e7a pulmonar obstrutiva cr\u00f4nica, fibrose c\u00edstica, fibroses pulmonares, pneumoconioses, displasia broncopulmonar e asma grave, que envolva uso recorrente de corticoides e interna\u00e7\u00e3o pr\u00e9via por crise asm\u00e1tica;<\/p>\n\n\n\n<p>&#8211; <strong>Hipertens\u00e3o arterial resistente:<\/strong>\u00a0hipertensos que utilizam tr\u00eas ou mais medicamentos contra o problema, em doses m\u00e1ximas, e mesmo assim n\u00e3o t\u00eam o quadro controlado, ou quem utiliza quatro ou mais rem\u00e9dios;<\/p>\n\n\n\n<p>&#8211; <strong>Hipertens\u00e3o arterial est\u00e1gio tr\u00eas:<\/strong>\u00a0press\u00e3o acima de 18&#215;11;<\/p>\n\n\n\n<p>&#8211; <strong>Hipertens\u00e3o arterial est\u00e1gios um e dois:<\/strong>\u00a0press\u00e3o entre 14&#215;9 e\/ou 17,9&#215;10,9 acompanhada por les\u00e3o em \u00f3rg\u00e3os devido \u00e0 press\u00e3o ou mais comorbidades;<\/p>\n\n\n\n<p>&#8211; <strong>Insufici\u00eancia card\u00edaca<\/strong>;<\/p>\n\n\n\n<p>&#8211; <strong>Press\u00e3o arterial pulmonar e cor pulmonale<\/strong>\u00a0(aumento de parte do cora\u00e7\u00e3o);<\/p>\n\n\n\n<p>&#8211; <strong>Cardiopatia hipertensiva<\/strong>; <\/p>\n\n\n\n<p>&#8211; <strong>S\u00edndrome coronariana<\/strong>;<\/p>\n\n\n\n<p>&#8211; <strong>Valvopatias<\/strong>;<\/p>\n\n\n\n<p>&#8211; <strong>Miocardiopatias e pericardiopatias<\/strong>;<\/p>\n\n\n\n<p>&#8211; <strong>Pessoas com aneurismas, dissec\u00e7\u00f5es, hematomas da aorta e demais grandes vasos<\/strong>;<\/p>\n\n\n\n<p>&#8211; <strong>Arritmias card\u00edacas com import\u00e2ncia cl\u00ednica e\/ou cardiopatia associada<\/strong>;<\/p>\n\n\n\n<p>&#8211; <strong>Cardiopatias cong\u00eanitas no adulto<\/strong>: malforma\u00e7\u00f5es do cora\u00e7\u00e3o;<\/p>\n\n\n\n<p>&#8211; <strong>Portadores de pr\u00f3teses<\/strong>\u00a0valvares biol\u00f3gicas ou mec\u00e2nicas e dispositivos card\u00edacos implantados (marca-passos, cardiodesfibriladores, ressincronizadores, assist\u00eancia circulat\u00f3ria de m\u00e9dia e longa perman\u00eancia);<\/p>\n\n\n\n<p>&#8211;  <strong>Doen\u00e7a cerebrovascular:\u00a0<\/strong>acidente vascular cerebral isqu\u00eamico ou hemorr\u00e1gico, ataque isqu\u00eamico transit\u00f3rio, dem\u00eancia vascular;<\/p>\n\n\n\n<p>&#8211; <strong>Doen\u00e7a renal cr\u00f4nica:<\/strong>\u00a0doen\u00e7a renal cr\u00f4nica est\u00e1gio tr\u00eas ou mais e\/ou s\u00edndrome nefr\u00f3tica;<\/p>\n\n\n\n<p>&#8211; <strong>Imunossuprimidos:\u00a0<\/strong>pessoas que passaram por transplante de \u00f3rg\u00e3o ou de medula \u00f3ssea; com HIV; com doen\u00e7as reum\u00e1ticas autoimunes com altas doses de medica\u00e7\u00e3o; com uso de imunossupressores ou com imunodefici\u00eancias prim\u00e1rias; pacientes oncol\u00f3gicos que realizaram quimioterapia ou radioterapia nos \u00faltimos seis meses; pessoas com neoplasias hematol\u00f3gicas;<\/p>\n\n\n\n<p>&#8211; <strong>Hemoglobinopatias graves:\u00a0<\/strong>doen\u00e7a falciforme e talassemia maior;<\/p>\n\n\n\n<p>&#8211; <strong>Obesidade m\u00f3rbida:\u00a0<\/strong>pessoas com \u00cdndice de Massa Corporal (IMC) igual ou maior a 40;<\/p>\n\n\n\n<p>&#8211; <strong>S\u00edndrome de Down<\/strong>;<\/p>\n\n\n\n<p>&#8211; <strong>Cirrose hep\u00e1tica<\/strong>: cirrose classe A, B ou C.<\/p>\n\n\n\n<p>&#8212;&#8212;&#8212;&#8212;&#8212;&#8212;<br><em>Quer receber as not\u00edcias do <strong>Aconteceu no Vale<\/strong> em primeira m\u00e3o? Siga-nos no Facebook <a rel=\"noreferrer noopener\" href=\"http:\/\/facebook.com\/aconteceunovale\" target=\"_blank\">@aconteceunovale<\/a>, Twitter <a rel=\"noreferrer noopener\" href=\"https:\/\/twitter.com\/noticiadosvales\" target=\"_blank\">@noticiadosvales<\/a> e Instagram <a rel=\"noreferrer noopener\" href=\"https:\/\/www.instagram.com\/aconteceunovale\" target=\"_blank\">@aconteceunovale<\/a>.<\/em><\/p>\n","protected":false},"excerpt":{"rendered":"<p>A vacina\u00e7\u00e3o contra Covid-19 de pessoas com comorbidades deve come\u00e7ar em maio, segundo previs\u00e3o do Minist\u00e9rio da Sa\u00fade. A estimativa da pasta \u00e9 que existem 25 milh\u00f5es de brasileiros com comorbidades ou defici\u00eancias, com idades entre 18 e 59 anos. A pasta divulgou uma nota t\u00e9cnica na qual aponta quais ser\u00e3o as fases de imuniza\u00e7\u00e3o [&hellip;]<\/p>\n","protected":false},"author":4,"featured_media":177157,"comment_status":"open","ping_status":"closed","sticky":false,"template":"","format":"standard","meta":{"amp_status":"","footnotes":""},"categories":[6,40242],"tags":[244476,216498,1018,231100,19326,244474,231098,244485,244488,244477,244487,244479,244484,244481,244486,244478,244480,244482,244483,244475],"class_list":["post-178058","post","type-post","status-publish","format-standard","has-post-thumbnail","hentry","category-br","category-saude-2","tag-comorbidades-prioritarias-covid-19","tag-covid-19","tag-destaque","tag-imunizacao-contra-covid-19","tag-ministerio-da-saude","tag-saiba-quais-comorbidades-tem-prioridade-na-vacinacao-contra-covid-19","tag-vacinacao-contra-covid-19","tag-vacinacao-contra-covid-19-cancer","tag-vacinacao-contra-covid-19-cirrose","tag-vacinacao-contra-covid-19-diabetes","tag-vacinacao-contra-covid-19-down","tag-vacinacao-contra-covid-19-hipertensao-arterial","tag-vacinacao-contra-covid-19-hiv","tag-vacinacao-contra-covid-19-insuficiencia-cardiaca","tag-vacinacao-contra-covid-19-obesidade","tag-vacinacao-contra-covid-19-pneumonias-graves","tag-vacinacao-contra-covid-19-pressao-alta","tag-vacinacao-contra-covid-19-pressao-arterial","tag-vacinacao-contra-covid-19-valvopatia","tag-vacinacao-de-portadores-de-comorbidade-contra-covid-19"],"_links":{"self":[{"href":"https:\/\/aconteceunovale.com.br\/portal\/index.php?rest_route=\/wp\/v2\/posts\/178058","targetHints":{"allow":["GET"]}}],"collection":[{"href":"https:\/\/aconteceunovale.com.br\/portal\/index.php?rest_route=\/wp\/v2\/posts"}],"about":[{"href":"https:\/\/aconteceunovale.com.br\/portal\/index.php?rest_route=\/wp\/v2\/types\/post"}],"author":[{"embeddable":true,"href":"https:\/\/aconteceunovale.com.br\/portal\/index.php?rest_route=\/wp\/v2\/users\/4"}],"replies":[{"embeddable":true,"href":"https:\/\/aconteceunovale.com.br\/portal\/index.php?rest_route=%2Fwp%2Fv2%2Fcomments&post=178058"}],"version-history":[{"count":2,"href":"https:\/\/aconteceunovale.com.br\/portal\/index.php?rest_route=\/wp\/v2\/posts\/178058\/revisions"}],"predecessor-version":[{"id":178060,"href":"https:\/\/aconteceunovale.com.br\/portal\/index.php?rest_route=\/wp\/v2\/posts\/178058\/revisions\/178060"}],"wp:featuredmedia":[{"embeddable":true,"href":"https:\/\/aconteceunovale.com.br\/portal\/index.php?rest_route=\/wp\/v2\/media\/177157"}],"wp:attachment":[{"href":"https:\/\/aconteceunovale.com.br\/portal\/index.php?rest_route=%2Fwp%2Fv2%2Fmedia&parent=178058"}],"wp:term":[{"taxonomy":"category","embeddable":true,"href":"https:\/\/aconteceunovale.com.br\/portal\/index.php?rest_route=%2Fwp%2Fv2%2Fcategories&post=178058"},{"taxonomy":"post_tag","embeddable":true,"href":"https:\/\/aconteceunovale.com.br\/portal\/index.php?rest_route=%2Fwp%2Fv2%2Ftags&post=178058"}],"curies":[{"name":"wp","href":"https:\/\/api.w.org\/{rel}","templated":true}]}}