{"id":178055,"date":"2021-05-01T17:44:13","date_gmt":"2021-05-01T20:44:13","guid":{"rendered":"https:\/\/aconteceunovale.com.br\/portal\/?p=178055"},"modified":"2021-05-01T17:44:39","modified_gmt":"2021-05-01T20:44:39","slug":"portugal-estende-restricoes-a-viagens-ate-16-de-maio","status":"publish","type":"post","link":"https:\/\/aconteceunovale.com.br\/portal\/?p=178055","title":{"rendered":"Portugal estende restri\u00e7\u00f5es a viagens at\u00e9 16 de maio"},"content":{"rendered":"\n<p>O governo de Portugal informou neste s\u00e1bado (1\/5\/2021) que estender\u00e1 at\u00e9 16 de maio as restri\u00e7\u00f5es que impedem viagens n\u00e3o essenciais de pa\u00edses com altos \u00edndices de infec\u00e7\u00e3o de coronav\u00edrus, incluindo Brasil e \u00cdndia &#8211; uma nova adi\u00e7\u00e3o \u00e0 lista.<\/p>\n\n\n\n<p>Viajantes de pa\u00edses onde h\u00e1 500 ou mais casos por 100.000 pessoas em um per\u00edodo de 14 dias &#8211; o que tamb\u00e9m inclui \u00c1frica do Sul, Fran\u00e7a e Holanda, entre outros &#8211; podem entrar em Portugal apenas se tiverem um motivo v\u00e1lido, como trabalho ou por motivos de sa\u00fade, afirmou o governo. Mesmo assim precisam fazer quarentena por 14 dias.<\/p>\n\n\n\n<p>Pessoas de pa\u00edses onde a incid\u00eancia \u00e9 de 150 ou mais casos de Covid-19 por 100.000 pessoas, como os vizinhos Espanha e Alemanha, tamb\u00e9m podem viajar de avi\u00e3o para Portugal apenas por motivos essenciais.<\/p>\n\n\n\n<p>Elas precisam apresentar provas de um teste negativo de Covid-19 realizado entre 72 horas da decolagem para Portugal. Quem n\u00e3o tiver feito o teste ter\u00e1 que realizar um ao chegar e esperar o resultado no aeroporto.<\/p>\n\n\n\n<p>Portugal estendeu restri\u00e7\u00f5es ao tr\u00e1fego a\u00e9reo no mesmo dia em que chegou \u00e0 fase final do al\u00edvio gradual de restri\u00e7\u00f5es impostas em janeiro para lidar com o que era naquele momento o pior surto de Covid-19 do mundo.<\/p>\n\n\n\n<p>As infec\u00e7\u00f5es ca\u00edram drasticamente, e as restri\u00e7\u00f5es do&nbsp;<em>lockdown<\/em>&nbsp;come\u00e7aram a ser aliviadas em meados de mar\u00e7o. Escolas, restaurantes e caf\u00e9s, shoppings, museus e outros servi\u00e7os n\u00e3o-essenciais foram reabertos, mas sob regras r\u00edgidas para reduzir o risco de cont\u00e1gio.<\/p>\n\n\n\n<p>A fronteira terrestre de 1.200 quil\u00f4metros de Portugal com a Espanha tamb\u00e9m foi reaberta no s\u00e1bado, ap\u00f3s mais de tr\u00eas meses de restri\u00e7\u00f5es e checagens.<\/p>\n\n\n\n<p>&#8212;&#8212;&#8212;&#8212;&#8212;&#8212;<br><em>Quer receber as not\u00edcias do <strong>Aconteceu no Vale<\/strong> em primeira m\u00e3o? Siga-nos no Facebook <a rel=\"noreferrer noopener\" href=\"http:\/\/facebook.com\/aconteceunovale\" target=\"_blank\">@aconteceunovale<\/a>, Twitter <a rel=\"noreferrer noopener\" href=\"https:\/\/twitter.com\/noticiadosvales\" target=\"_blank\">@noticiadosvales<\/a> e Instagram <a rel=\"noreferrer noopener\" href=\"https:\/\/www.instagram.com\/aconteceunovale\" target=\"_blank\">@aconteceunovale<\/a>.<\/em><\/p>\n","protected":false},"excerpt":{"rendered":"<p>O governo de Portugal informou neste s\u00e1bado (1\/5\/2021) que estender\u00e1 at\u00e9 16 de maio as restri\u00e7\u00f5es que impedem viagens n\u00e3o essenciais de pa\u00edses com altos \u00edndices de infec\u00e7\u00e3o de coronav\u00edrus, incluindo Brasil e \u00cdndia &#8211; uma nova adi\u00e7\u00e3o \u00e0 lista. Viajantes de pa\u00edses onde h\u00e1 500 ou mais casos por 100.000 pessoas em um per\u00edodo [&hellip;]<\/p>\n","protected":false},"author":4,"featured_media":178056,"comment_status":"open","ping_status":"closed","sticky":false,"template":"","format":"standard","meta":{"amp_status":"","footnotes":""},"categories":[28848],"tags":[4785,176676,18919,244469,244472,244473,244470,244471],"class_list":["post-178055","post","type-post","status-publish","format-standard","has-post-thumbnail","hentry","category-mundo","tag-brasil","tag-governo-de-portugal","tag-portugal","tag-portugal-estende-restricoes-a-viagens-ate-16-de-maio","tag-restricoes-de-viagens-para-portugal","tag-restricoes-em-voos-para-portugal","tag-viagens-para-portugal","tag-voos-para-portugal"],"_links":{"self":[{"href":"https:\/\/aconteceunovale.com.br\/portal\/index.php?rest_route=\/wp\/v2\/posts\/178055","targetHints":{"allow":["GET"]}}],"collection":[{"href":"https:\/\/aconteceunovale.com.br\/portal\/index.php?rest_route=\/wp\/v2\/posts"}],"about":[{"href":"https:\/\/aconteceunovale.com.br\/portal\/index.php?rest_route=\/wp\/v2\/types\/post"}],"author":[{"embeddable":true,"href":"https:\/\/aconteceunovale.com.br\/portal\/index.php?rest_route=\/wp\/v2\/users\/4"}],"replies":[{"embeddable":true,"href":"https:\/\/aconteceunovale.com.br\/portal\/index.php?rest_route=%2Fwp%2Fv2%2Fcomments&post=178055"}],"version-history":[{"count":1,"href":"https:\/\/aconteceunovale.com.br\/portal\/index.php?rest_route=\/wp\/v2\/posts\/178055\/revisions"}],"predecessor-version":[{"id":178057,"href":"https:\/\/aconteceunovale.com.br\/portal\/index.php?rest_route=\/wp\/v2\/posts\/178055\/revisions\/178057"}],"wp:featuredmedia":[{"embeddable":true,"href":"https:\/\/aconteceunovale.com.br\/portal\/index.php?rest_route=\/wp\/v2\/media\/178056"}],"wp:attachment":[{"href":"https:\/\/aconteceunovale.com.br\/portal\/index.php?rest_route=%2Fwp%2Fv2%2Fmedia&parent=178055"}],"wp:term":[{"taxonomy":"category","embeddable":true,"href":"https:\/\/aconteceunovale.com.br\/portal\/index.php?rest_route=%2Fwp%2Fv2%2Fcategories&post=178055"},{"taxonomy":"post_tag","embeddable":true,"href":"https:\/\/aconteceunovale.com.br\/portal\/index.php?rest_route=%2Fwp%2Fv2%2Ftags&post=178055"}],"curies":[{"name":"wp","href":"https:\/\/api.w.org\/{rel}","templated":true}]}}