{"id":178052,"date":"2021-05-01T17:18:40","date_gmt":"2021-05-01T20:18:40","guid":{"rendered":"https:\/\/aconteceunovale.com.br\/portal\/?p=178052"},"modified":"2021-05-01T17:19:25","modified_gmt":"2021-05-01T20:19:25","slug":"mais-30-400-doses-de-coronavac-chegam-a-minas-gerais","status":"publish","type":"post","link":"https:\/\/aconteceunovale.com.br\/portal\/?p=178052","title":{"rendered":"Mais 30.400 doses de CoronaVac chegam a Minas Gerais"},"content":{"rendered":"\n<p>Um novo lote\u00a0de vacinas contra a Covid-19 chegou, neste\u00a0s\u00e1bado (1\/5\/2021),\u00a0ao Estado de Minas Gerais. Esta \u00e9 a\u00a016\u00aa remessa de imunizantes enviada pelo Minist\u00e9rio da Sa\u00fade.\u00a0<\/p>\n\n\n\n<figure class=\"wp-block-gallery columns-1 is-cropped wp-block-gallery-1 is-layout-flex wp-block-gallery-is-layout-flex\"><ul class=\"blocks-gallery-grid\"><li class=\"blocks-gallery-item\"><figure><img loading=\"lazy\" decoding=\"async\" width=\"678\" height=\"381\" src=\"https:\/\/aconteceunovale.com.br\/portal\/wp-content\/uploads\/2021\/05\/coronavac_mg_1maio.jpeg\" alt=\"\" data-id=\"178053\" data-full-url=\"https:\/\/aconteceunovale.com.br\/portal\/wp-content\/uploads\/2021\/05\/coronavac_mg_1maio.jpeg\" data-link=\"https:\/\/aconteceunovale.com.br\/portal\/?attachment_id=178053\" class=\"wp-image-178053\" srcset=\"https:\/\/aconteceunovale.com.br\/portal\/wp-content\/uploads\/2021\/05\/coronavac_mg_1maio.jpeg 678w, https:\/\/aconteceunovale.com.br\/portal\/wp-content\/uploads\/2021\/05\/coronavac_mg_1maio-300x169.jpeg 300w\" sizes=\"auto, (max-width: 678px) 100vw, 678px\" \/><figcaption class=\"blocks-gallery-item__caption\"><em>Foto: F\u00e1bio Marchetto \/ via Ag\u00eancia Minas<\/em><\/figcaption><\/figure><\/li><\/ul><\/figure>\n\n\n\n<p>As 30.400 unidades da CoronaVac ser\u00e3o destinadas \u00e0 segunda dose de 3% dos trabalhadores da Sa\u00fade e 6,20% das For\u00e7as de Seguran\u00e7a, e \u00e0&nbsp;aplica\u00e7\u00e3o da primeira dose em 7,4% das For\u00e7as de Seguran\u00e7a.<\/p>\n\n\n\n<p>Os imunizantes j\u00e1 est\u00e3o na Central Estadual da Rede de Frio e, de l\u00e1, ser\u00e3o enviadas \u00e0s Unidades Regionais de Sa\u00fade. Posteriormente, os munic\u00edpios, respons\u00e1veis pela execu\u00e7\u00e3o da campanha de imuniza\u00e7\u00e3o, dever\u00e3o buscar seu quantitativo de vacinas.<\/p>\n\n\n\n<h3 class=\"wp-block-heading\"><strong>Remessa<\/strong><\/h3>\n\n\n\n<p>A 16\u00aa remessa com 30.400 doses foi transportada por via terrestre, de S\u00e3o Paulo, diretamente para a Rede de Frio da\u00a0Secretaria de Estado de Sa\u00fade (SES-MG). A log\u00edstica de envio das doses \u00e0s 853 cidades mineiras ser\u00e1 divulgada em breve.<\/p>\n\n\n\n<p>A expectativa da SES-MG \u00e9 de que,\u00a0na segunda-feira (3\/5), a 16\u00aa remessa seja complementada com\u00a0676.250 doses da vacina da AstraZeneca.\u00a0<\/p>\n\n\n\n<h3 class=\"wp-block-heading\"><strong>Acompanhe o quantitativo de cada remessa<\/strong><\/h3>\n\n\n\n<p><strong>1\u00aa remessa<br><\/strong>577.480 doses da CoronaVac em 18\/1\/2021<br><br><strong>2\u00aa remessa<br><\/strong>190.500 doses de AstraZeneca em 24\/1\/2021\u00a0<br><br><strong>3\u00aa remessa<br><\/strong>87.600 doses da CoronaVac em 25\/1\/2021<br><br><strong>4\u00aa remessa<br><\/strong>315.600 doses da CoronaVac em 7\/2\/2021\u00a0<br><br><strong>5\u00aa remessa<br><\/strong>220.000 doses da AstraZeneca e 137.400 doses da CoronaVac em 23\/2\/2021<br><br><strong>6\u00aa remessa<br><\/strong>285.200 doses da CoronaVac em 3\/3\/2021<br><br><strong>7\u00aa remessa<br><\/strong>303.600 doses da CoronaVac em 9\/3\/2021<br><br><strong>8\u00aa remessa<br><\/strong>509.800 doses de CoronaVac em 17\/3\/2021<br><br><strong>9\u00aa remessa<br><\/strong>86.750 doses da AstraZeneca e 455.800 doses da CoronaVac em 20\/3\/2021\u00a0<br><br><strong>10\u00aa remessa<br><\/strong>116.600 doses de AstraZeneca e 359.000 doses de CoronaVac em 26\/3\/2021\u00a0<br><br><strong>11\u00aa remessa<br><\/strong>73.250 doses de AstraZeneca e 943.400 doses de CoronaVac em 1\/4\/2021\u00a0<br><br><strong>12\u00aa remessa<br><\/strong>257.750 da AstraZeneca e 220.400 da Coronavac, em 8\/4\/2021<br><br><strong>13\u00aa remessa<br><\/strong>426.000 da AstraZeneca e 275.200 da CoronaVac, em 16\/4\/2021<br><br><strong>14\u00aa remessa<br><\/strong>316.750 doses da AstraZeneca e 73.800 da CoronaVac, em 23\/4\/2021<br><br><strong>15\u00aa remessa<br><\/strong>578.000 doses da AstraZeneca e 11.800 doses da Coronavac, em 29\/4\/2021<br><br><strong>16\u00aa remessa<br><\/strong>30.400 doses de Coronavac em 1\u00ba\/5\/2021<br><br><strong>Total: 6.852.080 doses<\/strong><\/p>\n\n\n\n<p>&#8212;&#8212;&#8212;&#8212;&#8212;&#8212;<br><em>Quer receber as not\u00edcias do <strong>Aconteceu no Vale<\/strong> em primeira m\u00e3o? Siga-nos no Facebook <a rel=\"noreferrer noopener\" href=\"http:\/\/facebook.com\/aconteceunovale\" target=\"_blank\">@aconteceunovale<\/a>, Twitter <a rel=\"noreferrer noopener\" href=\"https:\/\/twitter.com\/noticiadosvales\" target=\"_blank\">@noticiadosvales<\/a> e Instagram <a rel=\"noreferrer noopener\" href=\"https:\/\/www.instagram.com\/aconteceunovale\" target=\"_blank\">@aconteceunovale<\/a>.<\/em><\/p>\n","protected":false},"excerpt":{"rendered":"<p>Um novo lote\u00a0de vacinas contra a Covid-19 chegou, neste\u00a0s\u00e1bado (1\/5\/2021),\u00a0ao Estado de Minas Gerais. Esta \u00e9 a\u00a016\u00aa remessa de imunizantes enviada pelo Minist\u00e9rio da Sa\u00fade.\u00a0 As 30.400 unidades da CoronaVac ser\u00e3o destinadas \u00e0 segunda dose de 3% dos trabalhadores da Sa\u00fade e 6,20% das For\u00e7as de Seguran\u00e7a, e \u00e0&nbsp;aplica\u00e7\u00e3o da primeira dose em 7,4% das [&hellip;]<\/p>\n","protected":false},"author":4,"featured_media":178053,"comment_status":"open","ping_status":"closed","sticky":false,"template":"","format":"standard","meta":{"amp_status":"","footnotes":""},"categories":[123,40242],"tags":[240692,235100,235104,194,217799,219851,235098,219853,22090,214884,216498,236448,239797,221718,235105,244459,231330,231334,184213,235103,135894,235094,235096,244468,235097,235095,240007,235015,244364,243267,240691,241552,244425,240634,242407,235101,219855,215653,221717,219854,219852,217692,231333,231337,231332,231336,236858,221719,178207,220285,220287,220286,235102,235099,231331,231335],"class_list":["post-178052","post","type-post","status-publish","format-standard","has-post-thumbnail","hentry","category-gerais","category-saude-2","tag-6-mil-doses-de-vacinas-contra-covid-19-e-ampliara-imunizacao-para-idosos-de-65-a-69-anos","tag-adileia-pereira-de-jesus-cardoso","tag-adriana-vilella-avila-de-castro","tag-belo-horizonte","tag-casos-de-coronavirus-em-minas-gerais","tag-casos-de-covid-19-em-minas-gerais","tag-cece","tag-cidades-com-casos-de-coronavirus-em-minas-gerais","tag-confins","tag-coronavirus","tag-covid-19","tag-covid-19-minas-gerais-bate-novo-recorde-ao-registrar-mais-de-10-mil-casos-em-24h","tag-covid-19-minas-gerais-tem-recorde-de-mortes-e-de-casos-em-24h","tag-curados-do-coronavirus-em-minas-gerais","tag-distribuicao-da-vacina-em-minas-gerais","tag-estado-distribui-mais-589-800-doses-de-vacinas-contra-covid-19-para-regionais-de-saude","tag-governador-detalha-plano-de-contingencia-para-vacinacao-contra-a-covid-19-em-minas-gerais","tag-governador-detalha-plano-de-contingencia-para-vacinacao-contra-o-novo-coronavirus-em-minas-gerais","tag-governador-romeu-zema","tag-hem","tag-hospital-eduardo-de-menezes","tag-iniciada-a-maior-operacao-de-vacinacao-da-historia-de-minas-gerais","tag-maior-operacao-de-vacinacao-da-historia-de-minas-gerais","tag-mais-30-400-doses-de-coronavac-chegam-a-minas-gerais","tag-maria-bom-sucesso-pereira","tag-minas-gerais-inicia-a-maior-operacao-de-vacinacao-da-sua-historia","tag-minas-gerais-recebe-542-550-novas-doses-de-vacinas-contra-covid-19","tag-minas-gerais-recebe-561-mil-doses-da-coronavac","tag-minas-gerais-recebe-hoje-mais-589-800-doses-de-vacinas-contra-covid-19","tag-minas-gerais-recebe-hoje-mais-701-200-doses-de-vacinas-contra-covid-19","tag-minas-gerais-recebe-mais-475","tag-minas-gerais-recebe-mais-de-1-milhao-de-doses-de-vacinas-contra-covid-19","tag-minas-gerais-recebe-novas-doses-para-ampliar-vacinacao-contra-a-covid-19","tag-minas-gerais-recebera-mais-475-600-doses-de-vacinas-contra-a-covid-19","tag-minas-gerais-recebera-mais-478-150-doses-de-vacinas-contra-covid-19","tag-moises-alves-senra","tag-mortes-por-coronavirus-em-minas-gerais","tag-novo-coronavirus","tag-numero-de-curados-do-coronavirus-em-minas-gerais","tag-numeros-do-coronavirus-em-minas-gerais","tag-obitos-por-coronavirus-em-minas-gerias","tag-pandemia-de-coronavirus","tag-plano-de-contingencia-para-vacinacao-contra-a-covid-19-em-minas-gerais","tag-plano-de-contingencia-para-vacinacao-contra-o-novo-coronavirus-em-minas-gerais","tag-plano-para-vacinacao-contra-a-covid-19-em-minas-gerais","tag-plano-para-vacinacao-contra-o-novo-coronavirus-em-minas-gerais","tag-primeira-pessoa-vacinada-contra-a-covid-19-em-minas-gerais-recebe-a-segunda-dose","tag-recuperados-do-coronavirus-em-minas-gerais","tag-romeu-zema","tag-secretaria-de-saude-atualiza-numeros-do-coronavirus-em-minas-gerais","tag-secretaria-de-saude-de-minas-gerais-atualiza-numeros-do-coronavirus","tag-ses-mg-atualiza-numeros-do-coronavirus","tag-teresa-gamarano-barros","tag-thiago-liberio-santana-medina","tag-vacinacao-contra-a-covid-19-em-minas-gerais","tag-vacinacao-contra-o-novo-coronavirus-em-minas-gerais"],"_links":{"self":[{"href":"https:\/\/aconteceunovale.com.br\/portal\/index.php?rest_route=\/wp\/v2\/posts\/178052","targetHints":{"allow":["GET"]}}],"collection":[{"href":"https:\/\/aconteceunovale.com.br\/portal\/index.php?rest_route=\/wp\/v2\/posts"}],"about":[{"href":"https:\/\/aconteceunovale.com.br\/portal\/index.php?rest_route=\/wp\/v2\/types\/post"}],"author":[{"embeddable":true,"href":"https:\/\/aconteceunovale.com.br\/portal\/index.php?rest_route=\/wp\/v2\/users\/4"}],"replies":[{"embeddable":true,"href":"https:\/\/aconteceunovale.com.br\/portal\/index.php?rest_route=%2Fwp%2Fv2%2Fcomments&post=178052"}],"version-history":[{"count":1,"href":"https:\/\/aconteceunovale.com.br\/portal\/index.php?rest_route=\/wp\/v2\/posts\/178052\/revisions"}],"predecessor-version":[{"id":178054,"href":"https:\/\/aconteceunovale.com.br\/portal\/index.php?rest_route=\/wp\/v2\/posts\/178052\/revisions\/178054"}],"wp:featuredmedia":[{"embeddable":true,"href":"https:\/\/aconteceunovale.com.br\/portal\/index.php?rest_route=\/wp\/v2\/media\/178053"}],"wp:attachment":[{"href":"https:\/\/aconteceunovale.com.br\/portal\/index.php?rest_route=%2Fwp%2Fv2%2Fmedia&parent=178052"}],"wp:term":[{"taxonomy":"category","embeddable":true,"href":"https:\/\/aconteceunovale.com.br\/portal\/index.php?rest_route=%2Fwp%2Fv2%2Fcategories&post=178052"},{"taxonomy":"post_tag","embeddable":true,"href":"https:\/\/aconteceunovale.com.br\/portal\/index.php?rest_route=%2Fwp%2Fv2%2Ftags&post=178052"}],"curies":[{"name":"wp","href":"https:\/\/api.w.org\/{rel}","templated":true}]}}