{"id":178041,"date":"2021-05-01T16:15:21","date_gmt":"2021-05-01T19:15:21","guid":{"rendered":"https:\/\/aconteceunovale.com.br\/portal\/?p=178041"},"modified":"2021-05-01T16:16:08","modified_gmt":"2021-05-01T19:16:08","slug":"minas-gerais-recebe-mais-220-mil-unidades-de-medicamentos-para-kit-intubacao","status":"publish","type":"post","link":"https:\/\/aconteceunovale.com.br\/portal\/?p=178041","title":{"rendered":"Minas Gerais recebe mais 220 mil unidades de medicamentos para kit intuba\u00e7\u00e3o"},"content":{"rendered":"\n<p>O\u00a0Governo de Minas\u00a0recebeu, neste s\u00e1bado (1\/5\/2021), medicamentos do kit intuba\u00e7\u00e3o para atender hospitais que se encontram em n\u00edveis considerados cr\u00edticos da disponibilidade dos rem\u00e9dios.<\/p>\n\n\n\n<figure class=\"wp-block-gallery columns-1 is-cropped wp-block-gallery-1 is-layout-flex wp-block-gallery-is-layout-flex\"><ul class=\"blocks-gallery-grid\"><li class=\"blocks-gallery-item\"><figure><img loading=\"lazy\" decoding=\"async\" width=\"675\" height=\"450\" src=\"https:\/\/aconteceunovale.com.br\/portal\/wp-content\/uploads\/2021\/05\/medicamentos_mg_1.jpg\" alt=\"\" data-id=\"178042\" data-full-url=\"https:\/\/aconteceunovale.com.br\/portal\/wp-content\/uploads\/2021\/05\/medicamentos_mg_1.jpg\" data-link=\"https:\/\/aconteceunovale.com.br\/portal\/?attachment_id=178042\" class=\"wp-image-178042\" srcset=\"https:\/\/aconteceunovale.com.br\/portal\/wp-content\/uploads\/2021\/05\/medicamentos_mg_1.jpg 675w, https:\/\/aconteceunovale.com.br\/portal\/wp-content\/uploads\/2021\/05\/medicamentos_mg_1-300x200.jpg 300w, https:\/\/aconteceunovale.com.br\/portal\/wp-content\/uploads\/2021\/05\/medicamentos_mg_1-630x420.jpg 630w\" sizes=\"auto, (max-width: 675px) 100vw, 675px\" \/><figcaption class=\"blocks-gallery-item__caption\"><em>Foto: F\u00e1bio Marchetto \/ via Ag\u00eancia Minas<\/em><\/figcaption><\/figure><\/li><\/ul><\/figure>\n\n\n\n<p>A aquisi\u00e7\u00e3o da\u00a0Secretaria de Estado de Sa\u00fade de Minas Gerais (SES-MG)\u00a0conta com 220 mil ampolas de fentanil &#8211; f\u00e1rmaco essencial para a seda\u00e7\u00e3o dos pacientes. Ainda neste s\u00e1bado, a expectativa \u00e9 de\u00a0que a SES-MG tamb\u00e9m receba, do Minist\u00e9rio da Sa\u00fade, outras 10 mil ampolas de atrac\u00fario.<\/p>\n\n\n\n<p>Mesmo com o envio constante de medicamentos para os hospitais, o estoque de sedativos utilizados na intuba\u00e7\u00e3o do paciente infectado com a covid-19 encontra-se em n\u00edvel de alerta para o enfrentamento da pandemia.<\/p>\n\n\n\n<h2 class=\"wp-block-heading\"><strong>Distribui\u00e7\u00e3o<\/strong><\/h2>\n\n\n\n<p>Nesta pr\u00f3xima semana, os sedativos ser\u00e3o disponibilizados para as unidades hospitalares, quando tamb\u00e9m ser\u00e1 divulgada a rela\u00e7\u00e3o e quantitativos que cada estabelecimento ir\u00e1 receber.<\/p>\n\n\n\n<figure class=\"wp-block-gallery columns-1 is-cropped wp-block-gallery-2 is-layout-flex wp-block-gallery-is-layout-flex\"><ul class=\"blocks-gallery-grid\"><li class=\"blocks-gallery-item\"><figure><img loading=\"lazy\" decoding=\"async\" width=\"675\" height=\"450\" src=\"https:\/\/aconteceunovale.com.br\/portal\/wp-content\/uploads\/2021\/05\/medicamentos_mg_2.jpg\" alt=\"\" data-id=\"178043\" data-full-url=\"https:\/\/aconteceunovale.com.br\/portal\/wp-content\/uploads\/2021\/05\/medicamentos_mg_2.jpg\" data-link=\"https:\/\/aconteceunovale.com.br\/portal\/?attachment_id=178043\" class=\"wp-image-178043\" srcset=\"https:\/\/aconteceunovale.com.br\/portal\/wp-content\/uploads\/2021\/05\/medicamentos_mg_2.jpg 675w, https:\/\/aconteceunovale.com.br\/portal\/wp-content\/uploads\/2021\/05\/medicamentos_mg_2-300x200.jpg 300w, https:\/\/aconteceunovale.com.br\/portal\/wp-content\/uploads\/2021\/05\/medicamentos_mg_2-630x420.jpg 630w\" sizes=\"auto, (max-width: 675px) 100vw, 675px\" \/><figcaption class=\"blocks-gallery-item__caption\"><em>Foto: F\u00e1bio Marchetto \/ via Ag\u00eancia Minas<\/em><\/figcaption><\/figure><\/li><\/ul><\/figure>\n\n\n\n<p>A SES-MG, juntamente com o Minist\u00e9rio P\u00fablico de Minas Gerais (MPMG) e o Conselho de Secretarias Municipais de Sa\u00fade de Minas Gerais (Cosems-MG), faz levantamento peri\u00f3dico dos estoques dos prestadores e fornecedores de medicamentos e insumos das unidades hospitalares. Tamb\u00e9m \u00e9 monitorado o abastecimento de medicamentos nas redes p\u00fablicas e privadas de assist\u00eancia m\u00e9dico-hospitalar, que devem informar regularmente \u00e0 SES-MG\u00a0sobre o quantitativo de estoques de medicamentos e insumos dispon\u00edveis.<\/p>\n\n\n\n<p>Assim que cada remessa chega ao estado, o resultado do monitoramento semanal \u00e9 analisado, conforme explica\u00a0a superintendente de Assist\u00eancia Farmac\u00eautica, Grazielle Dias. \u201cA distribui\u00e7\u00e3o \u00e9 feita a partir do resultado dessa an\u00e1lise, de quais hospitais est\u00e3o em situa\u00e7\u00e3o mais cr\u00edtica e de acordo com a disponibilidade do estoque. A sugest\u00e3o de distribui\u00e7\u00e3o \u00e9 tamb\u00e9m avaliada e validada junto a uma comiss\u00e3o da SES-MG e do Conselho de Secretarias Municipais de Sa\u00fade de Minas Gerais (Cosems-MG)\u201d, disse.<\/p>\n\n\n\n<p>O monitoramento \u00e9 feito por meio de um formul\u00e1rio online preenchido por cada institui\u00e7\u00e3o hospitalar a respeito de seus estoques. O cadastro fica aberto de quinta \u00e0 segunda-feira, per\u00edodo no qual os dados sobre medicamentos s\u00e3o computados.<\/p>\n\n\n\n<p>Com base nessas informa\u00e7\u00f5es, o Estado tem um panorama dos estoques de medicamentos das institui\u00e7\u00f5es no momento em que cada estabelecimento de sa\u00fade repassa seus respectivos dados. Estes indicadores\u00a0tamb\u00e9m s\u00e3o utilizados para dimensionar compras estaduais, visando retaguarda assistencial, sem preju\u00edzo de atendimento a situa\u00e7\u00f5es espec\u00edficas.<\/p>\n\n\n\n<h2 class=\"wp-block-heading\"><strong>Rede Solid\u00e1ria<\/strong><\/h2>\n\n\n\n<p>Diante do cen\u00e1rio de alerta, Minas Gerais conta com a rede solid\u00e1ria da Sa\u00fade P\u00fablica, que permite o remanejamento de insumos entre as institui\u00e7\u00f5es que observam aumento no consumo de sedativos. O objetivo \u00e9 atender os hospitais mais necessitados e com estoque mais baixos, a partir de unidades que detenham estoques mais est\u00e1veis, garantindo, de modo emergencial, a adequada assist\u00eancia aos pacientes.<\/p>\n\n\n\n<p>&#8212;&#8212;&#8212;&#8212;&#8212;&#8212;<br><em>Quer receber as not\u00edcias do <strong>Aconteceu no Vale<\/strong> em primeira m\u00e3o? Siga-nos no Facebook <a rel=\"noreferrer noopener\" href=\"http:\/\/facebook.com\/aconteceunovale\" target=\"_blank\">@aconteceunovale<\/a>, Twitter <a rel=\"noreferrer noopener\" href=\"https:\/\/twitter.com\/noticiadosvales\" target=\"_blank\">@noticiadosvales<\/a> e Instagram <a rel=\"noreferrer noopener\" href=\"https:\/\/www.instagram.com\/aconteceunovale\" target=\"_blank\">@aconteceunovale<\/a>.<\/em><\/p>\n","protected":false},"excerpt":{"rendered":"<p>O\u00a0Governo de Minas\u00a0recebeu, neste s\u00e1bado (1\/5\/2021), medicamentos do kit intuba\u00e7\u00e3o para atender hospitais que se encontram em n\u00edveis considerados cr\u00edticos da disponibilidade dos rem\u00e9dios. A aquisi\u00e7\u00e3o da\u00a0Secretaria de Estado de Sa\u00fade de Minas Gerais (SES-MG)\u00a0conta com 220 mil ampolas de fentanil &#8211; f\u00e1rmaco essencial para a seda\u00e7\u00e3o dos pacientes. Ainda neste s\u00e1bado, a expectativa \u00e9 [&hellip;]<\/p>\n","protected":false},"author":4,"featured_media":178042,"comment_status":"open","ping_status":"closed","sticky":false,"template":"","format":"standard","meta":{"amp_status":"","footnotes":""},"categories":[123,40242],"tags":[240692,235100,235104,242715,194,242707,242714,217799,219851,235098,219853,22090,214884,108596,216498,236448,239797,221718,235105,242713,218859,242709,242708,242710,239750,231330,231334,184213,235103,135894,235094,241684,242411,235096,235097,242719,242717,235095,242840,240007,235015,244460,240691,242706,240634,243445,241565,19326,235101,219855,19675,40919,215653,221717,219854,219852,217692,231333,231337,231332,231336,236858,241568,241566,241567,241569,221719,178207,220285,220287,242711,52113,220286,235102,235099,242712,239805,231331,231335],"class_list":["post-178041","post","type-post","status-publish","format-standard","has-post-thumbnail","hentry","category-gerais","category-saude-2","tag-6-mil-doses-de-vacinas-contra-covid-19-e-ampliara-imunizacao-para-idosos-de-65-a-69-anos","tag-adileia-pereira-de-jesus-cardoso","tag-adriana-vilella-avila-de-castro","tag-basilato-de-cisatracurio","tag-belo-horizonte","tag-bloqueadores-neuromusculares-minas-gerais","tag-brometo-de-rocuronio","tag-casos-de-coronavirus-em-minas-gerais","tag-casos-de-covid-19-em-minas-gerais","tag-cece","tag-cidades-com-casos-de-coronavirus-em-minas-gerais","tag-confins","tag-coronavirus","tag-cosems-mg","tag-covid-19","tag-covid-19-minas-gerais-bate-novo-recorde-ao-registrar-mais-de-10-mil-casos-em-24h","tag-covid-19-minas-gerais-tem-recorde-de-mortes-e-de-casos-em-24h","tag-curados-do-coronavirus-em-minas-gerais","tag-distribuicao-da-vacina-em-minas-gerais","tag-enfrentamento-a-pandemia-em-minas-gerais","tag-enfrentamento-ao-coronavirus-em-minas-gerais","tag-entrega-de-bloqueadores-neuromusculares-em-minas-gerais","tag-entrega-de-kit-intubacao-em-minas-gerais","tag-entrega-de-sedativos-em-minas-gerais","tag-fabio-baccheretti","tag-governador-detalha-plano-de-contingencia-para-vacinacao-contra-a-covid-19-em-minas-gerais","tag-governador-detalha-plano-de-contingencia-para-vacinacao-contra-o-novo-coronavirus-em-minas-gerais","tag-governador-romeu-zema","tag-hem","tag-hospital-eduardo-de-menezes","tag-iniciada-a-maior-operacao-de-vacinacao-da-historia-de-minas-gerais","tag-jans-bastos-izidoro","tag-kit-intubacao-minas-gerais","tag-maior-operacao-de-vacinacao-da-historia-de-minas-gerais","tag-maria-bom-sucesso-pereira","tag-medicamentos-para-intubados-em-minas-gerais","tag-medicamentos-para-uti-em-minas-gerais","tag-minas-gerais-inicia-a-maior-operacao-de-vacinacao-da-sua-historia","tag-minas-gerais-passa-a-marca-de-28-mil-vidas-perdidas-para-a-covid","tag-minas-gerais-recebe-542-550-novas-doses-de-vacinas-contra-covid-19","tag-minas-gerais-recebe-561-mil-doses-da-coronavac","tag-minas-gerais-recebe-mais-220-mil-unidades-de-medicamentos-para-kit-intubacao","tag-minas-gerais-recebe-mais-475","tag-minas-gerais-recebe-medicamentos-para-o-kit-intubacao","tag-minas-gerais-recebera-mais-475-600-doses-de-vacinas-contra-a-covid-19","tag-minas-gerais-recebera-mais-de-133-mil-unidades-de-medicamentos-para-kit-intubacao","tag-minas-gerais-registra-novo-recorde-diario-de-obitos-por-covid-19","tag-ministerio-da-saude","tag-moises-alves-senra","tag-mortes-por-coronavirus-em-minas-gerais","tag-mpmg","tag-ms","tag-novo-coronavirus","tag-numero-de-curados-do-coronavirus-em-minas-gerais","tag-numeros-do-coronavirus-em-minas-gerais","tag-obitos-por-coronavirus-em-minas-gerias","tag-pandemia-de-coronavirus","tag-plano-de-contingencia-para-vacinacao-contra-a-covid-19-em-minas-gerais","tag-plano-de-contingencia-para-vacinacao-contra-o-novo-coronavirus-em-minas-gerais","tag-plano-para-vacinacao-contra-a-covid-19-em-minas-gerais","tag-plano-para-vacinacao-contra-o-novo-coronavirus-em-minas-gerais","tag-primeira-pessoa-vacinada-contra-a-covid-19-em-minas-gerais-recebe-a-segunda-dose","tag-recorde-de-falecimentos-por-covid-19-em-minas-gerais","tag-recorde-de-mortes-por-covid-19-em-minas-gerais","tag-recorde-de-obitos-por-covid-19-em-minas-gerais","tag-recorde-diario-covid-19-em-minas-gerais","tag-recuperados-do-coronavirus-em-minas-gerais","tag-romeu-zema","tag-secretaria-de-saude-atualiza-numeros-do-coronavirus-em-minas-gerais","tag-secretaria-de-saude-de-minas-gerais-atualiza-numeros-do-coronavirus","tag-sedativos-minas-gerais","tag-ses-mg","tag-ses-mg-atualiza-numeros-do-coronavirus","tag-teresa-gamarano-barros","tag-thiago-liberio-santana-medina","tag-tratamento-da-covid-19-em-minas-gerais","tag-uti-minas-gerais","tag-vacinacao-contra-a-covid-19-em-minas-gerais","tag-vacinacao-contra-o-novo-coronavirus-em-minas-gerais"],"_links":{"self":[{"href":"https:\/\/aconteceunovale.com.br\/portal\/index.php?rest_route=\/wp\/v2\/posts\/178041","targetHints":{"allow":["GET"]}}],"collection":[{"href":"https:\/\/aconteceunovale.com.br\/portal\/index.php?rest_route=\/wp\/v2\/posts"}],"about":[{"href":"https:\/\/aconteceunovale.com.br\/portal\/index.php?rest_route=\/wp\/v2\/types\/post"}],"author":[{"embeddable":true,"href":"https:\/\/aconteceunovale.com.br\/portal\/index.php?rest_route=\/wp\/v2\/users\/4"}],"replies":[{"embeddable":true,"href":"https:\/\/aconteceunovale.com.br\/portal\/index.php?rest_route=%2Fwp%2Fv2%2Fcomments&post=178041"}],"version-history":[{"count":1,"href":"https:\/\/aconteceunovale.com.br\/portal\/index.php?rest_route=\/wp\/v2\/posts\/178041\/revisions"}],"predecessor-version":[{"id":178044,"href":"https:\/\/aconteceunovale.com.br\/portal\/index.php?rest_route=\/wp\/v2\/posts\/178041\/revisions\/178044"}],"wp:featuredmedia":[{"embeddable":true,"href":"https:\/\/aconteceunovale.com.br\/portal\/index.php?rest_route=\/wp\/v2\/media\/178042"}],"wp:attachment":[{"href":"https:\/\/aconteceunovale.com.br\/portal\/index.php?rest_route=%2Fwp%2Fv2%2Fmedia&parent=178041"}],"wp:term":[{"taxonomy":"category","embeddable":true,"href":"https:\/\/aconteceunovale.com.br\/portal\/index.php?rest_route=%2Fwp%2Fv2%2Fcategories&post=178041"},{"taxonomy":"post_tag","embeddable":true,"href":"https:\/\/aconteceunovale.com.br\/portal\/index.php?rest_route=%2Fwp%2Fv2%2Ftags&post=178041"}],"curies":[{"name":"wp","href":"https:\/\/api.w.org\/{rel}","templated":true}]}}