{"id":178034,"date":"2021-05-01T16:04:54","date_gmt":"2021-05-01T19:04:54","guid":{"rendered":"https:\/\/aconteceunovale.com.br\/portal\/?p=178034"},"modified":"2021-05-01T16:09:36","modified_gmt":"2021-05-01T19:09:36","slug":"estado-distribui-mais-589-800-doses-de-vacinas-contra-covid-19-para-regionais-de-saude","status":"publish","type":"post","link":"https:\/\/aconteceunovale.com.br\/portal\/?p=178034","title":{"rendered":"Estado distribui mais 589.800 doses de vacinas contra covid-19 para regionais de Sa\u00fade"},"content":{"rendered":"\n<p>O&nbsp;Governo de Minas Gerais, por meio da&nbsp;Secretaria de Estado de Sa\u00fade (SES-MG), come\u00e7ou neste s\u00e1bado (1\/5\/2021)&nbsp;a distribui\u00e7\u00e3o de mais 589.800 doses de vacinas contra Covid-19 para as Unidades Regionais de Sa\u00fade. S\u00e3o 578.000 unidades da AstraZeneca e 11.800 da CoronaVac.<\/p>\n\n\n\n<figure class=\"wp-block-gallery columns-1 is-cropped wp-block-gallery-1 is-layout-flex wp-block-gallery-is-layout-flex\"><ul class=\"blocks-gallery-grid\"><li class=\"blocks-gallery-item\"><figure><img loading=\"lazy\" decoding=\"async\" width=\"675\" height=\"450\" src=\"https:\/\/aconteceunovale.com.br\/portal\/wp-content\/uploads\/2021\/05\/distribuicao_vacinas_1maio_1.jpg\" alt=\"\" data-id=\"178035\" data-full-url=\"https:\/\/aconteceunovale.com.br\/portal\/wp-content\/uploads\/2021\/05\/distribuicao_vacinas_1maio_1.jpg\" data-link=\"https:\/\/aconteceunovale.com.br\/portal\/?attachment_id=178035\" class=\"wp-image-178035\" srcset=\"https:\/\/aconteceunovale.com.br\/portal\/wp-content\/uploads\/2021\/05\/distribuicao_vacinas_1maio_1.jpg 675w, https:\/\/aconteceunovale.com.br\/portal\/wp-content\/uploads\/2021\/05\/distribuicao_vacinas_1maio_1-300x200.jpg 300w, https:\/\/aconteceunovale.com.br\/portal\/wp-content\/uploads\/2021\/05\/distribuicao_vacinas_1maio_1-630x420.jpg 630w\" sizes=\"auto, (max-width: 675px) 100vw, 675px\" \/><figcaption class=\"blocks-gallery-item__caption\"><em>Foto: F\u00e1bio Marchetto \/ via Ag\u00eancia Minas<\/em><\/figcaption><\/figure><\/li><\/ul><\/figure>\n\n\n\n<p>Neste s\u00e1bado,&nbsp;foram entregues os quantitativos para as regionais de Barbacena, Belo Horizonte, Itabira, Juiz de Fora, Leopoldina, Manhua\u00e7u, Ponte Nova, S\u00e3o Jo\u00e3o del-Rei e Ub\u00e1. Na segunda-feira (3\/5), a opera\u00e7\u00e3o tem continuidade com envio para as URSs&nbsp;de Alfenas, Coronel Fabriciano, Diamantina, Divin\u00f3polis, Governador Valadares, Ituiutaba, Janu\u00e1ria, Montes Claros, Passos e Patos de Minas, Pirapora, Pouso Alegre, Sete Lagoas, Uberaba, Uberl\u00e2ndia, Una\u00ed e Varginha. A opera\u00e7\u00e3o ser\u00e1 conclu\u00edda na ter\u00e7a-feira, com entrega para Pedra Azul e Te\u00f3filo Otoni.<\/p>\n\n\n\n<h3 class=\"wp-block-heading\"><strong>P\u00fablicos priorit\u00e1rios<\/strong><\/h3>\n\n\n\n<p>As 589.800 doses &#8211;\u00a0578.000 da AstraZeneca e 11.800 da Coronavac &#8211;\u00a0ser\u00e3o destinadas \u00e0s pessoas de 60 a 64 anos; e For\u00e7as de Seguran\u00e7a e Salvamento.<br><br><em>\u00a0\u201c\u00c9 importante que os munic\u00edpios observem a orienta\u00e7\u00e3o feita pela Secretaria, a partir dos informes t\u00e9cnicos emitidos pelo Minist\u00e9rio da Sa\u00fade, de que todas as doses entregues devem dar continuidade \u00e0s campanhas de vacina\u00e7\u00e3o observando a cobertura dos p\u00fablicos priorit\u00e1rios\u201d, <\/em>explica a coordenadora de Imuniza\u00e7\u00e3o da SES-MG, Josianne Gusm\u00e3o.<\/p>\n\n\n\n<div class=\"wp-block-file\"><a href=\"https:\/\/aconteceunovale.com.br\/portal\/wp-content\/uploads\/2021\/05\/tabela_distribuicao.xlsx\"><span class=\"has-inline-color has-vivid-red-color\">\u2022 Tabela com o detalhamento da distribui\u00e7\u00e3o (Arquivo em formato .XLS).<\/span><\/a><a href=\"https:\/\/aconteceunovale.com.br\/portal\/wp-content\/uploads\/2021\/05\/tabela_distribuicao.xlsx\" class=\"wp-block-file__button\" download><strong><span class=\"has-inline-color has-luminous-vivid-amber-color\">Clique aqui<\/span><\/strong><\/a><\/div>\n\n\n\n<h3 class=\"wp-block-heading\"><strong>Acompanhe o quantitativo de cada remessa:<\/strong><\/h3>\n\n\n\n<p><strong>1\u00aa remessa<br><\/strong>577.480 doses da CoronaVac em 18\/1\/2021<br><br><strong>2\u00aa remessa<br><\/strong>190.500 doses de AstraZeneca em 24\/1\/2021<br><br><strong>3\u00aa remessa<br><\/strong>87.600 doses da CoronaVac em 25\/1\/2021<br><br><strong>4\u00aa remessa<br><\/strong>315.600 doses da CoronaVac em 7\/2\/2021<br><br><strong>5\u00aa remessa<br><\/strong>220.000 doses da AstraZeneca e 137.400 doses da CoronaVac em 23\/2\/2021<br><br><strong>6\u00aa remessa<br><\/strong>285.200 doses da CoronaVac em 3\/3\/2021<br><br><strong>7\u00aa remessa<br><\/strong>303.600 doses da CoronaVac em 9\/3\/2021<br><br><strong>8\u00aa remessa<br><\/strong>509.800 doses de CoronaVac em 17\/3\/2021<br><br><strong>9\u00aa remessa<br><\/strong>86.750 doses da AstraZeneca e 455.800 doses da CoronaVac em 20\/3\/2021<br><br><strong>10\u00aa remessa<br><\/strong>116.600 doses de AstraZeneca e 359.000 doses de CoronaVac em 26\/3\/2021<br><br><strong>11\u00aa remessa<br><\/strong>73.250 doses de AstraZeneca e 943.400 doses de CoronaVac em 1\/4\/2021<br><br><strong>12\u00aa remessa<br><\/strong>257.750 doses da AstraZeneca e 220.400 da CoronaVac, em 8\/4\/2021<br><br><strong>13\u00aa remessa<br><\/strong>426.000 doses da AstraZeneca e 275.200 da CoronaVac, em 16\/4\/2021<br><strong><br>14\u00aa remessa<br><\/strong>316.750 doses da AstraZeneca e 73.800 da CoronaVac, em 23\/4\/2021<br><br><strong>15\u00aa remessa<br><\/strong>578.000 da AstraZeneca e 11.800 da Coronavac, em 29\/4\/2021<br><br><strong>Total: 6.821.680 doses<\/strong><\/p>\n\n\n\n<p>&#8212;&#8212;&#8212;&#8212;&#8212;&#8212;<br><em>Quer receber as not\u00edcias do <strong>Aconteceu no Vale<\/strong> em primeira m\u00e3o? Siga-nos no Facebook <a rel=\"noreferrer noopener\" href=\"http:\/\/facebook.com\/aconteceunovale\" target=\"_blank\">@aconteceunovale<\/a>, Twitter <a rel=\"noreferrer noopener\" href=\"https:\/\/twitter.com\/noticiadosvales\" target=\"_blank\">@noticiadosvales<\/a> e Instagram <a rel=\"noreferrer noopener\" href=\"https:\/\/www.instagram.com\/aconteceunovale\" target=\"_blank\">@aconteceunovale<\/a>.<\/em><\/p>\n","protected":false},"excerpt":{"rendered":"<p>O&nbsp;Governo de Minas Gerais, por meio da&nbsp;Secretaria de Estado de Sa\u00fade (SES-MG), come\u00e7ou neste s\u00e1bado (1\/5\/2021)&nbsp;a distribui\u00e7\u00e3o de mais 589.800 doses de vacinas contra Covid-19 para as Unidades Regionais de Sa\u00fade. S\u00e3o 578.000 unidades da AstraZeneca e 11.800 da CoronaVac. Neste s\u00e1bado,&nbsp;foram entregues os quantitativos para as regionais de Barbacena, Belo Horizonte, Itabira, Juiz de [&hellip;]<\/p>\n","protected":false},"author":4,"featured_media":178035,"comment_status":"open","ping_status":"closed","sticky":false,"template":"","format":"standard","meta":{"amp_status":"","footnotes":""},"categories":[123,40242],"tags":[240692,235100,235104,194,217799,219851,235098,219853,22090,214884,216498,236448,239797,221718,235105,244459,231330,231334,184213,235103,135894,235094,235096,235097,235095,240007,235015,244364,243267,240691,241552,244425,240634,242407,235101,219855,215653,221717,219854,219852,217692,231333,231337,231332,231336,236858,221719,178207,220285,220287,220286,235102,235099,231331,231335],"class_list":["post-178034","post","type-post","status-publish","format-standard","has-post-thumbnail","hentry","category-gerais","category-saude-2","tag-6-mil-doses-de-vacinas-contra-covid-19-e-ampliara-imunizacao-para-idosos-de-65-a-69-anos","tag-adileia-pereira-de-jesus-cardoso","tag-adriana-vilella-avila-de-castro","tag-belo-horizonte","tag-casos-de-coronavirus-em-minas-gerais","tag-casos-de-covid-19-em-minas-gerais","tag-cece","tag-cidades-com-casos-de-coronavirus-em-minas-gerais","tag-confins","tag-coronavirus","tag-covid-19","tag-covid-19-minas-gerais-bate-novo-recorde-ao-registrar-mais-de-10-mil-casos-em-24h","tag-covid-19-minas-gerais-tem-recorde-de-mortes-e-de-casos-em-24h","tag-curados-do-coronavirus-em-minas-gerais","tag-distribuicao-da-vacina-em-minas-gerais","tag-estado-distribui-mais-589-800-doses-de-vacinas-contra-covid-19-para-regionais-de-saude","tag-governador-detalha-plano-de-contingencia-para-vacinacao-contra-a-covid-19-em-minas-gerais","tag-governador-detalha-plano-de-contingencia-para-vacinacao-contra-o-novo-coronavirus-em-minas-gerais","tag-governador-romeu-zema","tag-hem","tag-hospital-eduardo-de-menezes","tag-iniciada-a-maior-operacao-de-vacinacao-da-historia-de-minas-gerais","tag-maior-operacao-de-vacinacao-da-historia-de-minas-gerais","tag-maria-bom-sucesso-pereira","tag-minas-gerais-inicia-a-maior-operacao-de-vacinacao-da-sua-historia","tag-minas-gerais-recebe-542-550-novas-doses-de-vacinas-contra-covid-19","tag-minas-gerais-recebe-561-mil-doses-da-coronavac","tag-minas-gerais-recebe-hoje-mais-589-800-doses-de-vacinas-contra-covid-19","tag-minas-gerais-recebe-hoje-mais-701-200-doses-de-vacinas-contra-covid-19","tag-minas-gerais-recebe-mais-475","tag-minas-gerais-recebe-mais-de-1-milhao-de-doses-de-vacinas-contra-covid-19","tag-minas-gerais-recebe-novas-doses-para-ampliar-vacinacao-contra-a-covid-19","tag-minas-gerais-recebera-mais-475-600-doses-de-vacinas-contra-a-covid-19","tag-minas-gerais-recebera-mais-478-150-doses-de-vacinas-contra-covid-19","tag-moises-alves-senra","tag-mortes-por-coronavirus-em-minas-gerais","tag-novo-coronavirus","tag-numero-de-curados-do-coronavirus-em-minas-gerais","tag-numeros-do-coronavirus-em-minas-gerais","tag-obitos-por-coronavirus-em-minas-gerias","tag-pandemia-de-coronavirus","tag-plano-de-contingencia-para-vacinacao-contra-a-covid-19-em-minas-gerais","tag-plano-de-contingencia-para-vacinacao-contra-o-novo-coronavirus-em-minas-gerais","tag-plano-para-vacinacao-contra-a-covid-19-em-minas-gerais","tag-plano-para-vacinacao-contra-o-novo-coronavirus-em-minas-gerais","tag-primeira-pessoa-vacinada-contra-a-covid-19-em-minas-gerais-recebe-a-segunda-dose","tag-recuperados-do-coronavirus-em-minas-gerais","tag-romeu-zema","tag-secretaria-de-saude-atualiza-numeros-do-coronavirus-em-minas-gerais","tag-secretaria-de-saude-de-minas-gerais-atualiza-numeros-do-coronavirus","tag-ses-mg-atualiza-numeros-do-coronavirus","tag-teresa-gamarano-barros","tag-thiago-liberio-santana-medina","tag-vacinacao-contra-a-covid-19-em-minas-gerais","tag-vacinacao-contra-o-novo-coronavirus-em-minas-gerais"],"_links":{"self":[{"href":"https:\/\/aconteceunovale.com.br\/portal\/index.php?rest_route=\/wp\/v2\/posts\/178034","targetHints":{"allow":["GET"]}}],"collection":[{"href":"https:\/\/aconteceunovale.com.br\/portal\/index.php?rest_route=\/wp\/v2\/posts"}],"about":[{"href":"https:\/\/aconteceunovale.com.br\/portal\/index.php?rest_route=\/wp\/v2\/types\/post"}],"author":[{"embeddable":true,"href":"https:\/\/aconteceunovale.com.br\/portal\/index.php?rest_route=\/wp\/v2\/users\/4"}],"replies":[{"embeddable":true,"href":"https:\/\/aconteceunovale.com.br\/portal\/index.php?rest_route=%2Fwp%2Fv2%2Fcomments&post=178034"}],"version-history":[{"count":3,"href":"https:\/\/aconteceunovale.com.br\/portal\/index.php?rest_route=\/wp\/v2\/posts\/178034\/revisions"}],"predecessor-version":[{"id":178040,"href":"https:\/\/aconteceunovale.com.br\/portal\/index.php?rest_route=\/wp\/v2\/posts\/178034\/revisions\/178040"}],"wp:featuredmedia":[{"embeddable":true,"href":"https:\/\/aconteceunovale.com.br\/portal\/index.php?rest_route=\/wp\/v2\/media\/178035"}],"wp:attachment":[{"href":"https:\/\/aconteceunovale.com.br\/portal\/index.php?rest_route=%2Fwp%2Fv2%2Fmedia&parent=178034"}],"wp:term":[{"taxonomy":"category","embeddable":true,"href":"https:\/\/aconteceunovale.com.br\/portal\/index.php?rest_route=%2Fwp%2Fv2%2Fcategories&post=178034"},{"taxonomy":"post_tag","embeddable":true,"href":"https:\/\/aconteceunovale.com.br\/portal\/index.php?rest_route=%2Fwp%2Fv2%2Ftags&post=178034"}],"curies":[{"name":"wp","href":"https:\/\/api.w.org\/{rel}","templated":true}]}}