{"id":177936,"date":"2021-04-28T16:49:23","date_gmt":"2021-04-28T19:49:23","guid":{"rendered":"https:\/\/aconteceunovale.com.br\/portal\/?p=177936"},"modified":"2021-04-28T16:51:12","modified_gmt":"2021-04-28T19:51:12","slug":"prorrogado-o-prazo-para-motoristas-realizarem-exame-toxicologico","status":"publish","type":"post","link":"https:\/\/aconteceunovale.com.br\/portal\/?p=177936","title":{"rendered":"Prorrogado o prazo para motoristas realizarem exame toxicol\u00f3gico"},"content":{"rendered":"\n<p class=\"wp-block-paragraph\">O Conselho Nacional de Tr\u00e2nsito (Contran) decidiu prorrogar os prazos para a realiza\u00e7\u00e3o do exame toxicol\u00f3gico peri\u00f3dico para o condutor habilitado nas categorias C, D e E. A medida foi publicada hoje (28\/4) no\u00a0<a rel=\"noreferrer noopener\" href=\"https:\/\/www.in.gov.br\/en\/web\/dou\/-\/deliberacao-contran-n-222-de-27-de-abril-de-2021-316262864\" target=\"_blank\"><strong>Di\u00e1rio Oficial da Uni\u00e3o<\/strong><\/a>\u00a0(DOU),\u00a0estabelecendo uma tabela com novos prazos, ao longo do ano de 2021, de acordo com a data de validade da Carteira Nacional de Habilita\u00e7\u00e3o (CNH).<\/p>\n\n\n\n<figure class=\"wp-block-gallery columns-1 is-cropped wp-block-gallery-1 is-layout-flex wp-block-gallery-is-layout-flex\"><ul class=\"blocks-gallery-grid\"><li class=\"blocks-gallery-item\"><figure><img loading=\"lazy\" decoding=\"async\" width=\"678\" height=\"406\" src=\"https:\/\/aconteceunovale.com.br\/portal\/wp-content\/uploads\/2021\/04\/transito.jpg\" alt=\"\" data-id=\"177937\" data-full-url=\"https:\/\/aconteceunovale.com.br\/portal\/wp-content\/uploads\/2021\/04\/transito.jpg\" data-link=\"https:\/\/aconteceunovale.com.br\/portal\/?attachment_id=177937\" class=\"wp-image-177937\" srcset=\"https:\/\/aconteceunovale.com.br\/portal\/wp-content\/uploads\/2021\/04\/transito.jpg 678w, https:\/\/aconteceunovale.com.br\/portal\/wp-content\/uploads\/2021\/04\/transito-300x180.jpg 300w\" sizes=\"auto, (max-width: 678px) 100vw, 678px\" \/><figcaption class=\"blocks-gallery-item__caption\"><em>Foto: Rovena Rosa\/Ag\u00eancia Brasil<\/em><\/figcaption><\/figure><\/li><\/ul><\/figure>\n\n\n\n<p class=\"wp-block-paragraph\">A nova Lei do Tr\u00e2nsito, que entrou em vigor no dia 12 de abril de 2021, determina que todos os condutores dessas categorias com menos de 70 anos dever\u00e3o ser submetidos a novo exame a cada per\u00edodo de dois anos e seis meses. O prazo come\u00e7a a contar a partir da obten\u00e7\u00e3o ou renova\u00e7\u00e3o da CNH.<\/p>\n\n\n\n<p class=\"wp-block-paragraph\">Segundo a legisla\u00e7\u00e3o, o motorista que conduzir ve\u00edculo para o qual seja exigida habilita\u00e7\u00e3o nas categorias C, D ou E sem realizar o exame toxicol\u00f3gico ap\u00f3s 30 dias do vencimento do prazo estabelecido, incorrer\u00e1 em infra\u00e7\u00e3o grav\u00edssima. A san\u00e7\u00e3o para esses casos \u00e9 de R$1.467,35 e suspens\u00e3o do direito de dirigir por tr\u00eas meses.<\/p>\n\n\n\n<p class=\"wp-block-paragraph\">A delibera\u00e7\u00e3o do Contran diz que os motoristas que exercem atividade remunerada, com data de validade da Carteira Nacional de Habilita\u00e7\u00e3o (CNH) anterior ao dia 12 de outubro de 2023, n\u00e3o ser\u00e3o multados no momento da renova\u00e7\u00e3o da habilita\u00e7\u00e3o&nbsp;pela n\u00e3o realiza\u00e7\u00e3o do exame.<\/p>\n\n\n\n<p class=\"wp-block-paragraph\">A determina\u00e7\u00e3o do Contran diz, por\u00e9m, que todos os condutores que forem flagrados conduzindo ve\u00edculo das categorias C, D ou E sem ter realizado o exame toxicol\u00f3gico peri\u00f3dico, de acordo com a tabela, ficar\u00e3o sujeitos a aplica\u00e7\u00e3o da multa.<\/p>\n\n\n\n<p class=\"wp-block-paragraph\">O Contran determinou ainda que os laborat\u00f3rios credenciados em todo o pa\u00eds dever\u00e3o inserir no sistema Renach a informa\u00e7\u00e3o, em at\u00e9 24 horas, da data e hora da realiza\u00e7\u00e3o da coleta do exame. Al\u00e9m disso, os laborat\u00f3rios ter\u00e3o um prazo de at\u00e9 25 dias, contados a partir da data da coleta, para incluir o resultado do exame no Renach.<\/p>\n\n\n\n<p class=\"wp-block-paragraph\">De acordo com o Minist\u00e9rio da Infraestrutura, as novas datas foram decididas por conta da pandemia de covid-19, com amplo debate dentro do F\u00f3rum Permanente para o Transporte Rodovi\u00e1rio de Cargas (F\u00f3rum TRC), com a Associa\u00e7\u00e3o Brasileira de Toxicologia (ABTOX), Confedera\u00e7\u00e3o Nacional do Transporte (CNT), Confedera\u00e7\u00e3o Nacional dos Transportadores Aut\u00f4nomos (CNTA) e a Pol\u00edcia Rodovi\u00e1ria Federal (PRF).<\/p>\n\n\n\n<p class=\"wp-block-paragraph\">\u201cO condutor das categorias C, D ou E, dever\u00e3o observar a tabela e, conforme a data de validade de sua CNH, verificar qual o prazo limite para realizar o exame toxicol\u00f3gico peri\u00f3dico. Al\u00e9m de regularizar sua situa\u00e7\u00e3o perante a legisla\u00e7\u00e3o de tr\u00e2nsito, o condutor pode aproveitar o exame peri\u00f3dico para a renova\u00e7\u00e3o da carteira de habilita\u00e7\u00e3o, se a renova\u00e7\u00e3o ocorrer em at\u00e9 90 dias ap\u00f3s a data da coleta da amostra. Se a coleta da amostra ocorrer h\u00e1 mais de 90 dias, o motorista precisar\u00e1 fazer um novo teste\u201d, informou o minist\u00e9rio.<\/p>\n\n\n\n<p class=\"wp-block-paragraph\">&#8212;&#8212;&#8212;&#8212;&#8212;&#8212;<br><em>Quer receber as not\u00edcias do <strong>Aconteceu no Vale<\/strong> em primeira m\u00e3o? Siga-nos no Facebook <a rel=\"noreferrer noopener\" href=\"http:\/\/facebook.com\/aconteceunovale\" target=\"_blank\">@aconteceunovale<\/a>, Twitter <a rel=\"noreferrer noopener\" href=\"https:\/\/twitter.com\/noticiadosvales\" target=\"_blank\">@noticiadosvales<\/a> e Instagram <a rel=\"noreferrer noopener\" href=\"https:\/\/www.instagram.com\/aconteceunovale\" target=\"_blank\">@aconteceunovale<\/a>.<\/em><\/p>\n","protected":false},"excerpt":{"rendered":"<p>O Conselho Nacional de Tr\u00e2nsito (Contran) decidiu prorrogar os prazos para a realiza\u00e7\u00e3o do exame toxicol\u00f3gico peri\u00f3dico para o condutor habilitado nas categorias C, D e E. A medida foi publicada hoje (28\/4) no\u00a0Di\u00e1rio Oficial da Uni\u00e3o\u00a0(DOU),\u00a0estabelecendo uma tabela com novos prazos, ao longo do ano de 2021, de acordo com a data de validade [&hellip;]<\/p>\n","protected":false},"author":4,"featured_media":177937,"comment_status":"open","ping_status":"closed","sticky":false,"template":"","format":"standard","meta":{"amp_status":"","footnotes":""},"categories":[6],"tags":[244322,799,122636,200824,28934,25297,1018,244323,187714,244319,244320,244321,244318,239,244317],"class_list":["post-177936","post","type-post","status-publish","format-standard","has-post-thumbnail","hentry","category-br","tag-abtox","tag-cnh","tag-cnt","tag-cnta","tag-conselho-nacional-de-transito","tag-contran","tag-destaque","tag-forum-trc","tag-ministerio-da-infraestrutura","tag-prazo-para-exame-toxicologico-da-categoria-c","tag-prazo-para-exame-toxicologico-da-categoria-d","tag-prazo-para-exame-toxicologico-da-categoria-e","tag-prazo-para-motoristas-realizarem-exame-toxicologico","tag-prf","tag-prorrogado-o-prazo-para-motoristas-realizarem-exame-toxicologico"],"yoast_head":"<!-- This site is optimized with the Yoast SEO plugin v28.3 - https:\/\/yoast.com\/product\/yoast-seo-wordpress\/ -->\n<title>Prorrogado o prazo para motoristas realizarem exame toxicol\u00f3gico - Aconteceu no Vale<\/title>\n<meta name=\"robots\" content=\"index, follow, max-snippet:-1, max-image-preview:large, max-video-preview:-1\" \/>\n<link rel=\"canonical\" href=\"https:\/\/aconteceunovale.com.br\/portal\/?p=177936\" \/>\n<meta property=\"og:locale\" content=\"pt_BR\" \/>\n<meta property=\"og:type\" content=\"article\" \/>\n<meta property=\"og:title\" content=\"Prorrogado o prazo para motoristas realizarem exame toxicol\u00f3gico - Aconteceu no Vale\" \/>\n<meta property=\"og:description\" content=\"O Conselho Nacional de Tr\u00e2nsito (Contran) decidiu prorrogar os prazos para a realiza\u00e7\u00e3o do exame toxicol\u00f3gico peri\u00f3dico para o condutor habilitado nas categorias C, D e E. A medida foi publicada hoje (28\/4) no\u00a0Di\u00e1rio Oficial da Uni\u00e3o\u00a0(DOU),\u00a0estabelecendo uma tabela com novos prazos, ao longo do ano de 2021, de acordo com a data de validade [&hellip;]\" \/>\n<meta property=\"og:url\" content=\"https:\/\/aconteceunovale.com.br\/portal\/?p=177936\" \/>\n<meta property=\"og:site_name\" content=\"Aconteceu no Vale\" \/>\n<meta property=\"article:publisher\" content=\"https:\/\/www.facebook.com\/aconteceunovale\/\" \/>\n<meta property=\"article:published_time\" content=\"2021-04-28T19:49:23+00:00\" \/>\n<meta property=\"article:modified_time\" content=\"2021-04-28T19:51:12+00:00\" \/>\n<meta property=\"og:image\" content=\"https:\/\/aconteceunovale.com.br\/portal\/wp-content\/uploads\/2021\/04\/transito.jpg\" \/>\n\t<meta property=\"og:image:width\" content=\"678\" \/>\n\t<meta property=\"og:image:height\" content=\"406\" \/>\n\t<meta property=\"og:image:type\" content=\"image\/jpeg\" \/>\n<meta name=\"author\" content=\"Reda\u00e7\u00e3o Aconteceu no Vale\" \/>\n<meta name=\"twitter:card\" content=\"summary_large_image\" \/>\n<meta name=\"twitter:creator\" content=\"@noticiadosvales\" \/>\n<meta name=\"twitter:site\" content=\"@noticiadosvales\" \/>\n<meta name=\"twitter:label1\" content=\"Escrito por\" \/>\n\t<meta name=\"twitter:data1\" content=\"Reda\u00e7\u00e3o Aconteceu no Vale\" \/>\n\t<meta name=\"twitter:label2\" content=\"Est. tempo de leitura\" \/>\n\t<meta name=\"twitter:data2\" content=\"3 minutos\" \/>\n<script type=\"application\/ld+json\" class=\"yoast-schema-graph\">{\"@context\":\"https:\\\/\\\/schema.org\",\"@graph\":[{\"@type\":\"Article\",\"@id\":\"https:\\\/\\\/aconteceunovale.com.br\\\/portal\\\/?p=177936#article\",\"isPartOf\":{\"@id\":\"https:\\\/\\\/aconteceunovale.com.br\\\/portal\\\/?p=177936\"},\"author\":{\"name\":\"Reda\u00e7\u00e3o Aconteceu no Vale\",\"@id\":\"https:\\\/\\\/aconteceunovale.com.br\\\/portal\\\/#\\\/schema\\\/person\\\/7d2f26d1483f8a63de73da1ee0754d35\"},\"headline\":\"Prorrogado o prazo para motoristas realizarem exame toxicol\u00f3gico\",\"datePublished\":\"2021-04-28T19:49:23+00:00\",\"dateModified\":\"2021-04-28T19:51:12+00:00\",\"mainEntityOfPage\":{\"@id\":\"https:\\\/\\\/aconteceunovale.com.br\\\/portal\\\/?p=177936\"},\"wordCount\":560,\"commentCount\":0,\"image\":{\"@id\":\"https:\\\/\\\/aconteceunovale.com.br\\\/portal\\\/?p=177936#primaryimage\"},\"thumbnailUrl\":\"https:\\\/\\\/aconteceunovale.com.br\\\/portal\\\/wp-content\\\/uploads\\\/2021\\\/04\\\/transito.jpg\",\"keywords\":[\"ABTOX\",\"cnh\",\"CNT\",\"CNTA\",\"Conselho Nacional de Tr\u00e2nsito\",\"Contran\",\"destaque\",\"F\u00f3rum TRC\",\"Minist\u00e9rio da Infraestrutura\",\"Prazo para exame toxicol\u00f3gico da categoria C\",\"Prazo para exame toxicol\u00f3gico da categoria D\",\"Prazo para exame toxicol\u00f3gico da categoria E\",\"Prazo para motoristas realizarem exame toxicol\u00f3gico\",\"PRF\",\"Prorrogado o prazo para motoristas realizarem exame toxicol\u00f3gico\"],\"articleSection\":[\"Brasil\"],\"inLanguage\":\"pt-BR\",\"potentialAction\":[{\"@type\":\"CommentAction\",\"name\":\"Comment\",\"target\":[\"https:\\\/\\\/aconteceunovale.com.br\\\/portal\\\/?p=177936#respond\"]}]},{\"@type\":\"WebPage\",\"@id\":\"https:\\\/\\\/aconteceunovale.com.br\\\/portal\\\/?p=177936\",\"url\":\"https:\\\/\\\/aconteceunovale.com.br\\\/portal\\\/?p=177936\",\"name\":\"Prorrogado o prazo para motoristas realizarem exame toxicol\u00f3gico - Aconteceu no Vale\",\"isPartOf\":{\"@id\":\"https:\\\/\\\/aconteceunovale.com.br\\\/portal\\\/#website\"},\"primaryImageOfPage\":{\"@id\":\"https:\\\/\\\/aconteceunovale.com.br\\\/portal\\\/?p=177936#primaryimage\"},\"image\":{\"@id\":\"https:\\\/\\\/aconteceunovale.com.br\\\/portal\\\/?p=177936#primaryimage\"},\"thumbnailUrl\":\"https:\\\/\\\/aconteceunovale.com.br\\\/portal\\\/wp-content\\\/uploads\\\/2021\\\/04\\\/transito.jpg\",\"datePublished\":\"2021-04-28T19:49:23+00:00\",\"dateModified\":\"2021-04-28T19:51:12+00:00\",\"author\":{\"@id\":\"https:\\\/\\\/aconteceunovale.com.br\\\/portal\\\/#\\\/schema\\\/person\\\/7d2f26d1483f8a63de73da1ee0754d35\"},\"breadcrumb\":{\"@id\":\"https:\\\/\\\/aconteceunovale.com.br\\\/portal\\\/?p=177936#breadcrumb\"},\"inLanguage\":\"pt-BR\",\"potentialAction\":[{\"@type\":\"ReadAction\",\"target\":[\"https:\\\/\\\/aconteceunovale.com.br\\\/portal\\\/?p=177936\"]}]},{\"@type\":\"ImageObject\",\"inLanguage\":\"pt-BR\",\"@id\":\"https:\\\/\\\/aconteceunovale.com.br\\\/portal\\\/?p=177936#primaryimage\",\"url\":\"https:\\\/\\\/aconteceunovale.com.br\\\/portal\\\/wp-content\\\/uploads\\\/2021\\\/04\\\/transito.jpg\",\"contentUrl\":\"https:\\\/\\\/aconteceunovale.com.br\\\/portal\\\/wp-content\\\/uploads\\\/2021\\\/04\\\/transito.jpg\",\"width\":678,\"height\":406,\"caption\":\"Tr\u00e2nsito e risco de alagamentos na marginal Tiet\u00ea.\"},{\"@type\":\"BreadcrumbList\",\"@id\":\"https:\\\/\\\/aconteceunovale.com.br\\\/portal\\\/?p=177936#breadcrumb\",\"itemListElement\":[{\"@type\":\"ListItem\",\"position\":1,\"name\":\"In\u00edcio\",\"item\":\"https:\\\/\\\/aconteceunovale.com.br\\\/portal\\\/\"},{\"@type\":\"ListItem\",\"position\":2,\"name\":\"Prorrogado o prazo para motoristas realizarem exame toxicol\u00f3gico\"}]},{\"@type\":\"WebSite\",\"@id\":\"https:\\\/\\\/aconteceunovale.com.br\\\/portal\\\/#website\",\"url\":\"https:\\\/\\\/aconteceunovale.com.br\\\/portal\\\/\",\"name\":\"Aconteceu no Vale\",\"description\":\"Portal de Not\u00edcias\",\"potentialAction\":[{\"@type\":\"SearchAction\",\"target\":{\"@type\":\"EntryPoint\",\"urlTemplate\":\"https:\\\/\\\/aconteceunovale.com.br\\\/portal\\\/?s={search_term_string}\"},\"query-input\":{\"@type\":\"PropertyValueSpecification\",\"valueRequired\":true,\"valueName\":\"search_term_string\"}}],\"inLanguage\":\"pt-BR\"},{\"@type\":\"Person\",\"@id\":\"https:\\\/\\\/aconteceunovale.com.br\\\/portal\\\/#\\\/schema\\\/person\\\/7d2f26d1483f8a63de73da1ee0754d35\",\"name\":\"Reda\u00e7\u00e3o Aconteceu no Vale\",\"description\":\"Equipe de reportagem do Aconteceu no Vale, portal de not\u00edcias do Vale do Jequitinhonha, em Minas Gerais. Cobrimos as 51 cidades do Vale desde 2013. Sugest\u00f5es de pauta e pedidos de corre\u00e7\u00e3o: contato@aconteceunovale.com.br\",\"url\":\"https:\\\/\\\/aconteceunovale.com.br\\\/portal\\\/?author=4\"}]}<\/script>\n<!-- \/ Yoast SEO plugin. -->","yoast_head_json":{"title":"Prorrogado o prazo para motoristas realizarem exame toxicol\u00f3gico - Aconteceu no Vale","robots":{"index":"index","follow":"follow","max-snippet":"max-snippet:-1","max-image-preview":"max-image-preview:large","max-video-preview":"max-video-preview:-1"},"canonical":"https:\/\/aconteceunovale.com.br\/portal\/?p=177936","og_locale":"pt_BR","og_type":"article","og_title":"Prorrogado o prazo para motoristas realizarem exame toxicol\u00f3gico - Aconteceu no Vale","og_description":"O Conselho Nacional de Tr\u00e2nsito (Contran) decidiu prorrogar os prazos para a realiza\u00e7\u00e3o do exame toxicol\u00f3gico peri\u00f3dico para o condutor habilitado nas categorias C, D e E. A medida foi publicada hoje (28\/4) no\u00a0Di\u00e1rio Oficial da Uni\u00e3o\u00a0(DOU),\u00a0estabelecendo uma tabela com novos prazos, ao longo do ano de 2021, de acordo com a data de validade [&hellip;]","og_url":"https:\/\/aconteceunovale.com.br\/portal\/?p=177936","og_site_name":"Aconteceu no Vale","article_publisher":"https:\/\/www.facebook.com\/aconteceunovale\/","article_published_time":"2021-04-28T19:49:23+00:00","article_modified_time":"2021-04-28T19:51:12+00:00","og_image":[{"width":678,"height":406,"url":"https:\/\/aconteceunovale.com.br\/portal\/wp-content\/uploads\/2021\/04\/transito.jpg","type":"image\/jpeg"}],"author":"Reda\u00e7\u00e3o Aconteceu no Vale","twitter_card":"summary_large_image","twitter_creator":"@noticiadosvales","twitter_site":"@noticiadosvales","twitter_misc":{"Escrito por":"Reda\u00e7\u00e3o Aconteceu no Vale","Est. tempo de leitura":"3 minutos"},"schema":{"@context":"https:\/\/schema.org","@graph":[{"@type":"Article","@id":"https:\/\/aconteceunovale.com.br\/portal\/?p=177936#article","isPartOf":{"@id":"https:\/\/aconteceunovale.com.br\/portal\/?p=177936"},"author":{"name":"Reda\u00e7\u00e3o Aconteceu no Vale","@id":"https:\/\/aconteceunovale.com.br\/portal\/#\/schema\/person\/7d2f26d1483f8a63de73da1ee0754d35"},"headline":"Prorrogado o prazo para motoristas realizarem exame toxicol\u00f3gico","datePublished":"2021-04-28T19:49:23+00:00","dateModified":"2021-04-28T19:51:12+00:00","mainEntityOfPage":{"@id":"https:\/\/aconteceunovale.com.br\/portal\/?p=177936"},"wordCount":560,"commentCount":0,"image":{"@id":"https:\/\/aconteceunovale.com.br\/portal\/?p=177936#primaryimage"},"thumbnailUrl":"https:\/\/aconteceunovale.com.br\/portal\/wp-content\/uploads\/2021\/04\/transito.jpg","keywords":["ABTOX","cnh","CNT","CNTA","Conselho Nacional de Tr\u00e2nsito","Contran","destaque","F\u00f3rum TRC","Minist\u00e9rio da Infraestrutura","Prazo para exame toxicol\u00f3gico da categoria C","Prazo para exame toxicol\u00f3gico da categoria D","Prazo para exame toxicol\u00f3gico da categoria E","Prazo para motoristas realizarem exame toxicol\u00f3gico","PRF","Prorrogado o prazo para motoristas realizarem exame toxicol\u00f3gico"],"articleSection":["Brasil"],"inLanguage":"pt-BR","potentialAction":[{"@type":"CommentAction","name":"Comment","target":["https:\/\/aconteceunovale.com.br\/portal\/?p=177936#respond"]}]},{"@type":"WebPage","@id":"https:\/\/aconteceunovale.com.br\/portal\/?p=177936","url":"https:\/\/aconteceunovale.com.br\/portal\/?p=177936","name":"Prorrogado o prazo para motoristas realizarem exame toxicol\u00f3gico - Aconteceu no Vale","isPartOf":{"@id":"https:\/\/aconteceunovale.com.br\/portal\/#website"},"primaryImageOfPage":{"@id":"https:\/\/aconteceunovale.com.br\/portal\/?p=177936#primaryimage"},"image":{"@id":"https:\/\/aconteceunovale.com.br\/portal\/?p=177936#primaryimage"},"thumbnailUrl":"https:\/\/aconteceunovale.com.br\/portal\/wp-content\/uploads\/2021\/04\/transito.jpg","datePublished":"2021-04-28T19:49:23+00:00","dateModified":"2021-04-28T19:51:12+00:00","author":{"@id":"https:\/\/aconteceunovale.com.br\/portal\/#\/schema\/person\/7d2f26d1483f8a63de73da1ee0754d35"},"breadcrumb":{"@id":"https:\/\/aconteceunovale.com.br\/portal\/?p=177936#breadcrumb"},"inLanguage":"pt-BR","potentialAction":[{"@type":"ReadAction","target":["https:\/\/aconteceunovale.com.br\/portal\/?p=177936"]}]},{"@type":"ImageObject","inLanguage":"pt-BR","@id":"https:\/\/aconteceunovale.com.br\/portal\/?p=177936#primaryimage","url":"https:\/\/aconteceunovale.com.br\/portal\/wp-content\/uploads\/2021\/04\/transito.jpg","contentUrl":"https:\/\/aconteceunovale.com.br\/portal\/wp-content\/uploads\/2021\/04\/transito.jpg","width":678,"height":406,"caption":"Tr\u00e2nsito e risco de alagamentos na marginal Tiet\u00ea."},{"@type":"BreadcrumbList","@id":"https:\/\/aconteceunovale.com.br\/portal\/?p=177936#breadcrumb","itemListElement":[{"@type":"ListItem","position":1,"name":"In\u00edcio","item":"https:\/\/aconteceunovale.com.br\/portal\/"},{"@type":"ListItem","position":2,"name":"Prorrogado o prazo para motoristas realizarem exame toxicol\u00f3gico"}]},{"@type":"WebSite","@id":"https:\/\/aconteceunovale.com.br\/portal\/#website","url":"https:\/\/aconteceunovale.com.br\/portal\/","name":"Aconteceu no Vale","description":"Portal de Not\u00edcias","potentialAction":[{"@type":"SearchAction","target":{"@type":"EntryPoint","urlTemplate":"https:\/\/aconteceunovale.com.br\/portal\/?s={search_term_string}"},"query-input":{"@type":"PropertyValueSpecification","valueRequired":true,"valueName":"search_term_string"}}],"inLanguage":"pt-BR"},{"@type":"Person","@id":"https:\/\/aconteceunovale.com.br\/portal\/#\/schema\/person\/7d2f26d1483f8a63de73da1ee0754d35","name":"Reda\u00e7\u00e3o Aconteceu no Vale","description":"Equipe de reportagem do Aconteceu no Vale, portal de not\u00edcias do Vale do Jequitinhonha, em Minas Gerais. Cobrimos as 51 cidades do Vale desde 2013. Sugest\u00f5es de pauta e pedidos de corre\u00e7\u00e3o: contato@aconteceunovale.com.br","url":"https:\/\/aconteceunovale.com.br\/portal\/?author=4"}]}},"_links":{"self":[{"href":"https:\/\/aconteceunovale.com.br\/portal\/index.php?rest_route=\/wp\/v2\/posts\/177936","targetHints":{"allow":["GET"]}}],"collection":[{"href":"https:\/\/aconteceunovale.com.br\/portal\/index.php?rest_route=\/wp\/v2\/posts"}],"about":[{"href":"https:\/\/aconteceunovale.com.br\/portal\/index.php?rest_route=\/wp\/v2\/types\/post"}],"author":[{"embeddable":true,"href":"https:\/\/aconteceunovale.com.br\/portal\/index.php?rest_route=\/wp\/v2\/users\/4"}],"replies":[{"embeddable":true,"href":"https:\/\/aconteceunovale.com.br\/portal\/index.php?rest_route=%2Fwp%2Fv2%2Fcomments&post=177936"}],"version-history":[{"count":1,"href":"https:\/\/aconteceunovale.com.br\/portal\/index.php?rest_route=\/wp\/v2\/posts\/177936\/revisions"}],"predecessor-version":[{"id":177938,"href":"https:\/\/aconteceunovale.com.br\/portal\/index.php?rest_route=\/wp\/v2\/posts\/177936\/revisions\/177938"}],"wp:featuredmedia":[{"embeddable":true,"href":"https:\/\/aconteceunovale.com.br\/portal\/index.php?rest_route=\/wp\/v2\/media\/177937"}],"wp:attachment":[{"href":"https:\/\/aconteceunovale.com.br\/portal\/index.php?rest_route=%2Fwp%2Fv2%2Fmedia&parent=177936"}],"wp:term":[{"taxonomy":"category","embeddable":true,"href":"https:\/\/aconteceunovale.com.br\/portal\/index.php?rest_route=%2Fwp%2Fv2%2Fcategories&post=177936"},{"taxonomy":"post_tag","embeddable":true,"href":"https:\/\/aconteceunovale.com.br\/portal\/index.php?rest_route=%2Fwp%2Fv2%2Ftags&post=177936"}],"curies":[{"name":"wp","href":"https:\/\/api.w.org\/{rel}","templated":true}]}}