{"id":177921,"date":"2021-04-27T23:40:00","date_gmt":"2021-04-28T02:40:00","guid":{"rendered":"https:\/\/aconteceunovale.com.br\/portal\/?p=177921"},"modified":"2021-04-28T00:15:56","modified_gmt":"2021-04-28T03:15:56","slug":"galo-derrota-o-america-de-cali-na-libertadores","status":"publish","type":"post","link":"https:\/\/aconteceunovale.com.br\/portal\/?p=177921","title":{"rendered":"Galo derrota o Am\u00e9rica de Cali na Libertadores"},"content":{"rendered":"\n<p class=\"wp-block-paragraph\">O Atl\u00e9tico-MG derrotou o Am\u00e9rica de Cali (Col\u00f4mbia) por 2 a 1, na noite desta ter\u00e7a-feira (27\/4\/2021) no est\u00e1dio do Mineir\u00e3o, e assumiu a lideran\u00e7a do Grupo H da Copa Libertadores com 4 pontos.<\/p>\n\n\n\n<figure class=\"wp-block-gallery columns-1 is-cropped wp-block-gallery-1 is-layout-flex wp-block-gallery-is-layout-flex\"><ul class=\"blocks-gallery-grid\"><li class=\"blocks-gallery-item\"><figure><img loading=\"lazy\" decoding=\"async\" width=\"678\" height=\"450\" src=\"https:\/\/aconteceunovale.com.br\/portal\/wp-content\/uploads\/2021\/04\/galo_america_de_cali_1.jpg\" alt=\"\" data-id=\"177922\" data-full-url=\"https:\/\/aconteceunovale.com.br\/portal\/wp-content\/uploads\/2021\/04\/galo_america_de_cali_1.jpg\" data-link=\"https:\/\/aconteceunovale.com.br\/portal\/?attachment_id=177922\" class=\"wp-image-177922\" srcset=\"https:\/\/aconteceunovale.com.br\/portal\/wp-content\/uploads\/2021\/04\/galo_america_de_cali_1.jpg 678w, https:\/\/aconteceunovale.com.br\/portal\/wp-content\/uploads\/2021\/04\/galo_america_de_cali_1-300x199.jpg 300w, https:\/\/aconteceunovale.com.br\/portal\/wp-content\/uploads\/2021\/04\/galo_america_de_cali_1-633x420.jpg 633w\" sizes=\"auto, (max-width: 678px) 100vw, 678px\" \/><figcaption class=\"blocks-gallery-item__caption\"><em>Foto: Pedro Souza \/ Ag\u00eancia Galo \/ Clube Atl\u00e9tico Mineiro<\/em><\/figcaption><\/figure><\/li><\/ul><\/figure>\n\n\n\n<p class=\"wp-block-paragraph\">Este foi o primeiro triunfo do time comandado pelo t\u00e9cnico Cuca na atual edi\u00e7\u00e3o da competi\u00e7\u00e3o, ap\u00f3s o empate em 1 a 1 com o La Guaira (Venezuela) na estreia, na \u00faltima quarta-feira (21).<\/p>\n\n\n\n<p class=\"wp-block-paragraph\">No primeiro tempo, o Galo dominou as a\u00e7\u00f5es, mas faltou transformar a superioridade em gols, que vieram apenas na etapa final. O primeiro saiu aos 13 minutos, em cobran\u00e7a de p\u00eanalti do atacante Hulk, que entrou no segundo tempo.<\/p>\n\n\n\n<p class=\"wp-block-paragraph\">E o segundo gol saiu novamente dos p\u00e9s do camisa 7. Ap\u00f3s receber passe de calcanhar de Savarino, Hulk finalizou com perfei\u00e7\u00e3o. O Am\u00e9rica fez o seu gol de honra aos 31 minutos com Luis S\u00e1nchez, em chute de fora da \u00e1rea.<\/p>\n\n\n\n<p class=\"wp-block-paragraph\">O Galo volta a entrar em campo pela competi\u00e7\u00e3o continental na pr\u00f3xima ter\u00e7a-feira (4), quando recebe o Cerro Porte\u00f1o (Paraguai) a partir das 19h15 (hor\u00e1rio de Bras\u00edlia).<\/p>\n\n\n\n<h2 class=\"wp-block-heading\"><strong>Hulk comemora gols e grande atua\u00e7\u00e3o<\/strong><\/h2>\n\n\n\n<p class=\"wp-block-paragraph\">O atacante Hulk foi o nome do jogo na vit\u00f3ria do Galo. O camisa 7 disse que ficou muito feliz por ter ajudado o time com o objetivo principal, que era vencer.<\/p>\n\n\n\n<p class=\"wp-block-paragraph\"><em>&#8220;Entrei, ajudei meus companheiros e conquistamos o objetivo, que era a vit\u00f3ria&#8221;<\/em>, disse. <em>&#8220;Agora \u00e9 focar no jogo decisivo que temos no fim de semana&#8221;<\/em>, comentou, referindo-se ao primeiro duelo da semifinal do Campeonato Mineiro, no s\u00e1bado (1\/5), contra o Tombense.<\/p>\n\n\n\n<figure class=\"wp-block-gallery columns-1 is-cropped wp-block-gallery-2 is-layout-flex wp-block-gallery-is-layout-flex\"><ul class=\"blocks-gallery-grid\"><li class=\"blocks-gallery-item\"><figure><img loading=\"lazy\" decoding=\"async\" width=\"678\" height=\"450\" src=\"https:\/\/aconteceunovale.com.br\/portal\/wp-content\/uploads\/2021\/04\/galo_america_de_cali_2.jpg\" alt=\"\" data-id=\"177923\" data-full-url=\"https:\/\/aconteceunovale.com.br\/portal\/wp-content\/uploads\/2021\/04\/galo_america_de_cali_2.jpg\" data-link=\"https:\/\/aconteceunovale.com.br\/portal\/?attachment_id=177923\" class=\"wp-image-177923\" srcset=\"https:\/\/aconteceunovale.com.br\/portal\/wp-content\/uploads\/2021\/04\/galo_america_de_cali_2.jpg 678w, https:\/\/aconteceunovale.com.br\/portal\/wp-content\/uploads\/2021\/04\/galo_america_de_cali_2-300x199.jpg 300w, https:\/\/aconteceunovale.com.br\/portal\/wp-content\/uploads\/2021\/04\/galo_america_de_cali_2-633x420.jpg 633w\" sizes=\"auto, (max-width: 678px) 100vw, 678px\" \/><figcaption class=\"blocks-gallery-item__caption\"><em>Foto: Pedro Souza \/ Ag\u00eancia Galo \/ Clube Atl\u00e9tico Mineiro<\/em><\/figcaption><\/figure><\/li><\/ul><\/figure>\n\n\n\n<p class=\"wp-block-paragraph\">Segundo ele, a equipe atleticana atuou bem, teve o jogo controlado e acabou tomando um gol que complicou um pouco no final: <em>&#8220;O time todo est\u00e1 de parab\u00e9ns&#8221;<\/em>, afirmou.<\/p>\n\n\n\n<p class=\"wp-block-paragraph\">Hulk destacou que vai continuar trabalhando no dia a dia para aproveitar todas as oportunidades.<\/p>\n\n\n\n<p class=\"wp-block-paragraph\"><em>\u201cVou continuar trabalhando a cada dia, cada treino e cada jogo para buscar o meu melhor n\u00edvel e ajudar o time do Atl\u00e9tico\u201d.<\/em><\/p>\n\n\n\n<h2 class=\"wp-block-heading\"><strong>D\u00e9cima vit\u00f3ria em 13 jogos na temporada<\/strong><\/h2>\n\n\n\n<p class=\"wp-block-paragraph\">A vit\u00f3ria por 2 a 1 sobre o Am\u00e9rica de Cali foi a d\u00e9cima do Galo em 13 jogos na temporada.<\/p>\n\n\n\n<p class=\"wp-block-paragraph\">Com o resultado positivo diante da equipe colombiana, o Atl\u00e9tico passou a ter aproveitamento de 79,5% em 2021, com dez vit\u00f3rias, um empate e duas derrotas.<\/p>\n\n\n\n<p class=\"wp-block-paragraph\">S\u00e3o 26 gols marcados e apenas nove sofridos. Nacho Fern\u00e1ndez, Hulk, Marrony e Vargas s\u00e3o os artilheiros da equipe na temporada, com tr\u00eas gols cada.<\/p>\n\n\n\n<p class=\"wp-block-paragraph\">&#8212;&#8212;&#8212;&#8212;&#8212;&#8212;<br><em>Quer receber as not\u00edcias do <strong>Aconteceu no Vale<\/strong> em primeira m\u00e3o? Siga-nos no Facebook <a rel=\"noreferrer noopener\" href=\"http:\/\/facebook.com\/aconteceunovale\" target=\"_blank\">@aconteceunovale<\/a>, Twitter <a rel=\"noreferrer noopener\" href=\"https:\/\/twitter.com\/noticiadosvales\" target=\"_blank\">@noticiadosvales<\/a> e Instagram <a rel=\"noreferrer noopener\" href=\"https:\/\/www.instagram.com\/aconteceunovale\" target=\"_blank\">@aconteceunovale<\/a>.<\/em><\/p>\n","protected":false},"excerpt":{"rendered":"<p>O Atl\u00e9tico-MG derrotou o Am\u00e9rica de Cali (Col\u00f4mbia) por 2 a 1, na noite desta ter\u00e7a-feira (27\/4\/2021) no est\u00e1dio do Mineir\u00e3o, e assumiu a lideran\u00e7a do Grupo H da Copa Libertadores com 4 pontos. Este foi o primeiro triunfo do time comandado pelo t\u00e9cnico Cuca na atual edi\u00e7\u00e3o da competi\u00e7\u00e3o, ap\u00f3s o empate em 1 [&hellip;]<\/p>\n","protected":false},"author":4,"featured_media":177922,"comment_status":"open","ping_status":"closed","sticky":false,"template":"","format":"standard","meta":{"amp_status":"","footnotes":""},"categories":[6,59,123],"tags":[244286,12311,2741,244277,92221,244278,40575,244276,244280,4785,244284,15464,35552,244275,244287,1018,12312,244274,92220,244279,244282,244281,132685,244285,244283,34438,242947,40917,131,16735,34071,242948],"class_list":["post-177921","post","type-post","status-publish","format-standard","has-post-thumbnail","hentry","category-br","category-esportes","category-gerais","tag-atacante-hulk","tag-atletico","tag-atletico-mineiro","tag-atletico-mineiro-na-libertadores","tag-atletico-na-libertadores","tag-atletico-x-america-de-cali","tag-atletico-mg","tag-atletico-mg-na-libertadores","tag-atletico-mg-x-america-de-cali","tag-brasil","tag-cerro-porteno","tag-colombia","tag-copa-libertadores","tag-copa-libertadores-2021","tag-decima-vitoria-do-galo-em-13-jogos-na-temporada","tag-destaque","tag-galo","tag-galo-derrota-o-america-de-cali-na-libertadores","tag-galo-na-libertadores","tag-galo-x-america-de-cali","tag-grupo-h-da-copa-libertadores","tag-grupo-h-da-libertadores","tag-hulk","tag-hulk-comemora-gols-e-grande-atuacao","tag-hulk-da-paraiba","tag-libertadores","tag-libertadores-2021","tag-mg","tag-minas-gerais","tag-paraguai","tag-taca-libertadores","tag-taca-libertadores-2021"],"yoast_head":"<!-- This site is optimized with the Yoast SEO plugin v28.3 - https:\/\/yoast.com\/product\/yoast-seo-wordpress\/ -->\n<title>Galo derrota o Am\u00e9rica de Cali na Libertadores - Aconteceu no Vale<\/title>\n<meta name=\"robots\" content=\"index, follow, max-snippet:-1, max-image-preview:large, max-video-preview:-1\" \/>\n<link rel=\"canonical\" href=\"https:\/\/aconteceunovale.com.br\/portal\/?p=177921\" \/>\n<meta property=\"og:locale\" content=\"pt_BR\" \/>\n<meta property=\"og:type\" content=\"article\" \/>\n<meta property=\"og:title\" content=\"Galo derrota o Am\u00e9rica de Cali na Libertadores - Aconteceu no Vale\" \/>\n<meta property=\"og:description\" content=\"O Atl\u00e9tico-MG derrotou o Am\u00e9rica de Cali (Col\u00f4mbia) por 2 a 1, na noite desta ter\u00e7a-feira (27\/4\/2021) no est\u00e1dio do Mineir\u00e3o, e assumiu a lideran\u00e7a do Grupo H da Copa Libertadores com 4 pontos. Este foi o primeiro triunfo do time comandado pelo t\u00e9cnico Cuca na atual edi\u00e7\u00e3o da competi\u00e7\u00e3o, ap\u00f3s o empate em 1 [&hellip;]\" \/>\n<meta property=\"og:url\" content=\"https:\/\/aconteceunovale.com.br\/portal\/?p=177921\" \/>\n<meta property=\"og:site_name\" content=\"Aconteceu no Vale\" \/>\n<meta property=\"article:publisher\" content=\"https:\/\/www.facebook.com\/aconteceunovale\/\" \/>\n<meta property=\"article:published_time\" content=\"2021-04-28T02:40:00+00:00\" \/>\n<meta property=\"article:modified_time\" content=\"2021-04-28T03:15:56+00:00\" \/>\n<meta property=\"og:image\" content=\"https:\/\/aconteceunovale.com.br\/portal\/wp-content\/uploads\/2021\/04\/galo_america_de_cali_1.jpg\" \/>\n\t<meta property=\"og:image:width\" content=\"678\" \/>\n\t<meta property=\"og:image:height\" content=\"450\" \/>\n\t<meta property=\"og:image:type\" content=\"image\/jpeg\" \/>\n<meta name=\"author\" content=\"Reda\u00e7\u00e3o Aconteceu no Vale\" \/>\n<meta name=\"twitter:card\" content=\"summary_large_image\" \/>\n<meta name=\"twitter:creator\" content=\"@noticiadosvales\" \/>\n<meta name=\"twitter:site\" content=\"@noticiadosvales\" \/>\n<meta name=\"twitter:label1\" content=\"Escrito por\" \/>\n\t<meta name=\"twitter:data1\" content=\"Reda\u00e7\u00e3o Aconteceu no Vale\" \/>\n\t<meta name=\"twitter:label2\" content=\"Est. tempo de leitura\" \/>\n\t<meta name=\"twitter:data2\" content=\"2 minutos\" \/>\n<script type=\"application\/ld+json\" class=\"yoast-schema-graph\">{\"@context\":\"https:\\\/\\\/schema.org\",\"@graph\":[{\"@type\":\"Article\",\"@id\":\"https:\\\/\\\/aconteceunovale.com.br\\\/portal\\\/?p=177921#article\",\"isPartOf\":{\"@id\":\"https:\\\/\\\/aconteceunovale.com.br\\\/portal\\\/?p=177921\"},\"author\":{\"name\":\"Reda\u00e7\u00e3o Aconteceu no Vale\",\"@id\":\"https:\\\/\\\/aconteceunovale.com.br\\\/portal\\\/#\\\/schema\\\/person\\\/7d2f26d1483f8a63de73da1ee0754d35\"},\"headline\":\"Galo derrota o Am\u00e9rica de Cali na Libertadores\",\"datePublished\":\"2021-04-28T02:40:00+00:00\",\"dateModified\":\"2021-04-28T03:15:56+00:00\",\"mainEntityOfPage\":{\"@id\":\"https:\\\/\\\/aconteceunovale.com.br\\\/portal\\\/?p=177921\"},\"wordCount\":475,\"commentCount\":0,\"image\":{\"@id\":\"https:\\\/\\\/aconteceunovale.com.br\\\/portal\\\/?p=177921#primaryimage\"},\"thumbnailUrl\":\"https:\\\/\\\/aconteceunovale.com.br\\\/portal\\\/wp-content\\\/uploads\\\/2021\\\/04\\\/galo_america_de_cali_1.jpg\",\"keywords\":[\"Atacante Hulk\",\"Atl\u00e9tico\",\"Atl\u00e9tico Mineiro\",\"Atl\u00e9tico Mineiro na Libertadores\",\"Atl\u00e9tico na Libertadores\",\"Atl\u00e9tico x Am\u00e9rica de Cali\",\"Atl\u00e9tico-MG\",\"Atl\u00e9tico-MG na Libertadores\",\"Atl\u00e9tico-MG x Am\u00e9rica de Cali\",\"brasil\",\"Cerro Porte\u00f1o\",\"Col\u00f4mbia\",\"Copa Libertadores\",\"Copa Libertadores 2021\",\"D\u00e9cima vit\u00f3ria do Galo em 13 jogos na temporada\",\"destaque\",\"galo\",\"Galo derrota o Am\u00e9rica de Cali na Libertadores\",\"Galo na Libertadores\",\"Galo x Am\u00e9rica de Cali\",\"Grupo H da Copa Libertadores\",\"Grupo H da Libertadores\",\"Hulk\",\"Hulk comemora gols e grande atua\u00e7\u00e3o\",\"Hulk da Para\u00edba\",\"Libertadores\",\"Libertadores 2021\",\"MG\",\"Minas Gerais\",\"Paraguai\",\"Ta\u00e7a Libertadores\",\"Ta\u00e7a Libertadores 2021\"],\"articleSection\":[\"Brasil\",\"Esportes\",\"Minas Gerais\"],\"inLanguage\":\"pt-BR\",\"potentialAction\":[{\"@type\":\"CommentAction\",\"name\":\"Comment\",\"target\":[\"https:\\\/\\\/aconteceunovale.com.br\\\/portal\\\/?p=177921#respond\"]}]},{\"@type\":\"WebPage\",\"@id\":\"https:\\\/\\\/aconteceunovale.com.br\\\/portal\\\/?p=177921\",\"url\":\"https:\\\/\\\/aconteceunovale.com.br\\\/portal\\\/?p=177921\",\"name\":\"Galo derrota o Am\u00e9rica de Cali na Libertadores - Aconteceu no Vale\",\"isPartOf\":{\"@id\":\"https:\\\/\\\/aconteceunovale.com.br\\\/portal\\\/#website\"},\"primaryImageOfPage\":{\"@id\":\"https:\\\/\\\/aconteceunovale.com.br\\\/portal\\\/?p=177921#primaryimage\"},\"image\":{\"@id\":\"https:\\\/\\\/aconteceunovale.com.br\\\/portal\\\/?p=177921#primaryimage\"},\"thumbnailUrl\":\"https:\\\/\\\/aconteceunovale.com.br\\\/portal\\\/wp-content\\\/uploads\\\/2021\\\/04\\\/galo_america_de_cali_1.jpg\",\"datePublished\":\"2021-04-28T02:40:00+00:00\",\"dateModified\":\"2021-04-28T03:15:56+00:00\",\"author\":{\"@id\":\"https:\\\/\\\/aconteceunovale.com.br\\\/portal\\\/#\\\/schema\\\/person\\\/7d2f26d1483f8a63de73da1ee0754d35\"},\"breadcrumb\":{\"@id\":\"https:\\\/\\\/aconteceunovale.com.br\\\/portal\\\/?p=177921#breadcrumb\"},\"inLanguage\":\"pt-BR\",\"potentialAction\":[{\"@type\":\"ReadAction\",\"target\":[\"https:\\\/\\\/aconteceunovale.com.br\\\/portal\\\/?p=177921\"]}]},{\"@type\":\"ImageObject\",\"inLanguage\":\"pt-BR\",\"@id\":\"https:\\\/\\\/aconteceunovale.com.br\\\/portal\\\/?p=177921#primaryimage\",\"url\":\"https:\\\/\\\/aconteceunovale.com.br\\\/portal\\\/wp-content\\\/uploads\\\/2021\\\/04\\\/galo_america_de_cali_1.jpg\",\"contentUrl\":\"https:\\\/\\\/aconteceunovale.com.br\\\/portal\\\/wp-content\\\/uploads\\\/2021\\\/04\\\/galo_america_de_cali_1.jpg\",\"width\":678,\"height\":450},{\"@type\":\"BreadcrumbList\",\"@id\":\"https:\\\/\\\/aconteceunovale.com.br\\\/portal\\\/?p=177921#breadcrumb\",\"itemListElement\":[{\"@type\":\"ListItem\",\"position\":1,\"name\":\"In\u00edcio\",\"item\":\"https:\\\/\\\/aconteceunovale.com.br\\\/portal\\\/\"},{\"@type\":\"ListItem\",\"position\":2,\"name\":\"Galo derrota o Am\u00e9rica de Cali na Libertadores\"}]},{\"@type\":\"WebSite\",\"@id\":\"https:\\\/\\\/aconteceunovale.com.br\\\/portal\\\/#website\",\"url\":\"https:\\\/\\\/aconteceunovale.com.br\\\/portal\\\/\",\"name\":\"Aconteceu no Vale\",\"description\":\"Portal de Not\u00edcias\",\"potentialAction\":[{\"@type\":\"SearchAction\",\"target\":{\"@type\":\"EntryPoint\",\"urlTemplate\":\"https:\\\/\\\/aconteceunovale.com.br\\\/portal\\\/?s={search_term_string}\"},\"query-input\":{\"@type\":\"PropertyValueSpecification\",\"valueRequired\":true,\"valueName\":\"search_term_string\"}}],\"inLanguage\":\"pt-BR\"},{\"@type\":\"Person\",\"@id\":\"https:\\\/\\\/aconteceunovale.com.br\\\/portal\\\/#\\\/schema\\\/person\\\/7d2f26d1483f8a63de73da1ee0754d35\",\"name\":\"Reda\u00e7\u00e3o Aconteceu no Vale\",\"description\":\"Equipe de reportagem do Aconteceu no Vale, portal de not\u00edcias do Vale do Jequitinhonha, em Minas Gerais. Cobrimos as 51 cidades do Vale desde 2013. Sugest\u00f5es de pauta e pedidos de corre\u00e7\u00e3o: contato@aconteceunovale.com.br\",\"url\":\"https:\\\/\\\/aconteceunovale.com.br\\\/portal\\\/?author=4\"}]}<\/script>\n<!-- \/ Yoast SEO plugin. -->","yoast_head_json":{"title":"Galo derrota o Am\u00e9rica de Cali na Libertadores - Aconteceu no Vale","robots":{"index":"index","follow":"follow","max-snippet":"max-snippet:-1","max-image-preview":"max-image-preview:large","max-video-preview":"max-video-preview:-1"},"canonical":"https:\/\/aconteceunovale.com.br\/portal\/?p=177921","og_locale":"pt_BR","og_type":"article","og_title":"Galo derrota o Am\u00e9rica de Cali na Libertadores - Aconteceu no Vale","og_description":"O Atl\u00e9tico-MG derrotou o Am\u00e9rica de Cali (Col\u00f4mbia) por 2 a 1, na noite desta ter\u00e7a-feira (27\/4\/2021) no est\u00e1dio do Mineir\u00e3o, e assumiu a lideran\u00e7a do Grupo H da Copa Libertadores com 4 pontos. Este foi o primeiro triunfo do time comandado pelo t\u00e9cnico Cuca na atual edi\u00e7\u00e3o da competi\u00e7\u00e3o, ap\u00f3s o empate em 1 [&hellip;]","og_url":"https:\/\/aconteceunovale.com.br\/portal\/?p=177921","og_site_name":"Aconteceu no Vale","article_publisher":"https:\/\/www.facebook.com\/aconteceunovale\/","article_published_time":"2021-04-28T02:40:00+00:00","article_modified_time":"2021-04-28T03:15:56+00:00","og_image":[{"width":678,"height":450,"url":"https:\/\/aconteceunovale.com.br\/portal\/wp-content\/uploads\/2021\/04\/galo_america_de_cali_1.jpg","type":"image\/jpeg"}],"author":"Reda\u00e7\u00e3o Aconteceu no Vale","twitter_card":"summary_large_image","twitter_creator":"@noticiadosvales","twitter_site":"@noticiadosvales","twitter_misc":{"Escrito por":"Reda\u00e7\u00e3o Aconteceu no Vale","Est. tempo de leitura":"2 minutos"},"schema":{"@context":"https:\/\/schema.org","@graph":[{"@type":"Article","@id":"https:\/\/aconteceunovale.com.br\/portal\/?p=177921#article","isPartOf":{"@id":"https:\/\/aconteceunovale.com.br\/portal\/?p=177921"},"author":{"name":"Reda\u00e7\u00e3o Aconteceu no Vale","@id":"https:\/\/aconteceunovale.com.br\/portal\/#\/schema\/person\/7d2f26d1483f8a63de73da1ee0754d35"},"headline":"Galo derrota o Am\u00e9rica de Cali na Libertadores","datePublished":"2021-04-28T02:40:00+00:00","dateModified":"2021-04-28T03:15:56+00:00","mainEntityOfPage":{"@id":"https:\/\/aconteceunovale.com.br\/portal\/?p=177921"},"wordCount":475,"commentCount":0,"image":{"@id":"https:\/\/aconteceunovale.com.br\/portal\/?p=177921#primaryimage"},"thumbnailUrl":"https:\/\/aconteceunovale.com.br\/portal\/wp-content\/uploads\/2021\/04\/galo_america_de_cali_1.jpg","keywords":["Atacante Hulk","Atl\u00e9tico","Atl\u00e9tico Mineiro","Atl\u00e9tico Mineiro na Libertadores","Atl\u00e9tico na Libertadores","Atl\u00e9tico x Am\u00e9rica de Cali","Atl\u00e9tico-MG","Atl\u00e9tico-MG na Libertadores","Atl\u00e9tico-MG x Am\u00e9rica de Cali","brasil","Cerro Porte\u00f1o","Col\u00f4mbia","Copa Libertadores","Copa Libertadores 2021","D\u00e9cima vit\u00f3ria do Galo em 13 jogos na temporada","destaque","galo","Galo derrota o Am\u00e9rica de Cali na Libertadores","Galo na Libertadores","Galo x Am\u00e9rica de Cali","Grupo H da Copa Libertadores","Grupo H da Libertadores","Hulk","Hulk comemora gols e grande atua\u00e7\u00e3o","Hulk da Para\u00edba","Libertadores","Libertadores 2021","MG","Minas Gerais","Paraguai","Ta\u00e7a Libertadores","Ta\u00e7a Libertadores 2021"],"articleSection":["Brasil","Esportes","Minas Gerais"],"inLanguage":"pt-BR","potentialAction":[{"@type":"CommentAction","name":"Comment","target":["https:\/\/aconteceunovale.com.br\/portal\/?p=177921#respond"]}]},{"@type":"WebPage","@id":"https:\/\/aconteceunovale.com.br\/portal\/?p=177921","url":"https:\/\/aconteceunovale.com.br\/portal\/?p=177921","name":"Galo derrota o Am\u00e9rica de Cali na Libertadores - Aconteceu no Vale","isPartOf":{"@id":"https:\/\/aconteceunovale.com.br\/portal\/#website"},"primaryImageOfPage":{"@id":"https:\/\/aconteceunovale.com.br\/portal\/?p=177921#primaryimage"},"image":{"@id":"https:\/\/aconteceunovale.com.br\/portal\/?p=177921#primaryimage"},"thumbnailUrl":"https:\/\/aconteceunovale.com.br\/portal\/wp-content\/uploads\/2021\/04\/galo_america_de_cali_1.jpg","datePublished":"2021-04-28T02:40:00+00:00","dateModified":"2021-04-28T03:15:56+00:00","author":{"@id":"https:\/\/aconteceunovale.com.br\/portal\/#\/schema\/person\/7d2f26d1483f8a63de73da1ee0754d35"},"breadcrumb":{"@id":"https:\/\/aconteceunovale.com.br\/portal\/?p=177921#breadcrumb"},"inLanguage":"pt-BR","potentialAction":[{"@type":"ReadAction","target":["https:\/\/aconteceunovale.com.br\/portal\/?p=177921"]}]},{"@type":"ImageObject","inLanguage":"pt-BR","@id":"https:\/\/aconteceunovale.com.br\/portal\/?p=177921#primaryimage","url":"https:\/\/aconteceunovale.com.br\/portal\/wp-content\/uploads\/2021\/04\/galo_america_de_cali_1.jpg","contentUrl":"https:\/\/aconteceunovale.com.br\/portal\/wp-content\/uploads\/2021\/04\/galo_america_de_cali_1.jpg","width":678,"height":450},{"@type":"BreadcrumbList","@id":"https:\/\/aconteceunovale.com.br\/portal\/?p=177921#breadcrumb","itemListElement":[{"@type":"ListItem","position":1,"name":"In\u00edcio","item":"https:\/\/aconteceunovale.com.br\/portal\/"},{"@type":"ListItem","position":2,"name":"Galo derrota o Am\u00e9rica de Cali na Libertadores"}]},{"@type":"WebSite","@id":"https:\/\/aconteceunovale.com.br\/portal\/#website","url":"https:\/\/aconteceunovale.com.br\/portal\/","name":"Aconteceu no Vale","description":"Portal de Not\u00edcias","potentialAction":[{"@type":"SearchAction","target":{"@type":"EntryPoint","urlTemplate":"https:\/\/aconteceunovale.com.br\/portal\/?s={search_term_string}"},"query-input":{"@type":"PropertyValueSpecification","valueRequired":true,"valueName":"search_term_string"}}],"inLanguage":"pt-BR"},{"@type":"Person","@id":"https:\/\/aconteceunovale.com.br\/portal\/#\/schema\/person\/7d2f26d1483f8a63de73da1ee0754d35","name":"Reda\u00e7\u00e3o Aconteceu no Vale","description":"Equipe de reportagem do Aconteceu no Vale, portal de not\u00edcias do Vale do Jequitinhonha, em Minas Gerais. Cobrimos as 51 cidades do Vale desde 2013. Sugest\u00f5es de pauta e pedidos de corre\u00e7\u00e3o: contato@aconteceunovale.com.br","url":"https:\/\/aconteceunovale.com.br\/portal\/?author=4"}]}},"_links":{"self":[{"href":"https:\/\/aconteceunovale.com.br\/portal\/index.php?rest_route=\/wp\/v2\/posts\/177921","targetHints":{"allow":["GET"]}}],"collection":[{"href":"https:\/\/aconteceunovale.com.br\/portal\/index.php?rest_route=\/wp\/v2\/posts"}],"about":[{"href":"https:\/\/aconteceunovale.com.br\/portal\/index.php?rest_route=\/wp\/v2\/types\/post"}],"author":[{"embeddable":true,"href":"https:\/\/aconteceunovale.com.br\/portal\/index.php?rest_route=\/wp\/v2\/users\/4"}],"replies":[{"embeddable":true,"href":"https:\/\/aconteceunovale.com.br\/portal\/index.php?rest_route=%2Fwp%2Fv2%2Fcomments&post=177921"}],"version-history":[{"count":1,"href":"https:\/\/aconteceunovale.com.br\/portal\/index.php?rest_route=\/wp\/v2\/posts\/177921\/revisions"}],"predecessor-version":[{"id":177924,"href":"https:\/\/aconteceunovale.com.br\/portal\/index.php?rest_route=\/wp\/v2\/posts\/177921\/revisions\/177924"}],"wp:featuredmedia":[{"embeddable":true,"href":"https:\/\/aconteceunovale.com.br\/portal\/index.php?rest_route=\/wp\/v2\/media\/177922"}],"wp:attachment":[{"href":"https:\/\/aconteceunovale.com.br\/portal\/index.php?rest_route=%2Fwp%2Fv2%2Fmedia&parent=177921"}],"wp:term":[{"taxonomy":"category","embeddable":true,"href":"https:\/\/aconteceunovale.com.br\/portal\/index.php?rest_route=%2Fwp%2Fv2%2Fcategories&post=177921"},{"taxonomy":"post_tag","embeddable":true,"href":"https:\/\/aconteceunovale.com.br\/portal\/index.php?rest_route=%2Fwp%2Fv2%2Ftags&post=177921"}],"curies":[{"name":"wp","href":"https:\/\/api.w.org\/{rel}","templated":true}]}}