{"id":177912,"date":"2021-04-27T20:13:10","date_gmt":"2021-04-27T23:13:10","guid":{"rendered":"https:\/\/aconteceunovale.com.br\/portal\/?p=177912"},"modified":"2021-04-27T20:17:20","modified_gmt":"2021-04-27T23:17:20","slug":"vereador-abre-caixao-lacrado-com-facao-no-leste-de-minas","status":"publish","type":"post","link":"https:\/\/aconteceunovale.com.br\/portal\/?p=177912","title":{"rendered":"Vereador abre caix\u00e3o lacrado com fac\u00e3o no Leste de Minas"},"content":{"rendered":"\n<p class=\"wp-block-paragraph\">O vereador Wiliam Faria (PT), de Santa B\u00e1rbara do Leste, no Vale do Rio Doce, causou espanto nas redes sociais ap\u00f3s abrir, com a ajuda de um fac\u00e3o, o caix\u00e3o de um idoso que havia morrido com suspeita de Covid-19 (causada pelo novo coronav\u00edrus \u2013 SARS-Cov-2). De acordo com o pol\u00edtico, foi uma falta de respeito a v\u00edtima n\u00e3o ter tido vel\u00f3rio, j\u00e1 que n\u00e3o havia comprova\u00e7\u00e3o de que estaria com a doen\u00e7a.<\/p>\n\n\n\n<figure class=\"wp-block-gallery columns-1 is-cropped wp-block-gallery-1 is-layout-flex wp-block-gallery-is-layout-flex\"><ul class=\"blocks-gallery-grid\"><li class=\"blocks-gallery-item\"><figure><img loading=\"lazy\" decoding=\"async\" width=\"831\" height=\"554\" src=\"https:\/\/aconteceunovale.com.br\/portal\/wp-content\/uploads\/2021\/04\/vereador_caixao.jpg\" alt=\"\" data-id=\"177913\" data-full-url=\"https:\/\/aconteceunovale.com.br\/portal\/wp-content\/uploads\/2021\/04\/vereador_caixao.jpg\" data-link=\"https:\/\/aconteceunovale.com.br\/portal\/?attachment_id=177913\" class=\"wp-image-177913\" srcset=\"https:\/\/aconteceunovale.com.br\/portal\/wp-content\/uploads\/2021\/04\/vereador_caixao.jpg 831w, https:\/\/aconteceunovale.com.br\/portal\/wp-content\/uploads\/2021\/04\/vereador_caixao-300x200.jpg 300w, https:\/\/aconteceunovale.com.br\/portal\/wp-content\/uploads\/2021\/04\/vereador_caixao-768x512.jpg 768w, https:\/\/aconteceunovale.com.br\/portal\/wp-content\/uploads\/2021\/04\/vereador_caixao-696x464.jpg 696w, https:\/\/aconteceunovale.com.br\/portal\/wp-content\/uploads\/2021\/04\/vereador_caixao-630x420.jpg 630w\" sizes=\"auto, (max-width: 831px) 100vw, 831px\" \/><figcaption class=\"blocks-gallery-item__caption\"><em>Foto: Reprodu\u00e7\u00e3o \/ Facebook<\/em><\/figcaption><\/figure><\/li><\/ul><\/figure>\n\n\n\n<p class=\"wp-block-paragraph\">Jos\u00e9 Vieira do Carmo, de 92 anos, deu entrada no Casu \u2013 Hospital Irm\u00e3 Denise, em Caratinga (MG), com sintomas gripais. Infelizmente, ele morreu na madrugada de domingo (25\/4\/2021).<\/p>\n\n\n\n<p class=\"wp-block-paragraph\">Conforme sua filha, de 32 anos, contou \u00e0 pol\u00edcia, a fam\u00edlia acionou uma funer\u00e1ria para que o corpo fosse retirado da unidade hospitalar e fossem feitos os servi\u00e7os de praxe. Na manh\u00e3 daquele dia, o caix\u00e3o chegou ao cemit\u00e9rio municipal de&nbsp;Santa B\u00e1rbara do Leste todo lacrado, como se o idoso tivesse suspeita ou confirma\u00e7\u00e3o de coronav\u00edrus.<\/p>\n\n\n\n<p class=\"wp-block-paragraph\">Entretanto, em seu atestado de \u00f3bito, n\u00e3o havia nenhum dado a respeito de Covid-19. O fato gerou a indigna\u00e7\u00e3o de familiares, que n\u00e3o puderam se despedir do ente de uma maneira &#8220;digna&#8221; e, no caso, tamb\u00e9m do vereador da cidade, que tem aproximadamente 8 mil habitantes. Ele foi ao local e abriu o caix\u00e3o para confirmar que havia um corpo l\u00e1, mas nenhuma informa\u00e7\u00e3o sobre a doen\u00e7a.<\/p>\n\n\n\n<p class=\"wp-block-paragraph\"><em>&#8220;Isso aqui n\u00e3o \u00e9 Covid. Isso aqui \u00e9 financeiro. Cad\u00ea a coroa de flores desse cidad\u00e3o? Voc\u00ea est\u00e1 vendo por que n\u00e3o querem que abram os caix\u00f5es? Isso aqui \u00e9 um desrespeito com o ser humano&#8221;<\/em>, disse Faria. Veja:<\/p>\n\n\n\n<figure class=\"wp-block-embed is-type-rich is-provider-incorporar-manipulador wp-block-embed-incorporar-manipulador wp-embed-aspect-16-9 wp-has-aspect-ratio\"><div class=\"wp-block-embed__wrapper\">\n<iframe loading=\"lazy\" title=\"Vereador abre caix\u00e3o lacrado com fac\u00e3o\" width=\"696\" height=\"392\" src=\"https:\/\/www.youtube.com\/embed\/_wwoXgQkisw?feature=oembed\" frameborder=\"0\" allow=\"accelerometer; autoplay; clipboard-write; encrypted-media; gyroscope; picture-in-picture\" allowfullscreen><\/iframe>\n<\/div><\/figure>\n\n\n\n<h2 class=\"wp-block-heading\"><strong>Vers\u00e3o<\/strong><\/h2>\n\n\n\n<p class=\"wp-block-paragraph\">O dono da funer\u00e1ria disse \u00e0 Pol\u00edcia Militar que quando seus funcion\u00e1rios foram buscar o corpo no hospital, este j\u00e1 estava embalado e lacrado, conforme normas do Minist\u00e9rio da Sa\u00fade, j\u00e1 que ele morreu com sintomas que poderiam ser de Covid-19. Portanto, a empresa n\u00e3o poderia fazer nada a respeito, apenas entregar o caix\u00e3o no cemit\u00e9rio.<\/p>\n\n\n\n<p class=\"wp-block-paragraph\">Segundo a enfermeira chefe do hospital Casu, o idoso deu entrada no local, vindo da Unidade de Pronto Atendimento (UPA) de Caratinga, j\u00e1 intubado e com sintomas de coronav\u00edrus. Teria sido feita a coleta para exame de diagn\u00f3stico, mas como o resultado n\u00e3o ficou pronto a tempo, ele precisou ser tratado como caso suspeito.<\/p>\n\n\n\n<p class=\"wp-block-paragraph\">Sobre no atestado de \u00f3bito n\u00e3o estar escrito isso, apenas insufici\u00eancia respirat\u00f3ria aguda, de acordo com orienta\u00e7\u00f5es do governo federal e da Vigil\u00e2ncia Sanit\u00e1ria \u00e9 necess\u00e1rio fazer o isolamento do corpo para n\u00e3o ter risco de contamina\u00e7\u00e3o.<\/p>\n\n\n\n<h2 class=\"wp-block-heading\"><strong>Investiga\u00e7\u00e3o<\/strong><\/h2>\n\n\n\n<p class=\"wp-block-paragraph\">O presidente da C\u00e2mara Municipal de Santa B\u00e1rbara do Leste, Altair do Silon (MDB), afirmou nessa segunda-feira (26) que a Casa ir\u00e1 abrir uma&nbsp;Comiss\u00e3o Parlamentar de Inqu\u00e9rito (CPI) para investigar o ato do vereador. Ele classificou a atitude como lament\u00e1vel,<\/p>\n\n\n\n<p class=\"wp-block-paragraph\"><em>&#8220;A C\u00e2mara Municipal esclarece que a conduta do vereador ser\u00e1 devidamente investigada por uma CPI&#8221;<\/em>, afirmou. <em>&#8220;T\u00e3o logo o processo seja conclu\u00eddo, daremos um maior esclarecimento sobre as medidas adotas em raz\u00e3o deste lament\u00e1vel evento&#8221;<\/em>, completou o presidente.<\/p>\n\n\n\n<p class=\"wp-block-paragraph\">A Pol\u00edcia Civil de Minas Gerais (PCMG) deve investigar o caso. Como\u00a0Wiliam Faria rompeu o lacre da urna funer\u00e1ria na presen\u00e7a de diversas pessoas, ele poder\u00e1 responder pelos crimes de\u00a0infra\u00e7\u00e3o de medida sanit\u00e1ria preventiva e\u00a0viola\u00e7\u00e3o de urna funer\u00e1ria.<\/p>\n\n\n\n<h2 class=\"wp-block-heading\"><strong>Afastamento do partido<\/strong><\/h2>\n\n\n\n<p class=\"wp-block-paragraph\">Nesta ter\u00e7a-feira (27\/4\/2021), o PT, partido do vereador Wiliam Faria emitiu nota sobre o caso. A sigla pontuou que o parlamentar foi afastado do quadro da legenda ap\u00f3s o epis\u00f3dio.<\/p>\n\n\n\n<p class=\"wp-block-paragraph\"><em>&#8220;Num dos momentos mais delicados vividos por toda a popula\u00e7\u00e3o mineira e brasileira em fun\u00e7\u00e3o da pandemia do novo coronav\u00edrus, a atitude do vereador representa uma a\u00e7\u00e3o violenta e desnecess\u00e1ria, al\u00e9m de ser uma grave amea\u00e7a \u00e0 seguran\u00e7a sanit\u00e1ria. Ap\u00f3s o afastamento, o vereador responder\u00e1 no Conselho de \u00c9tica do PT-MG, como determina o estatuto partid\u00e1rio, em um processo que poder\u00e1 culminar com a sua expuls\u00e3o&#8221;<\/em>, informou o PT em Minas.<\/p>\n\n\n\n<p class=\"wp-block-paragraph\">&#8212;&#8212;&#8212;&#8212;&#8212;&#8212;<br><em>Quer receber as not\u00edcias do <strong>Aconteceu no Vale<\/strong> em primeira m\u00e3o? Siga-nos no Facebook <a rel=\"noreferrer noopener\" href=\"http:\/\/facebook.com\/aconteceunovale\" target=\"_blank\">@aconteceunovale<\/a>, Twitter <a rel=\"noreferrer noopener\" href=\"https:\/\/twitter.com\/noticiadosvales\" target=\"_blank\">@noticiadosvales<\/a> e Instagram <a rel=\"noreferrer noopener\" href=\"https:\/\/www.instagram.com\/aconteceunovale\" target=\"_blank\">@aconteceunovale<\/a>.<\/em><\/p>\n","protected":false},"excerpt":{"rendered":"<p>O vereador Wiliam Faria (PT), de Santa B\u00e1rbara do Leste, no Vale do Rio Doce, causou espanto nas redes sociais ap\u00f3s abrir, com a ajuda de um fac\u00e3o, o caix\u00e3o de um idoso que havia morrido com suspeita de Covid-19 (causada pelo novo coronav\u00edrus \u2013 SARS-Cov-2). De acordo com o pol\u00edtico, foi uma falta de [&hellip;]<\/p>\n","protected":false},"author":4,"featured_media":177913,"comment_status":"open","ping_status":"closed","sticky":false,"template":"","format":"standard","meta":{"amp_status":"","footnotes":""},"categories":[121,40240,40242],"tags":[244258,244268,244257,244267,237,244264,1018,244265,244263,244269,163680,311,244255,244254,244266,244261,244256,244259,244262,244260],"class_list":["post-177912","post","type-post","status-publish","format-standard","has-post-thumbnail","hentry","category-leste","category-politica","category-saude-2","tag-abertura-de-caixao-lacrado-com-facao-em-santa-barbara-do-leste","tag-altair-do-silon","tag-caixao-lacrado-santa-barbara-do-leste","tag-camara-municipal-de-santa-barbara-do-leste","tag-caratinga","tag-casu-caratinga","tag-destaque","tag-hospital-irma-denise-caratinga","tag-jose-vieira-do-carmo","tag-pt-em-minas","tag-pt-mg","tag-santa-barbara-do-leste","tag-vereador-abre-caixao-lacrado-com-facao-em-santa-barbara-do-leste","tag-vereador-abre-caixao-lacrado-com-facao-no-leste-de-minas","tag-vereador-abrindo-caixao-lacrado-com-facao","tag-vereador-do-pt-em-santa-barbara-do-leste","tag-vereador-santa-barbara-do-leste","tag-vereador-wiliam-faria","tag-vereador-wiliam-faria-santa-barbara-do-leste","tag-vereador-wilian-faria"],"yoast_head":"<!-- This site is optimized with the Yoast SEO plugin v28.3 - https:\/\/yoast.com\/product\/yoast-seo-wordpress\/ -->\n<title>Vereador abre caix\u00e3o lacrado com fac\u00e3o no Leste de Minas - Aconteceu no Vale<\/title>\n<meta name=\"robots\" content=\"index, follow, max-snippet:-1, max-image-preview:large, max-video-preview:-1\" \/>\n<link rel=\"canonical\" href=\"https:\/\/aconteceunovale.com.br\/portal\/?p=177912\" \/>\n<meta property=\"og:locale\" content=\"pt_BR\" \/>\n<meta property=\"og:type\" content=\"article\" \/>\n<meta property=\"og:title\" content=\"Vereador abre caix\u00e3o lacrado com fac\u00e3o no Leste de Minas - Aconteceu no Vale\" \/>\n<meta property=\"og:description\" content=\"O vereador Wiliam Faria (PT), de Santa B\u00e1rbara do Leste, no Vale do Rio Doce, causou espanto nas redes sociais ap\u00f3s abrir, com a ajuda de um fac\u00e3o, o caix\u00e3o de um idoso que havia morrido com suspeita de Covid-19 (causada pelo novo coronav\u00edrus \u2013 SARS-Cov-2). De acordo com o pol\u00edtico, foi uma falta de [&hellip;]\" \/>\n<meta property=\"og:url\" content=\"https:\/\/aconteceunovale.com.br\/portal\/?p=177912\" \/>\n<meta property=\"og:site_name\" content=\"Aconteceu no Vale\" \/>\n<meta property=\"article:publisher\" content=\"https:\/\/www.facebook.com\/aconteceunovale\/\" \/>\n<meta property=\"article:published_time\" content=\"2021-04-27T23:13:10+00:00\" \/>\n<meta property=\"article:modified_time\" content=\"2021-04-27T23:17:20+00:00\" \/>\n<meta property=\"og:image\" content=\"https:\/\/aconteceunovale.com.br\/portal\/wp-content\/uploads\/2021\/04\/vereador_caixao.jpg\" \/>\n\t<meta property=\"og:image:width\" content=\"831\" \/>\n\t<meta property=\"og:image:height\" content=\"554\" \/>\n\t<meta property=\"og:image:type\" content=\"image\/jpeg\" \/>\n<meta name=\"author\" content=\"Reda\u00e7\u00e3o Aconteceu no Vale\" \/>\n<meta name=\"twitter:card\" content=\"summary_large_image\" \/>\n<meta name=\"twitter:creator\" content=\"@noticiadosvales\" \/>\n<meta name=\"twitter:site\" content=\"@noticiadosvales\" \/>\n<meta name=\"twitter:label1\" content=\"Escrito por\" \/>\n\t<meta name=\"twitter:data1\" content=\"Reda\u00e7\u00e3o Aconteceu no Vale\" \/>\n\t<meta name=\"twitter:label2\" content=\"Est. tempo de leitura\" \/>\n\t<meta name=\"twitter:data2\" content=\"4 minutos\" \/>\n<script type=\"application\/ld+json\" class=\"yoast-schema-graph\">{\"@context\":\"https:\\\/\\\/schema.org\",\"@graph\":[{\"@type\":\"Article\",\"@id\":\"https:\\\/\\\/aconteceunovale.com.br\\\/portal\\\/?p=177912#article\",\"isPartOf\":{\"@id\":\"https:\\\/\\\/aconteceunovale.com.br\\\/portal\\\/?p=177912\"},\"author\":{\"name\":\"Reda\u00e7\u00e3o Aconteceu no Vale\",\"@id\":\"https:\\\/\\\/aconteceunovale.com.br\\\/portal\\\/#\\\/schema\\\/person\\\/7d2f26d1483f8a63de73da1ee0754d35\"},\"headline\":\"Vereador abre caix\u00e3o lacrado com fac\u00e3o no Leste de Minas\",\"datePublished\":\"2021-04-27T23:13:10+00:00\",\"dateModified\":\"2021-04-27T23:17:20+00:00\",\"mainEntityOfPage\":{\"@id\":\"https:\\\/\\\/aconteceunovale.com.br\\\/portal\\\/?p=177912\"},\"wordCount\":756,\"commentCount\":0,\"image\":{\"@id\":\"https:\\\/\\\/aconteceunovale.com.br\\\/portal\\\/?p=177912#primaryimage\"},\"thumbnailUrl\":\"https:\\\/\\\/aconteceunovale.com.br\\\/portal\\\/wp-content\\\/uploads\\\/2021\\\/04\\\/vereador_caixao.jpg\",\"keywords\":[\"Abertura de caix\u00e3o lacrado com fac\u00e3o em Santa B\u00e1rbara do Leste\",\"Altair do Silon\",\"Caix\u00e3o lacrado Santa B\u00e1rbara do Leste\",\"C\u00e2mara Municipal de Santa B\u00e1rbara do Leste\",\"Caratinga\",\"Casu Caratinga\",\"destaque\",\"Hospital Irm\u00e3 Denise Caratinga\",\"Jos\u00e9 Vieira do Carmo\",\"PT em Minas\",\"PT-MG\",\"Santa B\u00e1rbara do Leste\",\"Vereador abre caix\u00e3o lacrado com fac\u00e3o em Santa B\u00e1rbara do Leste\",\"Vereador abre caix\u00e3o lacrado com fac\u00e3o no Leste de Minas\",\"Vereador abrindo caix\u00e3o lacrado com fac\u00e3o\",\"Vereador do PT em Santa B\u00e1rbara do Leste\",\"Vereador Santa B\u00e1rbara do Leste\",\"Vereador Wiliam Faria\",\"Vereador Wiliam Faria Santa B\u00e1rbara do Leste\",\"Vereador Wilian Faria\"],\"articleSection\":[\"Leste de Minas\",\"Pol\u00edtica\",\"Sa\u00fade\"],\"inLanguage\":\"pt-BR\",\"potentialAction\":[{\"@type\":\"CommentAction\",\"name\":\"Comment\",\"target\":[\"https:\\\/\\\/aconteceunovale.com.br\\\/portal\\\/?p=177912#respond\"]}]},{\"@type\":\"WebPage\",\"@id\":\"https:\\\/\\\/aconteceunovale.com.br\\\/portal\\\/?p=177912\",\"url\":\"https:\\\/\\\/aconteceunovale.com.br\\\/portal\\\/?p=177912\",\"name\":\"Vereador abre caix\u00e3o lacrado com fac\u00e3o no Leste de Minas - Aconteceu no Vale\",\"isPartOf\":{\"@id\":\"https:\\\/\\\/aconteceunovale.com.br\\\/portal\\\/#website\"},\"primaryImageOfPage\":{\"@id\":\"https:\\\/\\\/aconteceunovale.com.br\\\/portal\\\/?p=177912#primaryimage\"},\"image\":{\"@id\":\"https:\\\/\\\/aconteceunovale.com.br\\\/portal\\\/?p=177912#primaryimage\"},\"thumbnailUrl\":\"https:\\\/\\\/aconteceunovale.com.br\\\/portal\\\/wp-content\\\/uploads\\\/2021\\\/04\\\/vereador_caixao.jpg\",\"datePublished\":\"2021-04-27T23:13:10+00:00\",\"dateModified\":\"2021-04-27T23:17:20+00:00\",\"author\":{\"@id\":\"https:\\\/\\\/aconteceunovale.com.br\\\/portal\\\/#\\\/schema\\\/person\\\/7d2f26d1483f8a63de73da1ee0754d35\"},\"breadcrumb\":{\"@id\":\"https:\\\/\\\/aconteceunovale.com.br\\\/portal\\\/?p=177912#breadcrumb\"},\"inLanguage\":\"pt-BR\",\"potentialAction\":[{\"@type\":\"ReadAction\",\"target\":[\"https:\\\/\\\/aconteceunovale.com.br\\\/portal\\\/?p=177912\"]}]},{\"@type\":\"ImageObject\",\"inLanguage\":\"pt-BR\",\"@id\":\"https:\\\/\\\/aconteceunovale.com.br\\\/portal\\\/?p=177912#primaryimage\",\"url\":\"https:\\\/\\\/aconteceunovale.com.br\\\/portal\\\/wp-content\\\/uploads\\\/2021\\\/04\\\/vereador_caixao.jpg\",\"contentUrl\":\"https:\\\/\\\/aconteceunovale.com.br\\\/portal\\\/wp-content\\\/uploads\\\/2021\\\/04\\\/vereador_caixao.jpg\",\"width\":831,\"height\":554},{\"@type\":\"BreadcrumbList\",\"@id\":\"https:\\\/\\\/aconteceunovale.com.br\\\/portal\\\/?p=177912#breadcrumb\",\"itemListElement\":[{\"@type\":\"ListItem\",\"position\":1,\"name\":\"In\u00edcio\",\"item\":\"https:\\\/\\\/aconteceunovale.com.br\\\/portal\\\/\"},{\"@type\":\"ListItem\",\"position\":2,\"name\":\"Vereador abre caix\u00e3o lacrado com fac\u00e3o no Leste de Minas\"}]},{\"@type\":\"WebSite\",\"@id\":\"https:\\\/\\\/aconteceunovale.com.br\\\/portal\\\/#website\",\"url\":\"https:\\\/\\\/aconteceunovale.com.br\\\/portal\\\/\",\"name\":\"Aconteceu no Vale\",\"description\":\"Portal de Not\u00edcias\",\"potentialAction\":[{\"@type\":\"SearchAction\",\"target\":{\"@type\":\"EntryPoint\",\"urlTemplate\":\"https:\\\/\\\/aconteceunovale.com.br\\\/portal\\\/?s={search_term_string}\"},\"query-input\":{\"@type\":\"PropertyValueSpecification\",\"valueRequired\":true,\"valueName\":\"search_term_string\"}}],\"inLanguage\":\"pt-BR\"},{\"@type\":\"Person\",\"@id\":\"https:\\\/\\\/aconteceunovale.com.br\\\/portal\\\/#\\\/schema\\\/person\\\/7d2f26d1483f8a63de73da1ee0754d35\",\"name\":\"Reda\u00e7\u00e3o Aconteceu no Vale\",\"description\":\"Equipe de reportagem do Aconteceu no Vale, portal de not\u00edcias do Vale do Jequitinhonha, em Minas Gerais. Cobrimos as 51 cidades do Vale desde 2013. Sugest\u00f5es de pauta e pedidos de corre\u00e7\u00e3o: contato@aconteceunovale.com.br\",\"url\":\"https:\\\/\\\/aconteceunovale.com.br\\\/portal\\\/?author=4\"}]}<\/script>\n<!-- \/ Yoast SEO plugin. -->","yoast_head_json":{"title":"Vereador abre caix\u00e3o lacrado com fac\u00e3o no Leste de Minas - Aconteceu no Vale","robots":{"index":"index","follow":"follow","max-snippet":"max-snippet:-1","max-image-preview":"max-image-preview:large","max-video-preview":"max-video-preview:-1"},"canonical":"https:\/\/aconteceunovale.com.br\/portal\/?p=177912","og_locale":"pt_BR","og_type":"article","og_title":"Vereador abre caix\u00e3o lacrado com fac\u00e3o no Leste de Minas - Aconteceu no Vale","og_description":"O vereador Wiliam Faria (PT), de Santa B\u00e1rbara do Leste, no Vale do Rio Doce, causou espanto nas redes sociais ap\u00f3s abrir, com a ajuda de um fac\u00e3o, o caix\u00e3o de um idoso que havia morrido com suspeita de Covid-19 (causada pelo novo coronav\u00edrus \u2013 SARS-Cov-2). De acordo com o pol\u00edtico, foi uma falta de [&hellip;]","og_url":"https:\/\/aconteceunovale.com.br\/portal\/?p=177912","og_site_name":"Aconteceu no Vale","article_publisher":"https:\/\/www.facebook.com\/aconteceunovale\/","article_published_time":"2021-04-27T23:13:10+00:00","article_modified_time":"2021-04-27T23:17:20+00:00","og_image":[{"width":831,"height":554,"url":"https:\/\/aconteceunovale.com.br\/portal\/wp-content\/uploads\/2021\/04\/vereador_caixao.jpg","type":"image\/jpeg"}],"author":"Reda\u00e7\u00e3o Aconteceu no Vale","twitter_card":"summary_large_image","twitter_creator":"@noticiadosvales","twitter_site":"@noticiadosvales","twitter_misc":{"Escrito por":"Reda\u00e7\u00e3o Aconteceu no Vale","Est. tempo de leitura":"4 minutos"},"schema":{"@context":"https:\/\/schema.org","@graph":[{"@type":"Article","@id":"https:\/\/aconteceunovale.com.br\/portal\/?p=177912#article","isPartOf":{"@id":"https:\/\/aconteceunovale.com.br\/portal\/?p=177912"},"author":{"name":"Reda\u00e7\u00e3o Aconteceu no Vale","@id":"https:\/\/aconteceunovale.com.br\/portal\/#\/schema\/person\/7d2f26d1483f8a63de73da1ee0754d35"},"headline":"Vereador abre caix\u00e3o lacrado com fac\u00e3o no Leste de Minas","datePublished":"2021-04-27T23:13:10+00:00","dateModified":"2021-04-27T23:17:20+00:00","mainEntityOfPage":{"@id":"https:\/\/aconteceunovale.com.br\/portal\/?p=177912"},"wordCount":756,"commentCount":0,"image":{"@id":"https:\/\/aconteceunovale.com.br\/portal\/?p=177912#primaryimage"},"thumbnailUrl":"https:\/\/aconteceunovale.com.br\/portal\/wp-content\/uploads\/2021\/04\/vereador_caixao.jpg","keywords":["Abertura de caix\u00e3o lacrado com fac\u00e3o em Santa B\u00e1rbara do Leste","Altair do Silon","Caix\u00e3o lacrado Santa B\u00e1rbara do Leste","C\u00e2mara Municipal de Santa B\u00e1rbara do Leste","Caratinga","Casu Caratinga","destaque","Hospital Irm\u00e3 Denise Caratinga","Jos\u00e9 Vieira do Carmo","PT em Minas","PT-MG","Santa B\u00e1rbara do Leste","Vereador abre caix\u00e3o lacrado com fac\u00e3o em Santa B\u00e1rbara do Leste","Vereador abre caix\u00e3o lacrado com fac\u00e3o no Leste de Minas","Vereador abrindo caix\u00e3o lacrado com fac\u00e3o","Vereador do PT em Santa B\u00e1rbara do Leste","Vereador Santa B\u00e1rbara do Leste","Vereador Wiliam Faria","Vereador Wiliam Faria Santa B\u00e1rbara do Leste","Vereador Wilian Faria"],"articleSection":["Leste de Minas","Pol\u00edtica","Sa\u00fade"],"inLanguage":"pt-BR","potentialAction":[{"@type":"CommentAction","name":"Comment","target":["https:\/\/aconteceunovale.com.br\/portal\/?p=177912#respond"]}]},{"@type":"WebPage","@id":"https:\/\/aconteceunovale.com.br\/portal\/?p=177912","url":"https:\/\/aconteceunovale.com.br\/portal\/?p=177912","name":"Vereador abre caix\u00e3o lacrado com fac\u00e3o no Leste de Minas - Aconteceu no Vale","isPartOf":{"@id":"https:\/\/aconteceunovale.com.br\/portal\/#website"},"primaryImageOfPage":{"@id":"https:\/\/aconteceunovale.com.br\/portal\/?p=177912#primaryimage"},"image":{"@id":"https:\/\/aconteceunovale.com.br\/portal\/?p=177912#primaryimage"},"thumbnailUrl":"https:\/\/aconteceunovale.com.br\/portal\/wp-content\/uploads\/2021\/04\/vereador_caixao.jpg","datePublished":"2021-04-27T23:13:10+00:00","dateModified":"2021-04-27T23:17:20+00:00","author":{"@id":"https:\/\/aconteceunovale.com.br\/portal\/#\/schema\/person\/7d2f26d1483f8a63de73da1ee0754d35"},"breadcrumb":{"@id":"https:\/\/aconteceunovale.com.br\/portal\/?p=177912#breadcrumb"},"inLanguage":"pt-BR","potentialAction":[{"@type":"ReadAction","target":["https:\/\/aconteceunovale.com.br\/portal\/?p=177912"]}]},{"@type":"ImageObject","inLanguage":"pt-BR","@id":"https:\/\/aconteceunovale.com.br\/portal\/?p=177912#primaryimage","url":"https:\/\/aconteceunovale.com.br\/portal\/wp-content\/uploads\/2021\/04\/vereador_caixao.jpg","contentUrl":"https:\/\/aconteceunovale.com.br\/portal\/wp-content\/uploads\/2021\/04\/vereador_caixao.jpg","width":831,"height":554},{"@type":"BreadcrumbList","@id":"https:\/\/aconteceunovale.com.br\/portal\/?p=177912#breadcrumb","itemListElement":[{"@type":"ListItem","position":1,"name":"In\u00edcio","item":"https:\/\/aconteceunovale.com.br\/portal\/"},{"@type":"ListItem","position":2,"name":"Vereador abre caix\u00e3o lacrado com fac\u00e3o no Leste de Minas"}]},{"@type":"WebSite","@id":"https:\/\/aconteceunovale.com.br\/portal\/#website","url":"https:\/\/aconteceunovale.com.br\/portal\/","name":"Aconteceu no Vale","description":"Portal de Not\u00edcias","potentialAction":[{"@type":"SearchAction","target":{"@type":"EntryPoint","urlTemplate":"https:\/\/aconteceunovale.com.br\/portal\/?s={search_term_string}"},"query-input":{"@type":"PropertyValueSpecification","valueRequired":true,"valueName":"search_term_string"}}],"inLanguage":"pt-BR"},{"@type":"Person","@id":"https:\/\/aconteceunovale.com.br\/portal\/#\/schema\/person\/7d2f26d1483f8a63de73da1ee0754d35","name":"Reda\u00e7\u00e3o Aconteceu no Vale","description":"Equipe de reportagem do Aconteceu no Vale, portal de not\u00edcias do Vale do Jequitinhonha, em Minas Gerais. Cobrimos as 51 cidades do Vale desde 2013. Sugest\u00f5es de pauta e pedidos de corre\u00e7\u00e3o: contato@aconteceunovale.com.br","url":"https:\/\/aconteceunovale.com.br\/portal\/?author=4"}]}},"_links":{"self":[{"href":"https:\/\/aconteceunovale.com.br\/portal\/index.php?rest_route=\/wp\/v2\/posts\/177912","targetHints":{"allow":["GET"]}}],"collection":[{"href":"https:\/\/aconteceunovale.com.br\/portal\/index.php?rest_route=\/wp\/v2\/posts"}],"about":[{"href":"https:\/\/aconteceunovale.com.br\/portal\/index.php?rest_route=\/wp\/v2\/types\/post"}],"author":[{"embeddable":true,"href":"https:\/\/aconteceunovale.com.br\/portal\/index.php?rest_route=\/wp\/v2\/users\/4"}],"replies":[{"embeddable":true,"href":"https:\/\/aconteceunovale.com.br\/portal\/index.php?rest_route=%2Fwp%2Fv2%2Fcomments&post=177912"}],"version-history":[{"count":1,"href":"https:\/\/aconteceunovale.com.br\/portal\/index.php?rest_route=\/wp\/v2\/posts\/177912\/revisions"}],"predecessor-version":[{"id":177915,"href":"https:\/\/aconteceunovale.com.br\/portal\/index.php?rest_route=\/wp\/v2\/posts\/177912\/revisions\/177915"}],"wp:featuredmedia":[{"embeddable":true,"href":"https:\/\/aconteceunovale.com.br\/portal\/index.php?rest_route=\/wp\/v2\/media\/177913"}],"wp:attachment":[{"href":"https:\/\/aconteceunovale.com.br\/portal\/index.php?rest_route=%2Fwp%2Fv2%2Fmedia&parent=177912"}],"wp:term":[{"taxonomy":"category","embeddable":true,"href":"https:\/\/aconteceunovale.com.br\/portal\/index.php?rest_route=%2Fwp%2Fv2%2Fcategories&post=177912"},{"taxonomy":"post_tag","embeddable":true,"href":"https:\/\/aconteceunovale.com.br\/portal\/index.php?rest_route=%2Fwp%2Fv2%2Ftags&post=177912"}],"curies":[{"name":"wp","href":"https:\/\/api.w.org\/{rel}","templated":true}]}}