{"id":177907,"date":"2021-04-27T19:44:32","date_gmt":"2021-04-27T22:44:32","guid":{"rendered":"https:\/\/aconteceunovale.com.br\/portal\/?p=177907"},"modified":"2021-04-27T19:49:07","modified_gmt":"2021-04-27T22:49:07","slug":"presidente-veta-recurso-para-pavimentacao-de-trecho-da-br-367","status":"publish","type":"post","link":"https:\/\/aconteceunovale.com.br\/portal\/?p=177907","title":{"rendered":"Presidente veta recurso para pavimenta\u00e7\u00e3o de trecho da BR-367"},"content":{"rendered":"\n<p class=\"wp-block-paragraph\">Apenas quatro meses ap\u00f3s o presidente Jair Bolsonaro (sem partido) ter lan\u00e7ado a pedra fundamental para a pavimenta\u00e7\u00e3o da BR\u2013367, entre Salto da Divisa e Jacinto, no Vale do Jequitinhonha, ele mesmo vetou os investimentos previstos no Or\u00e7amento deste ano para a rodovia.<\/p>\n\n\n\n<figure class=\"wp-block-gallery columns-1 is-cropped wp-block-gallery-1 is-layout-flex wp-block-gallery-is-layout-flex\"><ul class=\"blocks-gallery-grid\"><li class=\"blocks-gallery-item\"><figure><img loading=\"lazy\" decoding=\"async\" width=\"648\" height=\"432\" src=\"https:\/\/aconteceunovale.com.br\/portal\/wp-content\/uploads\/2021\/04\/367_terra.jpeg\" alt=\"\" data-id=\"177908\" data-full-url=\"https:\/\/aconteceunovale.com.br\/portal\/wp-content\/uploads\/2021\/04\/367_terra.jpeg\" data-link=\"https:\/\/aconteceunovale.com.br\/portal\/?attachment_id=177908\" class=\"wp-image-177908\" srcset=\"https:\/\/aconteceunovale.com.br\/portal\/wp-content\/uploads\/2021\/04\/367_terra.jpeg 648w, https:\/\/aconteceunovale.com.br\/portal\/wp-content\/uploads\/2021\/04\/367_terra-300x200.jpeg 300w, https:\/\/aconteceunovale.com.br\/portal\/wp-content\/uploads\/2021\/04\/367_terra-630x420.jpeg 630w\" sizes=\"auto, (max-width: 648px) 100vw, 648px\" \/><figcaption class=\"blocks-gallery-item__caption\"><em>Trecho da BR-367, no Vale do Jequitinhonha (Foto: DNIT \/ Divulga\u00e7\u00e3o)<\/em><\/figcaption><\/figure><\/li><\/ul><\/figure>\n\n\n\n<p class=\"wp-block-paragraph\">A decis\u00e3o, publicada no \u201cDi\u00e1rio Oficial da Uni\u00e3o\u201d da semana passada, caiu como um balde de \u00e1gua fria para milhares de motoristas que trafegam pelo trecho de mais de 60 km de terra batida em uma das regi\u00f5es mais pobres de Minas Gerais.<\/p>\n\n\n\n<p class=\"wp-block-paragraph\">Parlamentares mineiros cobram do governo uma nova fonte de recurso para a obra e prometem at\u00e9 mesmo uma articula\u00e7\u00e3o para derrubar o veto presidencial no Congresso.&nbsp;<\/p>\n\n\n\n<p class=\"wp-block-paragraph\">Em dezembro, Bolsonaro esteve em Jacinto, munic\u00edpio de 13 mil habitantes que fica pr\u00f3ximo da divisa com a Bahia, ao lado de duas dezenas de pol\u00edticos mineiros, para <a href=\"https:\/\/aconteceunovale.com.br\/portal\/?p=170965\" target=\"_blank\" rel=\"noreferrer noopener\">anunciar que o asfalto aguardado h\u00e1 mais de 50 anos chegaria \u00e0 BR-367<\/a>.<\/p>\n\n\n\n<p class=\"wp-block-paragraph\">A promessa do governo era investir R$ 157 milh\u00f5es para pavimentar o trecho que vai at\u00e9 Salto da Divisa e tem grande movimento de carros e caminh\u00f5es (principalmente os que transportam madeira de eucalipto). A previs\u00e3o do governo era que a obra durasse dois anos e fosse finalizada ainda em 2022.<\/p>\n\n\n\n<p class=\"wp-block-paragraph\"><em>\u201cEssa obra chega em boa hora, h\u00e1 muito ela foi prometida e, lamentavelmente, a obra n\u00e3o chegou aqui. E agora vai chegar em nosso governo. Importante concluir obras e fazer aquelas que podemos concluir ao longo do nosso mandato, n\u00e3o deixar para depois\u201d<\/em>, afirmou Bolsonaro em dezembro do ano passado.&nbsp;<\/p>\n\n\n\n<h2 class=\"wp-block-heading\"><strong>Atrasos<\/strong><\/h2>\n\n\n\n<p class=\"wp-block-paragraph\">A pavimenta\u00e7\u00e3o da BR-367 foi prometida pela primeira vez pelo ent\u00e3o presidente Luiz In\u00e1cio Lula (PT), em 2010. A obra chegou a ser inclu\u00edda no Programa de Acelera\u00e7\u00e3o do Crescimento (PAC), e os projetos come\u00e7aram a ser executados.<\/p>\n\n\n\n<p class=\"wp-block-paragraph\">No entanto, bloqueios de verbas no Or\u00e7amento e problemas com a libera\u00e7\u00e3o de licen\u00e7as ambientais foram adiando a chegada do asfalto por mais de uma d\u00e9cada. At\u00e9 hoje, os motoristas que passam pelo trecho enfrentam uma rodovia em p\u00e9ssimas condi\u00e7\u00f5es, de terra batida e esburacada. Em per\u00edodo chuvoso, o trecho fica praticamente invi\u00e1vel.<\/p>\n\n\n\n<p class=\"wp-block-paragraph\">Insatisfeitos com o veto presidencial, deputados mineiros falam de uma mobiliza\u00e7\u00e3o para derrubar o veto e voltar a incluir os recursos da obra no Or\u00e7amento.<\/p>\n\n\n\n<p class=\"wp-block-paragraph\"><em>\u201cEssa informa\u00e7\u00e3o chegou h\u00e1 pouco tempo para a gente. Estamos avaliando e buscando resposta. J\u00e1 pedi audi\u00eancia no Minist\u00e9rio (da Infraestrutura) para saber se o governo vai proceder com esse veto. Se proceder, n\u00e3o tem outro caminho que n\u00e3o seja derrub\u00e1-lo. N\u00e3o vamos abrir m\u00e3o dessa obra, ela \u00e9 important\u00edssima. Passei 26 anos rodando nessa estrada, sei como \u00e9 sofrido\u201d<\/em>, afirma o deputado Igor Timo (Podemos).&nbsp;<\/p>\n\n\n\n<p class=\"wp-block-paragraph\"><em>\u201cA promessa que ouvimos foi que a obra seria entregue at\u00e9 o final do ano que vem. Esperamos que ela seja cumprida e que os recursos sejam descontingenciados. Minas tem sido sempre muito prejudicada com esses bloqueios no Or\u00e7amento\u201d<\/em>, avalia o deputado F\u00e1bio Ramalho (MDB). Segundo ele, uma das op\u00e7\u00f5es, caso o recurso n\u00e3o seja liberado, \u00e9 partir para a derrubada do veto de Bolsonaro.&nbsp;<\/p>\n\n\n\n<h2 class=\"wp-block-heading\"><strong>Prioridades<\/strong><\/h2>\n\n\n\n<p class=\"wp-block-paragraph\">A reportagem procurou o Minist\u00e9rio da Infraestrutura para saber, ap\u00f3s os vetos no Or\u00e7amento, se o governo federal pretende destinar algum recurso para a pavimenta\u00e7\u00e3o da BR-367, mas a pasta n\u00e3o informou sobre valores ou previs\u00e3o de aditivos.&nbsp;<\/p>\n\n\n\n<p class=\"wp-block-paragraph\"><em>\u201cNum cen\u00e1rio de restri\u00e7\u00f5es or\u00e7ament\u00e1rias, o minist\u00e9rio est\u00e1 atualizando sua planilha de investimentos considerando duas premissas: obras priorit\u00e1rias, em fun\u00e7\u00e3o do seu impacto social e econ\u00f4mico; e a conclus\u00e3o de obras iniciadas. Estamos empenhados em garantir a infraestrutura, mesmo com o contingenciamento sofrido, e n\u00e3o conseguimos precisar os impactos nas obras no momento\u201d<\/em>, diz a pasta.<\/p>\n\n\n\n<p class=\"wp-block-paragraph\">&#8212;&#8212;&#8212;&#8212;&#8212;&#8212;<br><em>Quer receber as not\u00edcias do <strong>Aconteceu no Vale<\/strong> em primeira m\u00e3o? Siga-nos no Facebook <a rel=\"noreferrer noopener\" href=\"http:\/\/facebook.com\/aconteceunovale\" target=\"_blank\">@aconteceunovale<\/a>, Twitter <a rel=\"noreferrer noopener\" href=\"https:\/\/twitter.com\/noticiadosvales\" target=\"_blank\">@noticiadosvales<\/a> e Instagram <a rel=\"noreferrer noopener\" href=\"https:\/\/www.instagram.com\/aconteceunovale\" target=\"_blank\">@aconteceunovale<\/a>.<\/em><\/p>\n","protected":false},"excerpt":{"rendered":"<p>Apenas quatro meses ap\u00f3s o presidente Jair Bolsonaro (sem partido) ter lan\u00e7ado a pedra fundamental para a pavimenta\u00e7\u00e3o da BR\u2013367, entre Salto da Divisa e Jacinto, no Vale do Jequitinhonha, ele mesmo vetou os investimentos previstos no Or\u00e7amento deste ano para a rodovia. A decis\u00e3o, publicada no \u201cDi\u00e1rio Oficial da Uni\u00e3o\u201d da semana passada, caiu [&hellip;]<\/p>\n","protected":false},"author":4,"featured_media":177908,"comment_status":"open","ping_status":"closed","sticky":false,"template":"","format":"standard","meta":{"amp_status":"","footnotes":""},"categories":[120],"tags":[142,223917,100375,232767,232769,2016,1018,408,26436,232768,244249,232770,223918,223919,14965,223921,223920,232823,232822,244250,244251,244252,178207,232766,409,244253,181383,232765],"class_list":["post-177907","post","type-post","status-publish","format-standard","has-post-thumbnail","hentry","category-jequi","tag-almenara","tag-assinada-ordem-de-servico-para-pavimentacao-de-trecho-da-br-367","tag-bolsonaro","tag-bolsonaro-em-jacinto","tag-bolsonaro-no-vale-do-jequitinhonha","tag-br-367","tag-destaque","tag-jacinto","tag-jair-bolsonaro","tag-jair-bolsonaro-em-jacinto","tag-jair-bolsonaro-veta-recurso-para-pavimentacao-de-trecho-da-br-367","tag-obra-na-br-367","tag-ordem-de-servico-br-367","tag-ordem-de-servico-para-pavimentacao-de-trecho-da-br-367","tag-pavimentacao-da-br-367","tag-pavimentacao-da-br-367-entre-almenara-e-salto-da-divisa","tag-pavimentacao-de-trecho-da-br-367","tag-pedra-fundamental-para-pavimentacao-da-br-367","tag-presidente-lanca-pedra-fundamental-de-trecho-da-br-367","tag-presidente-veta-recurso-para-pavimentacao-de-trecho-da-br-367","tag-recurso-para-pavimentacao-da-br-367","tag-recurso-para-pavimentacao-de-trecho-da-br-367","tag-romeu-zema","tag-romeu-zema-em-jacinto","tag-salto-da-divisa","tag-verba-para-pavimentacao-de-trecho-da-br-367","tag-zema","tag-zema-e-bolsonaro-vem-ao-vale-do-jequitinhonha-para-anunciar-obra-na-br-367"],"yoast_head":"<!-- This site is optimized with the Yoast SEO plugin v28.3 - https:\/\/yoast.com\/product\/yoast-seo-wordpress\/ -->\n<title>Presidente veta recurso para pavimenta\u00e7\u00e3o de trecho da BR-367 - Aconteceu no Vale<\/title>\n<meta name=\"robots\" content=\"index, follow, max-snippet:-1, max-image-preview:large, max-video-preview:-1\" \/>\n<link rel=\"canonical\" href=\"https:\/\/aconteceunovale.com.br\/portal\/?p=177907\" \/>\n<meta property=\"og:locale\" content=\"pt_BR\" \/>\n<meta property=\"og:type\" content=\"article\" \/>\n<meta property=\"og:title\" content=\"Presidente veta recurso para pavimenta\u00e7\u00e3o de trecho da BR-367 - Aconteceu no Vale\" \/>\n<meta property=\"og:description\" content=\"Apenas quatro meses ap\u00f3s o presidente Jair Bolsonaro (sem partido) ter lan\u00e7ado a pedra fundamental para a pavimenta\u00e7\u00e3o da BR\u2013367, entre Salto da Divisa e Jacinto, no Vale do Jequitinhonha, ele mesmo vetou os investimentos previstos no Or\u00e7amento deste ano para a rodovia. A decis\u00e3o, publicada no \u201cDi\u00e1rio Oficial da Uni\u00e3o\u201d da semana passada, caiu [&hellip;]\" \/>\n<meta property=\"og:url\" content=\"https:\/\/aconteceunovale.com.br\/portal\/?p=177907\" \/>\n<meta property=\"og:site_name\" content=\"Aconteceu no Vale\" \/>\n<meta property=\"article:publisher\" content=\"https:\/\/www.facebook.com\/aconteceunovale\/\" \/>\n<meta property=\"article:published_time\" content=\"2021-04-27T22:44:32+00:00\" \/>\n<meta property=\"article:modified_time\" content=\"2021-04-27T22:49:07+00:00\" \/>\n<meta property=\"og:image\" content=\"https:\/\/aconteceunovale.com.br\/portal\/wp-content\/uploads\/2021\/04\/367_terra.jpeg\" \/>\n\t<meta property=\"og:image:width\" content=\"648\" \/>\n\t<meta property=\"og:image:height\" content=\"432\" \/>\n\t<meta property=\"og:image:type\" content=\"image\/jpeg\" \/>\n<meta name=\"author\" content=\"Reda\u00e7\u00e3o Aconteceu no Vale\" \/>\n<meta name=\"twitter:card\" content=\"summary_large_image\" \/>\n<meta name=\"twitter:creator\" content=\"@noticiadosvales\" \/>\n<meta name=\"twitter:site\" content=\"@noticiadosvales\" \/>\n<meta name=\"twitter:label1\" content=\"Escrito por\" \/>\n\t<meta name=\"twitter:data1\" content=\"Reda\u00e7\u00e3o Aconteceu no Vale\" \/>\n\t<meta name=\"twitter:label2\" content=\"Est. tempo de leitura\" \/>\n\t<meta name=\"twitter:data2\" content=\"3 minutos\" \/>\n<script type=\"application\/ld+json\" class=\"yoast-schema-graph\">{\"@context\":\"https:\\\/\\\/schema.org\",\"@graph\":[{\"@type\":\"Article\",\"@id\":\"https:\\\/\\\/aconteceunovale.com.br\\\/portal\\\/?p=177907#article\",\"isPartOf\":{\"@id\":\"https:\\\/\\\/aconteceunovale.com.br\\\/portal\\\/?p=177907\"},\"author\":{\"name\":\"Reda\u00e7\u00e3o Aconteceu no Vale\",\"@id\":\"https:\\\/\\\/aconteceunovale.com.br\\\/portal\\\/#\\\/schema\\\/person\\\/7d2f26d1483f8a63de73da1ee0754d35\"},\"headline\":\"Presidente veta recurso para pavimenta\u00e7\u00e3o de trecho da BR-367\",\"datePublished\":\"2021-04-27T22:44:32+00:00\",\"dateModified\":\"2021-04-27T22:49:07+00:00\",\"mainEntityOfPage\":{\"@id\":\"https:\\\/\\\/aconteceunovale.com.br\\\/portal\\\/?p=177907\"},\"wordCount\":697,\"commentCount\":1,\"image\":{\"@id\":\"https:\\\/\\\/aconteceunovale.com.br\\\/portal\\\/?p=177907#primaryimage\"},\"thumbnailUrl\":\"https:\\\/\\\/aconteceunovale.com.br\\\/portal\\\/wp-content\\\/uploads\\\/2021\\\/04\\\/367_terra.jpeg\",\"keywords\":[\"Almenara\",\"Assinada ordem de servi\u00e7o para pavimenta\u00e7\u00e3o de trecho da BR-367\",\"Bolsonaro\",\"Bolsonaro em Jacinto\",\"Bolsonaro no Vale do Jequitinhonha\",\"br-367\",\"destaque\",\"Jacinto\",\"Jair Bolsonaro\",\"Jair Bolsonaro em Jacinto\",\"Jair Bolsonaro veta recurso para pavimenta\u00e7\u00e3o de trecho da BR-367\",\"Obra na BR-367\",\"Ordem de servi\u00e7o BR-367\",\"Ordem de servi\u00e7o para pavimenta\u00e7\u00e3o de trecho da BR-367\",\"pavimenta\u00e7\u00e3o da BR-367\",\"Pavimenta\u00e7\u00e3o da BR-367 entre Almenara e Salto da Divisa\",\"Pavimenta\u00e7\u00e3o de trecho da BR-367\",\"Pedra fundamental para pavimenta\u00e7\u00e3o da BR-367\",\"Presidente lan\u00e7a pedra fundamental de trecho da BR-367\",\"Presidente veta recurso para pavimenta\u00e7\u00e3o de trecho da BR-367\",\"Recurso para pavimenta\u00e7\u00e3o da BR-367\",\"Recurso para pavimenta\u00e7\u00e3o de trecho da BR-367\",\"Romeu Zema\",\"Romeu Zema em Jacinto\",\"Salto da Divisa\",\"Verba para pavimenta\u00e7\u00e3o de trecho da BR-367\",\"Zema\",\"Zema e Bolsonaro v\u00eam ao Vale do Jequitinhonha para anunciar obra na BR-367\"],\"articleSection\":[\"Vale do Jequitinhonha\"],\"inLanguage\":\"pt-BR\",\"potentialAction\":[{\"@type\":\"CommentAction\",\"name\":\"Comment\",\"target\":[\"https:\\\/\\\/aconteceunovale.com.br\\\/portal\\\/?p=177907#respond\"]}]},{\"@type\":\"WebPage\",\"@id\":\"https:\\\/\\\/aconteceunovale.com.br\\\/portal\\\/?p=177907\",\"url\":\"https:\\\/\\\/aconteceunovale.com.br\\\/portal\\\/?p=177907\",\"name\":\"Presidente veta recurso para pavimenta\u00e7\u00e3o de trecho da BR-367 - Aconteceu no Vale\",\"isPartOf\":{\"@id\":\"https:\\\/\\\/aconteceunovale.com.br\\\/portal\\\/#website\"},\"primaryImageOfPage\":{\"@id\":\"https:\\\/\\\/aconteceunovale.com.br\\\/portal\\\/?p=177907#primaryimage\"},\"image\":{\"@id\":\"https:\\\/\\\/aconteceunovale.com.br\\\/portal\\\/?p=177907#primaryimage\"},\"thumbnailUrl\":\"https:\\\/\\\/aconteceunovale.com.br\\\/portal\\\/wp-content\\\/uploads\\\/2021\\\/04\\\/367_terra.jpeg\",\"datePublished\":\"2021-04-27T22:44:32+00:00\",\"dateModified\":\"2021-04-27T22:49:07+00:00\",\"author\":{\"@id\":\"https:\\\/\\\/aconteceunovale.com.br\\\/portal\\\/#\\\/schema\\\/person\\\/7d2f26d1483f8a63de73da1ee0754d35\"},\"breadcrumb\":{\"@id\":\"https:\\\/\\\/aconteceunovale.com.br\\\/portal\\\/?p=177907#breadcrumb\"},\"inLanguage\":\"pt-BR\",\"potentialAction\":[{\"@type\":\"ReadAction\",\"target\":[\"https:\\\/\\\/aconteceunovale.com.br\\\/portal\\\/?p=177907\"]}]},{\"@type\":\"ImageObject\",\"inLanguage\":\"pt-BR\",\"@id\":\"https:\\\/\\\/aconteceunovale.com.br\\\/portal\\\/?p=177907#primaryimage\",\"url\":\"https:\\\/\\\/aconteceunovale.com.br\\\/portal\\\/wp-content\\\/uploads\\\/2021\\\/04\\\/367_terra.jpeg\",\"contentUrl\":\"https:\\\/\\\/aconteceunovale.com.br\\\/portal\\\/wp-content\\\/uploads\\\/2021\\\/04\\\/367_terra.jpeg\",\"width\":648,\"height\":432},{\"@type\":\"BreadcrumbList\",\"@id\":\"https:\\\/\\\/aconteceunovale.com.br\\\/portal\\\/?p=177907#breadcrumb\",\"itemListElement\":[{\"@type\":\"ListItem\",\"position\":1,\"name\":\"In\u00edcio\",\"item\":\"https:\\\/\\\/aconteceunovale.com.br\\\/portal\\\/\"},{\"@type\":\"ListItem\",\"position\":2,\"name\":\"Presidente veta recurso para pavimenta\u00e7\u00e3o de trecho da BR-367\"}]},{\"@type\":\"WebSite\",\"@id\":\"https:\\\/\\\/aconteceunovale.com.br\\\/portal\\\/#website\",\"url\":\"https:\\\/\\\/aconteceunovale.com.br\\\/portal\\\/\",\"name\":\"Aconteceu no Vale\",\"description\":\"Portal de Not\u00edcias\",\"potentialAction\":[{\"@type\":\"SearchAction\",\"target\":{\"@type\":\"EntryPoint\",\"urlTemplate\":\"https:\\\/\\\/aconteceunovale.com.br\\\/portal\\\/?s={search_term_string}\"},\"query-input\":{\"@type\":\"PropertyValueSpecification\",\"valueRequired\":true,\"valueName\":\"search_term_string\"}}],\"inLanguage\":\"pt-BR\"},{\"@type\":\"Person\",\"@id\":\"https:\\\/\\\/aconteceunovale.com.br\\\/portal\\\/#\\\/schema\\\/person\\\/7d2f26d1483f8a63de73da1ee0754d35\",\"name\":\"Reda\u00e7\u00e3o Aconteceu no Vale\",\"description\":\"Equipe de reportagem do Aconteceu no Vale, portal de not\u00edcias do Vale do Jequitinhonha, em Minas Gerais. Cobrimos as 51 cidades do Vale desde 2013. Sugest\u00f5es de pauta e pedidos de corre\u00e7\u00e3o: contato@aconteceunovale.com.br\",\"url\":\"https:\\\/\\\/aconteceunovale.com.br\\\/portal\\\/?author=4\"}]}<\/script>\n<!-- \/ Yoast SEO plugin. -->","yoast_head_json":{"title":"Presidente veta recurso para pavimenta\u00e7\u00e3o de trecho da BR-367 - Aconteceu no Vale","robots":{"index":"index","follow":"follow","max-snippet":"max-snippet:-1","max-image-preview":"max-image-preview:large","max-video-preview":"max-video-preview:-1"},"canonical":"https:\/\/aconteceunovale.com.br\/portal\/?p=177907","og_locale":"pt_BR","og_type":"article","og_title":"Presidente veta recurso para pavimenta\u00e7\u00e3o de trecho da BR-367 - Aconteceu no Vale","og_description":"Apenas quatro meses ap\u00f3s o presidente Jair Bolsonaro (sem partido) ter lan\u00e7ado a pedra fundamental para a pavimenta\u00e7\u00e3o da BR\u2013367, entre Salto da Divisa e Jacinto, no Vale do Jequitinhonha, ele mesmo vetou os investimentos previstos no Or\u00e7amento deste ano para a rodovia. A decis\u00e3o, publicada no \u201cDi\u00e1rio Oficial da Uni\u00e3o\u201d da semana passada, caiu [&hellip;]","og_url":"https:\/\/aconteceunovale.com.br\/portal\/?p=177907","og_site_name":"Aconteceu no Vale","article_publisher":"https:\/\/www.facebook.com\/aconteceunovale\/","article_published_time":"2021-04-27T22:44:32+00:00","article_modified_time":"2021-04-27T22:49:07+00:00","og_image":[{"width":648,"height":432,"url":"https:\/\/aconteceunovale.com.br\/portal\/wp-content\/uploads\/2021\/04\/367_terra.jpeg","type":"image\/jpeg"}],"author":"Reda\u00e7\u00e3o Aconteceu no Vale","twitter_card":"summary_large_image","twitter_creator":"@noticiadosvales","twitter_site":"@noticiadosvales","twitter_misc":{"Escrito por":"Reda\u00e7\u00e3o Aconteceu no Vale","Est. tempo de leitura":"3 minutos"},"schema":{"@context":"https:\/\/schema.org","@graph":[{"@type":"Article","@id":"https:\/\/aconteceunovale.com.br\/portal\/?p=177907#article","isPartOf":{"@id":"https:\/\/aconteceunovale.com.br\/portal\/?p=177907"},"author":{"name":"Reda\u00e7\u00e3o Aconteceu no Vale","@id":"https:\/\/aconteceunovale.com.br\/portal\/#\/schema\/person\/7d2f26d1483f8a63de73da1ee0754d35"},"headline":"Presidente veta recurso para pavimenta\u00e7\u00e3o de trecho da BR-367","datePublished":"2021-04-27T22:44:32+00:00","dateModified":"2021-04-27T22:49:07+00:00","mainEntityOfPage":{"@id":"https:\/\/aconteceunovale.com.br\/portal\/?p=177907"},"wordCount":697,"commentCount":1,"image":{"@id":"https:\/\/aconteceunovale.com.br\/portal\/?p=177907#primaryimage"},"thumbnailUrl":"https:\/\/aconteceunovale.com.br\/portal\/wp-content\/uploads\/2021\/04\/367_terra.jpeg","keywords":["Almenara","Assinada ordem de servi\u00e7o para pavimenta\u00e7\u00e3o de trecho da BR-367","Bolsonaro","Bolsonaro em Jacinto","Bolsonaro no Vale do Jequitinhonha","br-367","destaque","Jacinto","Jair Bolsonaro","Jair Bolsonaro em Jacinto","Jair Bolsonaro veta recurso para pavimenta\u00e7\u00e3o de trecho da BR-367","Obra na BR-367","Ordem de servi\u00e7o BR-367","Ordem de servi\u00e7o para pavimenta\u00e7\u00e3o de trecho da BR-367","pavimenta\u00e7\u00e3o da BR-367","Pavimenta\u00e7\u00e3o da BR-367 entre Almenara e Salto da Divisa","Pavimenta\u00e7\u00e3o de trecho da BR-367","Pedra fundamental para pavimenta\u00e7\u00e3o da BR-367","Presidente lan\u00e7a pedra fundamental de trecho da BR-367","Presidente veta recurso para pavimenta\u00e7\u00e3o de trecho da BR-367","Recurso para pavimenta\u00e7\u00e3o da BR-367","Recurso para pavimenta\u00e7\u00e3o de trecho da BR-367","Romeu Zema","Romeu Zema em Jacinto","Salto da Divisa","Verba para pavimenta\u00e7\u00e3o de trecho da BR-367","Zema","Zema e Bolsonaro v\u00eam ao Vale do Jequitinhonha para anunciar obra na BR-367"],"articleSection":["Vale do Jequitinhonha"],"inLanguage":"pt-BR","potentialAction":[{"@type":"CommentAction","name":"Comment","target":["https:\/\/aconteceunovale.com.br\/portal\/?p=177907#respond"]}]},{"@type":"WebPage","@id":"https:\/\/aconteceunovale.com.br\/portal\/?p=177907","url":"https:\/\/aconteceunovale.com.br\/portal\/?p=177907","name":"Presidente veta recurso para pavimenta\u00e7\u00e3o de trecho da BR-367 - Aconteceu no Vale","isPartOf":{"@id":"https:\/\/aconteceunovale.com.br\/portal\/#website"},"primaryImageOfPage":{"@id":"https:\/\/aconteceunovale.com.br\/portal\/?p=177907#primaryimage"},"image":{"@id":"https:\/\/aconteceunovale.com.br\/portal\/?p=177907#primaryimage"},"thumbnailUrl":"https:\/\/aconteceunovale.com.br\/portal\/wp-content\/uploads\/2021\/04\/367_terra.jpeg","datePublished":"2021-04-27T22:44:32+00:00","dateModified":"2021-04-27T22:49:07+00:00","author":{"@id":"https:\/\/aconteceunovale.com.br\/portal\/#\/schema\/person\/7d2f26d1483f8a63de73da1ee0754d35"},"breadcrumb":{"@id":"https:\/\/aconteceunovale.com.br\/portal\/?p=177907#breadcrumb"},"inLanguage":"pt-BR","potentialAction":[{"@type":"ReadAction","target":["https:\/\/aconteceunovale.com.br\/portal\/?p=177907"]}]},{"@type":"ImageObject","inLanguage":"pt-BR","@id":"https:\/\/aconteceunovale.com.br\/portal\/?p=177907#primaryimage","url":"https:\/\/aconteceunovale.com.br\/portal\/wp-content\/uploads\/2021\/04\/367_terra.jpeg","contentUrl":"https:\/\/aconteceunovale.com.br\/portal\/wp-content\/uploads\/2021\/04\/367_terra.jpeg","width":648,"height":432},{"@type":"BreadcrumbList","@id":"https:\/\/aconteceunovale.com.br\/portal\/?p=177907#breadcrumb","itemListElement":[{"@type":"ListItem","position":1,"name":"In\u00edcio","item":"https:\/\/aconteceunovale.com.br\/portal\/"},{"@type":"ListItem","position":2,"name":"Presidente veta recurso para pavimenta\u00e7\u00e3o de trecho da BR-367"}]},{"@type":"WebSite","@id":"https:\/\/aconteceunovale.com.br\/portal\/#website","url":"https:\/\/aconteceunovale.com.br\/portal\/","name":"Aconteceu no Vale","description":"Portal de Not\u00edcias","potentialAction":[{"@type":"SearchAction","target":{"@type":"EntryPoint","urlTemplate":"https:\/\/aconteceunovale.com.br\/portal\/?s={search_term_string}"},"query-input":{"@type":"PropertyValueSpecification","valueRequired":true,"valueName":"search_term_string"}}],"inLanguage":"pt-BR"},{"@type":"Person","@id":"https:\/\/aconteceunovale.com.br\/portal\/#\/schema\/person\/7d2f26d1483f8a63de73da1ee0754d35","name":"Reda\u00e7\u00e3o Aconteceu no Vale","description":"Equipe de reportagem do Aconteceu no Vale, portal de not\u00edcias do Vale do Jequitinhonha, em Minas Gerais. Cobrimos as 51 cidades do Vale desde 2013. Sugest\u00f5es de pauta e pedidos de corre\u00e7\u00e3o: contato@aconteceunovale.com.br","url":"https:\/\/aconteceunovale.com.br\/portal\/?author=4"}]}},"_links":{"self":[{"href":"https:\/\/aconteceunovale.com.br\/portal\/index.php?rest_route=\/wp\/v2\/posts\/177907","targetHints":{"allow":["GET"]}}],"collection":[{"href":"https:\/\/aconteceunovale.com.br\/portal\/index.php?rest_route=\/wp\/v2\/posts"}],"about":[{"href":"https:\/\/aconteceunovale.com.br\/portal\/index.php?rest_route=\/wp\/v2\/types\/post"}],"author":[{"embeddable":true,"href":"https:\/\/aconteceunovale.com.br\/portal\/index.php?rest_route=\/wp\/v2\/users\/4"}],"replies":[{"embeddable":true,"href":"https:\/\/aconteceunovale.com.br\/portal\/index.php?rest_route=%2Fwp%2Fv2%2Fcomments&post=177907"}],"version-history":[{"count":2,"href":"https:\/\/aconteceunovale.com.br\/portal\/index.php?rest_route=\/wp\/v2\/posts\/177907\/revisions"}],"predecessor-version":[{"id":177911,"href":"https:\/\/aconteceunovale.com.br\/portal\/index.php?rest_route=\/wp\/v2\/posts\/177907\/revisions\/177911"}],"wp:featuredmedia":[{"embeddable":true,"href":"https:\/\/aconteceunovale.com.br\/portal\/index.php?rest_route=\/wp\/v2\/media\/177908"}],"wp:attachment":[{"href":"https:\/\/aconteceunovale.com.br\/portal\/index.php?rest_route=%2Fwp%2Fv2%2Fmedia&parent=177907"}],"wp:term":[{"taxonomy":"category","embeddable":true,"href":"https:\/\/aconteceunovale.com.br\/portal\/index.php?rest_route=%2Fwp%2Fv2%2Fcategories&post=177907"},{"taxonomy":"post_tag","embeddable":true,"href":"https:\/\/aconteceunovale.com.br\/portal\/index.php?rest_route=%2Fwp%2Fv2%2Ftags&post=177907"}],"curies":[{"name":"wp","href":"https:\/\/api.w.org\/{rel}","templated":true}]}}