{"id":177896,"date":"2021-04-27T16:15:08","date_gmt":"2021-04-27T19:15:08","guid":{"rendered":"https:\/\/aconteceunovale.com.br\/portal\/?p=177896"},"modified":"2021-04-27T16:16:32","modified_gmt":"2021-04-27T19:16:32","slug":"empresa-e-condenada-em-r-400-mil-por-assedio-moral-em-governador-valadares","status":"publish","type":"post","link":"https:\/\/aconteceunovale.com.br\/portal\/?p=177896","title":{"rendered":"Empresa \u00e9 condenada em R$ 400 mil por ass\u00e9dio moral em Governador Valadares"},"content":{"rendered":"\n<p class=\"wp-block-paragraph\"><em>&#8220;Suprimir a pr\u00e1tica de qualquer conduta caracterizadora de ass\u00e9dio moral em face dos funcion\u00e1rios&#8221;<\/em>. Essa \u00e9 a principal obriga\u00e7\u00e3o imposta a todas as unidades das Lojas Americanas que funcionam na cidade de Governador Valadares, no Leste do Estado, em senten\u00e7a obtida em a\u00e7\u00e3o civil p\u00fablica pelo Minist\u00e9rio P\u00fablico do Trabalho (MPT-MG). A empresa tamb\u00e9m foi condenada ao pagamento de indeniza\u00e7\u00e3o no valor de R$ 400 mil, a t\u00edtulo de repara\u00e7\u00e3o pelo dano causado aos empregados submetidos a situa\u00e7\u00f5es de constrangimento e humilha\u00e7\u00e3o.<\/p>\n\n\n\n<p class=\"wp-block-paragraph\"><em>&#8220;Em depoimentos concedidos ao longo da investiga\u00e7\u00e3o, diversos trabalhadores ouvidos pelo MPT relataram, de maneira cabal, a pr\u00e1tica indiscriminada de grav\u00edssimas ofensas \u00e0 dignidade humana, como tratamento desrespeitoso, inclusive com gritos e agress\u00f5es verbais, humilha\u00e7\u00e3o de funcion\u00e1rios na frente de colegas e clientes, press\u00e3o excessiva para atingimento de metas e cumprimento de tarefas, amea\u00e7as de demiss\u00e3o, desvaloriza\u00e7\u00e3o do trabalho, coa\u00e7\u00e3o para pr\u00e1tica de atos il\u00edcitos, vigil\u00e2ncia constante, proibi\u00e7\u00e3o de sa\u00edda para intervalos e ao final do expediente, entre outros\u201d<\/em>, revela o procurador respons\u00e1vel pelo caso, Fabr\u00edcio Borela Pena.<\/p>\n\n\n\n<p class=\"wp-block-paragraph\">A senten\u00e7a, proferida pela ju\u00edza Carla Cristina de Paula Gomes da 3\u00aa Vara do Trabalho do Trabalho de Governador Valadares, determinou a absten\u00e7\u00e3o, por parte da empresa e de seus prepostos, da pr\u00e1tica de qualquer conduta caracterizadora de ass\u00e9dio em face dos funcion\u00e1rios, dentre as quais: <em>&#8220;insultar, ridicularizar, inferiorizar e desestabilizar moral ou emocionalmente os trabalhadores; criticar ou tecer coment\u00e1rios que subestimem ou coloquem em d\u00favida, sem motivos, os esfor\u00e7os ou capacidade dos trabalhadores; adotar m\u00e9todos abusivos de gest\u00e3o, com pr\u00e1ticas de coa\u00e7\u00e3o moral e press\u00e3o psicol\u00f3gica para que os empregados cumpram as determina\u00e7\u00f5es dos superiores hier\u00e1rquicos mediante metas excessivas, ordens ilegais, injustas ou anti\u00e9ticas; e exigir o trabalho al\u00e9m dos limites legais da jornada, ou embara\u00e7ar o gozo dos per\u00edodos de descanso e alimenta\u00e7\u00e3o por parte dos empregados&#8221;.<\/em><\/p>\n\n\n\n<p class=\"wp-block-paragraph\">Al\u00e9m disso, as unidades da rede varejista na cidade t\u00eam o prazo m\u00e1ximo de 90 dias para instituir um programa de preven\u00e7\u00e3o, conscientiza\u00e7\u00e3o e combate ao ass\u00e9dio moral, bem como oferecer curso de gest\u00e3o de pessoas e m\u00e9todos de trabalho a todos os empregados que ocupem cargos de chefia e\/ou dire\u00e7\u00e3o, com o mesmo foco do programa. Ainda nos termos da decis\u00e3o, a empresa dever\u00e1<em> \u201cimplantar um sistema eficaz de apoio psicol\u00f3gico aos empregados, de f\u00e1cil acesso e garantindo-se, em qualquer caso, sigilo do(a) usu\u00e1rio\/paciente, dando ao instrumento ampla divulga\u00e7\u00e3o, no interior das ag\u00eancias situadas neste estado e por meio da entidade sindical\u201d<\/em>. Na hip\u00f3tese de descumprimento de uma destas tr\u00eas medidas, o empreendimento estar\u00e1 sujeito ao pagamento de R$ 50 mil a t\u00edtulo de multa.<br><br>O valor de R$ 400 mil relativo \u00e0 indeniza\u00e7\u00e3o por dano moral, segundo o MPT-MG, dever\u00e1 ser depositado em ju\u00edzo para ser revertido em benef\u00edcio da comunidade local ou ao Fundo de Amparo ao Trabalhador (FAT).<\/p>\n\n\n\n<p class=\"wp-block-paragraph\">O Aconteceu no Vale solicitou posicionamento da empresa e aguarda retorno.<\/p>\n\n\n\n<p class=\"wp-block-paragraph\">&#8212;&#8212;&#8212;&#8212;&#8212;&#8212;<br><em>Quer receber as not\u00edcias do <strong>Aconteceu no Vale<\/strong> em primeira m\u00e3o? Siga-nos no Facebook <a rel=\"noreferrer noopener\" href=\"http:\/\/facebook.com\/aconteceunovale\" target=\"_blank\">@aconteceunovale<\/a>, Twitter <a rel=\"noreferrer noopener\" href=\"https:\/\/twitter.com\/noticiadosvales\" target=\"_blank\">@noticiadosvales<\/a> e Instagram <a rel=\"noreferrer noopener\" href=\"https:\/\/www.instagram.com\/aconteceunovale\" target=\"_blank\">@aconteceunovale<\/a>.<\/em><\/p>\n","protected":false},"excerpt":{"rendered":"<p>&#8220;Suprimir a pr\u00e1tica de qualquer conduta caracterizadora de ass\u00e9dio moral em face dos funcion\u00e1rios&#8221;. Essa \u00e9 a principal obriga\u00e7\u00e3o imposta a todas as unidades das Lojas Americanas que funcionam na cidade de Governador Valadares, no Leste do Estado, em senten\u00e7a obtida em a\u00e7\u00e3o civil p\u00fablica pelo Minist\u00e9rio P\u00fablico do Trabalho (MPT-MG). A empresa tamb\u00e9m foi [&hellip;]<\/p>\n","protected":false},"author":4,"featured_media":164463,"comment_status":"open","ping_status":"closed","sticky":false,"template":"","format":"standard","meta":{"amp_status":"","footnotes":""},"categories":[40236,121],"tags":[244234,244236,244233,212701,247,244238,244235,152120,244237,244239],"class_list":["post-177896","post","type-post","status-publish","format-standard","has-post-thumbnail","hentry","category-empregos-2","category-leste","tag-assedio-moral-em-governador-valadares","tag-condenacao-das-lojas-americanas-em-governador-valadares","tag-empresa-e-condenada-em-r-400-mil-por-assedio-moral-em-governador-valadares","tag-fabricio-borela-pena","tag-governador-valadares","tag-juiza-carla-cristina-de-paula-gomes","tag-lojas-americanas-governador-valadares","tag-mpt-mg","tag-processo-contra-as-lojas-americanas-em-governador-valadares","tag-vara-do-trabalho-do-trabalho-de-governador-valadares"],"yoast_head":"<!-- This site is optimized with the Yoast SEO plugin v28.3 - https:\/\/yoast.com\/product\/yoast-seo-wordpress\/ -->\n<title>Empresa \u00e9 condenada em R$ 400 mil por ass\u00e9dio moral em Governador Valadares - Aconteceu no Vale<\/title>\n<meta name=\"robots\" content=\"index, follow, max-snippet:-1, max-image-preview:large, max-video-preview:-1\" \/>\n<link rel=\"canonical\" href=\"https:\/\/aconteceunovale.com.br\/portal\/?p=177896\" \/>\n<meta property=\"og:locale\" content=\"pt_BR\" \/>\n<meta property=\"og:type\" content=\"article\" \/>\n<meta property=\"og:title\" content=\"Empresa \u00e9 condenada em R$ 400 mil por ass\u00e9dio moral em Governador Valadares - Aconteceu no Vale\" \/>\n<meta property=\"og:description\" content=\"&#8220;Suprimir a pr\u00e1tica de qualquer conduta caracterizadora de ass\u00e9dio moral em face dos funcion\u00e1rios&#8221;. Essa \u00e9 a principal obriga\u00e7\u00e3o imposta a todas as unidades das Lojas Americanas que funcionam na cidade de Governador Valadares, no Leste do Estado, em senten\u00e7a obtida em a\u00e7\u00e3o civil p\u00fablica pelo Minist\u00e9rio P\u00fablico do Trabalho (MPT-MG). A empresa tamb\u00e9m foi [&hellip;]\" \/>\n<meta property=\"og:url\" content=\"https:\/\/aconteceunovale.com.br\/portal\/?p=177896\" \/>\n<meta property=\"og:site_name\" content=\"Aconteceu no Vale\" \/>\n<meta property=\"article:publisher\" content=\"https:\/\/www.facebook.com\/aconteceunovale\/\" \/>\n<meta property=\"article:published_time\" content=\"2021-04-27T19:15:08+00:00\" \/>\n<meta property=\"article:modified_time\" content=\"2021-04-27T19:16:32+00:00\" \/>\n<meta property=\"og:image\" content=\"https:\/\/aconteceunovale.com.br\/portal\/wp-content\/uploads\/2020\/06\/valadares_1.jpg\" \/>\n\t<meta property=\"og:image:width\" content=\"678\" \/>\n\t<meta property=\"og:image:height\" content=\"380\" \/>\n\t<meta property=\"og:image:type\" content=\"image\/jpeg\" \/>\n<meta name=\"author\" content=\"Reda\u00e7\u00e3o Aconteceu no Vale\" \/>\n<meta name=\"twitter:card\" content=\"summary_large_image\" \/>\n<meta name=\"twitter:creator\" content=\"@noticiadosvales\" \/>\n<meta name=\"twitter:site\" content=\"@noticiadosvales\" \/>\n<meta name=\"twitter:label1\" content=\"Escrito por\" \/>\n\t<meta name=\"twitter:data1\" content=\"Reda\u00e7\u00e3o Aconteceu no Vale\" \/>\n\t<meta name=\"twitter:label2\" content=\"Est. tempo de leitura\" \/>\n\t<meta name=\"twitter:data2\" content=\"3 minutos\" \/>\n<script type=\"application\/ld+json\" class=\"yoast-schema-graph\">{\"@context\":\"https:\\\/\\\/schema.org\",\"@graph\":[{\"@type\":\"Article\",\"@id\":\"https:\\\/\\\/aconteceunovale.com.br\\\/portal\\\/?p=177896#article\",\"isPartOf\":{\"@id\":\"https:\\\/\\\/aconteceunovale.com.br\\\/portal\\\/?p=177896\"},\"author\":{\"name\":\"Reda\u00e7\u00e3o Aconteceu no Vale\",\"@id\":\"https:\\\/\\\/aconteceunovale.com.br\\\/portal\\\/#\\\/schema\\\/person\\\/7d2f26d1483f8a63de73da1ee0754d35\"},\"headline\":\"Empresa \u00e9 condenada em R$ 400 mil por ass\u00e9dio moral em Governador Valadares\",\"datePublished\":\"2021-04-27T19:15:08+00:00\",\"dateModified\":\"2021-04-27T19:16:32+00:00\",\"mainEntityOfPage\":{\"@id\":\"https:\\\/\\\/aconteceunovale.com.br\\\/portal\\\/?p=177896\"},\"wordCount\":578,\"commentCount\":0,\"image\":{\"@id\":\"https:\\\/\\\/aconteceunovale.com.br\\\/portal\\\/?p=177896#primaryimage\"},\"thumbnailUrl\":\"https:\\\/\\\/aconteceunovale.com.br\\\/portal\\\/wp-content\\\/uploads\\\/2020\\\/06\\\/valadares_1.jpg\",\"keywords\":[\"Ass\u00e9dio moral em Governador Valadares\",\"Condena\u00e7\u00e3o das Lojas Americanas em Governador Valadares\",\"Empresa \u00e9 condenada em R$ 400 mil por ass\u00e9dio moral em Governador Valadares\",\"Fabr\u00edcio Borela Pena\",\"Governador Valadares\",\"Ju\u00edza Carla Cristina de Paula Gomes\",\"Lojas Americanas Governador Valadares\",\"MPT-MG\",\"Processo contra as Lojas Americanas em Governador Valadares\",\"Vara do Trabalho do Trabalho de Governador Valadares\"],\"articleSection\":[\"Empregos\",\"Leste de Minas\"],\"inLanguage\":\"pt-BR\",\"potentialAction\":[{\"@type\":\"CommentAction\",\"name\":\"Comment\",\"target\":[\"https:\\\/\\\/aconteceunovale.com.br\\\/portal\\\/?p=177896#respond\"]}]},{\"@type\":\"WebPage\",\"@id\":\"https:\\\/\\\/aconteceunovale.com.br\\\/portal\\\/?p=177896\",\"url\":\"https:\\\/\\\/aconteceunovale.com.br\\\/portal\\\/?p=177896\",\"name\":\"Empresa \u00e9 condenada em R$ 400 mil por ass\u00e9dio moral em Governador Valadares - Aconteceu no Vale\",\"isPartOf\":{\"@id\":\"https:\\\/\\\/aconteceunovale.com.br\\\/portal\\\/#website\"},\"primaryImageOfPage\":{\"@id\":\"https:\\\/\\\/aconteceunovale.com.br\\\/portal\\\/?p=177896#primaryimage\"},\"image\":{\"@id\":\"https:\\\/\\\/aconteceunovale.com.br\\\/portal\\\/?p=177896#primaryimage\"},\"thumbnailUrl\":\"https:\\\/\\\/aconteceunovale.com.br\\\/portal\\\/wp-content\\\/uploads\\\/2020\\\/06\\\/valadares_1.jpg\",\"datePublished\":\"2021-04-27T19:15:08+00:00\",\"dateModified\":\"2021-04-27T19:16:32+00:00\",\"author\":{\"@id\":\"https:\\\/\\\/aconteceunovale.com.br\\\/portal\\\/#\\\/schema\\\/person\\\/7d2f26d1483f8a63de73da1ee0754d35\"},\"breadcrumb\":{\"@id\":\"https:\\\/\\\/aconteceunovale.com.br\\\/portal\\\/?p=177896#breadcrumb\"},\"inLanguage\":\"pt-BR\",\"potentialAction\":[{\"@type\":\"ReadAction\",\"target\":[\"https:\\\/\\\/aconteceunovale.com.br\\\/portal\\\/?p=177896\"]}]},{\"@type\":\"ImageObject\",\"inLanguage\":\"pt-BR\",\"@id\":\"https:\\\/\\\/aconteceunovale.com.br\\\/portal\\\/?p=177896#primaryimage\",\"url\":\"https:\\\/\\\/aconteceunovale.com.br\\\/portal\\\/wp-content\\\/uploads\\\/2020\\\/06\\\/valadares_1.jpg\",\"contentUrl\":\"https:\\\/\\\/aconteceunovale.com.br\\\/portal\\\/wp-content\\\/uploads\\\/2020\\\/06\\\/valadares_1.jpg\",\"width\":678,\"height\":380},{\"@type\":\"BreadcrumbList\",\"@id\":\"https:\\\/\\\/aconteceunovale.com.br\\\/portal\\\/?p=177896#breadcrumb\",\"itemListElement\":[{\"@type\":\"ListItem\",\"position\":1,\"name\":\"In\u00edcio\",\"item\":\"https:\\\/\\\/aconteceunovale.com.br\\\/portal\\\/\"},{\"@type\":\"ListItem\",\"position\":2,\"name\":\"Empresa \u00e9 condenada em R$ 400 mil por ass\u00e9dio moral em Governador Valadares\"}]},{\"@type\":\"WebSite\",\"@id\":\"https:\\\/\\\/aconteceunovale.com.br\\\/portal\\\/#website\",\"url\":\"https:\\\/\\\/aconteceunovale.com.br\\\/portal\\\/\",\"name\":\"Aconteceu no Vale\",\"description\":\"Portal de Not\u00edcias\",\"potentialAction\":[{\"@type\":\"SearchAction\",\"target\":{\"@type\":\"EntryPoint\",\"urlTemplate\":\"https:\\\/\\\/aconteceunovale.com.br\\\/portal\\\/?s={search_term_string}\"},\"query-input\":{\"@type\":\"PropertyValueSpecification\",\"valueRequired\":true,\"valueName\":\"search_term_string\"}}],\"inLanguage\":\"pt-BR\"},{\"@type\":\"Person\",\"@id\":\"https:\\\/\\\/aconteceunovale.com.br\\\/portal\\\/#\\\/schema\\\/person\\\/7d2f26d1483f8a63de73da1ee0754d35\",\"name\":\"Reda\u00e7\u00e3o Aconteceu no Vale\",\"description\":\"Equipe de reportagem do Aconteceu no Vale, portal de not\u00edcias do Vale do Jequitinhonha, em Minas Gerais. Cobrimos as 51 cidades do Vale desde 2013. Sugest\u00f5es de pauta e pedidos de corre\u00e7\u00e3o: contato@aconteceunovale.com.br\",\"url\":\"https:\\\/\\\/aconteceunovale.com.br\\\/portal\\\/?author=4\"}]}<\/script>\n<!-- \/ Yoast SEO plugin. -->","yoast_head_json":{"title":"Empresa \u00e9 condenada em R$ 400 mil por ass\u00e9dio moral em Governador Valadares - Aconteceu no Vale","robots":{"index":"index","follow":"follow","max-snippet":"max-snippet:-1","max-image-preview":"max-image-preview:large","max-video-preview":"max-video-preview:-1"},"canonical":"https:\/\/aconteceunovale.com.br\/portal\/?p=177896","og_locale":"pt_BR","og_type":"article","og_title":"Empresa \u00e9 condenada em R$ 400 mil por ass\u00e9dio moral em Governador Valadares - Aconteceu no Vale","og_description":"&#8220;Suprimir a pr\u00e1tica de qualquer conduta caracterizadora de ass\u00e9dio moral em face dos funcion\u00e1rios&#8221;. Essa \u00e9 a principal obriga\u00e7\u00e3o imposta a todas as unidades das Lojas Americanas que funcionam na cidade de Governador Valadares, no Leste do Estado, em senten\u00e7a obtida em a\u00e7\u00e3o civil p\u00fablica pelo Minist\u00e9rio P\u00fablico do Trabalho (MPT-MG). A empresa tamb\u00e9m foi [&hellip;]","og_url":"https:\/\/aconteceunovale.com.br\/portal\/?p=177896","og_site_name":"Aconteceu no Vale","article_publisher":"https:\/\/www.facebook.com\/aconteceunovale\/","article_published_time":"2021-04-27T19:15:08+00:00","article_modified_time":"2021-04-27T19:16:32+00:00","og_image":[{"width":678,"height":380,"url":"https:\/\/aconteceunovale.com.br\/portal\/wp-content\/uploads\/2020\/06\/valadares_1.jpg","type":"image\/jpeg"}],"author":"Reda\u00e7\u00e3o Aconteceu no Vale","twitter_card":"summary_large_image","twitter_creator":"@noticiadosvales","twitter_site":"@noticiadosvales","twitter_misc":{"Escrito por":"Reda\u00e7\u00e3o Aconteceu no Vale","Est. tempo de leitura":"3 minutos"},"schema":{"@context":"https:\/\/schema.org","@graph":[{"@type":"Article","@id":"https:\/\/aconteceunovale.com.br\/portal\/?p=177896#article","isPartOf":{"@id":"https:\/\/aconteceunovale.com.br\/portal\/?p=177896"},"author":{"name":"Reda\u00e7\u00e3o Aconteceu no Vale","@id":"https:\/\/aconteceunovale.com.br\/portal\/#\/schema\/person\/7d2f26d1483f8a63de73da1ee0754d35"},"headline":"Empresa \u00e9 condenada em R$ 400 mil por ass\u00e9dio moral em Governador Valadares","datePublished":"2021-04-27T19:15:08+00:00","dateModified":"2021-04-27T19:16:32+00:00","mainEntityOfPage":{"@id":"https:\/\/aconteceunovale.com.br\/portal\/?p=177896"},"wordCount":578,"commentCount":0,"image":{"@id":"https:\/\/aconteceunovale.com.br\/portal\/?p=177896#primaryimage"},"thumbnailUrl":"https:\/\/aconteceunovale.com.br\/portal\/wp-content\/uploads\/2020\/06\/valadares_1.jpg","keywords":["Ass\u00e9dio moral em Governador Valadares","Condena\u00e7\u00e3o das Lojas Americanas em Governador Valadares","Empresa \u00e9 condenada em R$ 400 mil por ass\u00e9dio moral em Governador Valadares","Fabr\u00edcio Borela Pena","Governador Valadares","Ju\u00edza Carla Cristina de Paula Gomes","Lojas Americanas Governador Valadares","MPT-MG","Processo contra as Lojas Americanas em Governador Valadares","Vara do Trabalho do Trabalho de Governador Valadares"],"articleSection":["Empregos","Leste de Minas"],"inLanguage":"pt-BR","potentialAction":[{"@type":"CommentAction","name":"Comment","target":["https:\/\/aconteceunovale.com.br\/portal\/?p=177896#respond"]}]},{"@type":"WebPage","@id":"https:\/\/aconteceunovale.com.br\/portal\/?p=177896","url":"https:\/\/aconteceunovale.com.br\/portal\/?p=177896","name":"Empresa \u00e9 condenada em R$ 400 mil por ass\u00e9dio moral em Governador Valadares - Aconteceu no Vale","isPartOf":{"@id":"https:\/\/aconteceunovale.com.br\/portal\/#website"},"primaryImageOfPage":{"@id":"https:\/\/aconteceunovale.com.br\/portal\/?p=177896#primaryimage"},"image":{"@id":"https:\/\/aconteceunovale.com.br\/portal\/?p=177896#primaryimage"},"thumbnailUrl":"https:\/\/aconteceunovale.com.br\/portal\/wp-content\/uploads\/2020\/06\/valadares_1.jpg","datePublished":"2021-04-27T19:15:08+00:00","dateModified":"2021-04-27T19:16:32+00:00","author":{"@id":"https:\/\/aconteceunovale.com.br\/portal\/#\/schema\/person\/7d2f26d1483f8a63de73da1ee0754d35"},"breadcrumb":{"@id":"https:\/\/aconteceunovale.com.br\/portal\/?p=177896#breadcrumb"},"inLanguage":"pt-BR","potentialAction":[{"@type":"ReadAction","target":["https:\/\/aconteceunovale.com.br\/portal\/?p=177896"]}]},{"@type":"ImageObject","inLanguage":"pt-BR","@id":"https:\/\/aconteceunovale.com.br\/portal\/?p=177896#primaryimage","url":"https:\/\/aconteceunovale.com.br\/portal\/wp-content\/uploads\/2020\/06\/valadares_1.jpg","contentUrl":"https:\/\/aconteceunovale.com.br\/portal\/wp-content\/uploads\/2020\/06\/valadares_1.jpg","width":678,"height":380},{"@type":"BreadcrumbList","@id":"https:\/\/aconteceunovale.com.br\/portal\/?p=177896#breadcrumb","itemListElement":[{"@type":"ListItem","position":1,"name":"In\u00edcio","item":"https:\/\/aconteceunovale.com.br\/portal\/"},{"@type":"ListItem","position":2,"name":"Empresa \u00e9 condenada em R$ 400 mil por ass\u00e9dio moral em Governador Valadares"}]},{"@type":"WebSite","@id":"https:\/\/aconteceunovale.com.br\/portal\/#website","url":"https:\/\/aconteceunovale.com.br\/portal\/","name":"Aconteceu no Vale","description":"Portal de Not\u00edcias","potentialAction":[{"@type":"SearchAction","target":{"@type":"EntryPoint","urlTemplate":"https:\/\/aconteceunovale.com.br\/portal\/?s={search_term_string}"},"query-input":{"@type":"PropertyValueSpecification","valueRequired":true,"valueName":"search_term_string"}}],"inLanguage":"pt-BR"},{"@type":"Person","@id":"https:\/\/aconteceunovale.com.br\/portal\/#\/schema\/person\/7d2f26d1483f8a63de73da1ee0754d35","name":"Reda\u00e7\u00e3o Aconteceu no Vale","description":"Equipe de reportagem do Aconteceu no Vale, portal de not\u00edcias do Vale do Jequitinhonha, em Minas Gerais. Cobrimos as 51 cidades do Vale desde 2013. Sugest\u00f5es de pauta e pedidos de corre\u00e7\u00e3o: contato@aconteceunovale.com.br","url":"https:\/\/aconteceunovale.com.br\/portal\/?author=4"}]}},"_links":{"self":[{"href":"https:\/\/aconteceunovale.com.br\/portal\/index.php?rest_route=\/wp\/v2\/posts\/177896","targetHints":{"allow":["GET"]}}],"collection":[{"href":"https:\/\/aconteceunovale.com.br\/portal\/index.php?rest_route=\/wp\/v2\/posts"}],"about":[{"href":"https:\/\/aconteceunovale.com.br\/portal\/index.php?rest_route=\/wp\/v2\/types\/post"}],"author":[{"embeddable":true,"href":"https:\/\/aconteceunovale.com.br\/portal\/index.php?rest_route=\/wp\/v2\/users\/4"}],"replies":[{"embeddable":true,"href":"https:\/\/aconteceunovale.com.br\/portal\/index.php?rest_route=%2Fwp%2Fv2%2Fcomments&post=177896"}],"version-history":[{"count":1,"href":"https:\/\/aconteceunovale.com.br\/portal\/index.php?rest_route=\/wp\/v2\/posts\/177896\/revisions"}],"predecessor-version":[{"id":177897,"href":"https:\/\/aconteceunovale.com.br\/portal\/index.php?rest_route=\/wp\/v2\/posts\/177896\/revisions\/177897"}],"wp:featuredmedia":[{"embeddable":true,"href":"https:\/\/aconteceunovale.com.br\/portal\/index.php?rest_route=\/wp\/v2\/media\/164463"}],"wp:attachment":[{"href":"https:\/\/aconteceunovale.com.br\/portal\/index.php?rest_route=%2Fwp%2Fv2%2Fmedia&parent=177896"}],"wp:term":[{"taxonomy":"category","embeddable":true,"href":"https:\/\/aconteceunovale.com.br\/portal\/index.php?rest_route=%2Fwp%2Fv2%2Fcategories&post=177896"},{"taxonomy":"post_tag","embeddable":true,"href":"https:\/\/aconteceunovale.com.br\/portal\/index.php?rest_route=%2Fwp%2Fv2%2Ftags&post=177896"}],"curies":[{"name":"wp","href":"https:\/\/api.w.org\/{rel}","templated":true}]}}