{"id":177893,"date":"2021-04-27T15:49:07","date_gmt":"2021-04-27T18:49:07","guid":{"rendered":"https:\/\/aconteceunovale.com.br\/portal\/?p=177893"},"modified":"2021-04-27T15:50:33","modified_gmt":"2021-04-27T18:50:33","slug":"ministerio-da-saude-inclui-gravidas-e-puerperas-no-grupo-prioritario-de-vacinacao-contra-covid-19","status":"publish","type":"post","link":"https:\/\/aconteceunovale.com.br\/portal\/?p=177893","title":{"rendered":"Minist\u00e9rio da Sa\u00fade inclui gr\u00e1vidas e pu\u00e9rperas no grupo priorit\u00e1rio de vacina\u00e7\u00e3o contra Covid-19"},"content":{"rendered":"\n<p class=\"wp-block-paragraph\">O Minist\u00e9rio da Sa\u00fade decidiu incluir as gr\u00e1vidas e pu\u00e9rperas (mulheres no per\u00edodo p\u00f3s-parto) no grupo priorit\u00e1rio para receber a vacina contra a covid-19, informou hoje&nbsp;(27\/4\/2021) a coordenadora do Programa Nacional de Imuniza\u00e7\u00e3o (PNI) do minist\u00e9rio, Franciele Francinato.&nbsp;<\/p>\n\n\n\n<p class=\"wp-block-paragraph\">Em audi\u00eancia na C\u00e2mara dos Deputados para debater a situa\u00e7\u00e3o das vacinas no pa\u00eds, a coordenadora disse que a medida foi tomada em raz\u00e3o da situa\u00e7\u00e3o preocupante da pandemia no Brasil e visto que gr\u00e1vidas e pu\u00e9rperas t\u00eam risco maior de hospitaliza\u00e7\u00e3o por covid-19.&nbsp; &#8220;A vacina\u00e7\u00e3o deve come\u00e7ar a partir do dia&nbsp;13 de maio&#8221;, informou.<\/p>\n\n\n\n<p class=\"wp-block-paragraph\">Em 15 de mar\u00e7o, o governo j\u00e1 tinha inclu\u00eddo as gestantes com comorbidades. De acordo com Franciele,&nbsp;uma nota t\u00e9cnica foi encaminhada ontem&nbsp;(26) aos secret\u00e1rios estaduais de Sa\u00fade, com as novas orienta\u00e7\u00f5es.<\/p>\n\n\n\n<p class=\"wp-block-paragraph\">\u201cNossa indica\u00e7\u00e3o \u00e9 que, nesse momento, vamos&nbsp;alterar um pouco a recomenda\u00e7\u00e3o da OMS [Organiza\u00e7\u00e3o Mundial de Sa\u00fade] que&nbsp;hoje&nbsp;indica a vacina\u00e7\u00e3o, de acordo com o custo x benef\u00edcio. Mas, hoje, o risco de n\u00e3o vacinar gestantes no pa\u00eds j\u00e1 justifica a inclus\u00e3o desse grupo para se tornar um grupo de vacina\u00e7\u00e3o&nbsp;nesse momento\u201d, afirmou.<\/p>\n\n\n\n<p class=\"wp-block-paragraph\">Apesar da mudan\u00e7a, de acordo com a pasta, em um&nbsp;primeiro momento,&nbsp;devem ser vacinadas as gr\u00e1vidas com doen\u00e7as pr\u00e9-existentes.&nbsp;De acordo com a coordenadora, ser\u00e3o usadas as vacinas CoronaVac, AstraZeneca e da Pfizer. Neste caso, o primeiro lote de entregas do imunizante deve chegar na pr\u00f3xima&nbsp;quinta-feira (29) e&nbsp;1,3 milh\u00e3o de doses ser\u00e3o distribu\u00eddos para utiliza\u00e7\u00e3o nas capitais.<\/p>\n\n\n\n<p class=\"wp-block-paragraph\">Franciele disse que a medida foi tomada devido a&nbsp;necessidade de armazenagem das vacinas. Para manter a estabilidade do material, a vacina precisa ficar armazenada em temperaturas de -90\u00b0 a -60\u00b0, por at\u00e9 seis meses.<\/p>\n\n\n\n<p class=\"wp-block-paragraph\">No caso das capitais, as doses ser\u00e3o encaminhadas aos centros que podem manter o imunizante em temperaturas de -20\u00b0 pelo per\u00edodo de sete dias.<\/p>\n\n\n\n<p class=\"wp-block-paragraph\">\u201cPara a aplica\u00e7\u00e3o, a vacina pode ficar em temperatura de geladeira, de at\u00e9 8\u00b0, por at\u00e9 cinco dias\u201d, afirmou.<\/p>\n\n\n\n<p class=\"wp-block-paragraph\">&#8212;&#8212;&#8212;&#8212;&#8212;&#8212;<br><em>Quer receber as not\u00edcias do <strong>Aconteceu no Vale<\/strong> em primeira m\u00e3o? Siga-nos no Facebook <a rel=\"noreferrer noopener\" href=\"http:\/\/facebook.com\/aconteceunovale\" target=\"_blank\">@aconteceunovale<\/a>, Twitter <a rel=\"noreferrer noopener\" href=\"https:\/\/twitter.com\/noticiadosvales\" target=\"_blank\">@noticiadosvales<\/a> e Instagram <a rel=\"noreferrer noopener\" href=\"https:\/\/www.instagram.com\/aconteceunovale\" target=\"_blank\">@aconteceunovale<\/a>.<\/em><\/p>\n","protected":false},"excerpt":{"rendered":"<p>O Minist\u00e9rio da Sa\u00fade decidiu incluir as gr\u00e1vidas e pu\u00e9rperas (mulheres no per\u00edodo p\u00f3s-parto) no grupo priorit\u00e1rio para receber a vacina contra a covid-19, informou hoje&nbsp;(27\/4\/2021) a coordenadora do Programa Nacional de Imuniza\u00e7\u00e3o (PNI) do minist\u00e9rio, Franciele Francinato.&nbsp; Em audi\u00eancia na C\u00e2mara dos Deputados para debater a situa\u00e7\u00e3o das vacinas no pa\u00eds, a coordenadora disse [&hellip;]<\/p>\n","protected":false},"author":4,"featured_media":177894,"comment_status":"open","ping_status":"closed","sticky":false,"template":"","format":"standard","meta":{"amp_status":"","footnotes":""},"categories":[6,40242],"tags":[214884,216498,244232,244231,244230,19326,140166,134903,241171,219773,244228,244229],"class_list":["post-177893","post","type-post","status-publish","format-standard","has-post-thumbnail","hentry","category-br","category-saude-2","tag-coronavirus","tag-covid-19","tag-franciele-francinato","tag-imunizacao-de-gravidas-contra-covid-19","tag-imunizacao-de-puerperas-contra-covid-19","tag-ministerio-da-saude","tag-pandemia","tag-pni","tag-programa-nacional-de-imunizacao","tag-vacina-contra-covid-19","tag-vacinacao-de-gravidas-contra-covid-19","tag-vacinacao-de-puerperas-contra-covid-19"],"yoast_head":"<!-- This site is optimized with the Yoast SEO plugin v28.3 - https:\/\/yoast.com\/product\/yoast-seo-wordpress\/ -->\n<title>Minist\u00e9rio da Sa\u00fade inclui gr\u00e1vidas e pu\u00e9rperas no grupo priorit\u00e1rio de vacina\u00e7\u00e3o contra Covid-19 - Aconteceu no Vale<\/title>\n<meta name=\"robots\" content=\"index, follow, max-snippet:-1, max-image-preview:large, max-video-preview:-1\" \/>\n<link rel=\"canonical\" href=\"https:\/\/aconteceunovale.com.br\/portal\/?p=177893\" \/>\n<meta property=\"og:locale\" content=\"pt_BR\" \/>\n<meta property=\"og:type\" content=\"article\" \/>\n<meta property=\"og:title\" content=\"Minist\u00e9rio da Sa\u00fade inclui gr\u00e1vidas e pu\u00e9rperas no grupo priorit\u00e1rio de vacina\u00e7\u00e3o contra Covid-19 - Aconteceu no Vale\" \/>\n<meta property=\"og:description\" content=\"O Minist\u00e9rio da Sa\u00fade decidiu incluir as gr\u00e1vidas e pu\u00e9rperas (mulheres no per\u00edodo p\u00f3s-parto) no grupo priorit\u00e1rio para receber a vacina contra a covid-19, informou hoje&nbsp;(27\/4\/2021) a coordenadora do Programa Nacional de Imuniza\u00e7\u00e3o (PNI) do minist\u00e9rio, Franciele Francinato.&nbsp; Em audi\u00eancia na C\u00e2mara dos Deputados para debater a situa\u00e7\u00e3o das vacinas no pa\u00eds, a coordenadora disse [&hellip;]\" \/>\n<meta property=\"og:url\" content=\"https:\/\/aconteceunovale.com.br\/portal\/?p=177893\" \/>\n<meta property=\"og:site_name\" content=\"Aconteceu no Vale\" \/>\n<meta property=\"article:publisher\" content=\"https:\/\/www.facebook.com\/aconteceunovale\/\" \/>\n<meta property=\"article:published_time\" content=\"2021-04-27T18:49:07+00:00\" \/>\n<meta property=\"article:modified_time\" content=\"2021-04-27T18:50:33+00:00\" \/>\n<meta property=\"og:image\" content=\"https:\/\/aconteceunovale.com.br\/portal\/wp-content\/uploads\/2021\/04\/vacina_gravida.jpg\" \/>\n\t<meta property=\"og:image:width\" content=\"640\" \/>\n\t<meta property=\"og:image:height\" content=\"360\" \/>\n\t<meta property=\"og:image:type\" content=\"image\/jpeg\" \/>\n<meta name=\"author\" content=\"Reda\u00e7\u00e3o Aconteceu no Vale\" \/>\n<meta name=\"twitter:card\" content=\"summary_large_image\" \/>\n<meta name=\"twitter:creator\" content=\"@noticiadosvales\" \/>\n<meta name=\"twitter:site\" content=\"@noticiadosvales\" \/>\n<meta name=\"twitter:label1\" content=\"Escrito por\" \/>\n\t<meta name=\"twitter:data1\" content=\"Reda\u00e7\u00e3o Aconteceu no Vale\" \/>\n\t<meta name=\"twitter:label2\" content=\"Est. tempo de leitura\" \/>\n\t<meta name=\"twitter:data2\" content=\"2 minutos\" \/>\n<script type=\"application\/ld+json\" class=\"yoast-schema-graph\">{\"@context\":\"https:\\\/\\\/schema.org\",\"@graph\":[{\"@type\":\"Article\",\"@id\":\"https:\\\/\\\/aconteceunovale.com.br\\\/portal\\\/?p=177893#article\",\"isPartOf\":{\"@id\":\"https:\\\/\\\/aconteceunovale.com.br\\\/portal\\\/?p=177893\"},\"author\":{\"name\":\"Reda\u00e7\u00e3o Aconteceu no Vale\",\"@id\":\"https:\\\/\\\/aconteceunovale.com.br\\\/portal\\\/#\\\/schema\\\/person\\\/7d2f26d1483f8a63de73da1ee0754d35\"},\"headline\":\"Minist\u00e9rio da Sa\u00fade inclui gr\u00e1vidas e pu\u00e9rperas no grupo priorit\u00e1rio de vacina\u00e7\u00e3o contra Covid-19\",\"datePublished\":\"2021-04-27T18:49:07+00:00\",\"dateModified\":\"2021-04-27T18:50:33+00:00\",\"mainEntityOfPage\":{\"@id\":\"https:\\\/\\\/aconteceunovale.com.br\\\/portal\\\/?p=177893\"},\"wordCount\":423,\"commentCount\":0,\"image\":{\"@id\":\"https:\\\/\\\/aconteceunovale.com.br\\\/portal\\\/?p=177893#primaryimage\"},\"thumbnailUrl\":\"https:\\\/\\\/aconteceunovale.com.br\\\/portal\\\/wp-content\\\/uploads\\\/2021\\\/04\\\/vacina_gravida.jpg\",\"keywords\":[\"Coronav\u00edrus\",\"COVID-19\",\"Franciele Francinato\",\"Imuniza\u00e7\u00e3o de gr\u00e1vidas contra covid-19\",\"Imuniza\u00e7\u00e3o de pu\u00e9rperas contra covid-19\",\"Minist\u00e9rio da Sa\u00fade\",\"pandemia\",\"PNI\",\"Programa Nacional de Imuniza\u00e7\u00e3o\",\"Vacina contra covid-19\",\"Vacina\u00e7\u00e3o de gr\u00e1vidas contra Covid-19\",\"Vacina\u00e7\u00e3o de pu\u00e9rperas contra covid-19\"],\"articleSection\":[\"Brasil\",\"Sa\u00fade\"],\"inLanguage\":\"pt-BR\",\"potentialAction\":[{\"@type\":\"CommentAction\",\"name\":\"Comment\",\"target\":[\"https:\\\/\\\/aconteceunovale.com.br\\\/portal\\\/?p=177893#respond\"]}]},{\"@type\":\"WebPage\",\"@id\":\"https:\\\/\\\/aconteceunovale.com.br\\\/portal\\\/?p=177893\",\"url\":\"https:\\\/\\\/aconteceunovale.com.br\\\/portal\\\/?p=177893\",\"name\":\"Minist\u00e9rio da Sa\u00fade inclui gr\u00e1vidas e pu\u00e9rperas no grupo priorit\u00e1rio de vacina\u00e7\u00e3o contra Covid-19 - Aconteceu no Vale\",\"isPartOf\":{\"@id\":\"https:\\\/\\\/aconteceunovale.com.br\\\/portal\\\/#website\"},\"primaryImageOfPage\":{\"@id\":\"https:\\\/\\\/aconteceunovale.com.br\\\/portal\\\/?p=177893#primaryimage\"},\"image\":{\"@id\":\"https:\\\/\\\/aconteceunovale.com.br\\\/portal\\\/?p=177893#primaryimage\"},\"thumbnailUrl\":\"https:\\\/\\\/aconteceunovale.com.br\\\/portal\\\/wp-content\\\/uploads\\\/2021\\\/04\\\/vacina_gravida.jpg\",\"datePublished\":\"2021-04-27T18:49:07+00:00\",\"dateModified\":\"2021-04-27T18:50:33+00:00\",\"author\":{\"@id\":\"https:\\\/\\\/aconteceunovale.com.br\\\/portal\\\/#\\\/schema\\\/person\\\/7d2f26d1483f8a63de73da1ee0754d35\"},\"breadcrumb\":{\"@id\":\"https:\\\/\\\/aconteceunovale.com.br\\\/portal\\\/?p=177893#breadcrumb\"},\"inLanguage\":\"pt-BR\",\"potentialAction\":[{\"@type\":\"ReadAction\",\"target\":[\"https:\\\/\\\/aconteceunovale.com.br\\\/portal\\\/?p=177893\"]}]},{\"@type\":\"ImageObject\",\"inLanguage\":\"pt-BR\",\"@id\":\"https:\\\/\\\/aconteceunovale.com.br\\\/portal\\\/?p=177893#primaryimage\",\"url\":\"https:\\\/\\\/aconteceunovale.com.br\\\/portal\\\/wp-content\\\/uploads\\\/2021\\\/04\\\/vacina_gravida.jpg\",\"contentUrl\":\"https:\\\/\\\/aconteceunovale.com.br\\\/portal\\\/wp-content\\\/uploads\\\/2021\\\/04\\\/vacina_gravida.jpg\",\"width\":640,\"height\":360},{\"@type\":\"BreadcrumbList\",\"@id\":\"https:\\\/\\\/aconteceunovale.com.br\\\/portal\\\/?p=177893#breadcrumb\",\"itemListElement\":[{\"@type\":\"ListItem\",\"position\":1,\"name\":\"In\u00edcio\",\"item\":\"https:\\\/\\\/aconteceunovale.com.br\\\/portal\\\/\"},{\"@type\":\"ListItem\",\"position\":2,\"name\":\"Minist\u00e9rio da Sa\u00fade inclui gr\u00e1vidas e pu\u00e9rperas no grupo priorit\u00e1rio de vacina\u00e7\u00e3o contra Covid-19\"}]},{\"@type\":\"WebSite\",\"@id\":\"https:\\\/\\\/aconteceunovale.com.br\\\/portal\\\/#website\",\"url\":\"https:\\\/\\\/aconteceunovale.com.br\\\/portal\\\/\",\"name\":\"Aconteceu no Vale\",\"description\":\"Portal de Not\u00edcias\",\"potentialAction\":[{\"@type\":\"SearchAction\",\"target\":{\"@type\":\"EntryPoint\",\"urlTemplate\":\"https:\\\/\\\/aconteceunovale.com.br\\\/portal\\\/?s={search_term_string}\"},\"query-input\":{\"@type\":\"PropertyValueSpecification\",\"valueRequired\":true,\"valueName\":\"search_term_string\"}}],\"inLanguage\":\"pt-BR\"},{\"@type\":\"Person\",\"@id\":\"https:\\\/\\\/aconteceunovale.com.br\\\/portal\\\/#\\\/schema\\\/person\\\/7d2f26d1483f8a63de73da1ee0754d35\",\"name\":\"Reda\u00e7\u00e3o Aconteceu no Vale\",\"description\":\"Equipe de reportagem do Aconteceu no Vale, portal de not\u00edcias do Vale do Jequitinhonha, em Minas Gerais. Cobrimos as 51 cidades do Vale desde 2013. Sugest\u00f5es de pauta e pedidos de corre\u00e7\u00e3o: contato@aconteceunovale.com.br\",\"url\":\"https:\\\/\\\/aconteceunovale.com.br\\\/portal\\\/?author=4\"}]}<\/script>\n<!-- \/ Yoast SEO plugin. -->","yoast_head_json":{"title":"Minist\u00e9rio da Sa\u00fade inclui gr\u00e1vidas e pu\u00e9rperas no grupo priorit\u00e1rio de vacina\u00e7\u00e3o contra Covid-19 - Aconteceu no Vale","robots":{"index":"index","follow":"follow","max-snippet":"max-snippet:-1","max-image-preview":"max-image-preview:large","max-video-preview":"max-video-preview:-1"},"canonical":"https:\/\/aconteceunovale.com.br\/portal\/?p=177893","og_locale":"pt_BR","og_type":"article","og_title":"Minist\u00e9rio da Sa\u00fade inclui gr\u00e1vidas e pu\u00e9rperas no grupo priorit\u00e1rio de vacina\u00e7\u00e3o contra Covid-19 - Aconteceu no Vale","og_description":"O Minist\u00e9rio da Sa\u00fade decidiu incluir as gr\u00e1vidas e pu\u00e9rperas (mulheres no per\u00edodo p\u00f3s-parto) no grupo priorit\u00e1rio para receber a vacina contra a covid-19, informou hoje&nbsp;(27\/4\/2021) a coordenadora do Programa Nacional de Imuniza\u00e7\u00e3o (PNI) do minist\u00e9rio, Franciele Francinato.&nbsp; Em audi\u00eancia na C\u00e2mara dos Deputados para debater a situa\u00e7\u00e3o das vacinas no pa\u00eds, a coordenadora disse [&hellip;]","og_url":"https:\/\/aconteceunovale.com.br\/portal\/?p=177893","og_site_name":"Aconteceu no Vale","article_publisher":"https:\/\/www.facebook.com\/aconteceunovale\/","article_published_time":"2021-04-27T18:49:07+00:00","article_modified_time":"2021-04-27T18:50:33+00:00","og_image":[{"width":640,"height":360,"url":"https:\/\/aconteceunovale.com.br\/portal\/wp-content\/uploads\/2021\/04\/vacina_gravida.jpg","type":"image\/jpeg"}],"author":"Reda\u00e7\u00e3o Aconteceu no Vale","twitter_card":"summary_large_image","twitter_creator":"@noticiadosvales","twitter_site":"@noticiadosvales","twitter_misc":{"Escrito por":"Reda\u00e7\u00e3o Aconteceu no Vale","Est. tempo de leitura":"2 minutos"},"schema":{"@context":"https:\/\/schema.org","@graph":[{"@type":"Article","@id":"https:\/\/aconteceunovale.com.br\/portal\/?p=177893#article","isPartOf":{"@id":"https:\/\/aconteceunovale.com.br\/portal\/?p=177893"},"author":{"name":"Reda\u00e7\u00e3o Aconteceu no Vale","@id":"https:\/\/aconteceunovale.com.br\/portal\/#\/schema\/person\/7d2f26d1483f8a63de73da1ee0754d35"},"headline":"Minist\u00e9rio da Sa\u00fade inclui gr\u00e1vidas e pu\u00e9rperas no grupo priorit\u00e1rio de vacina\u00e7\u00e3o contra Covid-19","datePublished":"2021-04-27T18:49:07+00:00","dateModified":"2021-04-27T18:50:33+00:00","mainEntityOfPage":{"@id":"https:\/\/aconteceunovale.com.br\/portal\/?p=177893"},"wordCount":423,"commentCount":0,"image":{"@id":"https:\/\/aconteceunovale.com.br\/portal\/?p=177893#primaryimage"},"thumbnailUrl":"https:\/\/aconteceunovale.com.br\/portal\/wp-content\/uploads\/2021\/04\/vacina_gravida.jpg","keywords":["Coronav\u00edrus","COVID-19","Franciele Francinato","Imuniza\u00e7\u00e3o de gr\u00e1vidas contra covid-19","Imuniza\u00e7\u00e3o de pu\u00e9rperas contra covid-19","Minist\u00e9rio da Sa\u00fade","pandemia","PNI","Programa Nacional de Imuniza\u00e7\u00e3o","Vacina contra covid-19","Vacina\u00e7\u00e3o de gr\u00e1vidas contra Covid-19","Vacina\u00e7\u00e3o de pu\u00e9rperas contra covid-19"],"articleSection":["Brasil","Sa\u00fade"],"inLanguage":"pt-BR","potentialAction":[{"@type":"CommentAction","name":"Comment","target":["https:\/\/aconteceunovale.com.br\/portal\/?p=177893#respond"]}]},{"@type":"WebPage","@id":"https:\/\/aconteceunovale.com.br\/portal\/?p=177893","url":"https:\/\/aconteceunovale.com.br\/portal\/?p=177893","name":"Minist\u00e9rio da Sa\u00fade inclui gr\u00e1vidas e pu\u00e9rperas no grupo priorit\u00e1rio de vacina\u00e7\u00e3o contra Covid-19 - Aconteceu no Vale","isPartOf":{"@id":"https:\/\/aconteceunovale.com.br\/portal\/#website"},"primaryImageOfPage":{"@id":"https:\/\/aconteceunovale.com.br\/portal\/?p=177893#primaryimage"},"image":{"@id":"https:\/\/aconteceunovale.com.br\/portal\/?p=177893#primaryimage"},"thumbnailUrl":"https:\/\/aconteceunovale.com.br\/portal\/wp-content\/uploads\/2021\/04\/vacina_gravida.jpg","datePublished":"2021-04-27T18:49:07+00:00","dateModified":"2021-04-27T18:50:33+00:00","author":{"@id":"https:\/\/aconteceunovale.com.br\/portal\/#\/schema\/person\/7d2f26d1483f8a63de73da1ee0754d35"},"breadcrumb":{"@id":"https:\/\/aconteceunovale.com.br\/portal\/?p=177893#breadcrumb"},"inLanguage":"pt-BR","potentialAction":[{"@type":"ReadAction","target":["https:\/\/aconteceunovale.com.br\/portal\/?p=177893"]}]},{"@type":"ImageObject","inLanguage":"pt-BR","@id":"https:\/\/aconteceunovale.com.br\/portal\/?p=177893#primaryimage","url":"https:\/\/aconteceunovale.com.br\/portal\/wp-content\/uploads\/2021\/04\/vacina_gravida.jpg","contentUrl":"https:\/\/aconteceunovale.com.br\/portal\/wp-content\/uploads\/2021\/04\/vacina_gravida.jpg","width":640,"height":360},{"@type":"BreadcrumbList","@id":"https:\/\/aconteceunovale.com.br\/portal\/?p=177893#breadcrumb","itemListElement":[{"@type":"ListItem","position":1,"name":"In\u00edcio","item":"https:\/\/aconteceunovale.com.br\/portal\/"},{"@type":"ListItem","position":2,"name":"Minist\u00e9rio da Sa\u00fade inclui gr\u00e1vidas e pu\u00e9rperas no grupo priorit\u00e1rio de vacina\u00e7\u00e3o contra Covid-19"}]},{"@type":"WebSite","@id":"https:\/\/aconteceunovale.com.br\/portal\/#website","url":"https:\/\/aconteceunovale.com.br\/portal\/","name":"Aconteceu no Vale","description":"Portal de Not\u00edcias","potentialAction":[{"@type":"SearchAction","target":{"@type":"EntryPoint","urlTemplate":"https:\/\/aconteceunovale.com.br\/portal\/?s={search_term_string}"},"query-input":{"@type":"PropertyValueSpecification","valueRequired":true,"valueName":"search_term_string"}}],"inLanguage":"pt-BR"},{"@type":"Person","@id":"https:\/\/aconteceunovale.com.br\/portal\/#\/schema\/person\/7d2f26d1483f8a63de73da1ee0754d35","name":"Reda\u00e7\u00e3o Aconteceu no Vale","description":"Equipe de reportagem do Aconteceu no Vale, portal de not\u00edcias do Vale do Jequitinhonha, em Minas Gerais. Cobrimos as 51 cidades do Vale desde 2013. Sugest\u00f5es de pauta e pedidos de corre\u00e7\u00e3o: contato@aconteceunovale.com.br","url":"https:\/\/aconteceunovale.com.br\/portal\/?author=4"}]}},"_links":{"self":[{"href":"https:\/\/aconteceunovale.com.br\/portal\/index.php?rest_route=\/wp\/v2\/posts\/177893","targetHints":{"allow":["GET"]}}],"collection":[{"href":"https:\/\/aconteceunovale.com.br\/portal\/index.php?rest_route=\/wp\/v2\/posts"}],"about":[{"href":"https:\/\/aconteceunovale.com.br\/portal\/index.php?rest_route=\/wp\/v2\/types\/post"}],"author":[{"embeddable":true,"href":"https:\/\/aconteceunovale.com.br\/portal\/index.php?rest_route=\/wp\/v2\/users\/4"}],"replies":[{"embeddable":true,"href":"https:\/\/aconteceunovale.com.br\/portal\/index.php?rest_route=%2Fwp%2Fv2%2Fcomments&post=177893"}],"version-history":[{"count":1,"href":"https:\/\/aconteceunovale.com.br\/portal\/index.php?rest_route=\/wp\/v2\/posts\/177893\/revisions"}],"predecessor-version":[{"id":177895,"href":"https:\/\/aconteceunovale.com.br\/portal\/index.php?rest_route=\/wp\/v2\/posts\/177893\/revisions\/177895"}],"wp:featuredmedia":[{"embeddable":true,"href":"https:\/\/aconteceunovale.com.br\/portal\/index.php?rest_route=\/wp\/v2\/media\/177894"}],"wp:attachment":[{"href":"https:\/\/aconteceunovale.com.br\/portal\/index.php?rest_route=%2Fwp%2Fv2%2Fmedia&parent=177893"}],"wp:term":[{"taxonomy":"category","embeddable":true,"href":"https:\/\/aconteceunovale.com.br\/portal\/index.php?rest_route=%2Fwp%2Fv2%2Fcategories&post=177893"},{"taxonomy":"post_tag","embeddable":true,"href":"https:\/\/aconteceunovale.com.br\/portal\/index.php?rest_route=%2Fwp%2Fv2%2Ftags&post=177893"}],"curies":[{"name":"wp","href":"https:\/\/api.w.org\/{rel}","templated":true}]}}