{"id":177855,"date":"2021-04-26T21:18:45","date_gmt":"2021-04-27T00:18:45","guid":{"rendered":"https:\/\/aconteceunovale.com.br\/portal\/?p=177855"},"modified":"2026-08-31T23:11:23","modified_gmt":"2026-09-01T02:11:23","slug":"cemiterio-de-capelinha-esta-de-cara-nova","status":"publish","type":"post","link":"https:\/\/aconteceunovale.com.br\/portal\/?p=177855","title":{"rendered":"Cemit\u00e9rio de Capelinha est\u00e1 de &#8220;cara nova&#8221;"},"content":{"rendered":"\n<p class=\"wp-block-paragraph\">O Cemit\u00e9rio Municipal de Capelinha, no Vale do Jequitinhonha, foi totalmente revitalizado. A conclus\u00e3o da reforma foi anunciada nesta segunda-feira (26\/4\/2021) pelo prefeito Tadeuzinho Abreu e seu vice Al\u00e9quison Gomes. Os administradores do munic\u00edpio divulgaram imagens da \u201cnova cara\u201d do espa\u00e7o p\u00fablico.<\/p>\n\n\n\n<figure class=\"wp-block-gallery aligncenter columns-1 is-cropped wp-block-gallery-1 is-layout-flex wp-block-gallery-is-layout-flex\"><ul class=\"blocks-gallery-grid\"><li class=\"blocks-gallery-item\"><figure><img loading=\"lazy\" decoding=\"async\" width=\"600\" height=\"450\" src=\"https:\/\/aconteceunovale.com.br\/portal\/wp-content\/uploads\/2021\/04\/cemiterio_cap_1.jpg\" alt=\"\" data-id=\"177876\" data-full-url=\"https:\/\/aconteceunovale.com.br\/portal\/wp-content\/uploads\/2021\/04\/cemiterio_cap_1.jpg\" data-link=\"https:\/\/aconteceunovale.com.br\/portal\/?attachment_id=177876\" class=\"wp-image-177876\" srcset=\"https:\/\/aconteceunovale.com.br\/portal\/wp-content\/uploads\/2021\/04\/cemiterio_cap_1.jpg 600w, https:\/\/aconteceunovale.com.br\/portal\/wp-content\/uploads\/2021\/04\/cemiterio_cap_1-300x225.jpg 300w, https:\/\/aconteceunovale.com.br\/portal\/wp-content\/uploads\/2021\/04\/cemiterio_cap_1-80x60.jpg 80w, https:\/\/aconteceunovale.com.br\/portal\/wp-content\/uploads\/2021\/04\/cemiterio_cap_1-265x198.jpg 265w, https:\/\/aconteceunovale.com.br\/portal\/wp-content\/uploads\/2021\/04\/cemiterio_cap_1-560x420.jpg 560w\" sizes=\"auto, (max-width: 600px) 100vw, 600px\" \/><figcaption class=\"blocks-gallery-item__caption\"><em>Foto: Divulga\u00e7\u00e3o<\/em><\/figcaption><\/figure><\/li><\/ul><\/figure>\n\n\n\n<p class=\"wp-block-paragraph\">Os recursos investidos na obra foram arrecadados atrav\u00e9s de taxas de manuten\u00e7\u00e3o e vendas de terrenos do pr\u00f3prio cemit\u00e9rio. Entre as melhorias est\u00e3o: instala\u00e7\u00e3o de fachada, constru\u00e7\u00e3o de espa\u00e7o coberto na entrada, cal\u00e7amento, pintura e ilumina\u00e7\u00e3o.<\/p>\n\n\n\n<p class=\"wp-block-paragraph\">Segundo a Prefeitura de Capelinha, a revitaliza\u00e7\u00e3o do Cemit\u00e9rio Municipal proporcionar\u00e1 maior conforto, seguran\u00e7a e higiene aos funcion\u00e1rios do local e \u00e0s pessoas que visitam o t\u00famulo de seus entes queridos.<\/p>\n\n\n\n<h2 class=\"wp-block-heading\"><strong>Desafio dos 100 dias<\/strong><\/h2>\n\n\n\n<p class=\"wp-block-paragraph\">A conclus\u00e3o da obra de reforma do Cemit\u00e9rio Municipal \u00e9 uma das metas do <em>\u201cDesafio dos 100 dias\u201d<\/em>, programa criado pelo vice-prefeito Al\u00e9quison Gomes e que tem como objetivo a execu\u00e7\u00e3o de 100 a\u00e7\u00f5es durante os 100 primeiros dias da atual gest\u00e3o.<\/p>\n\n\n\n<h2 class=\"wp-block-heading\"><strong>Fotos<\/strong><\/h2>\n\n\n\n<p class=\"wp-block-paragraph\">Veja como ficou o cemit\u00e9rio:<\/p>\n\n\n\n<figure class=\"wp-block-gallery columns-1 is-cropped wp-block-gallery-2 is-layout-flex wp-block-gallery-is-layout-flex\"><ul class=\"blocks-gallery-grid\"><li class=\"blocks-gallery-item\"><figure><img loading=\"lazy\" decoding=\"async\" width=\"600\" height=\"450\" src=\"https:\/\/aconteceunovale.com.br\/portal\/wp-content\/uploads\/2021\/04\/cemiterio_cap_9.jpg\" alt=\"\" data-id=\"177868\" data-full-url=\"https:\/\/aconteceunovale.com.br\/portal\/wp-content\/uploads\/2021\/04\/cemiterio_cap_9.jpg\" data-link=\"https:\/\/aconteceunovale.com.br\/portal\/?attachment_id=177868\" class=\"wp-image-177868\" srcset=\"https:\/\/aconteceunovale.com.br\/portal\/wp-content\/uploads\/2021\/04\/cemiterio_cap_9.jpg 600w, https:\/\/aconteceunovale.com.br\/portal\/wp-content\/uploads\/2021\/04\/cemiterio_cap_9-300x225.jpg 300w, https:\/\/aconteceunovale.com.br\/portal\/wp-content\/uploads\/2021\/04\/cemiterio_cap_9-80x60.jpg 80w, https:\/\/aconteceunovale.com.br\/portal\/wp-content\/uploads\/2021\/04\/cemiterio_cap_9-265x198.jpg 265w, https:\/\/aconteceunovale.com.br\/portal\/wp-content\/uploads\/2021\/04\/cemiterio_cap_9-560x420.jpg 560w\" sizes=\"auto, (max-width: 600px) 100vw, 600px\" \/><\/figure><\/li><li class=\"blocks-gallery-item\"><figure><img loading=\"lazy\" decoding=\"async\" width=\"600\" height=\"450\" src=\"https:\/\/aconteceunovale.com.br\/portal\/wp-content\/uploads\/2021\/04\/cemiterio_cap_18.jpg\" alt=\"\" data-id=\"177859\" data-full-url=\"https:\/\/aconteceunovale.com.br\/portal\/wp-content\/uploads\/2021\/04\/cemiterio_cap_18.jpg\" data-link=\"https:\/\/aconteceunovale.com.br\/portal\/?attachment_id=177859\" class=\"wp-image-177859\" srcset=\"https:\/\/aconteceunovale.com.br\/portal\/wp-content\/uploads\/2021\/04\/cemiterio_cap_18.jpg 600w, https:\/\/aconteceunovale.com.br\/portal\/wp-content\/uploads\/2021\/04\/cemiterio_cap_18-300x225.jpg 300w, https:\/\/aconteceunovale.com.br\/portal\/wp-content\/uploads\/2021\/04\/cemiterio_cap_18-80x60.jpg 80w, https:\/\/aconteceunovale.com.br\/portal\/wp-content\/uploads\/2021\/04\/cemiterio_cap_18-265x198.jpg 265w, https:\/\/aconteceunovale.com.br\/portal\/wp-content\/uploads\/2021\/04\/cemiterio_cap_18-560x420.jpg 560w\" sizes=\"auto, (max-width: 600px) 100vw, 600px\" \/><\/figure><\/li><li class=\"blocks-gallery-item\"><figure><img loading=\"lazy\" decoding=\"async\" width=\"600\" height=\"450\" src=\"https:\/\/aconteceunovale.com.br\/portal\/wp-content\/uploads\/2021\/04\/cemiterio_cap_10.jpg\" alt=\"\" data-id=\"177867\" data-full-url=\"https:\/\/aconteceunovale.com.br\/portal\/wp-content\/uploads\/2021\/04\/cemiterio_cap_10.jpg\" data-link=\"https:\/\/aconteceunovale.com.br\/portal\/?attachment_id=177867\" class=\"wp-image-177867\" srcset=\"https:\/\/aconteceunovale.com.br\/portal\/wp-content\/uploads\/2021\/04\/cemiterio_cap_10.jpg 600w, https:\/\/aconteceunovale.com.br\/portal\/wp-content\/uploads\/2021\/04\/cemiterio_cap_10-300x225.jpg 300w, https:\/\/aconteceunovale.com.br\/portal\/wp-content\/uploads\/2021\/04\/cemiterio_cap_10-80x60.jpg 80w, https:\/\/aconteceunovale.com.br\/portal\/wp-content\/uploads\/2021\/04\/cemiterio_cap_10-265x198.jpg 265w, https:\/\/aconteceunovale.com.br\/portal\/wp-content\/uploads\/2021\/04\/cemiterio_cap_10-560x420.jpg 560w\" sizes=\"auto, (max-width: 600px) 100vw, 600px\" \/><\/figure><\/li><li class=\"blocks-gallery-item\"><figure><img loading=\"lazy\" decoding=\"async\" width=\"600\" height=\"450\" src=\"https:\/\/aconteceunovale.com.br\/portal\/wp-content\/uploads\/2021\/04\/cemiterio_cap_15.jpg\" alt=\"\" data-id=\"177862\" data-full-url=\"https:\/\/aconteceunovale.com.br\/portal\/wp-content\/uploads\/2021\/04\/cemiterio_cap_15.jpg\" data-link=\"https:\/\/aconteceunovale.com.br\/portal\/?attachment_id=177862\" class=\"wp-image-177862\" srcset=\"https:\/\/aconteceunovale.com.br\/portal\/wp-content\/uploads\/2021\/04\/cemiterio_cap_15.jpg 600w, https:\/\/aconteceunovale.com.br\/portal\/wp-content\/uploads\/2021\/04\/cemiterio_cap_15-300x225.jpg 300w, https:\/\/aconteceunovale.com.br\/portal\/wp-content\/uploads\/2021\/04\/cemiterio_cap_15-80x60.jpg 80w, https:\/\/aconteceunovale.com.br\/portal\/wp-content\/uploads\/2021\/04\/cemiterio_cap_15-265x198.jpg 265w, https:\/\/aconteceunovale.com.br\/portal\/wp-content\/uploads\/2021\/04\/cemiterio_cap_15-560x420.jpg 560w\" sizes=\"auto, (max-width: 600px) 100vw, 600px\" \/><\/figure><\/li><li class=\"blocks-gallery-item\"><figure><img loading=\"lazy\" decoding=\"async\" width=\"600\" height=\"450\" src=\"https:\/\/aconteceunovale.com.br\/portal\/wp-content\/uploads\/2021\/04\/cemiterio_cap_21.jpg\" alt=\"\" data-id=\"177856\" data-full-url=\"https:\/\/aconteceunovale.com.br\/portal\/wp-content\/uploads\/2021\/04\/cemiterio_cap_21.jpg\" data-link=\"https:\/\/aconteceunovale.com.br\/portal\/?attachment_id=177856\" class=\"wp-image-177856\" srcset=\"https:\/\/aconteceunovale.com.br\/portal\/wp-content\/uploads\/2021\/04\/cemiterio_cap_21.jpg 600w, https:\/\/aconteceunovale.com.br\/portal\/wp-content\/uploads\/2021\/04\/cemiterio_cap_21-300x225.jpg 300w, https:\/\/aconteceunovale.com.br\/portal\/wp-content\/uploads\/2021\/04\/cemiterio_cap_21-80x60.jpg 80w, https:\/\/aconteceunovale.com.br\/portal\/wp-content\/uploads\/2021\/04\/cemiterio_cap_21-265x198.jpg 265w, https:\/\/aconteceunovale.com.br\/portal\/wp-content\/uploads\/2021\/04\/cemiterio_cap_21-560x420.jpg 560w\" sizes=\"auto, (max-width: 600px) 100vw, 600px\" \/><\/figure><\/li><li class=\"blocks-gallery-item\"><figure><img loading=\"lazy\" decoding=\"async\" width=\"600\" height=\"450\" src=\"https:\/\/aconteceunovale.com.br\/portal\/wp-content\/uploads\/2021\/04\/cemiterio_cap_20.jpg\" alt=\"\" data-id=\"177857\" data-full-url=\"https:\/\/aconteceunovale.com.br\/portal\/wp-content\/uploads\/2021\/04\/cemiterio_cap_20.jpg\" data-link=\"https:\/\/aconteceunovale.com.br\/portal\/?attachment_id=177857\" class=\"wp-image-177857\" srcset=\"https:\/\/aconteceunovale.com.br\/portal\/wp-content\/uploads\/2021\/04\/cemiterio_cap_20.jpg 600w, https:\/\/aconteceunovale.com.br\/portal\/wp-content\/uploads\/2021\/04\/cemiterio_cap_20-300x225.jpg 300w, https:\/\/aconteceunovale.com.br\/portal\/wp-content\/uploads\/2021\/04\/cemiterio_cap_20-80x60.jpg 80w, https:\/\/aconteceunovale.com.br\/portal\/wp-content\/uploads\/2021\/04\/cemiterio_cap_20-265x198.jpg 265w, https:\/\/aconteceunovale.com.br\/portal\/wp-content\/uploads\/2021\/04\/cemiterio_cap_20-560x420.jpg 560w\" sizes=\"auto, (max-width: 600px) 100vw, 600px\" \/><\/figure><\/li><li class=\"blocks-gallery-item\"><figure><img loading=\"lazy\" decoding=\"async\" width=\"600\" height=\"450\" src=\"https:\/\/aconteceunovale.com.br\/portal\/wp-content\/uploads\/2021\/04\/cemiterio_cap_19.jpg\" alt=\"\" data-id=\"177858\" data-full-url=\"https:\/\/aconteceunovale.com.br\/portal\/wp-content\/uploads\/2021\/04\/cemiterio_cap_19.jpg\" data-link=\"https:\/\/aconteceunovale.com.br\/portal\/?attachment_id=177858\" class=\"wp-image-177858\" srcset=\"https:\/\/aconteceunovale.com.br\/portal\/wp-content\/uploads\/2021\/04\/cemiterio_cap_19.jpg 600w, https:\/\/aconteceunovale.com.br\/portal\/wp-content\/uploads\/2021\/04\/cemiterio_cap_19-300x225.jpg 300w, https:\/\/aconteceunovale.com.br\/portal\/wp-content\/uploads\/2021\/04\/cemiterio_cap_19-80x60.jpg 80w, https:\/\/aconteceunovale.com.br\/portal\/wp-content\/uploads\/2021\/04\/cemiterio_cap_19-265x198.jpg 265w, https:\/\/aconteceunovale.com.br\/portal\/wp-content\/uploads\/2021\/04\/cemiterio_cap_19-560x420.jpg 560w\" sizes=\"auto, (max-width: 600px) 100vw, 600px\" \/><\/figure><\/li><li class=\"blocks-gallery-item\"><figure><img loading=\"lazy\" decoding=\"async\" width=\"600\" height=\"450\" src=\"https:\/\/aconteceunovale.com.br\/portal\/wp-content\/uploads\/2021\/04\/cemiterio_cap_17.jpg\" alt=\"\" data-id=\"177860\" data-full-url=\"https:\/\/aconteceunovale.com.br\/portal\/wp-content\/uploads\/2021\/04\/cemiterio_cap_17.jpg\" data-link=\"https:\/\/aconteceunovale.com.br\/portal\/?attachment_id=177860\" class=\"wp-image-177860\" srcset=\"https:\/\/aconteceunovale.com.br\/portal\/wp-content\/uploads\/2021\/04\/cemiterio_cap_17.jpg 600w, https:\/\/aconteceunovale.com.br\/portal\/wp-content\/uploads\/2021\/04\/cemiterio_cap_17-300x225.jpg 300w, https:\/\/aconteceunovale.com.br\/portal\/wp-content\/uploads\/2021\/04\/cemiterio_cap_17-80x60.jpg 80w, https:\/\/aconteceunovale.com.br\/portal\/wp-content\/uploads\/2021\/04\/cemiterio_cap_17-265x198.jpg 265w, https:\/\/aconteceunovale.com.br\/portal\/wp-content\/uploads\/2021\/04\/cemiterio_cap_17-560x420.jpg 560w\" sizes=\"auto, (max-width: 600px) 100vw, 600px\" \/><\/figure><\/li><li class=\"blocks-gallery-item\"><figure><img loading=\"lazy\" decoding=\"async\" width=\"600\" height=\"450\" src=\"https:\/\/aconteceunovale.com.br\/portal\/wp-content\/uploads\/2021\/04\/cemiterio_cap_16.jpg\" alt=\"\" data-id=\"177861\" data-full-url=\"https:\/\/aconteceunovale.com.br\/portal\/wp-content\/uploads\/2021\/04\/cemiterio_cap_16.jpg\" data-link=\"https:\/\/aconteceunovale.com.br\/portal\/?attachment_id=177861\" class=\"wp-image-177861\" srcset=\"https:\/\/aconteceunovale.com.br\/portal\/wp-content\/uploads\/2021\/04\/cemiterio_cap_16.jpg 600w, https:\/\/aconteceunovale.com.br\/portal\/wp-content\/uploads\/2021\/04\/cemiterio_cap_16-300x225.jpg 300w, https:\/\/aconteceunovale.com.br\/portal\/wp-content\/uploads\/2021\/04\/cemiterio_cap_16-80x60.jpg 80w, https:\/\/aconteceunovale.com.br\/portal\/wp-content\/uploads\/2021\/04\/cemiterio_cap_16-265x198.jpg 265w, https:\/\/aconteceunovale.com.br\/portal\/wp-content\/uploads\/2021\/04\/cemiterio_cap_16-560x420.jpg 560w\" sizes=\"auto, (max-width: 600px) 100vw, 600px\" \/><\/figure><\/li><li class=\"blocks-gallery-item\"><figure><img loading=\"lazy\" decoding=\"async\" width=\"600\" height=\"450\" src=\"https:\/\/aconteceunovale.com.br\/portal\/wp-content\/uploads\/2021\/04\/cemiterio_cap_14.jpg\" alt=\"\" data-id=\"177863\" data-full-url=\"https:\/\/aconteceunovale.com.br\/portal\/wp-content\/uploads\/2021\/04\/cemiterio_cap_14.jpg\" data-link=\"https:\/\/aconteceunovale.com.br\/portal\/?attachment_id=177863\" class=\"wp-image-177863\" srcset=\"https:\/\/aconteceunovale.com.br\/portal\/wp-content\/uploads\/2021\/04\/cemiterio_cap_14.jpg 600w, https:\/\/aconteceunovale.com.br\/portal\/wp-content\/uploads\/2021\/04\/cemiterio_cap_14-300x225.jpg 300w, https:\/\/aconteceunovale.com.br\/portal\/wp-content\/uploads\/2021\/04\/cemiterio_cap_14-80x60.jpg 80w, https:\/\/aconteceunovale.com.br\/portal\/wp-content\/uploads\/2021\/04\/cemiterio_cap_14-265x198.jpg 265w, https:\/\/aconteceunovale.com.br\/portal\/wp-content\/uploads\/2021\/04\/cemiterio_cap_14-560x420.jpg 560w\" sizes=\"auto, (max-width: 600px) 100vw, 600px\" \/><\/figure><\/li><li class=\"blocks-gallery-item\"><figure><img loading=\"lazy\" decoding=\"async\" width=\"600\" height=\"450\" src=\"https:\/\/aconteceunovale.com.br\/portal\/wp-content\/uploads\/2021\/04\/cemiterio_cap_13.jpg\" alt=\"\" data-id=\"177864\" data-full-url=\"https:\/\/aconteceunovale.com.br\/portal\/wp-content\/uploads\/2021\/04\/cemiterio_cap_13.jpg\" data-link=\"https:\/\/aconteceunovale.com.br\/portal\/?attachment_id=177864\" class=\"wp-image-177864\" srcset=\"https:\/\/aconteceunovale.com.br\/portal\/wp-content\/uploads\/2021\/04\/cemiterio_cap_13.jpg 600w, https:\/\/aconteceunovale.com.br\/portal\/wp-content\/uploads\/2021\/04\/cemiterio_cap_13-300x225.jpg 300w, https:\/\/aconteceunovale.com.br\/portal\/wp-content\/uploads\/2021\/04\/cemiterio_cap_13-80x60.jpg 80w, https:\/\/aconteceunovale.com.br\/portal\/wp-content\/uploads\/2021\/04\/cemiterio_cap_13-265x198.jpg 265w, https:\/\/aconteceunovale.com.br\/portal\/wp-content\/uploads\/2021\/04\/cemiterio_cap_13-560x420.jpg 560w\" sizes=\"auto, (max-width: 600px) 100vw, 600px\" \/><\/figure><\/li><li class=\"blocks-gallery-item\"><figure><img loading=\"lazy\" decoding=\"async\" width=\"600\" height=\"450\" src=\"https:\/\/aconteceunovale.com.br\/portal\/wp-content\/uploads\/2021\/04\/cemiterio_cap_12.jpg\" alt=\"\" data-id=\"177865\" data-full-url=\"https:\/\/aconteceunovale.com.br\/portal\/wp-content\/uploads\/2021\/04\/cemiterio_cap_12.jpg\" data-link=\"https:\/\/aconteceunovale.com.br\/portal\/?attachment_id=177865\" class=\"wp-image-177865\" srcset=\"https:\/\/aconteceunovale.com.br\/portal\/wp-content\/uploads\/2021\/04\/cemiterio_cap_12.jpg 600w, https:\/\/aconteceunovale.com.br\/portal\/wp-content\/uploads\/2021\/04\/cemiterio_cap_12-300x225.jpg 300w, https:\/\/aconteceunovale.com.br\/portal\/wp-content\/uploads\/2021\/04\/cemiterio_cap_12-80x60.jpg 80w, https:\/\/aconteceunovale.com.br\/portal\/wp-content\/uploads\/2021\/04\/cemiterio_cap_12-265x198.jpg 265w, https:\/\/aconteceunovale.com.br\/portal\/wp-content\/uploads\/2021\/04\/cemiterio_cap_12-560x420.jpg 560w\" sizes=\"auto, (max-width: 600px) 100vw, 600px\" \/><\/figure><\/li><li class=\"blocks-gallery-item\"><figure><img loading=\"lazy\" decoding=\"async\" width=\"600\" height=\"450\" src=\"https:\/\/aconteceunovale.com.br\/portal\/wp-content\/uploads\/2021\/04\/cemiterio_cap_11.jpg\" alt=\"\" data-id=\"177866\" data-full-url=\"https:\/\/aconteceunovale.com.br\/portal\/wp-content\/uploads\/2021\/04\/cemiterio_cap_11.jpg\" data-link=\"https:\/\/aconteceunovale.com.br\/portal\/?attachment_id=177866\" class=\"wp-image-177866\" srcset=\"https:\/\/aconteceunovale.com.br\/portal\/wp-content\/uploads\/2021\/04\/cemiterio_cap_11.jpg 600w, https:\/\/aconteceunovale.com.br\/portal\/wp-content\/uploads\/2021\/04\/cemiterio_cap_11-300x225.jpg 300w, https:\/\/aconteceunovale.com.br\/portal\/wp-content\/uploads\/2021\/04\/cemiterio_cap_11-80x60.jpg 80w, https:\/\/aconteceunovale.com.br\/portal\/wp-content\/uploads\/2021\/04\/cemiterio_cap_11-265x198.jpg 265w, https:\/\/aconteceunovale.com.br\/portal\/wp-content\/uploads\/2021\/04\/cemiterio_cap_11-560x420.jpg 560w\" sizes=\"auto, (max-width: 600px) 100vw, 600px\" \/><\/figure><\/li><li class=\"blocks-gallery-item\"><figure><img loading=\"lazy\" decoding=\"async\" width=\"600\" height=\"450\" src=\"https:\/\/aconteceunovale.com.br\/portal\/wp-content\/uploads\/2021\/04\/cemiterio_cap_8.jpg\" alt=\"\" data-id=\"177869\" data-full-url=\"https:\/\/aconteceunovale.com.br\/portal\/wp-content\/uploads\/2021\/04\/cemiterio_cap_8.jpg\" data-link=\"https:\/\/aconteceunovale.com.br\/portal\/?attachment_id=177869\" class=\"wp-image-177869\" srcset=\"https:\/\/aconteceunovale.com.br\/portal\/wp-content\/uploads\/2021\/04\/cemiterio_cap_8.jpg 600w, https:\/\/aconteceunovale.com.br\/portal\/wp-content\/uploads\/2021\/04\/cemiterio_cap_8-300x225.jpg 300w, https:\/\/aconteceunovale.com.br\/portal\/wp-content\/uploads\/2021\/04\/cemiterio_cap_8-80x60.jpg 80w, https:\/\/aconteceunovale.com.br\/portal\/wp-content\/uploads\/2021\/04\/cemiterio_cap_8-265x198.jpg 265w, https:\/\/aconteceunovale.com.br\/portal\/wp-content\/uploads\/2021\/04\/cemiterio_cap_8-560x420.jpg 560w\" sizes=\"auto, (max-width: 600px) 100vw, 600px\" \/><\/figure><\/li><li class=\"blocks-gallery-item\"><figure><img loading=\"lazy\" decoding=\"async\" width=\"600\" height=\"450\" src=\"https:\/\/aconteceunovale.com.br\/portal\/wp-content\/uploads\/2021\/04\/cemiterio_cap_7.jpg\" alt=\"\" data-id=\"177870\" data-full-url=\"https:\/\/aconteceunovale.com.br\/portal\/wp-content\/uploads\/2021\/04\/cemiterio_cap_7.jpg\" data-link=\"https:\/\/aconteceunovale.com.br\/portal\/?attachment_id=177870\" class=\"wp-image-177870\" srcset=\"https:\/\/aconteceunovale.com.br\/portal\/wp-content\/uploads\/2021\/04\/cemiterio_cap_7.jpg 600w, https:\/\/aconteceunovale.com.br\/portal\/wp-content\/uploads\/2021\/04\/cemiterio_cap_7-300x225.jpg 300w, https:\/\/aconteceunovale.com.br\/portal\/wp-content\/uploads\/2021\/04\/cemiterio_cap_7-80x60.jpg 80w, https:\/\/aconteceunovale.com.br\/portal\/wp-content\/uploads\/2021\/04\/cemiterio_cap_7-265x198.jpg 265w, https:\/\/aconteceunovale.com.br\/portal\/wp-content\/uploads\/2021\/04\/cemiterio_cap_7-560x420.jpg 560w\" sizes=\"auto, (max-width: 600px) 100vw, 600px\" \/><\/figure><\/li><li class=\"blocks-gallery-item\"><figure><img loading=\"lazy\" decoding=\"async\" width=\"600\" height=\"450\" src=\"https:\/\/aconteceunovale.com.br\/portal\/wp-content\/uploads\/2021\/04\/cemiterio_cap_6.jpg\" alt=\"\" data-id=\"177871\" data-full-url=\"https:\/\/aconteceunovale.com.br\/portal\/wp-content\/uploads\/2021\/04\/cemiterio_cap_6.jpg\" data-link=\"https:\/\/aconteceunovale.com.br\/portal\/?attachment_id=177871\" class=\"wp-image-177871\" srcset=\"https:\/\/aconteceunovale.com.br\/portal\/wp-content\/uploads\/2021\/04\/cemiterio_cap_6.jpg 600w, https:\/\/aconteceunovale.com.br\/portal\/wp-content\/uploads\/2021\/04\/cemiterio_cap_6-300x225.jpg 300w, https:\/\/aconteceunovale.com.br\/portal\/wp-content\/uploads\/2021\/04\/cemiterio_cap_6-80x60.jpg 80w, https:\/\/aconteceunovale.com.br\/portal\/wp-content\/uploads\/2021\/04\/cemiterio_cap_6-265x198.jpg 265w, https:\/\/aconteceunovale.com.br\/portal\/wp-content\/uploads\/2021\/04\/cemiterio_cap_6-560x420.jpg 560w\" sizes=\"auto, (max-width: 600px) 100vw, 600px\" \/><\/figure><\/li><li class=\"blocks-gallery-item\"><figure><img loading=\"lazy\" decoding=\"async\" width=\"600\" height=\"450\" src=\"https:\/\/aconteceunovale.com.br\/portal\/wp-content\/uploads\/2021\/04\/cemiterio_cap_5.jpg\" alt=\"\" data-id=\"177872\" data-full-url=\"https:\/\/aconteceunovale.com.br\/portal\/wp-content\/uploads\/2021\/04\/cemiterio_cap_5.jpg\" data-link=\"https:\/\/aconteceunovale.com.br\/portal\/?attachment_id=177872\" class=\"wp-image-177872\" srcset=\"https:\/\/aconteceunovale.com.br\/portal\/wp-content\/uploads\/2021\/04\/cemiterio_cap_5.jpg 600w, https:\/\/aconteceunovale.com.br\/portal\/wp-content\/uploads\/2021\/04\/cemiterio_cap_5-300x225.jpg 300w, https:\/\/aconteceunovale.com.br\/portal\/wp-content\/uploads\/2021\/04\/cemiterio_cap_5-80x60.jpg 80w, https:\/\/aconteceunovale.com.br\/portal\/wp-content\/uploads\/2021\/04\/cemiterio_cap_5-265x198.jpg 265w, https:\/\/aconteceunovale.com.br\/portal\/wp-content\/uploads\/2021\/04\/cemiterio_cap_5-560x420.jpg 560w\" sizes=\"auto, (max-width: 600px) 100vw, 600px\" \/><\/figure><\/li><li class=\"blocks-gallery-item\"><figure><img loading=\"lazy\" decoding=\"async\" width=\"600\" height=\"450\" src=\"https:\/\/aconteceunovale.com.br\/portal\/wp-content\/uploads\/2021\/04\/cemiterio_cap_4.jpg\" alt=\"\" data-id=\"177873\" data-full-url=\"https:\/\/aconteceunovale.com.br\/portal\/wp-content\/uploads\/2021\/04\/cemiterio_cap_4.jpg\" data-link=\"https:\/\/aconteceunovale.com.br\/portal\/?attachment_id=177873\" class=\"wp-image-177873\" srcset=\"https:\/\/aconteceunovale.com.br\/portal\/wp-content\/uploads\/2021\/04\/cemiterio_cap_4.jpg 600w, https:\/\/aconteceunovale.com.br\/portal\/wp-content\/uploads\/2021\/04\/cemiterio_cap_4-300x225.jpg 300w, https:\/\/aconteceunovale.com.br\/portal\/wp-content\/uploads\/2021\/04\/cemiterio_cap_4-80x60.jpg 80w, https:\/\/aconteceunovale.com.br\/portal\/wp-content\/uploads\/2021\/04\/cemiterio_cap_4-265x198.jpg 265w, https:\/\/aconteceunovale.com.br\/portal\/wp-content\/uploads\/2021\/04\/cemiterio_cap_4-560x420.jpg 560w\" sizes=\"auto, (max-width: 600px) 100vw, 600px\" \/><\/figure><\/li><li class=\"blocks-gallery-item\"><figure><img loading=\"lazy\" decoding=\"async\" width=\"600\" height=\"450\" src=\"https:\/\/aconteceunovale.com.br\/portal\/wp-content\/uploads\/2021\/04\/cemiterio_cap_3.jpg\" alt=\"\" data-id=\"177874\" data-full-url=\"https:\/\/aconteceunovale.com.br\/portal\/wp-content\/uploads\/2021\/04\/cemiterio_cap_3.jpg\" data-link=\"https:\/\/aconteceunovale.com.br\/portal\/?attachment_id=177874\" class=\"wp-image-177874\" srcset=\"https:\/\/aconteceunovale.com.br\/portal\/wp-content\/uploads\/2021\/04\/cemiterio_cap_3.jpg 600w, https:\/\/aconteceunovale.com.br\/portal\/wp-content\/uploads\/2021\/04\/cemiterio_cap_3-300x225.jpg 300w, https:\/\/aconteceunovale.com.br\/portal\/wp-content\/uploads\/2021\/04\/cemiterio_cap_3-80x60.jpg 80w, https:\/\/aconteceunovale.com.br\/portal\/wp-content\/uploads\/2021\/04\/cemiterio_cap_3-265x198.jpg 265w, https:\/\/aconteceunovale.com.br\/portal\/wp-content\/uploads\/2021\/04\/cemiterio_cap_3-560x420.jpg 560w\" sizes=\"auto, (max-width: 600px) 100vw, 600px\" \/><\/figure><\/li><li class=\"blocks-gallery-item\"><figure><img loading=\"lazy\" decoding=\"async\" width=\"600\" height=\"450\" src=\"https:\/\/aconteceunovale.com.br\/portal\/wp-content\/uploads\/2021\/04\/cemiterio_cap_2.jpg\" alt=\"\" data-id=\"177875\" data-full-url=\"https:\/\/aconteceunovale.com.br\/portal\/wp-content\/uploads\/2021\/04\/cemiterio_cap_2.jpg\" data-link=\"https:\/\/aconteceunovale.com.br\/portal\/?attachment_id=177875\" class=\"wp-image-177875\" srcset=\"https:\/\/aconteceunovale.com.br\/portal\/wp-content\/uploads\/2021\/04\/cemiterio_cap_2.jpg 600w, https:\/\/aconteceunovale.com.br\/portal\/wp-content\/uploads\/2021\/04\/cemiterio_cap_2-300x225.jpg 300w, https:\/\/aconteceunovale.com.br\/portal\/wp-content\/uploads\/2021\/04\/cemiterio_cap_2-80x60.jpg 80w, https:\/\/aconteceunovale.com.br\/portal\/wp-content\/uploads\/2021\/04\/cemiterio_cap_2-265x198.jpg 265w, https:\/\/aconteceunovale.com.br\/portal\/wp-content\/uploads\/2021\/04\/cemiterio_cap_2-560x420.jpg 560w\" sizes=\"auto, (max-width: 600px) 100vw, 600px\" \/><\/figure><\/li><\/ul><\/figure>\n\n\n\n<p class=\"wp-block-paragraph\">&#8212;&#8212;&#8212;&#8212;&#8212;&#8212;<br><em>Quer receber as not\u00edcias do <strong>Aconteceu no Vale<\/strong> em primeira m\u00e3o? Siga-nos no Facebook <a rel=\"noreferrer noopener\" href=\"http:\/\/facebook.com\/aconteceunovale\" target=\"_blank\">@aconteceunovale<\/a>, Twitter <a rel=\"noreferrer noopener\" href=\"https:\/\/twitter.com\/noticiadosvales\" target=\"_blank\">@noticiadosvales<\/a> e Instagram <a rel=\"noreferrer noopener\" href=\"https:\/\/www.instagram.com\/aconteceunovale\" target=\"_blank\">@aconteceunovale<\/a>.<\/em><\/p>\n","protected":false},"excerpt":{"rendered":"<p>O Cemit\u00e9rio Municipal de Capelinha, no Vale do Jequitinhonha, foi totalmente revitalizado. A conclus\u00e3o da reforma foi anunciada nesta segunda-feira (26\/4\/2021) pelo prefeito Tadeuzinho Abreu e seu vice Al\u00e9quison Gomes. Os administradores do munic\u00edpio divulgaram imagens da \u201cnova cara\u201d do espa\u00e7o p\u00fablico. Os recursos investidos na obra foram arrecadados atrav\u00e9s de taxas de manuten\u00e7\u00e3o e [&hellip;]<\/p>\n","protected":false},"author":4,"featured_media":177877,"comment_status":"open","ping_status":"closed","sticky":false,"template":"","format":"standard","meta":{"amp_status":"","footnotes":""},"categories":[272535,120],"tags":[136538,132,13546,244188,244192,244193,244190,244191,134216,65998,183847,244189,240616],"class_list":["post-177855","post","type-post","status-publish","format-standard","has-post-thumbnail","hentry","category-capelinha","category-jequi","tag-alequison-gomes","tag-capelinha","tag-cemiterio-de-capelinha","tag-cemiterio-de-capelinha-esta-de-cara-nova","tag-cemiterio-municipal-de-capelinha","tag-desafio-dos-100-dias","tag-obra-no-cemiterio-de-capelinha","tag-prefeito-alequison-gomes","tag-prefeito-tadeuzinho-abreu","tag-prefeitura-de-capelinha","tag-reforma-do-cemiterio-de-capelinha","tag-revitalizacao-do-cemiterio-de-capelinha","tag-vice-prefeito-alequison-gomes"],"yoast_head":"<!-- This site is optimized with the Yoast SEO plugin v28.3 - https:\/\/yoast.com\/product\/yoast-seo-wordpress\/ -->\n<title>Cemit\u00e9rio de Capelinha est\u00e1 de &quot;cara nova&quot; - Aconteceu no Vale<\/title>\n<meta name=\"robots\" content=\"index, follow, max-snippet:-1, max-image-preview:large, max-video-preview:-1\" \/>\n<link rel=\"canonical\" href=\"https:\/\/aconteceunovale.com.br\/portal\/?p=177855\" \/>\n<meta property=\"og:locale\" content=\"pt_BR\" \/>\n<meta property=\"og:type\" content=\"article\" \/>\n<meta property=\"og:title\" content=\"Cemit\u00e9rio de Capelinha est\u00e1 de &quot;cara nova&quot; - Aconteceu no Vale\" \/>\n<meta property=\"og:description\" content=\"O Cemit\u00e9rio Municipal de Capelinha, no Vale do Jequitinhonha, foi totalmente revitalizado. A conclus\u00e3o da reforma foi anunciada nesta segunda-feira (26\/4\/2021) pelo prefeito Tadeuzinho Abreu e seu vice Al\u00e9quison Gomes. Os administradores do munic\u00edpio divulgaram imagens da \u201cnova cara\u201d do espa\u00e7o p\u00fablico. Os recursos investidos na obra foram arrecadados atrav\u00e9s de taxas de manuten\u00e7\u00e3o e [&hellip;]\" \/>\n<meta property=\"og:url\" content=\"https:\/\/aconteceunovale.com.br\/portal\/?p=177855\" \/>\n<meta property=\"og:site_name\" content=\"Aconteceu no Vale\" \/>\n<meta property=\"article:publisher\" content=\"https:\/\/www.facebook.com\/aconteceunovale\/\" \/>\n<meta property=\"article:published_time\" content=\"2021-04-27T00:18:45+00:00\" \/>\n<meta property=\"article:modified_time\" content=\"2026-09-01T02:11:23+00:00\" \/>\n<meta property=\"og:image\" content=\"https:\/\/aconteceunovale.com.br\/portal\/wp-content\/uploads\/2021\/04\/cemiterio_cap_22.jpg\" \/>\n\t<meta property=\"og:image:width\" content=\"669\" \/>\n\t<meta property=\"og:image:height\" content=\"450\" \/>\n\t<meta property=\"og:image:type\" content=\"image\/jpeg\" \/>\n<meta name=\"author\" content=\"Reda\u00e7\u00e3o Aconteceu no Vale\" \/>\n<meta name=\"twitter:card\" content=\"summary_large_image\" \/>\n<meta name=\"twitter:creator\" content=\"@noticiadosvales\" \/>\n<meta name=\"twitter:site\" content=\"@noticiadosvales\" \/>\n<meta name=\"twitter:label1\" content=\"Escrito por\" \/>\n\t<meta name=\"twitter:data1\" content=\"Reda\u00e7\u00e3o Aconteceu no Vale\" \/>\n\t<meta name=\"twitter:label2\" content=\"Est. tempo de leitura\" \/>\n\t<meta name=\"twitter:data2\" content=\"1 minuto\" \/>\n<script type=\"application\/ld+json\" class=\"yoast-schema-graph\">{\"@context\":\"https:\\\/\\\/schema.org\",\"@graph\":[{\"@type\":\"Article\",\"@id\":\"https:\\\/\\\/aconteceunovale.com.br\\\/portal\\\/?p=177855#article\",\"isPartOf\":{\"@id\":\"https:\\\/\\\/aconteceunovale.com.br\\\/portal\\\/?p=177855\"},\"author\":{\"name\":\"Reda\u00e7\u00e3o Aconteceu no Vale\",\"@id\":\"https:\\\/\\\/aconteceunovale.com.br\\\/portal\\\/#\\\/schema\\\/person\\\/7d2f26d1483f8a63de73da1ee0754d35\"},\"headline\":\"Cemit\u00e9rio de Capelinha est\u00e1 de &#8220;cara nova&#8221;\",\"datePublished\":\"2021-04-27T00:18:45+00:00\",\"dateModified\":\"2026-09-01T02:11:23+00:00\",\"mainEntityOfPage\":{\"@id\":\"https:\\\/\\\/aconteceunovale.com.br\\\/portal\\\/?p=177855\"},\"wordCount\":217,\"commentCount\":0,\"image\":{\"@id\":\"https:\\\/\\\/aconteceunovale.com.br\\\/portal\\\/?p=177855#primaryimage\"},\"thumbnailUrl\":\"https:\\\/\\\/aconteceunovale.com.br\\\/portal\\\/wp-content\\\/uploads\\\/2021\\\/04\\\/cemiterio_cap_22.jpg\",\"keywords\":[\"Al\u00e9quison Gomes\",\"Capelinha\",\"cemit\u00e9rio de capelinha\",\"Cemit\u00e9rio de Capelinha est\u00e1 de cara nova\",\"Cemit\u00e9rio Municipal de Capelinha\",\"Desafio dos 100 dias\",\"Obra no Cemit\u00e9rio de Capelinha\",\"Prefeito Al\u00e9quison Gomes\",\"prefeito Tadeuzinho Abreu\",\"Prefeitura de Capelinha\",\"Reforma do cemit\u00e9rio de Capelinha\",\"Revitaliza\u00e7\u00e3o do Cemit\u00e9rio de Capelinha\",\"Vice-prefeito Al\u00e9quison Gomes\"],\"articleSection\":[\"Capelinha\",\"Vale do Jequitinhonha\"],\"inLanguage\":\"pt-BR\",\"potentialAction\":[{\"@type\":\"CommentAction\",\"name\":\"Comment\",\"target\":[\"https:\\\/\\\/aconteceunovale.com.br\\\/portal\\\/?p=177855#respond\"]}]},{\"@type\":\"WebPage\",\"@id\":\"https:\\\/\\\/aconteceunovale.com.br\\\/portal\\\/?p=177855\",\"url\":\"https:\\\/\\\/aconteceunovale.com.br\\\/portal\\\/?p=177855\",\"name\":\"Cemit\u00e9rio de Capelinha est\u00e1 de \\\"cara nova\\\" - Aconteceu no Vale\",\"isPartOf\":{\"@id\":\"https:\\\/\\\/aconteceunovale.com.br\\\/portal\\\/#website\"},\"primaryImageOfPage\":{\"@id\":\"https:\\\/\\\/aconteceunovale.com.br\\\/portal\\\/?p=177855#primaryimage\"},\"image\":{\"@id\":\"https:\\\/\\\/aconteceunovale.com.br\\\/portal\\\/?p=177855#primaryimage\"},\"thumbnailUrl\":\"https:\\\/\\\/aconteceunovale.com.br\\\/portal\\\/wp-content\\\/uploads\\\/2021\\\/04\\\/cemiterio_cap_22.jpg\",\"datePublished\":\"2021-04-27T00:18:45+00:00\",\"dateModified\":\"2026-09-01T02:11:23+00:00\",\"author\":{\"@id\":\"https:\\\/\\\/aconteceunovale.com.br\\\/portal\\\/#\\\/schema\\\/person\\\/7d2f26d1483f8a63de73da1ee0754d35\"},\"breadcrumb\":{\"@id\":\"https:\\\/\\\/aconteceunovale.com.br\\\/portal\\\/?p=177855#breadcrumb\"},\"inLanguage\":\"pt-BR\",\"potentialAction\":[{\"@type\":\"ReadAction\",\"target\":[\"https:\\\/\\\/aconteceunovale.com.br\\\/portal\\\/?p=177855\"]}]},{\"@type\":\"ImageObject\",\"inLanguage\":\"pt-BR\",\"@id\":\"https:\\\/\\\/aconteceunovale.com.br\\\/portal\\\/?p=177855#primaryimage\",\"url\":\"https:\\\/\\\/aconteceunovale.com.br\\\/portal\\\/wp-content\\\/uploads\\\/2021\\\/04\\\/cemiterio_cap_22.jpg\",\"contentUrl\":\"https:\\\/\\\/aconteceunovale.com.br\\\/portal\\\/wp-content\\\/uploads\\\/2021\\\/04\\\/cemiterio_cap_22.jpg\",\"width\":669,\"height\":450},{\"@type\":\"BreadcrumbList\",\"@id\":\"https:\\\/\\\/aconteceunovale.com.br\\\/portal\\\/?p=177855#breadcrumb\",\"itemListElement\":[{\"@type\":\"ListItem\",\"position\":1,\"name\":\"In\u00edcio\",\"item\":\"https:\\\/\\\/aconteceunovale.com.br\\\/portal\\\/\"},{\"@type\":\"ListItem\",\"position\":2,\"name\":\"Cemit\u00e9rio de Capelinha est\u00e1 de &#8220;cara nova&#8221;\"}]},{\"@type\":\"WebSite\",\"@id\":\"https:\\\/\\\/aconteceunovale.com.br\\\/portal\\\/#website\",\"url\":\"https:\\\/\\\/aconteceunovale.com.br\\\/portal\\\/\",\"name\":\"Aconteceu no Vale\",\"description\":\"Portal de Not\u00edcias\",\"potentialAction\":[{\"@type\":\"SearchAction\",\"target\":{\"@type\":\"EntryPoint\",\"urlTemplate\":\"https:\\\/\\\/aconteceunovale.com.br\\\/portal\\\/?s={search_term_string}\"},\"query-input\":{\"@type\":\"PropertyValueSpecification\",\"valueRequired\":true,\"valueName\":\"search_term_string\"}}],\"inLanguage\":\"pt-BR\"},{\"@type\":\"Person\",\"@id\":\"https:\\\/\\\/aconteceunovale.com.br\\\/portal\\\/#\\\/schema\\\/person\\\/7d2f26d1483f8a63de73da1ee0754d35\",\"name\":\"Reda\u00e7\u00e3o Aconteceu no Vale\",\"description\":\"Equipe de reportagem do Aconteceu no Vale, portal de not\u00edcias do Vale do Jequitinhonha, em Minas Gerais. Cobrimos as 51 cidades do Vale desde 2013. Sugest\u00f5es de pauta e pedidos de corre\u00e7\u00e3o: contato@aconteceunovale.com.br\",\"url\":\"https:\\\/\\\/aconteceunovale.com.br\\\/portal\\\/?author=4\"}]}<\/script>\n<!-- \/ Yoast SEO plugin. -->","yoast_head_json":{"title":"Cemit\u00e9rio de Capelinha est\u00e1 de \"cara nova\" - Aconteceu no Vale","robots":{"index":"index","follow":"follow","max-snippet":"max-snippet:-1","max-image-preview":"max-image-preview:large","max-video-preview":"max-video-preview:-1"},"canonical":"https:\/\/aconteceunovale.com.br\/portal\/?p=177855","og_locale":"pt_BR","og_type":"article","og_title":"Cemit\u00e9rio de Capelinha est\u00e1 de \"cara nova\" - Aconteceu no Vale","og_description":"O Cemit\u00e9rio Municipal de Capelinha, no Vale do Jequitinhonha, foi totalmente revitalizado. A conclus\u00e3o da reforma foi anunciada nesta segunda-feira (26\/4\/2021) pelo prefeito Tadeuzinho Abreu e seu vice Al\u00e9quison Gomes. Os administradores do munic\u00edpio divulgaram imagens da \u201cnova cara\u201d do espa\u00e7o p\u00fablico. Os recursos investidos na obra foram arrecadados atrav\u00e9s de taxas de manuten\u00e7\u00e3o e [&hellip;]","og_url":"https:\/\/aconteceunovale.com.br\/portal\/?p=177855","og_site_name":"Aconteceu no Vale","article_publisher":"https:\/\/www.facebook.com\/aconteceunovale\/","article_published_time":"2021-04-27T00:18:45+00:00","article_modified_time":"2026-09-01T02:11:23+00:00","og_image":[{"width":669,"height":450,"url":"https:\/\/aconteceunovale.com.br\/portal\/wp-content\/uploads\/2021\/04\/cemiterio_cap_22.jpg","type":"image\/jpeg"}],"author":"Reda\u00e7\u00e3o Aconteceu no Vale","twitter_card":"summary_large_image","twitter_creator":"@noticiadosvales","twitter_site":"@noticiadosvales","twitter_misc":{"Escrito por":"Reda\u00e7\u00e3o Aconteceu no Vale","Est. tempo de leitura":"1 minuto"},"schema":{"@context":"https:\/\/schema.org","@graph":[{"@type":"Article","@id":"https:\/\/aconteceunovale.com.br\/portal\/?p=177855#article","isPartOf":{"@id":"https:\/\/aconteceunovale.com.br\/portal\/?p=177855"},"author":{"name":"Reda\u00e7\u00e3o Aconteceu no Vale","@id":"https:\/\/aconteceunovale.com.br\/portal\/#\/schema\/person\/7d2f26d1483f8a63de73da1ee0754d35"},"headline":"Cemit\u00e9rio de Capelinha est\u00e1 de &#8220;cara nova&#8221;","datePublished":"2021-04-27T00:18:45+00:00","dateModified":"2026-09-01T02:11:23+00:00","mainEntityOfPage":{"@id":"https:\/\/aconteceunovale.com.br\/portal\/?p=177855"},"wordCount":217,"commentCount":0,"image":{"@id":"https:\/\/aconteceunovale.com.br\/portal\/?p=177855#primaryimage"},"thumbnailUrl":"https:\/\/aconteceunovale.com.br\/portal\/wp-content\/uploads\/2021\/04\/cemiterio_cap_22.jpg","keywords":["Al\u00e9quison Gomes","Capelinha","cemit\u00e9rio de capelinha","Cemit\u00e9rio de Capelinha est\u00e1 de cara nova","Cemit\u00e9rio Municipal de Capelinha","Desafio dos 100 dias","Obra no Cemit\u00e9rio de Capelinha","Prefeito Al\u00e9quison Gomes","prefeito Tadeuzinho Abreu","Prefeitura de Capelinha","Reforma do cemit\u00e9rio de Capelinha","Revitaliza\u00e7\u00e3o do Cemit\u00e9rio de Capelinha","Vice-prefeito Al\u00e9quison Gomes"],"articleSection":["Capelinha","Vale do Jequitinhonha"],"inLanguage":"pt-BR","potentialAction":[{"@type":"CommentAction","name":"Comment","target":["https:\/\/aconteceunovale.com.br\/portal\/?p=177855#respond"]}]},{"@type":"WebPage","@id":"https:\/\/aconteceunovale.com.br\/portal\/?p=177855","url":"https:\/\/aconteceunovale.com.br\/portal\/?p=177855","name":"Cemit\u00e9rio de Capelinha est\u00e1 de \"cara nova\" - Aconteceu no Vale","isPartOf":{"@id":"https:\/\/aconteceunovale.com.br\/portal\/#website"},"primaryImageOfPage":{"@id":"https:\/\/aconteceunovale.com.br\/portal\/?p=177855#primaryimage"},"image":{"@id":"https:\/\/aconteceunovale.com.br\/portal\/?p=177855#primaryimage"},"thumbnailUrl":"https:\/\/aconteceunovale.com.br\/portal\/wp-content\/uploads\/2021\/04\/cemiterio_cap_22.jpg","datePublished":"2021-04-27T00:18:45+00:00","dateModified":"2026-09-01T02:11:23+00:00","author":{"@id":"https:\/\/aconteceunovale.com.br\/portal\/#\/schema\/person\/7d2f26d1483f8a63de73da1ee0754d35"},"breadcrumb":{"@id":"https:\/\/aconteceunovale.com.br\/portal\/?p=177855#breadcrumb"},"inLanguage":"pt-BR","potentialAction":[{"@type":"ReadAction","target":["https:\/\/aconteceunovale.com.br\/portal\/?p=177855"]}]},{"@type":"ImageObject","inLanguage":"pt-BR","@id":"https:\/\/aconteceunovale.com.br\/portal\/?p=177855#primaryimage","url":"https:\/\/aconteceunovale.com.br\/portal\/wp-content\/uploads\/2021\/04\/cemiterio_cap_22.jpg","contentUrl":"https:\/\/aconteceunovale.com.br\/portal\/wp-content\/uploads\/2021\/04\/cemiterio_cap_22.jpg","width":669,"height":450},{"@type":"BreadcrumbList","@id":"https:\/\/aconteceunovale.com.br\/portal\/?p=177855#breadcrumb","itemListElement":[{"@type":"ListItem","position":1,"name":"In\u00edcio","item":"https:\/\/aconteceunovale.com.br\/portal\/"},{"@type":"ListItem","position":2,"name":"Cemit\u00e9rio de Capelinha est\u00e1 de &#8220;cara nova&#8221;"}]},{"@type":"WebSite","@id":"https:\/\/aconteceunovale.com.br\/portal\/#website","url":"https:\/\/aconteceunovale.com.br\/portal\/","name":"Aconteceu no Vale","description":"Portal de Not\u00edcias","potentialAction":[{"@type":"SearchAction","target":{"@type":"EntryPoint","urlTemplate":"https:\/\/aconteceunovale.com.br\/portal\/?s={search_term_string}"},"query-input":{"@type":"PropertyValueSpecification","valueRequired":true,"valueName":"search_term_string"}}],"inLanguage":"pt-BR"},{"@type":"Person","@id":"https:\/\/aconteceunovale.com.br\/portal\/#\/schema\/person\/7d2f26d1483f8a63de73da1ee0754d35","name":"Reda\u00e7\u00e3o Aconteceu no Vale","description":"Equipe de reportagem do Aconteceu no Vale, portal de not\u00edcias do Vale do Jequitinhonha, em Minas Gerais. Cobrimos as 51 cidades do Vale desde 2013. Sugest\u00f5es de pauta e pedidos de corre\u00e7\u00e3o: contato@aconteceunovale.com.br","url":"https:\/\/aconteceunovale.com.br\/portal\/?author=4"}]}},"_links":{"self":[{"href":"https:\/\/aconteceunovale.com.br\/portal\/index.php?rest_route=\/wp\/v2\/posts\/177855","targetHints":{"allow":["GET"]}}],"collection":[{"href":"https:\/\/aconteceunovale.com.br\/portal\/index.php?rest_route=\/wp\/v2\/posts"}],"about":[{"href":"https:\/\/aconteceunovale.com.br\/portal\/index.php?rest_route=\/wp\/v2\/types\/post"}],"author":[{"embeddable":true,"href":"https:\/\/aconteceunovale.com.br\/portal\/index.php?rest_route=\/wp\/v2\/users\/4"}],"replies":[{"embeddable":true,"href":"https:\/\/aconteceunovale.com.br\/portal\/index.php?rest_route=%2Fwp%2Fv2%2Fcomments&post=177855"}],"version-history":[{"count":2,"href":"https:\/\/aconteceunovale.com.br\/portal\/index.php?rest_route=\/wp\/v2\/posts\/177855\/revisions"}],"predecessor-version":[{"id":177879,"href":"https:\/\/aconteceunovale.com.br\/portal\/index.php?rest_route=\/wp\/v2\/posts\/177855\/revisions\/177879"}],"wp:featuredmedia":[{"embeddable":true,"href":"https:\/\/aconteceunovale.com.br\/portal\/index.php?rest_route=\/wp\/v2\/media\/177877"}],"wp:attachment":[{"href":"https:\/\/aconteceunovale.com.br\/portal\/index.php?rest_route=%2Fwp%2Fv2%2Fmedia&parent=177855"}],"wp:term":[{"taxonomy":"category","embeddable":true,"href":"https:\/\/aconteceunovale.com.br\/portal\/index.php?rest_route=%2Fwp%2Fv2%2Fcategories&post=177855"},{"taxonomy":"post_tag","embeddable":true,"href":"https:\/\/aconteceunovale.com.br\/portal\/index.php?rest_route=%2Fwp%2Fv2%2Ftags&post=177855"}],"curies":[{"name":"wp","href":"https:\/\/api.w.org\/{rel}","templated":true}]}}