{"id":177853,"date":"2021-04-26T20:02:46","date_gmt":"2021-04-26T23:02:46","guid":{"rendered":"https:\/\/aconteceunovale.com.br\/portal\/?p=177853"},"modified":"2021-04-26T20:04:22","modified_gmt":"2021-04-26T23:04:22","slug":"procon-entra-com-acao-contra-aumento-de-planos-de-saude","status":"publish","type":"post","link":"https:\/\/aconteceunovale.com.br\/portal\/?p=177853","title":{"rendered":"Procon entra com a\u00e7\u00e3o contra aumento de planos de sa\u00fade"},"content":{"rendered":"\n<p class=\"wp-block-paragraph\">O Procon de S\u00e3o Paulo ingressou com uma a\u00e7\u00e3o civil p\u00fablica para questionar os aumentos de cinco operadoras de planos de sa\u00fade. O \u00f3rg\u00e3o de defesa do consumidor solicita que as empresas apresentem as informa\u00e7\u00f5es que embasam os reajustes e os percentuais de aumento aplicados nos \u00faltimos tr\u00eas anos.<\/p>\n\n\n\n<p class=\"wp-block-paragraph\">Na a\u00e7\u00e3o, o Procon pede ainda que seja aplicada uma multa de R$ 10 milh\u00f5es por danos morais coletivos contra as operadoras Amil Assist\u00eancia M\u00e9dica Internacional, Bradesco Seguros, Notre Dame Interm\u00e9dica Sa\u00fade, Sul Am\u00e9rica Companhia de Seguro Sa\u00fade e Qualicorp Administradora de Benef\u00edcios.<\/p>\n\n\n\n<p class=\"wp-block-paragraph\">Em janeiro deste ano, foram registradas, de acordo com o Procon, 962 reclama\u00e7\u00f5es de consumidores contra os reajustes dos planos de sa\u00fade, sendo a maior parte delas contra as empresas citadas. O \u00f3rg\u00e3o j\u00e1 multou as empresas administrativamente por considerar as informa\u00e7\u00f5es fornecidas insuficientes para justificar as altas nos pre\u00e7os cobrados dos consumidores.<\/p>\n\n\n\n<p class=\"wp-block-paragraph\">\u201cN\u00e3o houve transpar\u00eancia por parte das empresas na aplica\u00e7\u00e3o desses reajustes e as operadoras t\u00eam o dever de explic\u00e1-los. Estamos indo \u00e0 Justi\u00e7a para que elas deem essas informa\u00e7\u00f5es\u201d, disse o diretor executivo do Procon, Fernando Capez.<\/p>\n\n\n\n<h2 class=\"wp-block-heading\"><strong>Outro lado<\/strong><\/h2>\n\n\n\n<p class=\"wp-block-paragraph\">A Qualicorp disse, por nota, que os reajustes s\u00e3o definidos por contrato com regulamenta\u00e7\u00e3o da Ag\u00eancia Nacional de Sa\u00fade Suplementar&nbsp;(ANS). \u201cNeste contexto, a empresa busca negociar o menor reajuste e oferece alternativas para que seus clientes possam manter o acesso a planos de sa\u00fade de qualidade\u201d, acrescenta.&nbsp;<\/p>\n\n\n\n<p class=\"wp-block-paragraph\">A Federa\u00e7\u00e3o Nacional de Sa\u00fade Suplementar (FenaSa\u00fade) diz que os reajustes efetuados em janeiro deste ano s\u00e3o a recomposi\u00e7\u00e3o de custos com procedimentos realizados entre 2018 e 2019. Nesse per\u00edodo, de acordo com a federa\u00e7\u00e3o, as despesas assistenciais cresceram R$ 31 bilh\u00f5es em compara\u00e7\u00e3o com 2017.<\/p>\n\n\n\n<p class=\"wp-block-paragraph\">A entidade destaca ainda que 83% do arrecadado pelos planos \u00e9 repassado aos hospitais, laborat\u00f3rios e profissionais para cobrir os atendimentos demandados pelos benefici\u00e1rios. \u201cA operadora gerencia as despesas e repassa aos usu\u00e1rios apenas o necess\u00e1rio para manter a carteira dos planos em constante equil\u00edbrio econ\u00f4mico-financeiro e atuarial\u201d, enfatiza o comunicado.<\/p>\n\n\n\n<p class=\"wp-block-paragraph\">A federa\u00e7\u00e3o acrescenta que mesmo durante a pandemia de coronav\u00edrus a demanda por uso dos planos de sa\u00fade continuou crescendo, tanto pelo tratamento da covid-19, como para atendimento de procedimentos eletivos.<\/p>\n\n\n\n<p class=\"wp-block-paragraph\">&#8212;&#8212;&#8212;&#8212;&#8212;&#8212;<br><em>Quer receber as not\u00edcias do <strong>Aconteceu no Vale<\/strong> em primeira m\u00e3o? Siga-nos no Facebook <a rel=\"noreferrer noopener\" href=\"http:\/\/facebook.com\/aconteceunovale\" target=\"_blank\">@aconteceunovale<\/a>, Twitter <a rel=\"noreferrer noopener\" href=\"https:\/\/twitter.com\/noticiadosvales\" target=\"_blank\">@noticiadosvales<\/a> e Instagram <a rel=\"noreferrer noopener\" href=\"https:\/\/www.instagram.com\/aconteceunovale\" target=\"_blank\">@aconteceunovale<\/a>.<\/em><\/p>\n","protected":false},"excerpt":{"rendered":"<p>O Procon de S\u00e3o Paulo ingressou com uma a\u00e7\u00e3o civil p\u00fablica para questionar os aumentos de cinco operadoras de planos de sa\u00fade. O \u00f3rg\u00e3o de defesa do consumidor solicita que as empresas apresentem as informa\u00e7\u00f5es que embasam os reajustes e os percentuais de aumento aplicados nos \u00faltimos tr\u00eas anos. Na a\u00e7\u00e3o, o Procon pede ainda [&hellip;]<\/p>\n","protected":false},"author":4,"featured_media":65623,"comment_status":"open","ping_status":"closed","sticky":false,"template":"","format":"standard","meta":{"amp_status":"","footnotes":""},"categories":[6,40242],"tags":[244180,79665,244182,22751,244179,244183,244187,72343,240084,244184,19752,35283,244178,59833,244186,244181,244185],"class_list":["post-177853","post","type-post","status-publish","format-standard","has-post-thumbnail","hentry","category-br","category-saude-2","tag-acao-contra-aumento-de-planos-de-saude","tag-agencia-nacional-de-saude-suplementar","tag-amil-assistencia-medica-internacional","tag-ans","tag-aumento-de-planos-de-saude","tag-bradesco-seguros","tag-federacao-nacional-de-saude-suplementar","tag-fenasaude","tag-fernando-capez","tag-notre-dame-intermedica-saude","tag-procon","tag-procon-de-sao-paulo","tag-procon-entra-com-acao-contra-aumento-de-planos-de-saude","tag-procon-sp","tag-qualicorp-administradora-de-beneficios","tag-reajuste-de-planos-de-saude","tag-sul-america-companhia-de-seguro-saude"],"yoast_head":"<!-- This site is optimized with the Yoast SEO plugin v28.3 - https:\/\/yoast.com\/product\/yoast-seo-wordpress\/ -->\n<title>Procon entra com a\u00e7\u00e3o contra aumento de planos de sa\u00fade - Aconteceu no Vale<\/title>\n<meta name=\"robots\" content=\"index, follow, max-snippet:-1, max-image-preview:large, max-video-preview:-1\" \/>\n<link rel=\"canonical\" href=\"https:\/\/aconteceunovale.com.br\/portal\/?p=177853\" \/>\n<meta property=\"og:locale\" content=\"pt_BR\" \/>\n<meta property=\"og:type\" content=\"article\" \/>\n<meta property=\"og:title\" content=\"Procon entra com a\u00e7\u00e3o contra aumento de planos de sa\u00fade - Aconteceu no Vale\" \/>\n<meta property=\"og:description\" content=\"O Procon de S\u00e3o Paulo ingressou com uma a\u00e7\u00e3o civil p\u00fablica para questionar os aumentos de cinco operadoras de planos de sa\u00fade. O \u00f3rg\u00e3o de defesa do consumidor solicita que as empresas apresentem as informa\u00e7\u00f5es que embasam os reajustes e os percentuais de aumento aplicados nos \u00faltimos tr\u00eas anos. Na a\u00e7\u00e3o, o Procon pede ainda [&hellip;]\" \/>\n<meta property=\"og:url\" content=\"https:\/\/aconteceunovale.com.br\/portal\/?p=177853\" \/>\n<meta property=\"og:site_name\" content=\"Aconteceu no Vale\" \/>\n<meta property=\"article:publisher\" content=\"https:\/\/www.facebook.com\/aconteceunovale\/\" \/>\n<meta property=\"article:published_time\" content=\"2021-04-26T23:02:46+00:00\" \/>\n<meta property=\"article:modified_time\" content=\"2021-04-26T23:04:22+00:00\" \/>\n<meta property=\"og:image\" content=\"https:\/\/aconteceunovale.com.br\/portal\/wp-content\/uploads\/2015\/08\/plano_de_saude.jpg\" \/>\n\t<meta property=\"og:image:width\" content=\"678\" \/>\n\t<meta property=\"og:image:height\" content=\"398\" \/>\n\t<meta property=\"og:image:type\" content=\"image\/jpeg\" \/>\n<meta name=\"author\" content=\"Reda\u00e7\u00e3o Aconteceu no Vale\" \/>\n<meta name=\"twitter:card\" content=\"summary_large_image\" \/>\n<meta name=\"twitter:creator\" content=\"@noticiadosvales\" \/>\n<meta name=\"twitter:site\" content=\"@noticiadosvales\" \/>\n<meta name=\"twitter:label1\" content=\"Escrito por\" \/>\n\t<meta name=\"twitter:data1\" content=\"Reda\u00e7\u00e3o Aconteceu no Vale\" \/>\n\t<meta name=\"twitter:label2\" content=\"Est. tempo de leitura\" \/>\n\t<meta name=\"twitter:data2\" content=\"2 minutos\" \/>\n<script type=\"application\/ld+json\" class=\"yoast-schema-graph\">{\"@context\":\"https:\\\/\\\/schema.org\",\"@graph\":[{\"@type\":\"Article\",\"@id\":\"https:\\\/\\\/aconteceunovale.com.br\\\/portal\\\/?p=177853#article\",\"isPartOf\":{\"@id\":\"https:\\\/\\\/aconteceunovale.com.br\\\/portal\\\/?p=177853\"},\"author\":{\"name\":\"Reda\u00e7\u00e3o Aconteceu no Vale\",\"@id\":\"https:\\\/\\\/aconteceunovale.com.br\\\/portal\\\/#\\\/schema\\\/person\\\/7d2f26d1483f8a63de73da1ee0754d35\"},\"headline\":\"Procon entra com a\u00e7\u00e3o contra aumento de planos de sa\u00fade\",\"datePublished\":\"2021-04-26T23:02:46+00:00\",\"dateModified\":\"2021-04-26T23:04:22+00:00\",\"mainEntityOfPage\":{\"@id\":\"https:\\\/\\\/aconteceunovale.com.br\\\/portal\\\/?p=177853\"},\"wordCount\":439,\"commentCount\":0,\"image\":{\"@id\":\"https:\\\/\\\/aconteceunovale.com.br\\\/portal\\\/?p=177853#primaryimage\"},\"thumbnailUrl\":\"https:\\\/\\\/aconteceunovale.com.br\\\/portal\\\/wp-content\\\/uploads\\\/2015\\\/08\\\/plano_de_saude.jpg\",\"keywords\":[\"A\u00e7\u00e3o contra aumento de planos de sa\u00fade\",\"Ag\u00eancia Nacional de Sa\u00fade Suplementar\",\"Amil Assist\u00eancia M\u00e9dica Internacional\",\"ANS\",\"Aumento de planos de sa\u00fade\",\"Bradesco Seguros\",\"Federa\u00e7\u00e3o Nacional de Sa\u00fade Suplementar\",\"FenaSa\u00fade\",\"Fernando Capez\",\"Notre Dame Interm\u00e9dica Sa\u00fade\",\"PROCON\",\"Procon de S\u00e3o Paulo\",\"Procon entra com a\u00e7\u00e3o contra aumento de planos de sa\u00fade\",\"Procon-SP\",\"Qualicorp Administradora de Benef\u00edcios\",\"Reajuste de planos de sa\u00fade\",\"Sul Am\u00e9rica Companhia de Seguro Sa\u00fade\"],\"articleSection\":[\"Brasil\",\"Sa\u00fade\"],\"inLanguage\":\"pt-BR\",\"potentialAction\":[{\"@type\":\"CommentAction\",\"name\":\"Comment\",\"target\":[\"https:\\\/\\\/aconteceunovale.com.br\\\/portal\\\/?p=177853#respond\"]}]},{\"@type\":\"WebPage\",\"@id\":\"https:\\\/\\\/aconteceunovale.com.br\\\/portal\\\/?p=177853\",\"url\":\"https:\\\/\\\/aconteceunovale.com.br\\\/portal\\\/?p=177853\",\"name\":\"Procon entra com a\u00e7\u00e3o contra aumento de planos de sa\u00fade - Aconteceu no Vale\",\"isPartOf\":{\"@id\":\"https:\\\/\\\/aconteceunovale.com.br\\\/portal\\\/#website\"},\"primaryImageOfPage\":{\"@id\":\"https:\\\/\\\/aconteceunovale.com.br\\\/portal\\\/?p=177853#primaryimage\"},\"image\":{\"@id\":\"https:\\\/\\\/aconteceunovale.com.br\\\/portal\\\/?p=177853#primaryimage\"},\"thumbnailUrl\":\"https:\\\/\\\/aconteceunovale.com.br\\\/portal\\\/wp-content\\\/uploads\\\/2015\\\/08\\\/plano_de_saude.jpg\",\"datePublished\":\"2021-04-26T23:02:46+00:00\",\"dateModified\":\"2021-04-26T23:04:22+00:00\",\"author\":{\"@id\":\"https:\\\/\\\/aconteceunovale.com.br\\\/portal\\\/#\\\/schema\\\/person\\\/7d2f26d1483f8a63de73da1ee0754d35\"},\"breadcrumb\":{\"@id\":\"https:\\\/\\\/aconteceunovale.com.br\\\/portal\\\/?p=177853#breadcrumb\"},\"inLanguage\":\"pt-BR\",\"potentialAction\":[{\"@type\":\"ReadAction\",\"target\":[\"https:\\\/\\\/aconteceunovale.com.br\\\/portal\\\/?p=177853\"]}]},{\"@type\":\"ImageObject\",\"inLanguage\":\"pt-BR\",\"@id\":\"https:\\\/\\\/aconteceunovale.com.br\\\/portal\\\/?p=177853#primaryimage\",\"url\":\"https:\\\/\\\/aconteceunovale.com.br\\\/portal\\\/wp-content\\\/uploads\\\/2015\\\/08\\\/plano_de_saude.jpg\",\"contentUrl\":\"https:\\\/\\\/aconteceunovale.com.br\\\/portal\\\/wp-content\\\/uploads\\\/2015\\\/08\\\/plano_de_saude.jpg\",\"width\":678,\"height\":398},{\"@type\":\"BreadcrumbList\",\"@id\":\"https:\\\/\\\/aconteceunovale.com.br\\\/portal\\\/?p=177853#breadcrumb\",\"itemListElement\":[{\"@type\":\"ListItem\",\"position\":1,\"name\":\"In\u00edcio\",\"item\":\"https:\\\/\\\/aconteceunovale.com.br\\\/portal\\\/\"},{\"@type\":\"ListItem\",\"position\":2,\"name\":\"Procon entra com a\u00e7\u00e3o contra aumento de planos de sa\u00fade\"}]},{\"@type\":\"WebSite\",\"@id\":\"https:\\\/\\\/aconteceunovale.com.br\\\/portal\\\/#website\",\"url\":\"https:\\\/\\\/aconteceunovale.com.br\\\/portal\\\/\",\"name\":\"Aconteceu no Vale\",\"description\":\"Portal de Not\u00edcias\",\"potentialAction\":[{\"@type\":\"SearchAction\",\"target\":{\"@type\":\"EntryPoint\",\"urlTemplate\":\"https:\\\/\\\/aconteceunovale.com.br\\\/portal\\\/?s={search_term_string}\"},\"query-input\":{\"@type\":\"PropertyValueSpecification\",\"valueRequired\":true,\"valueName\":\"search_term_string\"}}],\"inLanguage\":\"pt-BR\"},{\"@type\":\"Person\",\"@id\":\"https:\\\/\\\/aconteceunovale.com.br\\\/portal\\\/#\\\/schema\\\/person\\\/7d2f26d1483f8a63de73da1ee0754d35\",\"name\":\"Reda\u00e7\u00e3o Aconteceu no Vale\",\"description\":\"Equipe de reportagem do Aconteceu no Vale, portal de not\u00edcias do Vale do Jequitinhonha, em Minas Gerais. Cobrimos as 51 cidades do Vale desde 2013. Sugest\u00f5es de pauta e pedidos de corre\u00e7\u00e3o: contato@aconteceunovale.com.br\",\"url\":\"https:\\\/\\\/aconteceunovale.com.br\\\/portal\\\/?author=4\"}]}<\/script>\n<!-- \/ Yoast SEO plugin. -->","yoast_head_json":{"title":"Procon entra com a\u00e7\u00e3o contra aumento de planos de sa\u00fade - Aconteceu no Vale","robots":{"index":"index","follow":"follow","max-snippet":"max-snippet:-1","max-image-preview":"max-image-preview:large","max-video-preview":"max-video-preview:-1"},"canonical":"https:\/\/aconteceunovale.com.br\/portal\/?p=177853","og_locale":"pt_BR","og_type":"article","og_title":"Procon entra com a\u00e7\u00e3o contra aumento de planos de sa\u00fade - Aconteceu no Vale","og_description":"O Procon de S\u00e3o Paulo ingressou com uma a\u00e7\u00e3o civil p\u00fablica para questionar os aumentos de cinco operadoras de planos de sa\u00fade. O \u00f3rg\u00e3o de defesa do consumidor solicita que as empresas apresentem as informa\u00e7\u00f5es que embasam os reajustes e os percentuais de aumento aplicados nos \u00faltimos tr\u00eas anos. Na a\u00e7\u00e3o, o Procon pede ainda [&hellip;]","og_url":"https:\/\/aconteceunovale.com.br\/portal\/?p=177853","og_site_name":"Aconteceu no Vale","article_publisher":"https:\/\/www.facebook.com\/aconteceunovale\/","article_published_time":"2021-04-26T23:02:46+00:00","article_modified_time":"2021-04-26T23:04:22+00:00","og_image":[{"width":678,"height":398,"url":"https:\/\/aconteceunovale.com.br\/portal\/wp-content\/uploads\/2015\/08\/plano_de_saude.jpg","type":"image\/jpeg"}],"author":"Reda\u00e7\u00e3o Aconteceu no Vale","twitter_card":"summary_large_image","twitter_creator":"@noticiadosvales","twitter_site":"@noticiadosvales","twitter_misc":{"Escrito por":"Reda\u00e7\u00e3o Aconteceu no Vale","Est. tempo de leitura":"2 minutos"},"schema":{"@context":"https:\/\/schema.org","@graph":[{"@type":"Article","@id":"https:\/\/aconteceunovale.com.br\/portal\/?p=177853#article","isPartOf":{"@id":"https:\/\/aconteceunovale.com.br\/portal\/?p=177853"},"author":{"name":"Reda\u00e7\u00e3o Aconteceu no Vale","@id":"https:\/\/aconteceunovale.com.br\/portal\/#\/schema\/person\/7d2f26d1483f8a63de73da1ee0754d35"},"headline":"Procon entra com a\u00e7\u00e3o contra aumento de planos de sa\u00fade","datePublished":"2021-04-26T23:02:46+00:00","dateModified":"2021-04-26T23:04:22+00:00","mainEntityOfPage":{"@id":"https:\/\/aconteceunovale.com.br\/portal\/?p=177853"},"wordCount":439,"commentCount":0,"image":{"@id":"https:\/\/aconteceunovale.com.br\/portal\/?p=177853#primaryimage"},"thumbnailUrl":"https:\/\/aconteceunovale.com.br\/portal\/wp-content\/uploads\/2015\/08\/plano_de_saude.jpg","keywords":["A\u00e7\u00e3o contra aumento de planos de sa\u00fade","Ag\u00eancia Nacional de Sa\u00fade Suplementar","Amil Assist\u00eancia M\u00e9dica Internacional","ANS","Aumento de planos de sa\u00fade","Bradesco Seguros","Federa\u00e7\u00e3o Nacional de Sa\u00fade Suplementar","FenaSa\u00fade","Fernando Capez","Notre Dame Interm\u00e9dica Sa\u00fade","PROCON","Procon de S\u00e3o Paulo","Procon entra com a\u00e7\u00e3o contra aumento de planos de sa\u00fade","Procon-SP","Qualicorp Administradora de Benef\u00edcios","Reajuste de planos de sa\u00fade","Sul Am\u00e9rica Companhia de Seguro Sa\u00fade"],"articleSection":["Brasil","Sa\u00fade"],"inLanguage":"pt-BR","potentialAction":[{"@type":"CommentAction","name":"Comment","target":["https:\/\/aconteceunovale.com.br\/portal\/?p=177853#respond"]}]},{"@type":"WebPage","@id":"https:\/\/aconteceunovale.com.br\/portal\/?p=177853","url":"https:\/\/aconteceunovale.com.br\/portal\/?p=177853","name":"Procon entra com a\u00e7\u00e3o contra aumento de planos de sa\u00fade - Aconteceu no Vale","isPartOf":{"@id":"https:\/\/aconteceunovale.com.br\/portal\/#website"},"primaryImageOfPage":{"@id":"https:\/\/aconteceunovale.com.br\/portal\/?p=177853#primaryimage"},"image":{"@id":"https:\/\/aconteceunovale.com.br\/portal\/?p=177853#primaryimage"},"thumbnailUrl":"https:\/\/aconteceunovale.com.br\/portal\/wp-content\/uploads\/2015\/08\/plano_de_saude.jpg","datePublished":"2021-04-26T23:02:46+00:00","dateModified":"2021-04-26T23:04:22+00:00","author":{"@id":"https:\/\/aconteceunovale.com.br\/portal\/#\/schema\/person\/7d2f26d1483f8a63de73da1ee0754d35"},"breadcrumb":{"@id":"https:\/\/aconteceunovale.com.br\/portal\/?p=177853#breadcrumb"},"inLanguage":"pt-BR","potentialAction":[{"@type":"ReadAction","target":["https:\/\/aconteceunovale.com.br\/portal\/?p=177853"]}]},{"@type":"ImageObject","inLanguage":"pt-BR","@id":"https:\/\/aconteceunovale.com.br\/portal\/?p=177853#primaryimage","url":"https:\/\/aconteceunovale.com.br\/portal\/wp-content\/uploads\/2015\/08\/plano_de_saude.jpg","contentUrl":"https:\/\/aconteceunovale.com.br\/portal\/wp-content\/uploads\/2015\/08\/plano_de_saude.jpg","width":678,"height":398},{"@type":"BreadcrumbList","@id":"https:\/\/aconteceunovale.com.br\/portal\/?p=177853#breadcrumb","itemListElement":[{"@type":"ListItem","position":1,"name":"In\u00edcio","item":"https:\/\/aconteceunovale.com.br\/portal\/"},{"@type":"ListItem","position":2,"name":"Procon entra com a\u00e7\u00e3o contra aumento de planos de sa\u00fade"}]},{"@type":"WebSite","@id":"https:\/\/aconteceunovale.com.br\/portal\/#website","url":"https:\/\/aconteceunovale.com.br\/portal\/","name":"Aconteceu no Vale","description":"Portal de Not\u00edcias","potentialAction":[{"@type":"SearchAction","target":{"@type":"EntryPoint","urlTemplate":"https:\/\/aconteceunovale.com.br\/portal\/?s={search_term_string}"},"query-input":{"@type":"PropertyValueSpecification","valueRequired":true,"valueName":"search_term_string"}}],"inLanguage":"pt-BR"},{"@type":"Person","@id":"https:\/\/aconteceunovale.com.br\/portal\/#\/schema\/person\/7d2f26d1483f8a63de73da1ee0754d35","name":"Reda\u00e7\u00e3o Aconteceu no Vale","description":"Equipe de reportagem do Aconteceu no Vale, portal de not\u00edcias do Vale do Jequitinhonha, em Minas Gerais. Cobrimos as 51 cidades do Vale desde 2013. Sugest\u00f5es de pauta e pedidos de corre\u00e7\u00e3o: contato@aconteceunovale.com.br","url":"https:\/\/aconteceunovale.com.br\/portal\/?author=4"}]}},"_links":{"self":[{"href":"https:\/\/aconteceunovale.com.br\/portal\/index.php?rest_route=\/wp\/v2\/posts\/177853","targetHints":{"allow":["GET"]}}],"collection":[{"href":"https:\/\/aconteceunovale.com.br\/portal\/index.php?rest_route=\/wp\/v2\/posts"}],"about":[{"href":"https:\/\/aconteceunovale.com.br\/portal\/index.php?rest_route=\/wp\/v2\/types\/post"}],"author":[{"embeddable":true,"href":"https:\/\/aconteceunovale.com.br\/portal\/index.php?rest_route=\/wp\/v2\/users\/4"}],"replies":[{"embeddable":true,"href":"https:\/\/aconteceunovale.com.br\/portal\/index.php?rest_route=%2Fwp%2Fv2%2Fcomments&post=177853"}],"version-history":[{"count":1,"href":"https:\/\/aconteceunovale.com.br\/portal\/index.php?rest_route=\/wp\/v2\/posts\/177853\/revisions"}],"predecessor-version":[{"id":177854,"href":"https:\/\/aconteceunovale.com.br\/portal\/index.php?rest_route=\/wp\/v2\/posts\/177853\/revisions\/177854"}],"wp:featuredmedia":[{"embeddable":true,"href":"https:\/\/aconteceunovale.com.br\/portal\/index.php?rest_route=\/wp\/v2\/media\/65623"}],"wp:attachment":[{"href":"https:\/\/aconteceunovale.com.br\/portal\/index.php?rest_route=%2Fwp%2Fv2%2Fmedia&parent=177853"}],"wp:term":[{"taxonomy":"category","embeddable":true,"href":"https:\/\/aconteceunovale.com.br\/portal\/index.php?rest_route=%2Fwp%2Fv2%2Fcategories&post=177853"},{"taxonomy":"post_tag","embeddable":true,"href":"https:\/\/aconteceunovale.com.br\/portal\/index.php?rest_route=%2Fwp%2Fv2%2Ftags&post=177853"}],"curies":[{"name":"wp","href":"https:\/\/api.w.org\/{rel}","templated":true}]}}