{"id":177849,"date":"2021-04-26T18:54:51","date_gmt":"2021-04-26T21:54:51","guid":{"rendered":"https:\/\/aconteceunovale.com.br\/portal\/?p=177849"},"modified":"2021-04-26T18:55:55","modified_gmt":"2021-04-26T21:55:55","slug":"vice-presidente-toma-2a-dose-de-vacina-contra-a-covid-19","status":"publish","type":"post","link":"https:\/\/aconteceunovale.com.br\/portal\/?p=177849","title":{"rendered":"Vice-presidente toma 2\u00aa dose de vacina contra a Covid-19"},"content":{"rendered":"\n<p class=\"wp-block-paragraph\">O vice-presidente Hamilton Mour\u00e3o, de 67 anos, tomou nesta segunda-feira (26\/4\/2021) a segunda dose da vacina CoronaVac. Ele foi atendido em um dos pontos de vacina\u00e7\u00e3o\u00a0<em>drive-thru<\/em>\u00a0de Bras\u00edlia (DF).\u00a0<\/p>\n\n\n\n<figure class=\"wp-block-gallery columns-1 is-cropped wp-block-gallery-1 is-layout-flex wp-block-gallery-is-layout-flex\"><ul class=\"blocks-gallery-grid\"><li class=\"blocks-gallery-item\"><figure><img loading=\"lazy\" decoding=\"async\" width=\"678\" height=\"406\" src=\"https:\/\/aconteceunovale.com.br\/portal\/wp-content\/uploads\/2021\/04\/mourao_vacina.jpg\" alt=\"\" data-id=\"177850\" data-full-url=\"https:\/\/aconteceunovale.com.br\/portal\/wp-content\/uploads\/2021\/04\/mourao_vacina.jpg\" data-link=\"https:\/\/aconteceunovale.com.br\/portal\/?attachment_id=177850\" class=\"wp-image-177850\" srcset=\"https:\/\/aconteceunovale.com.br\/portal\/wp-content\/uploads\/2021\/04\/mourao_vacina.jpg 678w, https:\/\/aconteceunovale.com.br\/portal\/wp-content\/uploads\/2021\/04\/mourao_vacina-300x180.jpg 300w\" sizes=\"auto, (max-width: 678px) 100vw, 678px\" \/><figcaption class=\"blocks-gallery-item__caption\"><em>Hamilton Mour\u00e3o recebe vacina contra Covid-19 &#8211; Foto: Bruno Batista \/ VPR<\/em><\/figcaption><\/figure><\/li><\/ul><\/figure>\n\n\n\n<p class=\"wp-block-paragraph\">A CoronaVac \u00e9 produzida no Brasil pelo Instituto Butantan, em parceria com o laborat\u00f3rio chin\u00eas Sinovac, e administrada em duas doses, com intervalo de at\u00e9 quatro semanas. A\u00a0primeira dose\u00a0foi aplicada em Mour\u00e3o no dia 29 de mar\u00e7o.<\/p>\n\n\n\n<p class=\"wp-block-paragraph\">&#8212;&#8212;&#8212;&#8212;&#8212;&#8212;<br><em>Quer receber as not\u00edcias do <strong>Aconteceu no Vale<\/strong> em primeira m\u00e3o? Siga-nos no Facebook <a rel=\"noreferrer noopener\" href=\"http:\/\/facebook.com\/aconteceunovale\" target=\"_blank\">@aconteceunovale<\/a>, Twitter <a rel=\"noreferrer noopener\" href=\"https:\/\/twitter.com\/noticiadosvales\" target=\"_blank\">@noticiadosvales<\/a> e Instagram <a rel=\"noreferrer noopener\" href=\"https:\/\/www.instagram.com\/aconteceunovale\" target=\"_blank\">@aconteceunovale<\/a>.<\/em><\/p>\n","protected":false},"excerpt":{"rendered":"<p>O vice-presidente Hamilton Mour\u00e3o, de 67 anos, tomou nesta segunda-feira (26\/4\/2021) a segunda dose da vacina CoronaVac. Ele foi atendido em um dos pontos de vacina\u00e7\u00e3o\u00a0drive-thru\u00a0de Bras\u00edlia (DF).\u00a0 A CoronaVac \u00e9 produzida no Brasil pelo Instituto Butantan, em parceria com o laborat\u00f3rio chin\u00eas Sinovac, e administrada em duas doses, com intervalo de at\u00e9 quatro semanas. [&hellip;]<\/p>\n","protected":false},"author":4,"featured_media":177850,"comment_status":"open","ping_status":"closed","sticky":false,"template":"","format":"standard","meta":{"amp_status":"","footnotes":""},"categories":[6,40240,40242],"tags":[2278,235383,233064,236553,233613,235385,224214,224638,234924,236552,234926,234925,234927,230835,235382,232261,236416,233065,233066,224211,236551,214884,216498,233511,233181,1018,224636,235386,230836,230837,230833,234275,234277,234276,234935,234934,234940,241036,241035,81258,241038,82401,105724,224479,172085,237658,177538,241039,232264,43376,239902,240512,241034,239066,236036,234943,124586,224213,224635,19326,224483,234936,241037,215653,140166,219687,224485,218365,219103,224484,224482,224481,39755,230827,230834,234941,234938,234939,234937,234944,223374,232262,232263,224480,233612,224637,235384,225780,224212,224215,78002,80737,234942,21730,224210,219775,230832,219773,230830,233614,230828,234274,234273,230831,230829,231097,47710,244177,160110],"class_list":["post-177849","post","type-post","status-publish","format-standard","has-post-thumbnail","hentry","category-br","category-politica","category-saude-2","tag-anvisa","tag-anvisa-aprova-2o-lote-da-coronavac-e-butantan-inicia-distribuicao","tag-anvisa-certifica-farmaceutica-que-desenvolveu-a-coronavac","tag-aprovacao-da-coronavac-na-china","tag-aprovacao-de-vacina-da-astrazeneca","tag-aprovacao-do-segundo-lote-da-coronavac","tag-astrazeneca","tag-astrazeneca-brazil","tag-autorizacao-da-coronavac","tag-autorizacao-da-coronavac-na-china","tag-autorizacao-da-vacina-de-oxford","tag-autorizacao-da-vacina-do-butantan","tag-autorizacao-de-vacina-contra-a-covid-19","tag-biontech-se","tag-butantan-inicia-distribuicao-do-2o-lote-da-coronavac-apos-aprovacao-da-anvisa","tag-butantan-inicia-producao-da-coronavac","tag-butantan-recebe-hoje-insumos-para-producao-de-mais-8-6-milhoes-de-doses-da-coronavac","tag-certificacao-da-coronavac","tag-certificacao-da-fabrica-da-coronavac","tag-chadox1-ncov-19","tag-china-autoriza-uso-da-coronavac","tag-coronavirus","tag-covid-19","tag-covid-19-anvisa-certifica-pfizer","tag-covid-19-imunizante-da-astrazeneca-recebe-certificacao-da-anvisa","tag-destaque","tag-diretora-do-grupo-astrazeneca","tag-distribuicao-do-segundo-lote-da-coronavac","tag-eficacia","tag-eficacia-da-coronavac","tag-eficacia-da-vacina-da-pfizer","tag-eficacia-da-vacina-do-instituto-butantan","tag-eficiencia-da-coronavac","tag-eficiencia-da-vacina-do-instituto-butantan","tag-enfermeira-monica-calazans","tag-enfermeira-monica-calazans-e-a-primeira-pessoa-vacinada-contra-a-covid-19-no-brasil","tag-enfermeira-vacinada-em-sao-paulo","tag-entrega-de-coronavac-pelo-butantan","tag-entregas-instituto-butantan","tag-fundacao-lemann","tag-general-mourao","tag-governador-de-sao-paulo","tag-governo-brasileiro","tag-governo-brasileiro-anuncia-parceria-para-producao-de-vacina-contra-covid-19","tag-governo-de-sao-paulo","tag-governo-federal-compra-mais-54-milhoes-de-doses-da-coronavac","tag-hamilton-mourao","tag-hamilton-mourao-recebe-primeira-dose-da-coronavac","tag-imunizacao-contra-o-coronavirus","tag-instituto-butantan","tag-instituto-butantan-disponibiliza-mais-2-milhoes-de-doses-da-coronavac","tag-instituto-butantan-entrega-mais-2-2-milhoes-de-doses-da-coronavac","tag-instituto-butantan-entrega-mais-5-milhoes-de-doses-da-coronavac-ao-ministerio-da-saude","tag-instituto-butantan-recebe-ifa-para-mais-14-milhoes-de-doses-da-coronavac","tag-instituto-butantan-recebera-nesta-semana-insumos-para-producao-de-mais-8-milhoes-de-doses-da-coronavac","tag-jessica-pires-de-camargo","tag-joao-doria","tag-jorge-paulo-lemann","tag-maria-augusta-bernardini","tag-ministerio-da-saude","tag-ministerio-da-saude-brasileiro-anuncia-parceria-para-producao-de-vacina-contra-covid-19","tag-monica-calazans","tag-mourao-toma-primeira-dose-de-vacina-contra-covid-19","tag-novo-coronavirus","tag-pandemia","tag-pandemia-da-covid-19","tag-pandemia-da-covid-19-no-brasil","tag-pandemia-do-coronavirus","tag-pandemia-do-coronavirus-no-brasil","tag-pandemia-no-brasil","tag-parceria-para-producao-de-vacina-contra-covid-19","tag-parceria-para-vacina-contra-covid-19","tag-pfizer","tag-pfizer-conclui-testes-de-vacina-para-covid-19","tag-pfizer-inc","tag-primeira-pessoa-imunizada-contra-covid-19-no-brasil","tag-primeira-pessoa-vacinada-com-a-vacina-do-butantan","tag-primeira-vacinada-com-a-coronavac","tag-primeira-vacinada-contra-covid-19-no-brasil","tag-primeira-vacinadora-contra-covid-19-no-brasil","tag-producao-da-coronavac","tag-producao-da-coronavac-no-brasil","tag-producao-da-coronavac-no-instituto-butantan","tag-producao-de-vacina-contra-covid-19","tag-reino-unido-aprova-vacina-da-astrazeneca","tag-reino-unido-no-brasil","tag-segundo-lote-da-coronavac","tag-sinovac","tag-teste-da-vacina-chadox1-ncov-19","tag-testes-com-vacina-contra-covid-19-comecam-em-sao-paulo","tag-unifesp","tag-universidade-de-oxford","tag-uti-do-emilio-ribas","tag-vacina","tag-vacina-chadox1-ncov-19","tag-vacina-contra-coronavirus","tag-vacina-contra-coronavirus-da-pfizer","tag-vacina-contra-covid-19","tag-vacina-contra-covid-19-da-pfizer","tag-vacina-da-astrazeneca-e-aprovada-no-reino-unido","tag-vacina-da-pfizer","tag-vacina-do-instituto-butantan","tag-vacina-do-instituto-butantan-atinge-100-de-eficacia-para-casos-moderados-e-graves","tag-vacina-para-coronavirus-da-pfizer","tag-vacina-para-covid-19-da-pfizer","tag-vacinacao-contra-o-coronavirus","tag-vacinas","tag-vice-presidente-toma-2a-dose-de-vacina-contra-a-covid-19","tag-vijay-rangarajan"],"yoast_head":"<!-- This site is optimized with the Yoast SEO plugin v28.3 - https:\/\/yoast.com\/product\/yoast-seo-wordpress\/ -->\n<title>Vice-presidente toma 2\u00aa dose de vacina contra a Covid-19 - Aconteceu no Vale<\/title>\n<meta name=\"robots\" content=\"index, follow, max-snippet:-1, max-image-preview:large, max-video-preview:-1\" \/>\n<link rel=\"canonical\" href=\"https:\/\/aconteceunovale.com.br\/portal\/?p=177849\" \/>\n<meta property=\"og:locale\" content=\"pt_BR\" \/>\n<meta property=\"og:type\" content=\"article\" \/>\n<meta property=\"og:title\" content=\"Vice-presidente toma 2\u00aa dose de vacina contra a Covid-19 - Aconteceu no Vale\" \/>\n<meta property=\"og:description\" content=\"O vice-presidente Hamilton Mour\u00e3o, de 67 anos, tomou nesta segunda-feira (26\/4\/2021) a segunda dose da vacina CoronaVac. Ele foi atendido em um dos pontos de vacina\u00e7\u00e3o\u00a0drive-thru\u00a0de Bras\u00edlia (DF).\u00a0 A CoronaVac \u00e9 produzida no Brasil pelo Instituto Butantan, em parceria com o laborat\u00f3rio chin\u00eas Sinovac, e administrada em duas doses, com intervalo de at\u00e9 quatro semanas. [&hellip;]\" \/>\n<meta property=\"og:url\" content=\"https:\/\/aconteceunovale.com.br\/portal\/?p=177849\" \/>\n<meta property=\"og:site_name\" content=\"Aconteceu no Vale\" \/>\n<meta property=\"article:publisher\" content=\"https:\/\/www.facebook.com\/aconteceunovale\/\" \/>\n<meta property=\"article:published_time\" content=\"2021-04-26T21:54:51+00:00\" \/>\n<meta property=\"article:modified_time\" content=\"2021-04-26T21:55:55+00:00\" \/>\n<meta property=\"og:image\" content=\"https:\/\/aconteceunovale.com.br\/portal\/wp-content\/uploads\/2021\/04\/mourao_vacina.jpg\" \/>\n\t<meta property=\"og:image:width\" content=\"678\" \/>\n\t<meta property=\"og:image:height\" content=\"406\" \/>\n\t<meta property=\"og:image:type\" content=\"image\/jpeg\" \/>\n<meta name=\"author\" content=\"Reda\u00e7\u00e3o Aconteceu no Vale\" \/>\n<meta name=\"twitter:card\" content=\"summary_large_image\" \/>\n<meta name=\"twitter:creator\" content=\"@noticiadosvales\" \/>\n<meta name=\"twitter:site\" content=\"@noticiadosvales\" \/>\n<meta name=\"twitter:label1\" content=\"Escrito por\" \/>\n\t<meta name=\"twitter:data1\" content=\"Reda\u00e7\u00e3o Aconteceu no Vale\" \/>\n\t<meta name=\"twitter:label2\" content=\"Est. tempo de leitura\" \/>\n\t<meta name=\"twitter:data2\" content=\"1 minuto\" \/>\n<script type=\"application\/ld+json\" class=\"yoast-schema-graph\">{\"@context\":\"https:\\\/\\\/schema.org\",\"@graph\":[{\"@type\":\"Article\",\"@id\":\"https:\\\/\\\/aconteceunovale.com.br\\\/portal\\\/?p=177849#article\",\"isPartOf\":{\"@id\":\"https:\\\/\\\/aconteceunovale.com.br\\\/portal\\\/?p=177849\"},\"author\":{\"name\":\"Reda\u00e7\u00e3o Aconteceu no Vale\",\"@id\":\"https:\\\/\\\/aconteceunovale.com.br\\\/portal\\\/#\\\/schema\\\/person\\\/7d2f26d1483f8a63de73da1ee0754d35\"},\"headline\":\"Vice-presidente toma 2\u00aa dose de vacina contra a Covid-19\",\"datePublished\":\"2021-04-26T21:54:51+00:00\",\"dateModified\":\"2021-04-26T21:55:55+00:00\",\"mainEntityOfPage\":{\"@id\":\"https:\\\/\\\/aconteceunovale.com.br\\\/portal\\\/?p=177849\"},\"wordCount\":115,\"commentCount\":0,\"image\":{\"@id\":\"https:\\\/\\\/aconteceunovale.com.br\\\/portal\\\/?p=177849#primaryimage\"},\"thumbnailUrl\":\"https:\\\/\\\/aconteceunovale.com.br\\\/portal\\\/wp-content\\\/uploads\\\/2021\\\/04\\\/mourao_vacina.jpg\",\"keywords\":[\"Anvisa\",\"Anvisa aprova 2\u00ba lote da CoronaVac e Butantan inicia distribui\u00e7\u00e3o\",\"Anvisa certifica farmac\u00eautica que desenvolveu a CoronaVac\",\"Aprova\u00e7\u00e3o da CoronaVac na China\",\"Aprova\u00e7\u00e3o de vacina da AstraZeneca\",\"Aprova\u00e7\u00e3o do segundo lote da CoronaVac\",\"AstraZeneca\",\"AstraZeneca Brazil\",\"Autoriza\u00e7\u00e3o da Coronavac\",\"Autoriza\u00e7\u00e3o da CoronaVac na China\",\"Autoriza\u00e7\u00e3o da vacina de Oxford\",\"Autoriza\u00e7\u00e3o da vacina do Butantan\",\"Autoriza\u00e7\u00e3o de vacina contra a covid-19\",\"BioNTech SE\",\"Butantan inicia distribui\u00e7\u00e3o do 2\u00ba lote da CoronaVac ap\u00f3s aprova\u00e7\u00e3o da Anvisa\",\"Butantan inicia produ\u00e7\u00e3o da CoronaVac\",\"Butantan recebe hoje insumos para produ\u00e7\u00e3o de mais 8.6 milh\u00f5es de doses da CoronaVac\",\"Certifica\u00e7\u00e3o da Coronavac\",\"Certifica\u00e7\u00e3o da f\u00e1brica da Coronavac\",\"ChAdOx1 nCoV-19\",\"China autoriza uso da CoronaVac\",\"Coronav\u00edrus\",\"COVID-19\",\"Covid-19: Anvisa certifica Pfizer\",\"Covid-19: imunizante da AstraZeneca recebe certifica\u00e7\u00e3o da Anvisa\",\"destaque\",\"Diretora do grupo Astrazeneca\",\"Distribui\u00e7\u00e3o do segundo lote da CoronaVac\",\"Efic\u00e1cia\",\"Efic\u00e1cia da CoronaVac\",\"Efic\u00e1cia da vacina da Pfizer\",\"Efic\u00e1cia da Vacina do Instituto Butantan\",\"Efici\u00eancia da Coronavac\",\"Efici\u00eancia da Vacina do Instituto Butantan\",\"Enfermeira M\u00f4nica Calazans\",\"Enfermeira M\u00f4nica Calazans \u00e9 a primeira pessoa vacinada contra a Covid-19 no Brasil\",\"Enfermeira vacinada em S\u00e3o Paulo\",\"Entrega de CoronaVac pelo Butantan\",\"Entregas Instituto Butantan\",\"Funda\u00e7\u00e3o Lemann\",\"General Mour\u00e3o\",\"governador de S\u00e3o Paulo\",\"governo brasileiro\",\"Governo brasileiro anuncia parceria para produ\u00e7\u00e3o de vacina contra Covid-19\",\"Governo de S\u00e3o Paulo\",\"Governo federal compra mais 54 milh\u00f5es de doses da CoronaVac\",\"Hamilton Mour\u00e3o\",\"Hamilton Mour\u00e3o recebe primeira dose da CoronaVac\",\"Imuniza\u00e7\u00e3o contra o coronav\u00edrus\",\"Instituto Butantan\",\"Instituto Butantan disponibiliza mais 2 milh\u00f5es de doses da CoronaVac\",\"Instituto Butantan entrega mais 2.2 milh\u00f5es de doses da CoronaVac\",\"Instituto Butantan entrega mais 5 milh\u00f5es de doses da CoronaVac ao Minist\u00e9rio da Sa\u00fade\",\"Instituto Butantan recebe IFA para mais 14 milh\u00f5es de doses da CoronaVac\",\"Instituto Butantan receber\u00e1 nesta semana insumos para produ\u00e7\u00e3o de mais 8 milh\u00f5es de doses da CoronaVac\",\"J\u00e9ssica Pires de Camargo\",\"Jo\u00e3o D\u00f3ria\",\"Jorge Paulo Lemann\",\"Maria Augusta Bernardini\",\"Minist\u00e9rio da Sa\u00fade\",\"Minist\u00e9rio da Sa\u00fade brasileiro anuncia parceria para produ\u00e7\u00e3o de vacina contra Covid-19\",\"M\u00f4nica Calazans\",\"Mour\u00e3o toma primeira dose de vacina contra Covid-19\",\"Novo coronav\u00edrus\",\"pandemia\",\"Pandemia da covid-19\",\"Pandemia da Covid-19 no Brasil\",\"Pandemia do coronav\u00edrus\",\"Pandemia do coronav\u00edrus no Brasil\",\"Pandemia no Brasil\",\"Parceria para produ\u00e7\u00e3o de vacina contra Covid-19\",\"Parceria para vacina contra Covid-19\",\"Pfizer\",\"Pfizer conclui testes de vacina para Covid-19\",\"Pfizer Inc\",\"Primeira pessoa imunizada contra covid-19 no Brasil\",\"Primeira pessoa vacinada com a vacina do Butantan\",\"Primeira vacinada com a Coronavac\",\"Primeira vacinada contra covid-19 no Brasil\",\"Primeira vacinadora contra covid-19 no Brasil\",\"Produ\u00e7\u00e3o da CoronaVac\",\"Produ\u00e7\u00e3o da CoronaVac no Brasil\",\"Produ\u00e7\u00e3o da CoronaVac no Instituto Butantan\",\"Produ\u00e7\u00e3o de vacina contra Covid-19\",\"Reino Unido aprova vacina da AstraZeneca\",\"Reino Unido no Brasil\",\"Segundo lote da CoronaVac\",\"Sinovac\",\"Teste da Vacina ChAdOx1 nCoV-19\",\"Testes com vacina contra Covid-19 come\u00e7am em S\u00e3o Paulo\",\"Unifesp\",\"Universidade de Oxford\",\"UTI do Em\u00edlio Ribas\",\"vacina\",\"Vacina ChAdOx1 nCoV-19\",\"Vacina contra coronav\u00edrus\",\"Vacina contra coronav\u00edrus da Pfizer\",\"Vacina contra covid-19\",\"Vacina contra covid-19 da Pfizer\",\"Vacina da AstraZeneca \u00e9 aprovada no Reino Unido\",\"Vacina da Pfizer\",\"Vacina do Instituto Butantan\",\"Vacina do Instituto Butantan atinge 100% de efic\u00e1cia para casos moderados e graves\",\"Vacina para coronav\u00edrus da Pfizer\",\"Vacina para covid-19 da Pfizer\",\"Vacina\u00e7\u00e3o contra o coronav\u00edrus\",\"vacinas\",\"Vice-presidente toma 2\u00aa dose de vacina contra a Covid-19\",\"Vijay Rangarajan\"],\"articleSection\":[\"Brasil\",\"Pol\u00edtica\",\"Sa\u00fade\"],\"inLanguage\":\"pt-BR\",\"potentialAction\":[{\"@type\":\"CommentAction\",\"name\":\"Comment\",\"target\":[\"https:\\\/\\\/aconteceunovale.com.br\\\/portal\\\/?p=177849#respond\"]}]},{\"@type\":\"WebPage\",\"@id\":\"https:\\\/\\\/aconteceunovale.com.br\\\/portal\\\/?p=177849\",\"url\":\"https:\\\/\\\/aconteceunovale.com.br\\\/portal\\\/?p=177849\",\"name\":\"Vice-presidente toma 2\u00aa dose de vacina contra a Covid-19 - Aconteceu no Vale\",\"isPartOf\":{\"@id\":\"https:\\\/\\\/aconteceunovale.com.br\\\/portal\\\/#website\"},\"primaryImageOfPage\":{\"@id\":\"https:\\\/\\\/aconteceunovale.com.br\\\/portal\\\/?p=177849#primaryimage\"},\"image\":{\"@id\":\"https:\\\/\\\/aconteceunovale.com.br\\\/portal\\\/?p=177849#primaryimage\"},\"thumbnailUrl\":\"https:\\\/\\\/aconteceunovale.com.br\\\/portal\\\/wp-content\\\/uploads\\\/2021\\\/04\\\/mourao_vacina.jpg\",\"datePublished\":\"2021-04-26T21:54:51+00:00\",\"dateModified\":\"2021-04-26T21:55:55+00:00\",\"author\":{\"@id\":\"https:\\\/\\\/aconteceunovale.com.br\\\/portal\\\/#\\\/schema\\\/person\\\/7d2f26d1483f8a63de73da1ee0754d35\"},\"breadcrumb\":{\"@id\":\"https:\\\/\\\/aconteceunovale.com.br\\\/portal\\\/?p=177849#breadcrumb\"},\"inLanguage\":\"pt-BR\",\"potentialAction\":[{\"@type\":\"ReadAction\",\"target\":[\"https:\\\/\\\/aconteceunovale.com.br\\\/portal\\\/?p=177849\"]}]},{\"@type\":\"ImageObject\",\"inLanguage\":\"pt-BR\",\"@id\":\"https:\\\/\\\/aconteceunovale.com.br\\\/portal\\\/?p=177849#primaryimage\",\"url\":\"https:\\\/\\\/aconteceunovale.com.br\\\/portal\\\/wp-content\\\/uploads\\\/2021\\\/04\\\/mourao_vacina.jpg\",\"contentUrl\":\"https:\\\/\\\/aconteceunovale.com.br\\\/portal\\\/wp-content\\\/uploads\\\/2021\\\/04\\\/mourao_vacina.jpg\",\"width\":678,\"height\":406,\"caption\":\"(Bras\u00edlia-DF, 20\\\/04\\\/2021) Vice-Presidente da Rep\u00fablica, Hamilton Mour\u00e3o, durante Vacina\u00e7\u00e3o contra COVID-19.\\u2028 Foto: Bruno Batista \\\/VPR\"},{\"@type\":\"BreadcrumbList\",\"@id\":\"https:\\\/\\\/aconteceunovale.com.br\\\/portal\\\/?p=177849#breadcrumb\",\"itemListElement\":[{\"@type\":\"ListItem\",\"position\":1,\"name\":\"In\u00edcio\",\"item\":\"https:\\\/\\\/aconteceunovale.com.br\\\/portal\\\/\"},{\"@type\":\"ListItem\",\"position\":2,\"name\":\"Vice-presidente toma 2\u00aa dose de vacina contra a Covid-19\"}]},{\"@type\":\"WebSite\",\"@id\":\"https:\\\/\\\/aconteceunovale.com.br\\\/portal\\\/#website\",\"url\":\"https:\\\/\\\/aconteceunovale.com.br\\\/portal\\\/\",\"name\":\"Aconteceu no Vale\",\"description\":\"Portal de Not\u00edcias\",\"potentialAction\":[{\"@type\":\"SearchAction\",\"target\":{\"@type\":\"EntryPoint\",\"urlTemplate\":\"https:\\\/\\\/aconteceunovale.com.br\\\/portal\\\/?s={search_term_string}\"},\"query-input\":{\"@type\":\"PropertyValueSpecification\",\"valueRequired\":true,\"valueName\":\"search_term_string\"}}],\"inLanguage\":\"pt-BR\"},{\"@type\":\"Person\",\"@id\":\"https:\\\/\\\/aconteceunovale.com.br\\\/portal\\\/#\\\/schema\\\/person\\\/7d2f26d1483f8a63de73da1ee0754d35\",\"name\":\"Reda\u00e7\u00e3o Aconteceu no Vale\",\"description\":\"Equipe de reportagem do Aconteceu no Vale, portal de not\u00edcias do Vale do Jequitinhonha, em Minas Gerais. Cobrimos as 51 cidades do Vale desde 2013. Sugest\u00f5es de pauta e pedidos de corre\u00e7\u00e3o: contato@aconteceunovale.com.br\",\"url\":\"https:\\\/\\\/aconteceunovale.com.br\\\/portal\\\/?author=4\"}]}<\/script>\n<!-- \/ Yoast SEO plugin. -->","yoast_head_json":{"title":"Vice-presidente toma 2\u00aa dose de vacina contra a Covid-19 - Aconteceu no Vale","robots":{"index":"index","follow":"follow","max-snippet":"max-snippet:-1","max-image-preview":"max-image-preview:large","max-video-preview":"max-video-preview:-1"},"canonical":"https:\/\/aconteceunovale.com.br\/portal\/?p=177849","og_locale":"pt_BR","og_type":"article","og_title":"Vice-presidente toma 2\u00aa dose de vacina contra a Covid-19 - Aconteceu no Vale","og_description":"O vice-presidente Hamilton Mour\u00e3o, de 67 anos, tomou nesta segunda-feira (26\/4\/2021) a segunda dose da vacina CoronaVac. Ele foi atendido em um dos pontos de vacina\u00e7\u00e3o\u00a0drive-thru\u00a0de Bras\u00edlia (DF).\u00a0 A CoronaVac \u00e9 produzida no Brasil pelo Instituto Butantan, em parceria com o laborat\u00f3rio chin\u00eas Sinovac, e administrada em duas doses, com intervalo de at\u00e9 quatro semanas. [&hellip;]","og_url":"https:\/\/aconteceunovale.com.br\/portal\/?p=177849","og_site_name":"Aconteceu no Vale","article_publisher":"https:\/\/www.facebook.com\/aconteceunovale\/","article_published_time":"2021-04-26T21:54:51+00:00","article_modified_time":"2021-04-26T21:55:55+00:00","og_image":[{"width":678,"height":406,"url":"https:\/\/aconteceunovale.com.br\/portal\/wp-content\/uploads\/2021\/04\/mourao_vacina.jpg","type":"image\/jpeg"}],"author":"Reda\u00e7\u00e3o Aconteceu no Vale","twitter_card":"summary_large_image","twitter_creator":"@noticiadosvales","twitter_site":"@noticiadosvales","twitter_misc":{"Escrito por":"Reda\u00e7\u00e3o Aconteceu no Vale","Est. tempo de leitura":"1 minuto"},"schema":{"@context":"https:\/\/schema.org","@graph":[{"@type":"Article","@id":"https:\/\/aconteceunovale.com.br\/portal\/?p=177849#article","isPartOf":{"@id":"https:\/\/aconteceunovale.com.br\/portal\/?p=177849"},"author":{"name":"Reda\u00e7\u00e3o Aconteceu no Vale","@id":"https:\/\/aconteceunovale.com.br\/portal\/#\/schema\/person\/7d2f26d1483f8a63de73da1ee0754d35"},"headline":"Vice-presidente toma 2\u00aa dose de vacina contra a Covid-19","datePublished":"2021-04-26T21:54:51+00:00","dateModified":"2021-04-26T21:55:55+00:00","mainEntityOfPage":{"@id":"https:\/\/aconteceunovale.com.br\/portal\/?p=177849"},"wordCount":115,"commentCount":0,"image":{"@id":"https:\/\/aconteceunovale.com.br\/portal\/?p=177849#primaryimage"},"thumbnailUrl":"https:\/\/aconteceunovale.com.br\/portal\/wp-content\/uploads\/2021\/04\/mourao_vacina.jpg","keywords":["Anvisa","Anvisa aprova 2\u00ba lote da CoronaVac e Butantan inicia distribui\u00e7\u00e3o","Anvisa certifica farmac\u00eautica que desenvolveu a CoronaVac","Aprova\u00e7\u00e3o da CoronaVac na China","Aprova\u00e7\u00e3o de vacina da AstraZeneca","Aprova\u00e7\u00e3o do segundo lote da CoronaVac","AstraZeneca","AstraZeneca Brazil","Autoriza\u00e7\u00e3o da Coronavac","Autoriza\u00e7\u00e3o da CoronaVac na China","Autoriza\u00e7\u00e3o da vacina de Oxford","Autoriza\u00e7\u00e3o da vacina do Butantan","Autoriza\u00e7\u00e3o de vacina contra a covid-19","BioNTech SE","Butantan inicia distribui\u00e7\u00e3o do 2\u00ba lote da CoronaVac ap\u00f3s aprova\u00e7\u00e3o da Anvisa","Butantan inicia produ\u00e7\u00e3o da CoronaVac","Butantan recebe hoje insumos para produ\u00e7\u00e3o de mais 8.6 milh\u00f5es de doses da CoronaVac","Certifica\u00e7\u00e3o da Coronavac","Certifica\u00e7\u00e3o da f\u00e1brica da Coronavac","ChAdOx1 nCoV-19","China autoriza uso da CoronaVac","Coronav\u00edrus","COVID-19","Covid-19: Anvisa certifica Pfizer","Covid-19: imunizante da AstraZeneca recebe certifica\u00e7\u00e3o da Anvisa","destaque","Diretora do grupo Astrazeneca","Distribui\u00e7\u00e3o do segundo lote da CoronaVac","Efic\u00e1cia","Efic\u00e1cia da CoronaVac","Efic\u00e1cia da vacina da Pfizer","Efic\u00e1cia da Vacina do Instituto Butantan","Efici\u00eancia da Coronavac","Efici\u00eancia da Vacina do Instituto Butantan","Enfermeira M\u00f4nica Calazans","Enfermeira M\u00f4nica Calazans \u00e9 a primeira pessoa vacinada contra a Covid-19 no Brasil","Enfermeira vacinada em S\u00e3o Paulo","Entrega de CoronaVac pelo Butantan","Entregas Instituto Butantan","Funda\u00e7\u00e3o Lemann","General Mour\u00e3o","governador de S\u00e3o Paulo","governo brasileiro","Governo brasileiro anuncia parceria para produ\u00e7\u00e3o de vacina contra Covid-19","Governo de S\u00e3o Paulo","Governo federal compra mais 54 milh\u00f5es de doses da CoronaVac","Hamilton Mour\u00e3o","Hamilton Mour\u00e3o recebe primeira dose da CoronaVac","Imuniza\u00e7\u00e3o contra o coronav\u00edrus","Instituto Butantan","Instituto Butantan disponibiliza mais 2 milh\u00f5es de doses da CoronaVac","Instituto Butantan entrega mais 2.2 milh\u00f5es de doses da CoronaVac","Instituto Butantan entrega mais 5 milh\u00f5es de doses da CoronaVac ao Minist\u00e9rio da Sa\u00fade","Instituto Butantan recebe IFA para mais 14 milh\u00f5es de doses da CoronaVac","Instituto Butantan receber\u00e1 nesta semana insumos para produ\u00e7\u00e3o de mais 8 milh\u00f5es de doses da CoronaVac","J\u00e9ssica Pires de Camargo","Jo\u00e3o D\u00f3ria","Jorge Paulo Lemann","Maria Augusta Bernardini","Minist\u00e9rio da Sa\u00fade","Minist\u00e9rio da Sa\u00fade brasileiro anuncia parceria para produ\u00e7\u00e3o de vacina contra Covid-19","M\u00f4nica Calazans","Mour\u00e3o toma primeira dose de vacina contra Covid-19","Novo coronav\u00edrus","pandemia","Pandemia da covid-19","Pandemia da Covid-19 no Brasil","Pandemia do coronav\u00edrus","Pandemia do coronav\u00edrus no Brasil","Pandemia no Brasil","Parceria para produ\u00e7\u00e3o de vacina contra Covid-19","Parceria para vacina contra Covid-19","Pfizer","Pfizer conclui testes de vacina para Covid-19","Pfizer Inc","Primeira pessoa imunizada contra covid-19 no Brasil","Primeira pessoa vacinada com a vacina do Butantan","Primeira vacinada com a Coronavac","Primeira vacinada contra covid-19 no Brasil","Primeira vacinadora contra covid-19 no Brasil","Produ\u00e7\u00e3o da CoronaVac","Produ\u00e7\u00e3o da CoronaVac no Brasil","Produ\u00e7\u00e3o da CoronaVac no Instituto Butantan","Produ\u00e7\u00e3o de vacina contra Covid-19","Reino Unido aprova vacina da AstraZeneca","Reino Unido no Brasil","Segundo lote da CoronaVac","Sinovac","Teste da Vacina ChAdOx1 nCoV-19","Testes com vacina contra Covid-19 come\u00e7am em S\u00e3o Paulo","Unifesp","Universidade de Oxford","UTI do Em\u00edlio Ribas","vacina","Vacina ChAdOx1 nCoV-19","Vacina contra coronav\u00edrus","Vacina contra coronav\u00edrus da Pfizer","Vacina contra covid-19","Vacina contra covid-19 da Pfizer","Vacina da AstraZeneca \u00e9 aprovada no Reino Unido","Vacina da Pfizer","Vacina do Instituto Butantan","Vacina do Instituto Butantan atinge 100% de efic\u00e1cia para casos moderados e graves","Vacina para coronav\u00edrus da Pfizer","Vacina para covid-19 da Pfizer","Vacina\u00e7\u00e3o contra o coronav\u00edrus","vacinas","Vice-presidente toma 2\u00aa dose de vacina contra a Covid-19","Vijay Rangarajan"],"articleSection":["Brasil","Pol\u00edtica","Sa\u00fade"],"inLanguage":"pt-BR","potentialAction":[{"@type":"CommentAction","name":"Comment","target":["https:\/\/aconteceunovale.com.br\/portal\/?p=177849#respond"]}]},{"@type":"WebPage","@id":"https:\/\/aconteceunovale.com.br\/portal\/?p=177849","url":"https:\/\/aconteceunovale.com.br\/portal\/?p=177849","name":"Vice-presidente toma 2\u00aa dose de vacina contra a Covid-19 - Aconteceu no Vale","isPartOf":{"@id":"https:\/\/aconteceunovale.com.br\/portal\/#website"},"primaryImageOfPage":{"@id":"https:\/\/aconteceunovale.com.br\/portal\/?p=177849#primaryimage"},"image":{"@id":"https:\/\/aconteceunovale.com.br\/portal\/?p=177849#primaryimage"},"thumbnailUrl":"https:\/\/aconteceunovale.com.br\/portal\/wp-content\/uploads\/2021\/04\/mourao_vacina.jpg","datePublished":"2021-04-26T21:54:51+00:00","dateModified":"2021-04-26T21:55:55+00:00","author":{"@id":"https:\/\/aconteceunovale.com.br\/portal\/#\/schema\/person\/7d2f26d1483f8a63de73da1ee0754d35"},"breadcrumb":{"@id":"https:\/\/aconteceunovale.com.br\/portal\/?p=177849#breadcrumb"},"inLanguage":"pt-BR","potentialAction":[{"@type":"ReadAction","target":["https:\/\/aconteceunovale.com.br\/portal\/?p=177849"]}]},{"@type":"ImageObject","inLanguage":"pt-BR","@id":"https:\/\/aconteceunovale.com.br\/portal\/?p=177849#primaryimage","url":"https:\/\/aconteceunovale.com.br\/portal\/wp-content\/uploads\/2021\/04\/mourao_vacina.jpg","contentUrl":"https:\/\/aconteceunovale.com.br\/portal\/wp-content\/uploads\/2021\/04\/mourao_vacina.jpg","width":678,"height":406,"caption":"(Bras\u00edlia-DF, 20\/04\/2021) Vice-Presidente da Rep\u00fablica, Hamilton Mour\u00e3o, durante Vacina\u00e7\u00e3o contra COVID-19.\u2028 Foto: Bruno Batista \/VPR"},{"@type":"BreadcrumbList","@id":"https:\/\/aconteceunovale.com.br\/portal\/?p=177849#breadcrumb","itemListElement":[{"@type":"ListItem","position":1,"name":"In\u00edcio","item":"https:\/\/aconteceunovale.com.br\/portal\/"},{"@type":"ListItem","position":2,"name":"Vice-presidente toma 2\u00aa dose de vacina contra a Covid-19"}]},{"@type":"WebSite","@id":"https:\/\/aconteceunovale.com.br\/portal\/#website","url":"https:\/\/aconteceunovale.com.br\/portal\/","name":"Aconteceu no Vale","description":"Portal de Not\u00edcias","potentialAction":[{"@type":"SearchAction","target":{"@type":"EntryPoint","urlTemplate":"https:\/\/aconteceunovale.com.br\/portal\/?s={search_term_string}"},"query-input":{"@type":"PropertyValueSpecification","valueRequired":true,"valueName":"search_term_string"}}],"inLanguage":"pt-BR"},{"@type":"Person","@id":"https:\/\/aconteceunovale.com.br\/portal\/#\/schema\/person\/7d2f26d1483f8a63de73da1ee0754d35","name":"Reda\u00e7\u00e3o Aconteceu no Vale","description":"Equipe de reportagem do Aconteceu no Vale, portal de not\u00edcias do Vale do Jequitinhonha, em Minas Gerais. Cobrimos as 51 cidades do Vale desde 2013. Sugest\u00f5es de pauta e pedidos de corre\u00e7\u00e3o: contato@aconteceunovale.com.br","url":"https:\/\/aconteceunovale.com.br\/portal\/?author=4"}]}},"_links":{"self":[{"href":"https:\/\/aconteceunovale.com.br\/portal\/index.php?rest_route=\/wp\/v2\/posts\/177849","targetHints":{"allow":["GET"]}}],"collection":[{"href":"https:\/\/aconteceunovale.com.br\/portal\/index.php?rest_route=\/wp\/v2\/posts"}],"about":[{"href":"https:\/\/aconteceunovale.com.br\/portal\/index.php?rest_route=\/wp\/v2\/types\/post"}],"author":[{"embeddable":true,"href":"https:\/\/aconteceunovale.com.br\/portal\/index.php?rest_route=\/wp\/v2\/users\/4"}],"replies":[{"embeddable":true,"href":"https:\/\/aconteceunovale.com.br\/portal\/index.php?rest_route=%2Fwp%2Fv2%2Fcomments&post=177849"}],"version-history":[{"count":1,"href":"https:\/\/aconteceunovale.com.br\/portal\/index.php?rest_route=\/wp\/v2\/posts\/177849\/revisions"}],"predecessor-version":[{"id":177851,"href":"https:\/\/aconteceunovale.com.br\/portal\/index.php?rest_route=\/wp\/v2\/posts\/177849\/revisions\/177851"}],"wp:featuredmedia":[{"embeddable":true,"href":"https:\/\/aconteceunovale.com.br\/portal\/index.php?rest_route=\/wp\/v2\/media\/177850"}],"wp:attachment":[{"href":"https:\/\/aconteceunovale.com.br\/portal\/index.php?rest_route=%2Fwp%2Fv2%2Fmedia&parent=177849"}],"wp:term":[{"taxonomy":"category","embeddable":true,"href":"https:\/\/aconteceunovale.com.br\/portal\/index.php?rest_route=%2Fwp%2Fv2%2Fcategories&post=177849"},{"taxonomy":"post_tag","embeddable":true,"href":"https:\/\/aconteceunovale.com.br\/portal\/index.php?rest_route=%2Fwp%2Fv2%2Ftags&post=177849"}],"curies":[{"name":"wp","href":"https:\/\/api.w.org\/{rel}","templated":true}]}}