{"id":177845,"date":"2021-04-26T16:33:47","date_gmt":"2021-04-26T19:33:47","guid":{"rendered":"https:\/\/aconteceunovale.com.br\/portal\/?p=177845"},"modified":"2021-04-26T16:37:08","modified_gmt":"2021-04-26T19:37:08","slug":"cerca-de-30-dos-brasileiros-sao-hipertensos-aponta-sbc","status":"publish","type":"post","link":"https:\/\/aconteceunovale.com.br\/portal\/?p=177845","title":{"rendered":"Cerca de 30% dos brasileiros s\u00e3o hipertensos, aponta SBC"},"content":{"rendered":"\n<p class=\"wp-block-paragraph\">Esta segunda-feira, 26 de abril, \u00e9 o Dia Nacional de Preven\u00e7\u00e3o e Combate \u00e0 Hipertens\u00e3o Arterial, data para conscientizar a popula\u00e7\u00e3o sobre a import\u00e2ncia do diagn\u00f3stico preventivo e do tratamento da doen\u00e7a, que mata mais de 10 milh\u00f5es de pessoas por ano no mundo. Cerca de 30% dos brasileiros s\u00e3o hipertensos, aponta a Sociedade Brasileira de Cardiologia (SBC).<img decoding=\"async\" src=\"https:\/\/agenciabrasil.ebc.com.br\/ebc.png?id=1407805&amp;o=node\"><img decoding=\"async\" src=\"https:\/\/agenciabrasil.ebc.com.br\/ebc.gif?id=1407805&amp;o=node\"><\/p>\n\n\n\n<figure class=\"wp-block-gallery columns-1 is-cropped wp-block-gallery-1 is-layout-flex wp-block-gallery-is-layout-flex\"><ul class=\"blocks-gallery-grid\"><li class=\"blocks-gallery-item\"><figure><img loading=\"lazy\" decoding=\"async\" width=\"678\" height=\"406\" src=\"https:\/\/aconteceunovale.com.br\/portal\/wp-content\/uploads\/2021\/04\/hipertensao-1.png\" alt=\"\" data-id=\"177847\" data-full-url=\"https:\/\/aconteceunovale.com.br\/portal\/wp-content\/uploads\/2021\/04\/hipertensao-1.png\" data-link=\"https:\/\/aconteceunovale.com.br\/portal\/?attachment_id=177847\" class=\"wp-image-177847\" srcset=\"https:\/\/aconteceunovale.com.br\/portal\/wp-content\/uploads\/2021\/04\/hipertensao-1.png 678w, https:\/\/aconteceunovale.com.br\/portal\/wp-content\/uploads\/2021\/04\/hipertensao-1-300x180.png 300w\" sizes=\"auto, (max-width: 678px) 100vw, 678px\" \/><figcaption class=\"blocks-gallery-item__caption\"><em>Foto: Divulga\u00e7\u00e3o\/SESA\/Governo do Paran\u00e1<\/em><\/figcaption><\/figure><\/li><\/ul><\/figure>\n\n\n\n<p class=\"wp-block-paragraph\">A hipertens\u00e3o arterial \u00e9 uma doen\u00e7a cr\u00f4nica n\u00e3o transmiss\u00edvel (DCNT) definida por n\u00edveis press\u00f3ricos, em que os benef\u00edcios do tratamento (n\u00e3o medicamentoso e\/ou medicamentoso) superam os riscos.<\/p>\n\n\n\n<p class=\"wp-block-paragraph\">\u00c9 caracterizada pela eleva\u00e7\u00e3o sustentada dos n\u00edveis de press\u00e3o arterial, acima de 140\/90 mmHg (mil\u00edmetros de merc\u00fario), popularmente conhecida como 14\/9 \u2013 o primeiro n\u00famero se refere \u00e0 press\u00e3o m\u00e1xima ou sist\u00f3lica, que corresponde \u00e0 contra\u00e7\u00e3o do cora\u00e7\u00e3o; o segundo, \u00e0 press\u00e3o do movimento de di\u00e1stole, quando o cora\u00e7\u00e3o relaxa.<\/p>\n\n\n\n<p class=\"wp-block-paragraph\">Por se tratar de condi\u00e7\u00e3o frequentemente assintom\u00e1tica, a hipertens\u00e3o costuma evoluir com altera\u00e7\u00f5es estruturais e\/ou funcionais em \u00f3rg\u00e3os alvo, como cora\u00e7\u00e3o, c\u00e9rebro, rins e vasos. Ela \u00e9 o principal fator de risco modific\u00e1vel com associa\u00e7\u00e3o independente, linear e cont\u00ednua para doen\u00e7as cardiovasculares, entre elas o infarto agudo do mioc\u00e1rdio (IAM) e o acidente vascular cerebral (AVC), doen\u00e7a renal cr\u00f4nica e morte prematura. Associa-se a fatores de risco metab\u00f3licos para as doen\u00e7as dos sistemas cardiocirculat\u00f3rio e renal, como dislipidemia, obesidade abdominal, intoler\u00e2ncia \u00e0 glicose e diabetes.<\/p>\n\n\n\n<p class=\"wp-block-paragraph\">A identifica\u00e7\u00e3o e o tratamento precoces reduzem a mortalidade por causas cardiovasculares. Pode estar relacionada a 80% dos casos de AVC e 60% dos casos de infarto. Hipertensos, assim como outros cardiopatas e portadores de doen\u00e7as cr\u00f4nicas t\u00eam possibilidade de maiores complica\u00e7\u00f5es pela covid-19.<\/p>\n\n\n\n<p class=\"wp-block-paragraph\">\u201cCardiopatas e pacientes com doen\u00e7as cr\u00f4nicas n\u00e3o devem suspender seus tratamentos por conta da infec\u00e7\u00e3o pelo novo coronav\u00edrus. As medica\u00e7\u00f5es os ajudar\u00e3o a proteger o organismo, de forma a permitir uma evolu\u00e7\u00e3o mais favor\u00e1vel da covid-19\u201d, afirma o presidente do Departamento de Hipertens\u00e3o Arterial (DHA) da SBC, Audes Feitosa.<\/p>\n\n\n\n<p class=\"wp-block-paragraph\">O cardiologista apontou obesidade, tabagismo, sedentarismo, hist\u00f3rico familiar, estresse e envelhecimento como fatores de risco para o desenvolvimento da hipertens\u00e3o. O sobrepeso e a obesidade podem acelerar em at\u00e9 10 anos o aparecimento da doen\u00e7a, assim como o consumo exagerado de sal, que associado a h\u00e1bitos alimentares n\u00e3o adequados tamb\u00e9m colaboram para o surgimento da doen\u00e7a.<\/p>\n\n\n\n<p class=\"wp-block-paragraph\">Ao reconhecer qualquer um dos sintomas, como altera\u00e7\u00e3o do movimento e\/ou da sensibilidade em uma parte do corpo; dificuldade de fala ou compreens\u00e3o; dor de cabe\u00e7a intensa e s\u00fabita; tontura ou altera\u00e7\u00e3o no equil\u00edbrio; altera\u00e7\u00e3o da vis\u00e3o e\/ou dificuldade para enxergar, n\u00e1usea ou v\u00f4mito, dificuldade para engolir e\/ou perda da consci\u00eancia (desmaio) \u2013 \u00e9 importante procurar ajuda m\u00e9dica, pois os profissionais de sa\u00fade t\u00eam um curto espa\u00e7o de tempo para atuar: a cada minuto, milh\u00f5es de neur\u00f4nios podem ser perdidos durante um AVC. \u201cQuanto mais cedo for iniciado o tratamento, maior \u00e9 a chance de recupera\u00e7\u00e3o\u201d, alerta a entidade.<\/p>\n\n\n\n<h2 class=\"wp-block-heading\">Fatores de risco e preven\u00e7\u00e3o<\/h2>\n\n\n\n<p class=\"wp-block-paragraph\">Feitosa destaca que a hipertens\u00e3o tem fatores de risco que s\u00e3o modific\u00e1veis e outros n\u00e3o modific\u00e1veis, como predisposi\u00e7\u00e3o gen\u00e9tica e envelhecimento. Por isso \u00e9 fundamental trabalhar aqueles que s\u00e3o pass\u00edveis de mudan\u00e7a, como manter uma rotina saud\u00e1vel, tendo uma alimenta\u00e7\u00e3o balanceada e evitando o sedentarismo e consequentemente o sobrepeso e a obesidade.<\/p>\n\n\n\n<p class=\"wp-block-paragraph\">O h\u00e1bito de fumar, o consumo excessivo de bebidas alco\u00f3licas, diabetes e outras doen\u00e7as com causa card\u00edaca juntam-se aos fatores de risco.&nbsp; J\u00e1 os h\u00e1bitos de vida saud\u00e1veis ajudam a prevenir a doen\u00e7a, completa a m\u00e9dica cardiologista da Cl\u00ednica Buchler e diretora da reabilita\u00e7\u00e3o card\u00edaca do Instituto Dante Pazzanese de Cardiologia, Rica Buchler.<\/p>\n\n\n\n<p class=\"wp-block-paragraph\">\u201cAdotar h\u00e1bitos de vida saud\u00e1veis como manter alimenta\u00e7\u00e3o rica em frutas e legumes, assim como praticar atividade f\u00edsica e manter o peso adequado. Al\u00e9m da visitar regularmente o cl\u00ednico geral ou o cardiologista para aferi\u00e7\u00e3o da press\u00e3o arterial ao menos uma vez ao ano. Caso tenha pai e\/ou m\u00e3e hipertensos, \u00e9 preciso iniciar essa aferi\u00e7\u00e3o da press\u00e3o arterial aos 20 anos\u201d.<\/p>\n\n\n\n<h2 class=\"wp-block-heading\">Hipertens\u00e3o e covid-19<\/h2>\n\n\n\n<p class=\"wp-block-paragraph\">No contexto de pandemia de covid-19, hipertensos precisam, de maneira ainda mais contundente, manter a press\u00e3o arterial controlada. \u201cIsso porque o risco da hipertens\u00e3o no indiv\u00edduo com diagn\u00f3stico positivo para o novo coronav\u00edrus se d\u00e1 porque a covid-19 provoca uma intensa rea\u00e7\u00e3o inflamat\u00f3ria que atinge diferentes territ\u00f3rios vasculares do organismo, vasos esses que j\u00e1 apresentam altera\u00e7\u00f5es na sua estrutura e fun\u00e7\u00e3o decorrente da hipertens\u00e3o arterial n\u00e3o controlada, fazendo com que essa pessoa tenha mais risco de complica\u00e7\u00f5es\u201d, explica o presidente da Sociedade Brasileira de Cardiologia (SBC), Celso Amodeo.<\/p>\n\n\n\n<p class=\"wp-block-paragraph\">\u201cNossas orienta\u00e7\u00f5es, sempre, s\u00e3o para que o paciente hipertenso n\u00e3o suspenda o tratamento medicamentoso por causa da covid-19\u201d, explicou o m\u00e9dico.<\/p>\n\n\n\n<p class=\"wp-block-paragraph\">A m\u00e9dica cardiologista Rica Buchler ressalta que a hipertens\u00e3o pode ainda estar associada a diversos fatores de risco. \u201cA hipertens\u00e3o costuma estar associada a obesidade, que \u00e9 fator de risco para evolu\u00e7\u00e3o desfavor\u00e1vel da covid-19. Muitas vezes o paciente cr\u00edtico de covid-19 tem v\u00e1rios fatores de risco, como diabetes e cardioopatias. A hipertens\u00e3o arterial torna-se importante fator de risco para covid-19 na medida em que atinge \u00f3rg\u00e3os alvo como c\u00e9rebro, cora\u00e7\u00e3o e rins\u201d.<\/p>\n\n\n\n<p class=\"wp-block-paragraph\">A pandemia fez com que muitas pessoas deixassem de ir ao m\u00e9dico por medo de sair \u00e0 rua, o que aumenta o risco de hipertens\u00e3o arterial n\u00e3o controlada. \u00c9 imprescind\u00edvel que o indiv\u00edduo mantenha sua press\u00e3o controlada, evitando assim complica\u00e7\u00f5es mais graves em caso de covid-19, recomenda a SBC.<\/p>\n\n\n\n<p class=\"wp-block-paragraph\">Os 10 mandamentos para preven\u00e7\u00e3o e controle da press\u00e3o alta, segundo a cardiologista Rica Buchler:<\/p>\n\n\n\n<p class=\"wp-block-paragraph\">1. Me\u00e7a a press\u00e3o pelo menos uma vez por ano.<\/p>\n\n\n\n<p class=\"wp-block-paragraph\">2. Pratique atividades f\u00edsicas 5 vezes por semana.<\/p>\n\n\n\n<p class=\"wp-block-paragraph\">3. Mantenha o peso ideal, evite a obesidade.<\/p>\n\n\n\n<p class=\"wp-block-paragraph\">4. Adote alimenta\u00e7\u00e3o saud\u00e1vel: pouco sal, sem frituras e mais frutas, verduras e legumes.<\/p>\n\n\n\n<p class=\"wp-block-paragraph\">5. Reduza o consumo de \u00e1lcool. Beba com modera\u00e7\u00e3o.<\/p>\n\n\n\n<p class=\"wp-block-paragraph\">6. Abandone o cigarro.<\/p>\n\n\n\n<p class=\"wp-block-paragraph\">7. Nunca pare ou mude seu tratamento sem orienta\u00e7\u00e3o m\u00e9dica.<\/p>\n\n\n\n<p class=\"wp-block-paragraph\">8. Siga as orienta\u00e7\u00f5es do seu m\u00e9dico ou profissional da sa\u00fade.<\/p>\n\n\n\n<p class=\"wp-block-paragraph\">9. Evite o estresse. Tenha tempo para a fam\u00edlia, os amigos e o lazer.<\/p>\n\n\n\n<p class=\"wp-block-paragraph\">10. Ame e seja amado.<\/p>\n\n\n\n<p class=\"wp-block-paragraph\">&#8212;&#8212;&#8212;&#8212;&#8212;&#8212;<br><em>Quer receber as not\u00edcias do <strong>Aconteceu no Vale<\/strong> em primeira m\u00e3o? Siga-nos no Facebook <a rel=\"noreferrer noopener\" href=\"http:\/\/facebook.com\/aconteceunovale\" target=\"_blank\">@aconteceunovale<\/a>, Twitter <a rel=\"noreferrer noopener\" href=\"https:\/\/twitter.com\/noticiadosvales\" target=\"_blank\">@noticiadosvales<\/a> e Instagram <a rel=\"noreferrer noopener\" href=\"https:\/\/www.instagram.com\/aconteceunovale\" target=\"_blank\">@aconteceunovale<\/a>.<\/em><\/p>\n","protected":false},"excerpt":{"rendered":"<p>Esta segunda-feira, 26 de abril, \u00e9 o Dia Nacional de Preven\u00e7\u00e3o e Combate \u00e0 Hipertens\u00e3o Arterial, data para conscientizar a popula\u00e7\u00e3o sobre a import\u00e2ncia do diagn\u00f3stico preventivo e do tratamento da doen\u00e7a, que mata mais de 10 milh\u00f5es de pessoas por ano no mundo. Cerca de 30% dos brasileiros s\u00e3o hipertensos, aponta a Sociedade Brasileira [&hellip;]<\/p>\n","protected":false},"author":4,"featured_media":177846,"comment_status":"open","ping_status":"closed","sticky":false,"template":"","format":"standard","meta":{"amp_status":"","footnotes":""},"categories":[6,40242],"tags":[244168,244176,244165,244171,244166,26361,44688,32707,244174,244172,44687,244175,244167,244173,244169,244170,54669,78803],"class_list":["post-177845","post","type-post","status-publish","format-standard","has-post-thumbnail","hentry","category-br","category-saude-2","tag-audes-feitosa","tag-celso-amodeo","tag-cerca-de-30-dos-brasileiros-sao-hipertensos","tag-clinica-buchler","tag-dia-nacional-de-prevencao-e-combate-a-hipertensao-arterial","tag-doencas-cronicas","tag-hipertensao","tag-hipertensao-arterial","tag-hipertensao-e-covid-19","tag-instituto-dante-pazzanese-de-cardiologia","tag-pressao-alta","tag-pressao-alta-e-covid-19","tag-prevencao-da-hipertensao-arterial","tag-rica-buchler","tag-riscos-hipertensao","tag-riscos-pressao-alta","tag-sbc","tag-sociedade-brasileira-de-cardiologia"],"yoast_head":"<!-- This site is optimized with the Yoast SEO plugin v28.3 - https:\/\/yoast.com\/product\/yoast-seo-wordpress\/ -->\n<title>Cerca de 30% dos brasileiros s\u00e3o hipertensos, aponta SBC - Aconteceu no Vale<\/title>\n<meta name=\"robots\" content=\"index, follow, max-snippet:-1, max-image-preview:large, max-video-preview:-1\" \/>\n<link rel=\"canonical\" href=\"https:\/\/aconteceunovale.com.br\/portal\/?p=177845\" \/>\n<meta property=\"og:locale\" content=\"pt_BR\" \/>\n<meta property=\"og:type\" content=\"article\" \/>\n<meta property=\"og:title\" content=\"Cerca de 30% dos brasileiros s\u00e3o hipertensos, aponta SBC - Aconteceu no Vale\" \/>\n<meta property=\"og:description\" content=\"Esta segunda-feira, 26 de abril, \u00e9 o Dia Nacional de Preven\u00e7\u00e3o e Combate \u00e0 Hipertens\u00e3o Arterial, data para conscientizar a popula\u00e7\u00e3o sobre a import\u00e2ncia do diagn\u00f3stico preventivo e do tratamento da doen\u00e7a, que mata mais de 10 milh\u00f5es de pessoas por ano no mundo. Cerca de 30% dos brasileiros s\u00e3o hipertensos, aponta a Sociedade Brasileira [&hellip;]\" \/>\n<meta property=\"og:url\" content=\"https:\/\/aconteceunovale.com.br\/portal\/?p=177845\" \/>\n<meta property=\"og:site_name\" content=\"Aconteceu no Vale\" \/>\n<meta property=\"article:publisher\" content=\"https:\/\/www.facebook.com\/aconteceunovale\/\" \/>\n<meta property=\"article:published_time\" content=\"2021-04-26T19:33:47+00:00\" \/>\n<meta property=\"article:modified_time\" content=\"2021-04-26T19:37:08+00:00\" \/>\n<meta property=\"og:image\" content=\"https:\/\/aconteceunovale.com.br\/portal\/wp-content\/uploads\/2021\/04\/hipertensao.png\" \/>\n\t<meta property=\"og:image:width\" content=\"678\" \/>\n\t<meta property=\"og:image:height\" content=\"406\" \/>\n\t<meta property=\"og:image:type\" content=\"image\/png\" \/>\n<meta name=\"author\" content=\"Reda\u00e7\u00e3o Aconteceu no Vale\" \/>\n<meta name=\"twitter:card\" content=\"summary_large_image\" \/>\n<meta name=\"twitter:creator\" content=\"@noticiadosvales\" \/>\n<meta name=\"twitter:site\" content=\"@noticiadosvales\" \/>\n<meta name=\"twitter:label1\" content=\"Escrito por\" \/>\n\t<meta name=\"twitter:data1\" content=\"Reda\u00e7\u00e3o Aconteceu no Vale\" \/>\n\t<meta name=\"twitter:label2\" content=\"Est. tempo de leitura\" \/>\n\t<meta name=\"twitter:data2\" content=\"6 minutos\" \/>\n<script type=\"application\/ld+json\" class=\"yoast-schema-graph\">{\"@context\":\"https:\\\/\\\/schema.org\",\"@graph\":[{\"@type\":\"Article\",\"@id\":\"https:\\\/\\\/aconteceunovale.com.br\\\/portal\\\/?p=177845#article\",\"isPartOf\":{\"@id\":\"https:\\\/\\\/aconteceunovale.com.br\\\/portal\\\/?p=177845\"},\"author\":{\"name\":\"Reda\u00e7\u00e3o Aconteceu no Vale\",\"@id\":\"https:\\\/\\\/aconteceunovale.com.br\\\/portal\\\/#\\\/schema\\\/person\\\/7d2f26d1483f8a63de73da1ee0754d35\"},\"headline\":\"Cerca de 30% dos brasileiros s\u00e3o hipertensos, aponta SBC\",\"datePublished\":\"2021-04-26T19:33:47+00:00\",\"dateModified\":\"2021-04-26T19:37:08+00:00\",\"mainEntityOfPage\":{\"@id\":\"https:\\\/\\\/aconteceunovale.com.br\\\/portal\\\/?p=177845\"},\"wordCount\":1162,\"commentCount\":0,\"image\":{\"@id\":\"https:\\\/\\\/aconteceunovale.com.br\\\/portal\\\/?p=177845#primaryimage\"},\"thumbnailUrl\":\"https:\\\/\\\/aconteceunovale.com.br\\\/portal\\\/wp-content\\\/uploads\\\/2021\\\/04\\\/hipertensao.png\",\"keywords\":[\"Audes Feitosa\",\"Celso Amodeo\",\"Cerca de 30% dos brasileiros s\u00e3o hipertensos\",\"Cl\u00ednica Buchler\",\"Dia Nacional de Preven\u00e7\u00e3o e Combate \u00e0 Hipertens\u00e3o Arterial\",\"doen\u00e7as cr\u00f4nicas\",\"hipertens\u00e3o\",\"hipertens\u00e3o arterial\",\"Hipertens\u00e3o e covid-19\",\"Instituto Dante Pazzanese de Cardiologia\",\"press\u00e3o alta\",\"Press\u00e3o alta e covid-19\",\"Preven\u00e7\u00e3o da Hipertens\u00e3o Arterial\",\"Rica Buchler\",\"Riscos hipertens\u00e3o\",\"Riscos press\u00e3o alta\",\"SBC\",\"Sociedade Brasileira de Cardiologia\"],\"articleSection\":[\"Brasil\",\"Sa\u00fade\"],\"inLanguage\":\"pt-BR\",\"potentialAction\":[{\"@type\":\"CommentAction\",\"name\":\"Comment\",\"target\":[\"https:\\\/\\\/aconteceunovale.com.br\\\/portal\\\/?p=177845#respond\"]}]},{\"@type\":\"WebPage\",\"@id\":\"https:\\\/\\\/aconteceunovale.com.br\\\/portal\\\/?p=177845\",\"url\":\"https:\\\/\\\/aconteceunovale.com.br\\\/portal\\\/?p=177845\",\"name\":\"Cerca de 30% dos brasileiros s\u00e3o hipertensos, aponta SBC - Aconteceu no Vale\",\"isPartOf\":{\"@id\":\"https:\\\/\\\/aconteceunovale.com.br\\\/portal\\\/#website\"},\"primaryImageOfPage\":{\"@id\":\"https:\\\/\\\/aconteceunovale.com.br\\\/portal\\\/?p=177845#primaryimage\"},\"image\":{\"@id\":\"https:\\\/\\\/aconteceunovale.com.br\\\/portal\\\/?p=177845#primaryimage\"},\"thumbnailUrl\":\"https:\\\/\\\/aconteceunovale.com.br\\\/portal\\\/wp-content\\\/uploads\\\/2021\\\/04\\\/hipertensao.png\",\"datePublished\":\"2021-04-26T19:33:47+00:00\",\"dateModified\":\"2021-04-26T19:37:08+00:00\",\"author\":{\"@id\":\"https:\\\/\\\/aconteceunovale.com.br\\\/portal\\\/#\\\/schema\\\/person\\\/7d2f26d1483f8a63de73da1ee0754d35\"},\"breadcrumb\":{\"@id\":\"https:\\\/\\\/aconteceunovale.com.br\\\/portal\\\/?p=177845#breadcrumb\"},\"inLanguage\":\"pt-BR\",\"potentialAction\":[{\"@type\":\"ReadAction\",\"target\":[\"https:\\\/\\\/aconteceunovale.com.br\\\/portal\\\/?p=177845\"]}]},{\"@type\":\"ImageObject\",\"inLanguage\":\"pt-BR\",\"@id\":\"https:\\\/\\\/aconteceunovale.com.br\\\/portal\\\/?p=177845#primaryimage\",\"url\":\"https:\\\/\\\/aconteceunovale.com.br\\\/portal\\\/wp-content\\\/uploads\\\/2021\\\/04\\\/hipertensao.png\",\"contentUrl\":\"https:\\\/\\\/aconteceunovale.com.br\\\/portal\\\/wp-content\\\/uploads\\\/2021\\\/04\\\/hipertensao.png\",\"width\":678,\"height\":406},{\"@type\":\"BreadcrumbList\",\"@id\":\"https:\\\/\\\/aconteceunovale.com.br\\\/portal\\\/?p=177845#breadcrumb\",\"itemListElement\":[{\"@type\":\"ListItem\",\"position\":1,\"name\":\"In\u00edcio\",\"item\":\"https:\\\/\\\/aconteceunovale.com.br\\\/portal\\\/\"},{\"@type\":\"ListItem\",\"position\":2,\"name\":\"Cerca de 30% dos brasileiros s\u00e3o hipertensos, aponta SBC\"}]},{\"@type\":\"WebSite\",\"@id\":\"https:\\\/\\\/aconteceunovale.com.br\\\/portal\\\/#website\",\"url\":\"https:\\\/\\\/aconteceunovale.com.br\\\/portal\\\/\",\"name\":\"Aconteceu no Vale\",\"description\":\"Portal de Not\u00edcias\",\"potentialAction\":[{\"@type\":\"SearchAction\",\"target\":{\"@type\":\"EntryPoint\",\"urlTemplate\":\"https:\\\/\\\/aconteceunovale.com.br\\\/portal\\\/?s={search_term_string}\"},\"query-input\":{\"@type\":\"PropertyValueSpecification\",\"valueRequired\":true,\"valueName\":\"search_term_string\"}}],\"inLanguage\":\"pt-BR\"},{\"@type\":\"Person\",\"@id\":\"https:\\\/\\\/aconteceunovale.com.br\\\/portal\\\/#\\\/schema\\\/person\\\/7d2f26d1483f8a63de73da1ee0754d35\",\"name\":\"Reda\u00e7\u00e3o Aconteceu no Vale\",\"description\":\"Equipe de reportagem do Aconteceu no Vale, portal de not\u00edcias do Vale do Jequitinhonha, em Minas Gerais. Cobrimos as 51 cidades do Vale desde 2013. Sugest\u00f5es de pauta e pedidos de corre\u00e7\u00e3o: contato@aconteceunovale.com.br\",\"url\":\"https:\\\/\\\/aconteceunovale.com.br\\\/portal\\\/?author=4\"}]}<\/script>\n<!-- \/ Yoast SEO plugin. -->","yoast_head_json":{"title":"Cerca de 30% dos brasileiros s\u00e3o hipertensos, aponta SBC - Aconteceu no Vale","robots":{"index":"index","follow":"follow","max-snippet":"max-snippet:-1","max-image-preview":"max-image-preview:large","max-video-preview":"max-video-preview:-1"},"canonical":"https:\/\/aconteceunovale.com.br\/portal\/?p=177845","og_locale":"pt_BR","og_type":"article","og_title":"Cerca de 30% dos brasileiros s\u00e3o hipertensos, aponta SBC - Aconteceu no Vale","og_description":"Esta segunda-feira, 26 de abril, \u00e9 o Dia Nacional de Preven\u00e7\u00e3o e Combate \u00e0 Hipertens\u00e3o Arterial, data para conscientizar a popula\u00e7\u00e3o sobre a import\u00e2ncia do diagn\u00f3stico preventivo e do tratamento da doen\u00e7a, que mata mais de 10 milh\u00f5es de pessoas por ano no mundo. Cerca de 30% dos brasileiros s\u00e3o hipertensos, aponta a Sociedade Brasileira [&hellip;]","og_url":"https:\/\/aconteceunovale.com.br\/portal\/?p=177845","og_site_name":"Aconteceu no Vale","article_publisher":"https:\/\/www.facebook.com\/aconteceunovale\/","article_published_time":"2021-04-26T19:33:47+00:00","article_modified_time":"2021-04-26T19:37:08+00:00","og_image":[{"width":678,"height":406,"url":"https:\/\/aconteceunovale.com.br\/portal\/wp-content\/uploads\/2021\/04\/hipertensao.png","type":"image\/png"}],"author":"Reda\u00e7\u00e3o Aconteceu no Vale","twitter_card":"summary_large_image","twitter_creator":"@noticiadosvales","twitter_site":"@noticiadosvales","twitter_misc":{"Escrito por":"Reda\u00e7\u00e3o Aconteceu no Vale","Est. tempo de leitura":"6 minutos"},"schema":{"@context":"https:\/\/schema.org","@graph":[{"@type":"Article","@id":"https:\/\/aconteceunovale.com.br\/portal\/?p=177845#article","isPartOf":{"@id":"https:\/\/aconteceunovale.com.br\/portal\/?p=177845"},"author":{"name":"Reda\u00e7\u00e3o Aconteceu no Vale","@id":"https:\/\/aconteceunovale.com.br\/portal\/#\/schema\/person\/7d2f26d1483f8a63de73da1ee0754d35"},"headline":"Cerca de 30% dos brasileiros s\u00e3o hipertensos, aponta SBC","datePublished":"2021-04-26T19:33:47+00:00","dateModified":"2021-04-26T19:37:08+00:00","mainEntityOfPage":{"@id":"https:\/\/aconteceunovale.com.br\/portal\/?p=177845"},"wordCount":1162,"commentCount":0,"image":{"@id":"https:\/\/aconteceunovale.com.br\/portal\/?p=177845#primaryimage"},"thumbnailUrl":"https:\/\/aconteceunovale.com.br\/portal\/wp-content\/uploads\/2021\/04\/hipertensao.png","keywords":["Audes Feitosa","Celso Amodeo","Cerca de 30% dos brasileiros s\u00e3o hipertensos","Cl\u00ednica Buchler","Dia Nacional de Preven\u00e7\u00e3o e Combate \u00e0 Hipertens\u00e3o Arterial","doen\u00e7as cr\u00f4nicas","hipertens\u00e3o","hipertens\u00e3o arterial","Hipertens\u00e3o e covid-19","Instituto Dante Pazzanese de Cardiologia","press\u00e3o alta","Press\u00e3o alta e covid-19","Preven\u00e7\u00e3o da Hipertens\u00e3o Arterial","Rica Buchler","Riscos hipertens\u00e3o","Riscos press\u00e3o alta","SBC","Sociedade Brasileira de Cardiologia"],"articleSection":["Brasil","Sa\u00fade"],"inLanguage":"pt-BR","potentialAction":[{"@type":"CommentAction","name":"Comment","target":["https:\/\/aconteceunovale.com.br\/portal\/?p=177845#respond"]}]},{"@type":"WebPage","@id":"https:\/\/aconteceunovale.com.br\/portal\/?p=177845","url":"https:\/\/aconteceunovale.com.br\/portal\/?p=177845","name":"Cerca de 30% dos brasileiros s\u00e3o hipertensos, aponta SBC - Aconteceu no Vale","isPartOf":{"@id":"https:\/\/aconteceunovale.com.br\/portal\/#website"},"primaryImageOfPage":{"@id":"https:\/\/aconteceunovale.com.br\/portal\/?p=177845#primaryimage"},"image":{"@id":"https:\/\/aconteceunovale.com.br\/portal\/?p=177845#primaryimage"},"thumbnailUrl":"https:\/\/aconteceunovale.com.br\/portal\/wp-content\/uploads\/2021\/04\/hipertensao.png","datePublished":"2021-04-26T19:33:47+00:00","dateModified":"2021-04-26T19:37:08+00:00","author":{"@id":"https:\/\/aconteceunovale.com.br\/portal\/#\/schema\/person\/7d2f26d1483f8a63de73da1ee0754d35"},"breadcrumb":{"@id":"https:\/\/aconteceunovale.com.br\/portal\/?p=177845#breadcrumb"},"inLanguage":"pt-BR","potentialAction":[{"@type":"ReadAction","target":["https:\/\/aconteceunovale.com.br\/portal\/?p=177845"]}]},{"@type":"ImageObject","inLanguage":"pt-BR","@id":"https:\/\/aconteceunovale.com.br\/portal\/?p=177845#primaryimage","url":"https:\/\/aconteceunovale.com.br\/portal\/wp-content\/uploads\/2021\/04\/hipertensao.png","contentUrl":"https:\/\/aconteceunovale.com.br\/portal\/wp-content\/uploads\/2021\/04\/hipertensao.png","width":678,"height":406},{"@type":"BreadcrumbList","@id":"https:\/\/aconteceunovale.com.br\/portal\/?p=177845#breadcrumb","itemListElement":[{"@type":"ListItem","position":1,"name":"In\u00edcio","item":"https:\/\/aconteceunovale.com.br\/portal\/"},{"@type":"ListItem","position":2,"name":"Cerca de 30% dos brasileiros s\u00e3o hipertensos, aponta SBC"}]},{"@type":"WebSite","@id":"https:\/\/aconteceunovale.com.br\/portal\/#website","url":"https:\/\/aconteceunovale.com.br\/portal\/","name":"Aconteceu no Vale","description":"Portal de Not\u00edcias","potentialAction":[{"@type":"SearchAction","target":{"@type":"EntryPoint","urlTemplate":"https:\/\/aconteceunovale.com.br\/portal\/?s={search_term_string}"},"query-input":{"@type":"PropertyValueSpecification","valueRequired":true,"valueName":"search_term_string"}}],"inLanguage":"pt-BR"},{"@type":"Person","@id":"https:\/\/aconteceunovale.com.br\/portal\/#\/schema\/person\/7d2f26d1483f8a63de73da1ee0754d35","name":"Reda\u00e7\u00e3o Aconteceu no Vale","description":"Equipe de reportagem do Aconteceu no Vale, portal de not\u00edcias do Vale do Jequitinhonha, em Minas Gerais. Cobrimos as 51 cidades do Vale desde 2013. Sugest\u00f5es de pauta e pedidos de corre\u00e7\u00e3o: contato@aconteceunovale.com.br","url":"https:\/\/aconteceunovale.com.br\/portal\/?author=4"}]}},"_links":{"self":[{"href":"https:\/\/aconteceunovale.com.br\/portal\/index.php?rest_route=\/wp\/v2\/posts\/177845","targetHints":{"allow":["GET"]}}],"collection":[{"href":"https:\/\/aconteceunovale.com.br\/portal\/index.php?rest_route=\/wp\/v2\/posts"}],"about":[{"href":"https:\/\/aconteceunovale.com.br\/portal\/index.php?rest_route=\/wp\/v2\/types\/post"}],"author":[{"embeddable":true,"href":"https:\/\/aconteceunovale.com.br\/portal\/index.php?rest_route=\/wp\/v2\/users\/4"}],"replies":[{"embeddable":true,"href":"https:\/\/aconteceunovale.com.br\/portal\/index.php?rest_route=%2Fwp%2Fv2%2Fcomments&post=177845"}],"version-history":[{"count":1,"href":"https:\/\/aconteceunovale.com.br\/portal\/index.php?rest_route=\/wp\/v2\/posts\/177845\/revisions"}],"predecessor-version":[{"id":177848,"href":"https:\/\/aconteceunovale.com.br\/portal\/index.php?rest_route=\/wp\/v2\/posts\/177845\/revisions\/177848"}],"wp:featuredmedia":[{"embeddable":true,"href":"https:\/\/aconteceunovale.com.br\/portal\/index.php?rest_route=\/wp\/v2\/media\/177846"}],"wp:attachment":[{"href":"https:\/\/aconteceunovale.com.br\/portal\/index.php?rest_route=%2Fwp%2Fv2%2Fmedia&parent=177845"}],"wp:term":[{"taxonomy":"category","embeddable":true,"href":"https:\/\/aconteceunovale.com.br\/portal\/index.php?rest_route=%2Fwp%2Fv2%2Fcategories&post=177845"},{"taxonomy":"post_tag","embeddable":true,"href":"https:\/\/aconteceunovale.com.br\/portal\/index.php?rest_route=%2Fwp%2Fv2%2Ftags&post=177845"}],"curies":[{"name":"wp","href":"https:\/\/api.w.org\/{rel}","templated":true}]}}