{"id":177830,"date":"2021-04-26T12:34:02","date_gmt":"2021-04-26T15:34:02","guid":{"rendered":"https:\/\/aconteceunovale.com.br\/portal\/?p=177830"},"modified":"2021-04-26T12:35:36","modified_gmt":"2021-04-26T15:35:36","slug":"acidente-deixa-um-morto-e-quatro-feridos-em-governador-valadares","status":"publish","type":"post","link":"https:\/\/aconteceunovale.com.br\/portal\/?p=177830","title":{"rendered":"Acidente deixa um morto e quatro feridos em Governador Valadares"},"content":{"rendered":"\n<p class=\"wp-block-paragraph\">Uma pessoa morreu e outras quatro ficaram feridas ap\u00f3s o capotamento de um carro na regi\u00e3o central de Governador Valadares, no Leste de Minas, nesse domingo (25\/4\/2021). O acidente aconteceu na equina da Avenida Brasil com Rua S\u00e3o Paulo e, de acordo com informa\u00e7\u00f5es da Pol\u00edcia Militar (PM), as v\u00edtimas foram socorridas ao Hospital Municipal por equipes do SAMU e do Corpo de Bombeiros. No entanto, Thiago Melo Rodrigues, de 18 anos, n\u00e3o resistiu aos graves ferimentos e veio a \u00f3bito. O jovem estava em um dos assentos de passageiro e foi arremessado para fora do ve\u00edculo.<\/p>\n\n\n\n<figure class=\"wp-block-gallery columns-1 is-cropped wp-block-gallery-1 is-layout-flex wp-block-gallery-is-layout-flex\"><ul class=\"blocks-gallery-grid\"><li class=\"blocks-gallery-item\"><figure><img loading=\"lazy\" decoding=\"async\" width=\"636\" height=\"389\" src=\"https:\/\/aconteceunovale.com.br\/portal\/wp-content\/uploads\/2021\/04\/acidente_gv2.jpg\" alt=\"\" data-id=\"177831\" data-full-url=\"https:\/\/aconteceunovale.com.br\/portal\/wp-content\/uploads\/2021\/04\/acidente_gv2.jpg\" data-link=\"https:\/\/aconteceunovale.com.br\/portal\/?attachment_id=177831\" class=\"wp-image-177831\" srcset=\"https:\/\/aconteceunovale.com.br\/portal\/wp-content\/uploads\/2021\/04\/acidente_gv2.jpg 636w, https:\/\/aconteceunovale.com.br\/portal\/wp-content\/uploads\/2021\/04\/acidente_gv2-300x183.jpg 300w\" sizes=\"auto, (max-width: 636px) 100vw, 636px\" \/><figcaption class=\"blocks-gallery-item__caption\"><em>Foto: Reprodu\u00e7\u00e3o \/ Comando Geral<\/em><\/figcaption><\/figure><\/li><\/ul><\/figure>\n\n\n\n<p class=\"wp-block-paragraph\">O carro seguia no sentido bairro\/Centro quando o condutor perdeu o controle da dire\u00e7\u00e3o, colidiu contra um poste e capotou. Al\u00e9m de Thiago, o ve\u00edculo era ocupado pelo condutor, por uma mulher de 22 anos e duas crian\u00e7as.<\/p>\n\n\n\n<p class=\"wp-block-paragraph\">Ainda segundo a PM, o motorista do carro disse aos militares que um pneu do ve\u00edculo teria estourado. O homem, de 29 anos, foi submetido ao teste do etil\u00f4metro, sendo constatado 0,28 mg\/l (miligrama de \u00e1lcool por litro de ar expelido dos pulm\u00f5es).<\/p>\n\n\n\n<p class=\"wp-block-paragraph\">A Pol\u00edcia Militar constatou, ainda, que o motorista n\u00e3o possu\u00eda habilita\u00e7\u00e3o na categoria B (necess\u00e1ria para a condu\u00e7\u00e3o de carros). As causas do acidente devem ser investigadas.<\/p>\n\n\n\n<p class=\"wp-block-paragraph\">&#8212;&#8212;&#8212;&#8212;&#8212;&#8212;<br><em>Quer receber as not\u00edcias do <strong>Aconteceu no Vale<\/strong> em primeira m\u00e3o? Siga-nos no Facebook <a rel=\"noreferrer noopener\" href=\"http:\/\/facebook.com\/aconteceunovale\" target=\"_blank\">@aconteceunovale<\/a>, Twitter <a rel=\"noreferrer noopener\" href=\"https:\/\/twitter.com\/noticiadosvales\" target=\"_blank\">@noticiadosvales<\/a> e Instagram <a rel=\"noreferrer noopener\" href=\"https:\/\/www.instagram.com\/aconteceunovale\" target=\"_blank\">@aconteceunovale<\/a>.<\/em><\/p>\n","protected":false},"excerpt":{"rendered":"<p>Uma pessoa morreu e outras quatro ficaram feridas ap\u00f3s o capotamento de um carro na regi\u00e3o central de Governador Valadares, no Leste de Minas, nesse domingo (25\/4\/2021). O acidente aconteceu na equina da Avenida Brasil com Rua S\u00e3o Paulo e, de acordo com informa\u00e7\u00f5es da Pol\u00edcia Militar (PM), as v\u00edtimas foram socorridas ao Hospital Municipal [&hellip;]<\/p>\n","protected":false},"author":4,"featured_media":177831,"comment_status":"open","ping_status":"closed","sticky":false,"template":"","format":"standard","meta":{"amp_status":"","footnotes":""},"categories":[121],"tags":[177219,183081,244122,12667,244123,244124,96396,153938,1018,247,244125],"class_list":["post-177830","post","type-post","status-publish","format-standard","has-post-thumbnail","hentry","category-leste","tag-acidente-com-carro-em-governador-valadares","tag-acidente-de-transito-em-governador-valadares","tag-acidente-deixa-um-morto-e-quatro-feridos-em-governador-valadares","tag-acidente-em-governador-valadares","tag-acidente-na-avenida-brasil-em-governador-valadares","tag-acidente-na-equina-da-avenida-brasil-com-rua-sao-paulo-em-governador-valadares","tag-acidente-no-centro-de-governador-valadares","tag-capotamento-em-governador-valadares","tag-destaque","tag-governador-valadares","tag-thiago-melo-rodrigues"],"yoast_head":"<!-- This site is optimized with the Yoast SEO plugin v28.3 - https:\/\/yoast.com\/product\/yoast-seo-wordpress\/ -->\n<title>Acidente deixa um morto e quatro feridos em Governador Valadares - Aconteceu no Vale<\/title>\n<meta name=\"robots\" content=\"index, follow, max-snippet:-1, max-image-preview:large, max-video-preview:-1\" \/>\n<link rel=\"canonical\" href=\"https:\/\/aconteceunovale.com.br\/portal\/?p=177830\" \/>\n<meta property=\"og:locale\" content=\"pt_BR\" \/>\n<meta property=\"og:type\" content=\"article\" \/>\n<meta property=\"og:title\" content=\"Acidente deixa um morto e quatro feridos em Governador Valadares - Aconteceu no Vale\" \/>\n<meta property=\"og:description\" content=\"Uma pessoa morreu e outras quatro ficaram feridas ap\u00f3s o capotamento de um carro na regi\u00e3o central de Governador Valadares, no Leste de Minas, nesse domingo (25\/4\/2021). O acidente aconteceu na equina da Avenida Brasil com Rua S\u00e3o Paulo e, de acordo com informa\u00e7\u00f5es da Pol\u00edcia Militar (PM), as v\u00edtimas foram socorridas ao Hospital Municipal [&hellip;]\" \/>\n<meta property=\"og:url\" content=\"https:\/\/aconteceunovale.com.br\/portal\/?p=177830\" \/>\n<meta property=\"og:site_name\" content=\"Aconteceu no Vale\" \/>\n<meta property=\"article:publisher\" content=\"https:\/\/www.facebook.com\/aconteceunovale\/\" \/>\n<meta property=\"article:published_time\" content=\"2021-04-26T15:34:02+00:00\" \/>\n<meta property=\"article:modified_time\" content=\"2021-04-26T15:35:36+00:00\" \/>\n<meta property=\"og:image\" content=\"https:\/\/aconteceunovale.com.br\/portal\/wp-content\/uploads\/2021\/04\/acidente_gv2.jpg\" \/>\n\t<meta property=\"og:image:width\" content=\"636\" \/>\n\t<meta property=\"og:image:height\" content=\"389\" \/>\n\t<meta property=\"og:image:type\" content=\"image\/jpeg\" \/>\n<meta name=\"author\" content=\"Reda\u00e7\u00e3o Aconteceu no Vale\" \/>\n<meta name=\"twitter:card\" content=\"summary_large_image\" \/>\n<meta name=\"twitter:creator\" content=\"@noticiadosvales\" \/>\n<meta name=\"twitter:site\" content=\"@noticiadosvales\" \/>\n<meta name=\"twitter:label1\" content=\"Escrito por\" \/>\n\t<meta name=\"twitter:data1\" content=\"Reda\u00e7\u00e3o Aconteceu no Vale\" \/>\n\t<meta name=\"twitter:label2\" content=\"Est. tempo de leitura\" \/>\n\t<meta name=\"twitter:data2\" content=\"1 minuto\" \/>\n<script type=\"application\/ld+json\" class=\"yoast-schema-graph\">{\"@context\":\"https:\\\/\\\/schema.org\",\"@graph\":[{\"@type\":\"Article\",\"@id\":\"https:\\\/\\\/aconteceunovale.com.br\\\/portal\\\/?p=177830#article\",\"isPartOf\":{\"@id\":\"https:\\\/\\\/aconteceunovale.com.br\\\/portal\\\/?p=177830\"},\"author\":{\"name\":\"Reda\u00e7\u00e3o Aconteceu no Vale\",\"@id\":\"https:\\\/\\\/aconteceunovale.com.br\\\/portal\\\/#\\\/schema\\\/person\\\/7d2f26d1483f8a63de73da1ee0754d35\"},\"headline\":\"Acidente deixa um morto e quatro feridos em Governador Valadares\",\"datePublished\":\"2021-04-26T15:34:02+00:00\",\"dateModified\":\"2021-04-26T15:35:36+00:00\",\"mainEntityOfPage\":{\"@id\":\"https:\\\/\\\/aconteceunovale.com.br\\\/portal\\\/?p=177830\"},\"wordCount\":261,\"commentCount\":0,\"image\":{\"@id\":\"https:\\\/\\\/aconteceunovale.com.br\\\/portal\\\/?p=177830#primaryimage\"},\"thumbnailUrl\":\"https:\\\/\\\/aconteceunovale.com.br\\\/portal\\\/wp-content\\\/uploads\\\/2021\\\/04\\\/acidente_gv2.jpg\",\"keywords\":[\"Acidente com carro em Governador Valadares\",\"Acidente de tr\u00e2nsito em Governador Valadares\",\"Acidente deixa um morto e quatro feridos em Governador Valadares\",\"acidente em governador valadares\",\"Acidente na Avenida Brasil em Governador Valadares\",\"Acidente na equina da Avenida Brasil com Rua S\u00e3o Paulo em Governador Valadares\",\"Acidente no Centro de Governador Valadares\",\"Capotamento em Governador Valadares\",\"destaque\",\"Governador Valadares\",\"Thiago Melo Rodrigues\"],\"articleSection\":[\"Leste de Minas\"],\"inLanguage\":\"pt-BR\",\"potentialAction\":[{\"@type\":\"CommentAction\",\"name\":\"Comment\",\"target\":[\"https:\\\/\\\/aconteceunovale.com.br\\\/portal\\\/?p=177830#respond\"]}]},{\"@type\":\"WebPage\",\"@id\":\"https:\\\/\\\/aconteceunovale.com.br\\\/portal\\\/?p=177830\",\"url\":\"https:\\\/\\\/aconteceunovale.com.br\\\/portal\\\/?p=177830\",\"name\":\"Acidente deixa um morto e quatro feridos em Governador Valadares - Aconteceu no Vale\",\"isPartOf\":{\"@id\":\"https:\\\/\\\/aconteceunovale.com.br\\\/portal\\\/#website\"},\"primaryImageOfPage\":{\"@id\":\"https:\\\/\\\/aconteceunovale.com.br\\\/portal\\\/?p=177830#primaryimage\"},\"image\":{\"@id\":\"https:\\\/\\\/aconteceunovale.com.br\\\/portal\\\/?p=177830#primaryimage\"},\"thumbnailUrl\":\"https:\\\/\\\/aconteceunovale.com.br\\\/portal\\\/wp-content\\\/uploads\\\/2021\\\/04\\\/acidente_gv2.jpg\",\"datePublished\":\"2021-04-26T15:34:02+00:00\",\"dateModified\":\"2021-04-26T15:35:36+00:00\",\"author\":{\"@id\":\"https:\\\/\\\/aconteceunovale.com.br\\\/portal\\\/#\\\/schema\\\/person\\\/7d2f26d1483f8a63de73da1ee0754d35\"},\"breadcrumb\":{\"@id\":\"https:\\\/\\\/aconteceunovale.com.br\\\/portal\\\/?p=177830#breadcrumb\"},\"inLanguage\":\"pt-BR\",\"potentialAction\":[{\"@type\":\"ReadAction\",\"target\":[\"https:\\\/\\\/aconteceunovale.com.br\\\/portal\\\/?p=177830\"]}]},{\"@type\":\"ImageObject\",\"inLanguage\":\"pt-BR\",\"@id\":\"https:\\\/\\\/aconteceunovale.com.br\\\/portal\\\/?p=177830#primaryimage\",\"url\":\"https:\\\/\\\/aconteceunovale.com.br\\\/portal\\\/wp-content\\\/uploads\\\/2021\\\/04\\\/acidente_gv2.jpg\",\"contentUrl\":\"https:\\\/\\\/aconteceunovale.com.br\\\/portal\\\/wp-content\\\/uploads\\\/2021\\\/04\\\/acidente_gv2.jpg\",\"width\":636,\"height\":389},{\"@type\":\"BreadcrumbList\",\"@id\":\"https:\\\/\\\/aconteceunovale.com.br\\\/portal\\\/?p=177830#breadcrumb\",\"itemListElement\":[{\"@type\":\"ListItem\",\"position\":1,\"name\":\"In\u00edcio\",\"item\":\"https:\\\/\\\/aconteceunovale.com.br\\\/portal\\\/\"},{\"@type\":\"ListItem\",\"position\":2,\"name\":\"Acidente deixa um morto e quatro feridos em Governador Valadares\"}]},{\"@type\":\"WebSite\",\"@id\":\"https:\\\/\\\/aconteceunovale.com.br\\\/portal\\\/#website\",\"url\":\"https:\\\/\\\/aconteceunovale.com.br\\\/portal\\\/\",\"name\":\"Aconteceu no Vale\",\"description\":\"Portal de Not\u00edcias\",\"potentialAction\":[{\"@type\":\"SearchAction\",\"target\":{\"@type\":\"EntryPoint\",\"urlTemplate\":\"https:\\\/\\\/aconteceunovale.com.br\\\/portal\\\/?s={search_term_string}\"},\"query-input\":{\"@type\":\"PropertyValueSpecification\",\"valueRequired\":true,\"valueName\":\"search_term_string\"}}],\"inLanguage\":\"pt-BR\"},{\"@type\":\"Person\",\"@id\":\"https:\\\/\\\/aconteceunovale.com.br\\\/portal\\\/#\\\/schema\\\/person\\\/7d2f26d1483f8a63de73da1ee0754d35\",\"name\":\"Reda\u00e7\u00e3o Aconteceu no Vale\",\"description\":\"Equipe de reportagem do Aconteceu no Vale, portal de not\u00edcias do Vale do Jequitinhonha, em Minas Gerais. Cobrimos as 51 cidades do Vale desde 2013. Sugest\u00f5es de pauta e pedidos de corre\u00e7\u00e3o: contato@aconteceunovale.com.br\",\"url\":\"https:\\\/\\\/aconteceunovale.com.br\\\/portal\\\/?author=4\"}]}<\/script>\n<!-- \/ Yoast SEO plugin. -->","yoast_head_json":{"title":"Acidente deixa um morto e quatro feridos em Governador Valadares - Aconteceu no Vale","robots":{"index":"index","follow":"follow","max-snippet":"max-snippet:-1","max-image-preview":"max-image-preview:large","max-video-preview":"max-video-preview:-1"},"canonical":"https:\/\/aconteceunovale.com.br\/portal\/?p=177830","og_locale":"pt_BR","og_type":"article","og_title":"Acidente deixa um morto e quatro feridos em Governador Valadares - Aconteceu no Vale","og_description":"Uma pessoa morreu e outras quatro ficaram feridas ap\u00f3s o capotamento de um carro na regi\u00e3o central de Governador Valadares, no Leste de Minas, nesse domingo (25\/4\/2021). O acidente aconteceu na equina da Avenida Brasil com Rua S\u00e3o Paulo e, de acordo com informa\u00e7\u00f5es da Pol\u00edcia Militar (PM), as v\u00edtimas foram socorridas ao Hospital Municipal [&hellip;]","og_url":"https:\/\/aconteceunovale.com.br\/portal\/?p=177830","og_site_name":"Aconteceu no Vale","article_publisher":"https:\/\/www.facebook.com\/aconteceunovale\/","article_published_time":"2021-04-26T15:34:02+00:00","article_modified_time":"2021-04-26T15:35:36+00:00","og_image":[{"width":636,"height":389,"url":"https:\/\/aconteceunovale.com.br\/portal\/wp-content\/uploads\/2021\/04\/acidente_gv2.jpg","type":"image\/jpeg"}],"author":"Reda\u00e7\u00e3o Aconteceu no Vale","twitter_card":"summary_large_image","twitter_creator":"@noticiadosvales","twitter_site":"@noticiadosvales","twitter_misc":{"Escrito por":"Reda\u00e7\u00e3o Aconteceu no Vale","Est. tempo de leitura":"1 minuto"},"schema":{"@context":"https:\/\/schema.org","@graph":[{"@type":"Article","@id":"https:\/\/aconteceunovale.com.br\/portal\/?p=177830#article","isPartOf":{"@id":"https:\/\/aconteceunovale.com.br\/portal\/?p=177830"},"author":{"name":"Reda\u00e7\u00e3o Aconteceu no Vale","@id":"https:\/\/aconteceunovale.com.br\/portal\/#\/schema\/person\/7d2f26d1483f8a63de73da1ee0754d35"},"headline":"Acidente deixa um morto e quatro feridos em Governador Valadares","datePublished":"2021-04-26T15:34:02+00:00","dateModified":"2021-04-26T15:35:36+00:00","mainEntityOfPage":{"@id":"https:\/\/aconteceunovale.com.br\/portal\/?p=177830"},"wordCount":261,"commentCount":0,"image":{"@id":"https:\/\/aconteceunovale.com.br\/portal\/?p=177830#primaryimage"},"thumbnailUrl":"https:\/\/aconteceunovale.com.br\/portal\/wp-content\/uploads\/2021\/04\/acidente_gv2.jpg","keywords":["Acidente com carro em Governador Valadares","Acidente de tr\u00e2nsito em Governador Valadares","Acidente deixa um morto e quatro feridos em Governador Valadares","acidente em governador valadares","Acidente na Avenida Brasil em Governador Valadares","Acidente na equina da Avenida Brasil com Rua S\u00e3o Paulo em Governador Valadares","Acidente no Centro de Governador Valadares","Capotamento em Governador Valadares","destaque","Governador Valadares","Thiago Melo Rodrigues"],"articleSection":["Leste de Minas"],"inLanguage":"pt-BR","potentialAction":[{"@type":"CommentAction","name":"Comment","target":["https:\/\/aconteceunovale.com.br\/portal\/?p=177830#respond"]}]},{"@type":"WebPage","@id":"https:\/\/aconteceunovale.com.br\/portal\/?p=177830","url":"https:\/\/aconteceunovale.com.br\/portal\/?p=177830","name":"Acidente deixa um morto e quatro feridos em Governador Valadares - Aconteceu no Vale","isPartOf":{"@id":"https:\/\/aconteceunovale.com.br\/portal\/#website"},"primaryImageOfPage":{"@id":"https:\/\/aconteceunovale.com.br\/portal\/?p=177830#primaryimage"},"image":{"@id":"https:\/\/aconteceunovale.com.br\/portal\/?p=177830#primaryimage"},"thumbnailUrl":"https:\/\/aconteceunovale.com.br\/portal\/wp-content\/uploads\/2021\/04\/acidente_gv2.jpg","datePublished":"2021-04-26T15:34:02+00:00","dateModified":"2021-04-26T15:35:36+00:00","author":{"@id":"https:\/\/aconteceunovale.com.br\/portal\/#\/schema\/person\/7d2f26d1483f8a63de73da1ee0754d35"},"breadcrumb":{"@id":"https:\/\/aconteceunovale.com.br\/portal\/?p=177830#breadcrumb"},"inLanguage":"pt-BR","potentialAction":[{"@type":"ReadAction","target":["https:\/\/aconteceunovale.com.br\/portal\/?p=177830"]}]},{"@type":"ImageObject","inLanguage":"pt-BR","@id":"https:\/\/aconteceunovale.com.br\/portal\/?p=177830#primaryimage","url":"https:\/\/aconteceunovale.com.br\/portal\/wp-content\/uploads\/2021\/04\/acidente_gv2.jpg","contentUrl":"https:\/\/aconteceunovale.com.br\/portal\/wp-content\/uploads\/2021\/04\/acidente_gv2.jpg","width":636,"height":389},{"@type":"BreadcrumbList","@id":"https:\/\/aconteceunovale.com.br\/portal\/?p=177830#breadcrumb","itemListElement":[{"@type":"ListItem","position":1,"name":"In\u00edcio","item":"https:\/\/aconteceunovale.com.br\/portal\/"},{"@type":"ListItem","position":2,"name":"Acidente deixa um morto e quatro feridos em Governador Valadares"}]},{"@type":"WebSite","@id":"https:\/\/aconteceunovale.com.br\/portal\/#website","url":"https:\/\/aconteceunovale.com.br\/portal\/","name":"Aconteceu no Vale","description":"Portal de Not\u00edcias","potentialAction":[{"@type":"SearchAction","target":{"@type":"EntryPoint","urlTemplate":"https:\/\/aconteceunovale.com.br\/portal\/?s={search_term_string}"},"query-input":{"@type":"PropertyValueSpecification","valueRequired":true,"valueName":"search_term_string"}}],"inLanguage":"pt-BR"},{"@type":"Person","@id":"https:\/\/aconteceunovale.com.br\/portal\/#\/schema\/person\/7d2f26d1483f8a63de73da1ee0754d35","name":"Reda\u00e7\u00e3o Aconteceu no Vale","description":"Equipe de reportagem do Aconteceu no Vale, portal de not\u00edcias do Vale do Jequitinhonha, em Minas Gerais. Cobrimos as 51 cidades do Vale desde 2013. Sugest\u00f5es de pauta e pedidos de corre\u00e7\u00e3o: contato@aconteceunovale.com.br","url":"https:\/\/aconteceunovale.com.br\/portal\/?author=4"}]}},"_links":{"self":[{"href":"https:\/\/aconteceunovale.com.br\/portal\/index.php?rest_route=\/wp\/v2\/posts\/177830","targetHints":{"allow":["GET"]}}],"collection":[{"href":"https:\/\/aconteceunovale.com.br\/portal\/index.php?rest_route=\/wp\/v2\/posts"}],"about":[{"href":"https:\/\/aconteceunovale.com.br\/portal\/index.php?rest_route=\/wp\/v2\/types\/post"}],"author":[{"embeddable":true,"href":"https:\/\/aconteceunovale.com.br\/portal\/index.php?rest_route=\/wp\/v2\/users\/4"}],"replies":[{"embeddable":true,"href":"https:\/\/aconteceunovale.com.br\/portal\/index.php?rest_route=%2Fwp%2Fv2%2Fcomments&post=177830"}],"version-history":[{"count":1,"href":"https:\/\/aconteceunovale.com.br\/portal\/index.php?rest_route=\/wp\/v2\/posts\/177830\/revisions"}],"predecessor-version":[{"id":177832,"href":"https:\/\/aconteceunovale.com.br\/portal\/index.php?rest_route=\/wp\/v2\/posts\/177830\/revisions\/177832"}],"wp:featuredmedia":[{"embeddable":true,"href":"https:\/\/aconteceunovale.com.br\/portal\/index.php?rest_route=\/wp\/v2\/media\/177831"}],"wp:attachment":[{"href":"https:\/\/aconteceunovale.com.br\/portal\/index.php?rest_route=%2Fwp%2Fv2%2Fmedia&parent=177830"}],"wp:term":[{"taxonomy":"category","embeddable":true,"href":"https:\/\/aconteceunovale.com.br\/portal\/index.php?rest_route=%2Fwp%2Fv2%2Fcategories&post=177830"},{"taxonomy":"post_tag","embeddable":true,"href":"https:\/\/aconteceunovale.com.br\/portal\/index.php?rest_route=%2Fwp%2Fv2%2Ftags&post=177830"}],"curies":[{"name":"wp","href":"https:\/\/api.w.org\/{rel}","templated":true}]}}