{"id":177818,"date":"2021-04-26T11:11:19","date_gmt":"2021-04-26T14:11:19","guid":{"rendered":"https:\/\/aconteceunovale.com.br\/portal\/?p=177818"},"modified":"2021-04-26T11:23:51","modified_gmt":"2021-04-26T14:23:51","slug":"condenado-por-estupro-de-vulneravel-e-preso-pela-policia-civil-em-janauba","status":"publish","type":"post","link":"https:\/\/aconteceunovale.com.br\/portal\/?p=177818","title":{"rendered":"Condenado por estupro de vulner\u00e1vel \u00e9 preso pela Pol\u00edcia Civil em Jana\u00faba"},"content":{"rendered":"\n<p class=\"wp-block-paragraph\">Um homem de 47 anos foi preso em Jana\u00faba, no \u00faltimo s\u00e1bado (24\/4\/2021), por envolvimento no crime de estupro de vulner\u00e1vel. Segundo informa\u00e7\u00f5es da Pol\u00edcia Civil de Minas Gerais (PCMG), o abuso teria ocorrido em 2016, no bairro S\u00e3o Gon\u00e7alo.<\/p>\n\n\n\n<figure class=\"wp-block-gallery columns-1 is-cropped wp-block-gallery-1 is-layout-flex wp-block-gallery-is-layout-flex\"><ul class=\"blocks-gallery-grid\"><li class=\"blocks-gallery-item\"><figure><img loading=\"lazy\" decoding=\"async\" width=\"678\" height=\"355\" src=\"https:\/\/aconteceunovale.com.br\/portal\/wp-content\/uploads\/2021\/04\/preso_janauba.jpg\" alt=\"\" data-id=\"177819\" data-full-url=\"https:\/\/aconteceunovale.com.br\/portal\/wp-content\/uploads\/2021\/04\/preso_janauba.jpg\" data-link=\"https:\/\/aconteceunovale.com.br\/portal\/?attachment_id=177819\" class=\"wp-image-177819\" srcset=\"https:\/\/aconteceunovale.com.br\/portal\/wp-content\/uploads\/2021\/04\/preso_janauba.jpg 678w, https:\/\/aconteceunovale.com.br\/portal\/wp-content\/uploads\/2021\/04\/preso_janauba-300x157.jpg 300w\" sizes=\"auto, (max-width: 678px) 100vw, 678px\" \/><figcaption class=\"blocks-gallery-item__caption\"><em>Foto: Divulga\u00e7\u00e3o \/ PCMG<\/em><\/figcaption><\/figure><\/li><\/ul><\/figure>\n\n\n\n<p class=\"wp-block-paragraph\">No dia do fato, os policiais civis receberam a den\u00fancia de que o homem estaria aliciando uma crian\u00e7a de oito anos de idade. Diante disso, a equipe iniciou o monitoramento pr\u00f3ximo \u00e0 casa do investigado, momento em que flagraram quando ele chegou com a v\u00edtima ao im\u00f3vel.<\/p>\n\n\n\n<p class=\"wp-block-paragraph\">O investigado e a v\u00edtima foram abordados pelos policiais, que questionaram o homem. Ele alegou que teria ido buscar o filho do ex-vizinho, como de costume, pois fazia isso todos os finais de semana. <\/p>\n\n\n\n<p class=\"wp-block-paragraph\">A crian\u00e7a confirmou parcialmente a hist\u00f3ria contada pelo homem, acrescentando que o conhecia e que dormia na cama abra\u00e7ada com ele, para n\u00e3o sentir medo. <\/p>\n\n\n\n<p class=\"wp-block-paragraph\">A v\u00edtima contou tamb\u00e9m que o investigado tinha o costume de dar banhos nela. Os policiais foram autorizados a entrar na casa dele, onde encontraram v\u00e1rios CDs e revistas com teor pornogr\u00e1fico.<\/p>\n\n\n\n<p class=\"wp-block-paragraph\">Na \u00e9poca do fato, segundo a PCMG, o investigado foi preso e autuado em flagrante. Posteriormente, conseguiu judicialmente o benef\u00edcio da liberdade provis\u00f3ria. Ele foi condenado a 10 anos e seis meses de reclus\u00e3o. <\/p>\n\n\n\n<p class=\"wp-block-paragraph\">O homem possui, pelo menos, dois registros por crimes semelhantes. Ele foi encaminhado ao Sistema Prisional e encontra-se \u00e0 disposi\u00e7\u00e3o da Justi\u00e7a.<\/p>\n\n\n\n<p class=\"wp-block-paragraph\">&#8212;&#8212;&#8212;&#8212;&#8212;&#8212;<br><em>Quer receber as not\u00edcias do <strong>Aconteceu no Vale<\/strong> em primeira m\u00e3o? Siga-nos no Facebook <a rel=\"noreferrer noopener\" href=\"http:\/\/facebook.com\/aconteceunovale\" target=\"_blank\">@aconteceunovale<\/a>, Twitter <a rel=\"noreferrer noopener\" href=\"https:\/\/twitter.com\/noticiadosvales\" target=\"_blank\">@noticiadosvales<\/a> e Instagram <a rel=\"noreferrer noopener\" href=\"https:\/\/www.instagram.com\/aconteceunovale\" target=\"_blank\">@aconteceunovale<\/a>.<\/em><\/p>\n","protected":false},"excerpt":{"rendered":"<p>Um homem de 47 anos foi preso em Jana\u00faba, no \u00faltimo s\u00e1bado (24\/4\/2021), por envolvimento no crime de estupro de vulner\u00e1vel. Segundo informa\u00e7\u00f5es da Pol\u00edcia Civil de Minas Gerais (PCMG), o abuso teria ocorrido em 2016, no bairro S\u00e3o Gon\u00e7alo. No dia do fato, os policiais civis receberam a den\u00fancia de que o homem estaria [&hellip;]<\/p>\n","protected":false},"author":4,"featured_media":177819,"comment_status":"open","ping_status":"closed","sticky":false,"template":"","format":"standard","meta":{"amp_status":"","footnotes":""},"categories":[1236],"tags":[244110,174412,244112,204,604,89225,174411,244113,244111],"class_list":["post-177818","post","type-post","status-publish","format-standard","has-post-thumbnail","hentry","category-norte_de_minas","tag-condenado-por-estupro-de-vulneravel-e-preso-pela-policia-civil-em-janauba","tag-estuprador-preso-em-janauba","tag-estupro-no-bairro-sao-goncalo-em-janauba","tag-janauba","tag-pcmg","tag-preso-em-janauba","tag-preso-por-estupro-em-janauba","tag-prisao-de-autor-de-estupro-no-bairro-sao-goncalo-em-janauba","tag-prisao-de-estuprador-em-janauba"],"yoast_head":"<!-- This site is optimized with the Yoast SEO plugin v28.3 - https:\/\/yoast.com\/product\/yoast-seo-wordpress\/ -->\n<title>Condenado por estupro de vulner\u00e1vel \u00e9 preso pela Pol\u00edcia Civil em Jana\u00faba - Aconteceu no Vale<\/title>\n<meta name=\"robots\" content=\"index, follow, max-snippet:-1, max-image-preview:large, max-video-preview:-1\" \/>\n<link rel=\"canonical\" href=\"https:\/\/aconteceunovale.com.br\/portal\/?p=177818\" \/>\n<meta property=\"og:locale\" content=\"pt_BR\" \/>\n<meta property=\"og:type\" content=\"article\" \/>\n<meta property=\"og:title\" content=\"Condenado por estupro de vulner\u00e1vel \u00e9 preso pela Pol\u00edcia Civil em Jana\u00faba - Aconteceu no Vale\" \/>\n<meta property=\"og:description\" content=\"Um homem de 47 anos foi preso em Jana\u00faba, no \u00faltimo s\u00e1bado (24\/4\/2021), por envolvimento no crime de estupro de vulner\u00e1vel. Segundo informa\u00e7\u00f5es da Pol\u00edcia Civil de Minas Gerais (PCMG), o abuso teria ocorrido em 2016, no bairro S\u00e3o Gon\u00e7alo. No dia do fato, os policiais civis receberam a den\u00fancia de que o homem estaria [&hellip;]\" \/>\n<meta property=\"og:url\" content=\"https:\/\/aconteceunovale.com.br\/portal\/?p=177818\" \/>\n<meta property=\"og:site_name\" content=\"Aconteceu no Vale\" \/>\n<meta property=\"article:publisher\" content=\"https:\/\/www.facebook.com\/aconteceunovale\/\" \/>\n<meta property=\"article:published_time\" content=\"2021-04-26T14:11:19+00:00\" \/>\n<meta property=\"article:modified_time\" content=\"2021-04-26T14:23:51+00:00\" \/>\n<meta property=\"og:image\" content=\"https:\/\/aconteceunovale.com.br\/portal\/wp-content\/uploads\/2021\/04\/preso_janauba.jpg\" \/>\n\t<meta property=\"og:image:width\" content=\"678\" \/>\n\t<meta property=\"og:image:height\" content=\"355\" \/>\n\t<meta property=\"og:image:type\" content=\"image\/jpeg\" \/>\n<meta name=\"author\" content=\"Reda\u00e7\u00e3o Aconteceu no Vale\" \/>\n<meta name=\"twitter:card\" content=\"summary_large_image\" \/>\n<meta name=\"twitter:creator\" content=\"@noticiadosvales\" \/>\n<meta name=\"twitter:site\" content=\"@noticiadosvales\" \/>\n<meta name=\"twitter:label1\" content=\"Escrito por\" \/>\n\t<meta name=\"twitter:data1\" content=\"Reda\u00e7\u00e3o Aconteceu no Vale\" \/>\n\t<meta name=\"twitter:label2\" content=\"Est. tempo de leitura\" \/>\n\t<meta name=\"twitter:data2\" content=\"1 minuto\" \/>\n<script type=\"application\/ld+json\" class=\"yoast-schema-graph\">{\"@context\":\"https:\\\/\\\/schema.org\",\"@graph\":[{\"@type\":\"Article\",\"@id\":\"https:\\\/\\\/aconteceunovale.com.br\\\/portal\\\/?p=177818#article\",\"isPartOf\":{\"@id\":\"https:\\\/\\\/aconteceunovale.com.br\\\/portal\\\/?p=177818\"},\"author\":{\"name\":\"Reda\u00e7\u00e3o Aconteceu no Vale\",\"@id\":\"https:\\\/\\\/aconteceunovale.com.br\\\/portal\\\/#\\\/schema\\\/person\\\/7d2f26d1483f8a63de73da1ee0754d35\"},\"headline\":\"Condenado por estupro de vulner\u00e1vel \u00e9 preso pela Pol\u00edcia Civil em Jana\u00faba\",\"datePublished\":\"2021-04-26T14:11:19+00:00\",\"dateModified\":\"2021-04-26T14:23:51+00:00\",\"mainEntityOfPage\":{\"@id\":\"https:\\\/\\\/aconteceunovale.com.br\\\/portal\\\/?p=177818\"},\"wordCount\":295,\"commentCount\":0,\"image\":{\"@id\":\"https:\\\/\\\/aconteceunovale.com.br\\\/portal\\\/?p=177818#primaryimage\"},\"thumbnailUrl\":\"https:\\\/\\\/aconteceunovale.com.br\\\/portal\\\/wp-content\\\/uploads\\\/2021\\\/04\\\/preso_janauba.jpg\",\"keywords\":[\"Condenado por estupro de vulner\u00e1vel \u00e9 preso pela Pol\u00edcia Civil em Jana\u00faba\",\"Estuprador preso em Jana\u00faba\",\"Estupro no bairro S\u00e3o Gon\u00e7alo em Jana\u00faba\",\"Jana\u00faba\",\"PCMG\",\"Preso em Jana\u00faba\",\"Preso por estupro em Jana\u00faba\",\"Pris\u00e3o de autor de estupro no bairro S\u00e3o Gon\u00e7alo em Jana\u00faba\",\"Pris\u00e3o de estuprador em Jana\u00faba\"],\"articleSection\":[\"Norte de Minas\"],\"inLanguage\":\"pt-BR\",\"potentialAction\":[{\"@type\":\"CommentAction\",\"name\":\"Comment\",\"target\":[\"https:\\\/\\\/aconteceunovale.com.br\\\/portal\\\/?p=177818#respond\"]}]},{\"@type\":\"WebPage\",\"@id\":\"https:\\\/\\\/aconteceunovale.com.br\\\/portal\\\/?p=177818\",\"url\":\"https:\\\/\\\/aconteceunovale.com.br\\\/portal\\\/?p=177818\",\"name\":\"Condenado por estupro de vulner\u00e1vel \u00e9 preso pela Pol\u00edcia Civil em Jana\u00faba - Aconteceu no Vale\",\"isPartOf\":{\"@id\":\"https:\\\/\\\/aconteceunovale.com.br\\\/portal\\\/#website\"},\"primaryImageOfPage\":{\"@id\":\"https:\\\/\\\/aconteceunovale.com.br\\\/portal\\\/?p=177818#primaryimage\"},\"image\":{\"@id\":\"https:\\\/\\\/aconteceunovale.com.br\\\/portal\\\/?p=177818#primaryimage\"},\"thumbnailUrl\":\"https:\\\/\\\/aconteceunovale.com.br\\\/portal\\\/wp-content\\\/uploads\\\/2021\\\/04\\\/preso_janauba.jpg\",\"datePublished\":\"2021-04-26T14:11:19+00:00\",\"dateModified\":\"2021-04-26T14:23:51+00:00\",\"author\":{\"@id\":\"https:\\\/\\\/aconteceunovale.com.br\\\/portal\\\/#\\\/schema\\\/person\\\/7d2f26d1483f8a63de73da1ee0754d35\"},\"breadcrumb\":{\"@id\":\"https:\\\/\\\/aconteceunovale.com.br\\\/portal\\\/?p=177818#breadcrumb\"},\"inLanguage\":\"pt-BR\",\"potentialAction\":[{\"@type\":\"ReadAction\",\"target\":[\"https:\\\/\\\/aconteceunovale.com.br\\\/portal\\\/?p=177818\"]}]},{\"@type\":\"ImageObject\",\"inLanguage\":\"pt-BR\",\"@id\":\"https:\\\/\\\/aconteceunovale.com.br\\\/portal\\\/?p=177818#primaryimage\",\"url\":\"https:\\\/\\\/aconteceunovale.com.br\\\/portal\\\/wp-content\\\/uploads\\\/2021\\\/04\\\/preso_janauba.jpg\",\"contentUrl\":\"https:\\\/\\\/aconteceunovale.com.br\\\/portal\\\/wp-content\\\/uploads\\\/2021\\\/04\\\/preso_janauba.jpg\",\"width\":678,\"height\":355},{\"@type\":\"BreadcrumbList\",\"@id\":\"https:\\\/\\\/aconteceunovale.com.br\\\/portal\\\/?p=177818#breadcrumb\",\"itemListElement\":[{\"@type\":\"ListItem\",\"position\":1,\"name\":\"In\u00edcio\",\"item\":\"https:\\\/\\\/aconteceunovale.com.br\\\/portal\\\/\"},{\"@type\":\"ListItem\",\"position\":2,\"name\":\"Condenado por estupro de vulner\u00e1vel \u00e9 preso pela Pol\u00edcia Civil em Jana\u00faba\"}]},{\"@type\":\"WebSite\",\"@id\":\"https:\\\/\\\/aconteceunovale.com.br\\\/portal\\\/#website\",\"url\":\"https:\\\/\\\/aconteceunovale.com.br\\\/portal\\\/\",\"name\":\"Aconteceu no Vale\",\"description\":\"Portal de Not\u00edcias\",\"potentialAction\":[{\"@type\":\"SearchAction\",\"target\":{\"@type\":\"EntryPoint\",\"urlTemplate\":\"https:\\\/\\\/aconteceunovale.com.br\\\/portal\\\/?s={search_term_string}\"},\"query-input\":{\"@type\":\"PropertyValueSpecification\",\"valueRequired\":true,\"valueName\":\"search_term_string\"}}],\"inLanguage\":\"pt-BR\"},{\"@type\":\"Person\",\"@id\":\"https:\\\/\\\/aconteceunovale.com.br\\\/portal\\\/#\\\/schema\\\/person\\\/7d2f26d1483f8a63de73da1ee0754d35\",\"name\":\"Reda\u00e7\u00e3o Aconteceu no Vale\",\"description\":\"Equipe de reportagem do Aconteceu no Vale, portal de not\u00edcias do Vale do Jequitinhonha, em Minas Gerais. Cobrimos as 51 cidades do Vale desde 2013. Sugest\u00f5es de pauta e pedidos de corre\u00e7\u00e3o: contato@aconteceunovale.com.br\",\"url\":\"https:\\\/\\\/aconteceunovale.com.br\\\/portal\\\/?author=4\"}]}<\/script>\n<!-- \/ Yoast SEO plugin. -->","yoast_head_json":{"title":"Condenado por estupro de vulner\u00e1vel \u00e9 preso pela Pol\u00edcia Civil em Jana\u00faba - Aconteceu no Vale","robots":{"index":"index","follow":"follow","max-snippet":"max-snippet:-1","max-image-preview":"max-image-preview:large","max-video-preview":"max-video-preview:-1"},"canonical":"https:\/\/aconteceunovale.com.br\/portal\/?p=177818","og_locale":"pt_BR","og_type":"article","og_title":"Condenado por estupro de vulner\u00e1vel \u00e9 preso pela Pol\u00edcia Civil em Jana\u00faba - Aconteceu no Vale","og_description":"Um homem de 47 anos foi preso em Jana\u00faba, no \u00faltimo s\u00e1bado (24\/4\/2021), por envolvimento no crime de estupro de vulner\u00e1vel. Segundo informa\u00e7\u00f5es da Pol\u00edcia Civil de Minas Gerais (PCMG), o abuso teria ocorrido em 2016, no bairro S\u00e3o Gon\u00e7alo. No dia do fato, os policiais civis receberam a den\u00fancia de que o homem estaria [&hellip;]","og_url":"https:\/\/aconteceunovale.com.br\/portal\/?p=177818","og_site_name":"Aconteceu no Vale","article_publisher":"https:\/\/www.facebook.com\/aconteceunovale\/","article_published_time":"2021-04-26T14:11:19+00:00","article_modified_time":"2021-04-26T14:23:51+00:00","og_image":[{"width":678,"height":355,"url":"https:\/\/aconteceunovale.com.br\/portal\/wp-content\/uploads\/2021\/04\/preso_janauba.jpg","type":"image\/jpeg"}],"author":"Reda\u00e7\u00e3o Aconteceu no Vale","twitter_card":"summary_large_image","twitter_creator":"@noticiadosvales","twitter_site":"@noticiadosvales","twitter_misc":{"Escrito por":"Reda\u00e7\u00e3o Aconteceu no Vale","Est. tempo de leitura":"1 minuto"},"schema":{"@context":"https:\/\/schema.org","@graph":[{"@type":"Article","@id":"https:\/\/aconteceunovale.com.br\/portal\/?p=177818#article","isPartOf":{"@id":"https:\/\/aconteceunovale.com.br\/portal\/?p=177818"},"author":{"name":"Reda\u00e7\u00e3o Aconteceu no Vale","@id":"https:\/\/aconteceunovale.com.br\/portal\/#\/schema\/person\/7d2f26d1483f8a63de73da1ee0754d35"},"headline":"Condenado por estupro de vulner\u00e1vel \u00e9 preso pela Pol\u00edcia Civil em Jana\u00faba","datePublished":"2021-04-26T14:11:19+00:00","dateModified":"2021-04-26T14:23:51+00:00","mainEntityOfPage":{"@id":"https:\/\/aconteceunovale.com.br\/portal\/?p=177818"},"wordCount":295,"commentCount":0,"image":{"@id":"https:\/\/aconteceunovale.com.br\/portal\/?p=177818#primaryimage"},"thumbnailUrl":"https:\/\/aconteceunovale.com.br\/portal\/wp-content\/uploads\/2021\/04\/preso_janauba.jpg","keywords":["Condenado por estupro de vulner\u00e1vel \u00e9 preso pela Pol\u00edcia Civil em Jana\u00faba","Estuprador preso em Jana\u00faba","Estupro no bairro S\u00e3o Gon\u00e7alo em Jana\u00faba","Jana\u00faba","PCMG","Preso em Jana\u00faba","Preso por estupro em Jana\u00faba","Pris\u00e3o de autor de estupro no bairro S\u00e3o Gon\u00e7alo em Jana\u00faba","Pris\u00e3o de estuprador em Jana\u00faba"],"articleSection":["Norte de Minas"],"inLanguage":"pt-BR","potentialAction":[{"@type":"CommentAction","name":"Comment","target":["https:\/\/aconteceunovale.com.br\/portal\/?p=177818#respond"]}]},{"@type":"WebPage","@id":"https:\/\/aconteceunovale.com.br\/portal\/?p=177818","url":"https:\/\/aconteceunovale.com.br\/portal\/?p=177818","name":"Condenado por estupro de vulner\u00e1vel \u00e9 preso pela Pol\u00edcia Civil em Jana\u00faba - Aconteceu no Vale","isPartOf":{"@id":"https:\/\/aconteceunovale.com.br\/portal\/#website"},"primaryImageOfPage":{"@id":"https:\/\/aconteceunovale.com.br\/portal\/?p=177818#primaryimage"},"image":{"@id":"https:\/\/aconteceunovale.com.br\/portal\/?p=177818#primaryimage"},"thumbnailUrl":"https:\/\/aconteceunovale.com.br\/portal\/wp-content\/uploads\/2021\/04\/preso_janauba.jpg","datePublished":"2021-04-26T14:11:19+00:00","dateModified":"2021-04-26T14:23:51+00:00","author":{"@id":"https:\/\/aconteceunovale.com.br\/portal\/#\/schema\/person\/7d2f26d1483f8a63de73da1ee0754d35"},"breadcrumb":{"@id":"https:\/\/aconteceunovale.com.br\/portal\/?p=177818#breadcrumb"},"inLanguage":"pt-BR","potentialAction":[{"@type":"ReadAction","target":["https:\/\/aconteceunovale.com.br\/portal\/?p=177818"]}]},{"@type":"ImageObject","inLanguage":"pt-BR","@id":"https:\/\/aconteceunovale.com.br\/portal\/?p=177818#primaryimage","url":"https:\/\/aconteceunovale.com.br\/portal\/wp-content\/uploads\/2021\/04\/preso_janauba.jpg","contentUrl":"https:\/\/aconteceunovale.com.br\/portal\/wp-content\/uploads\/2021\/04\/preso_janauba.jpg","width":678,"height":355},{"@type":"BreadcrumbList","@id":"https:\/\/aconteceunovale.com.br\/portal\/?p=177818#breadcrumb","itemListElement":[{"@type":"ListItem","position":1,"name":"In\u00edcio","item":"https:\/\/aconteceunovale.com.br\/portal\/"},{"@type":"ListItem","position":2,"name":"Condenado por estupro de vulner\u00e1vel \u00e9 preso pela Pol\u00edcia Civil em Jana\u00faba"}]},{"@type":"WebSite","@id":"https:\/\/aconteceunovale.com.br\/portal\/#website","url":"https:\/\/aconteceunovale.com.br\/portal\/","name":"Aconteceu no Vale","description":"Portal de Not\u00edcias","potentialAction":[{"@type":"SearchAction","target":{"@type":"EntryPoint","urlTemplate":"https:\/\/aconteceunovale.com.br\/portal\/?s={search_term_string}"},"query-input":{"@type":"PropertyValueSpecification","valueRequired":true,"valueName":"search_term_string"}}],"inLanguage":"pt-BR"},{"@type":"Person","@id":"https:\/\/aconteceunovale.com.br\/portal\/#\/schema\/person\/7d2f26d1483f8a63de73da1ee0754d35","name":"Reda\u00e7\u00e3o Aconteceu no Vale","description":"Equipe de reportagem do Aconteceu no Vale, portal de not\u00edcias do Vale do Jequitinhonha, em Minas Gerais. Cobrimos as 51 cidades do Vale desde 2013. Sugest\u00f5es de pauta e pedidos de corre\u00e7\u00e3o: contato@aconteceunovale.com.br","url":"https:\/\/aconteceunovale.com.br\/portal\/?author=4"}]}},"_links":{"self":[{"href":"https:\/\/aconteceunovale.com.br\/portal\/index.php?rest_route=\/wp\/v2\/posts\/177818","targetHints":{"allow":["GET"]}}],"collection":[{"href":"https:\/\/aconteceunovale.com.br\/portal\/index.php?rest_route=\/wp\/v2\/posts"}],"about":[{"href":"https:\/\/aconteceunovale.com.br\/portal\/index.php?rest_route=\/wp\/v2\/types\/post"}],"author":[{"embeddable":true,"href":"https:\/\/aconteceunovale.com.br\/portal\/index.php?rest_route=\/wp\/v2\/users\/4"}],"replies":[{"embeddable":true,"href":"https:\/\/aconteceunovale.com.br\/portal\/index.php?rest_route=%2Fwp%2Fv2%2Fcomments&post=177818"}],"version-history":[{"count":3,"href":"https:\/\/aconteceunovale.com.br\/portal\/index.php?rest_route=\/wp\/v2\/posts\/177818\/revisions"}],"predecessor-version":[{"id":177824,"href":"https:\/\/aconteceunovale.com.br\/portal\/index.php?rest_route=\/wp\/v2\/posts\/177818\/revisions\/177824"}],"wp:featuredmedia":[{"embeddable":true,"href":"https:\/\/aconteceunovale.com.br\/portal\/index.php?rest_route=\/wp\/v2\/media\/177819"}],"wp:attachment":[{"href":"https:\/\/aconteceunovale.com.br\/portal\/index.php?rest_route=%2Fwp%2Fv2%2Fmedia&parent=177818"}],"wp:term":[{"taxonomy":"category","embeddable":true,"href":"https:\/\/aconteceunovale.com.br\/portal\/index.php?rest_route=%2Fwp%2Fv2%2Fcategories&post=177818"},{"taxonomy":"post_tag","embeddable":true,"href":"https:\/\/aconteceunovale.com.br\/portal\/index.php?rest_route=%2Fwp%2Fv2%2Ftags&post=177818"}],"curies":[{"name":"wp","href":"https:\/\/api.w.org\/{rel}","templated":true}]}}