{"id":17776,"date":"2014-01-07T12:11:49","date_gmt":"2014-01-07T14:11:49","guid":{"rendered":"http:\/\/aconteceunovale.com.br\/portal\/?p=17776"},"modified":"2014-01-07T12:11:49","modified_gmt":"2014-01-07T14:11:49","slug":"terra-treme-mais-uma-vez-em-montes-claros","status":"publish","type":"post","link":"https:\/\/aconteceunovale.com.br\/portal\/?p=17776","title":{"rendered":"Terra treme mais uma vez em Montes Claros"},"content":{"rendered":"<p>A terra tremeu mais uma vez em Montes Claros, no Norte de Minas Gerais. A cidade, que tem um hist\u00f3rico de tremores, registrou um sismo na manh\u00e3 desta ter\u00e7a-feira, por volta de 6h40. Moradores assustados ligaram para a Defesa Civil da cidade para avisar sobre a ocorr\u00eancia. A movimenta\u00e7\u00e3o foi sentida nos bairros Melo, Centro, Renascen\u00e7a, Tiradentes, Maracan\u00e3, Morada do Parque e Santa Rita.<\/p>\n<p>Logo ap\u00f3s as liga\u00e7\u00f5es, a Defesa Civil entrou em contanto com o Observat\u00f3rio Sismol\u00f3gico da Universidade Federal de Bras\u00edlia (UnB), respons\u00e1vel pelo registro dos tremores. No entanto, o sismo de hoje n\u00e3o foi registrado. O coordenador do Obsis, Lucas Vieira Barros, explica que a UnB ficou sem energia el\u00e9trica na manh\u00e3 de hoje, por isso os aparelhos que monitoram a intensidade de tremores n\u00e3o funcionaram. Os geradores do laborat\u00f3rio tamb\u00e9m n\u00e3o operavam no momento da ocorr\u00eancia em Minas. Com as informa\u00e7\u00f5es que teve da Defesa Civil, Barros acredita que foi um leve tremor com intensidade abaixo de 2.0 na Escala Richter.<\/p>\n<p>A cidade registrou uma sequ\u00eancia de tremores nos \u00faltimos tr\u00eas anos. O mais forte deles \u2013 de 4,2 de magnitude, ocorrido em 19 de maio de 2012 &#8211; motivou a instala\u00e7\u00e3o de esta\u00e7\u00f5es sismogr\u00e1ficas da Universidade de Bras\u00edlia (UnB) e da Universidade de S\u00e3o Paulo (USP), que passaram a monitorar os fen\u00f4menos, em parceria com a Universidade Estadual de Montes Claros (Unimontes). Em mar\u00e7o de 2013, foi divulgado relat\u00f3rio dos estudos, que confirmaram que a causa dos sismos \u00e9 uma falha geol\u00f3gica de 3 quil\u00f4metros de extens\u00e3o, situada a cerca 1,5 a 2 quil\u00f4metros de profundidade.<\/p>\n<p><em>(Imagem ilustrativa)<\/em><br \/>\n<img decoding=\"async\" src=\"http:\/\/aconteceunovale.com.br\/portal\/wp-content\/uploads\/2014\/01\/tremor_terra_moc.jpg\" alt=\"\" \/><\/p>\n<p>Fonte: Estado de Minas<\/p>\n","protected":false},"excerpt":{"rendered":"<p>A terra tremeu mais uma vez em Montes Claros, no Norte de Minas Gerais. A cidade, que tem um hist\u00f3rico de tremores, registrou um sismo na manh\u00e3 desta ter\u00e7a-feira, por volta de 6h40. Moradores assustados ligaram para a Defesa Civil da cidade para avisar sobre a ocorr\u00eancia. A movimenta\u00e7\u00e3o foi sentida nos bairros Melo, Centro, [&hellip;]<\/p>\n","protected":false},"author":1,"featured_media":0,"comment_status":"open","ping_status":"closed","sticky":false,"template":"","format":"standard","meta":{"amp_status":"","footnotes":""},"categories":[1236],"tags":[210,2598],"class_list":["post-17776","post","type-post","status-publish","format-standard","hentry","category-norte_de_minas","tag-montes-claros","tag-terra-treme-mais-uma-vez-em-montes-claros"],"_links":{"self":[{"href":"https:\/\/aconteceunovale.com.br\/portal\/index.php?rest_route=\/wp\/v2\/posts\/17776","targetHints":{"allow":["GET"]}}],"collection":[{"href":"https:\/\/aconteceunovale.com.br\/portal\/index.php?rest_route=\/wp\/v2\/posts"}],"about":[{"href":"https:\/\/aconteceunovale.com.br\/portal\/index.php?rest_route=\/wp\/v2\/types\/post"}],"author":[{"embeddable":true,"href":"https:\/\/aconteceunovale.com.br\/portal\/index.php?rest_route=\/wp\/v2\/users\/1"}],"replies":[{"embeddable":true,"href":"https:\/\/aconteceunovale.com.br\/portal\/index.php?rest_route=%2Fwp%2Fv2%2Fcomments&post=17776"}],"version-history":[{"count":0,"href":"https:\/\/aconteceunovale.com.br\/portal\/index.php?rest_route=\/wp\/v2\/posts\/17776\/revisions"}],"wp:attachment":[{"href":"https:\/\/aconteceunovale.com.br\/portal\/index.php?rest_route=%2Fwp%2Fv2%2Fmedia&parent=17776"}],"wp:term":[{"taxonomy":"category","embeddable":true,"href":"https:\/\/aconteceunovale.com.br\/portal\/index.php?rest_route=%2Fwp%2Fv2%2Fcategories&post=17776"},{"taxonomy":"post_tag","embeddable":true,"href":"https:\/\/aconteceunovale.com.br\/portal\/index.php?rest_route=%2Fwp%2Fv2%2Ftags&post=17776"}],"curies":[{"name":"wp","href":"https:\/\/api.w.org\/{rel}","templated":true}]}}