{"id":17767,"date":"2014-01-07T11:21:06","date_gmt":"2014-01-07T13:21:06","guid":{"rendered":"http:\/\/aconteceunovale.com.br\/portal\/?p=17767"},"modified":"2014-01-07T11:21:06","modified_gmt":"2014-01-07T13:21:06","slug":"cadastro-nacional-ignora-desaparecidos-em-minas","status":"publish","type":"post","link":"https:\/\/aconteceunovale.com.br\/portal\/?p=17767","title":{"rendered":"Cadastro nacional ignora desaparecidos em Minas"},"content":{"rendered":"<p>Todos os anos, v\u00e1rias fam\u00edlias em Minas vivem o drama de ter crian\u00e7as e adolescentes desaparecidos. Ainda assim, a ferramenta disponibilizada pelo Minist\u00e9rio da Justi\u00e7a e pela Secretaria de Direitos Humanos da Presid\u00eancia da Rep\u00fablica, que poderia ajudar a localiz\u00e1-los, \u00e9 subutilizada e ignora quase a totalidade dos mineiros que sumiram em 2013.<\/p>\n<p><img decoding=\"async\" src=\"http:\/\/aconteceunovale.com.br\/portal\/wp-content\/uploads\/2014\/01\/emily_rio_pardo_desaparecida.jpg\" alt=\"\" \/><br \/>\n<em><strong>Registro do caso da garota mineira Emilly \u00e9 um dos poucos que constam em sistema federal<\/strong><\/em><\/p>\n<p>Segundo a Secretaria de Estado de Defesa Social (Seds), 1.588 casos de desaparecimento foram registrados no Estado entre janeiro e agosto do ano passado, incluindo 610 menores de idade \u2013 os dados mais atualizados, at\u00e9 dezembro, n\u00e3o foram informados. At\u00e9 a \u00faltima sexta-feira, apenas cinco menores desaparecidos em 2013 tinham sido inclu\u00eddos no cadastro nacional, criado em mar\u00e7o.<\/p>\n<p>Entre eles est\u00e1 a menina Emilly Ferrari, 8, que foi vista pela \u00faltima vez, em maio, na porta de casa em Rio Pardo de Minas, no Norte do Estado. Os dados sobre a crian\u00e7a foram inclu\u00eddos pela Delegacia Especializada em Localiza\u00e7\u00e3o de Pessoas Desaparecidas da capital, que assumiu o caso em julho passado \u2013 dois meses ap\u00f3s o desaparecimento de Emilly. A informa\u00e7\u00e3o no cadastro, por\u00e9m, poderia ter sido disponibilizada antes se a fam\u00edlia da garota tivesse sido informada sobre a exist\u00eancia do banco de dados. \u201cSe eu, que passo por situa\u00e7\u00e3o de desaparecimento dentro da minha fam\u00edlia, nunca ouvi falar do cadastro, imagina quem est\u00e1 \u2018de fora\u2019? N\u00e3o adianta divulgar s\u00f3 na internet, que nem todas as fam\u00edlias t\u00eam acesso\u201d, reclama a m\u00e3e de Emilly, a professora Tatiany Ferrari, 30.<\/p>\n<p>Para a presidente da Associa\u00e7\u00e3o Brasileira de Busca e Defesa a Crian\u00e7as Desaparecidas, Ivanise Esperidi\u00e3o, o cadastro nacional n\u00e3o representou avan\u00e7o. \u201cEnquanto ele for aberto ao p\u00fablico e ficar por conta das fam\u00edlias preencherem os dados, continuar\u00e1 defasado, pois poucas s\u00e3o informadas sobre o cadastro. O ideal seria que o delegado respons\u00e1vel registrasse a queixa no momento em que \u00e9 feito o boletim de ocorr\u00eancia\u201d, avalia.<\/p>\n<p>Questionado sobre a defasagem do cadastro, o delegado Dagoberto Batista, da Divis\u00e3o de Refer\u00eancia da Pessoa Desaparecida, alegou que todos os dados de Minas haviam sido enviados. Ele garantiu ainda que todas as informa\u00e7\u00f5es de desaparecidos seriam reenviadas. <\/p>\n<p>Fonte: O Tempo<\/p>\n","protected":false},"excerpt":{"rendered":"<p>Todos os anos, v\u00e1rias fam\u00edlias em Minas vivem o drama de ter crian\u00e7as e adolescentes desaparecidos. Ainda assim, a ferramenta disponibilizada pelo Minist\u00e9rio da Justi\u00e7a e pela Secretaria de Direitos Humanos da Presid\u00eancia da Rep\u00fablica, que poderia ajudar a localiz\u00e1-los, \u00e9 subutilizada e ignora quase a totalidade dos mineiros que sumiram em 2013. Registro do [&hellip;]<\/p>\n","protected":false},"author":1,"featured_media":0,"comment_status":"open","ping_status":"closed","sticky":false,"template":"","format":"standard","meta":{"amp_status":"","footnotes":""},"categories":[6],"tags":[2592,2590,2591,421],"class_list":["post-17767","post","type-post","status-publish","format-standard","hentry","category-br","tag-cadastro-nacional-de-pessoas-desaparecidas","tag-cadastro-nacional-ignora-desaparecidos-em-minas","tag-emilly-ferrari","tag-rio-pardo-de-minas"],"_links":{"self":[{"href":"https:\/\/aconteceunovale.com.br\/portal\/index.php?rest_route=\/wp\/v2\/posts\/17767","targetHints":{"allow":["GET"]}}],"collection":[{"href":"https:\/\/aconteceunovale.com.br\/portal\/index.php?rest_route=\/wp\/v2\/posts"}],"about":[{"href":"https:\/\/aconteceunovale.com.br\/portal\/index.php?rest_route=\/wp\/v2\/types\/post"}],"author":[{"embeddable":true,"href":"https:\/\/aconteceunovale.com.br\/portal\/index.php?rest_route=\/wp\/v2\/users\/1"}],"replies":[{"embeddable":true,"href":"https:\/\/aconteceunovale.com.br\/portal\/index.php?rest_route=%2Fwp%2Fv2%2Fcomments&post=17767"}],"version-history":[{"count":0,"href":"https:\/\/aconteceunovale.com.br\/portal\/index.php?rest_route=\/wp\/v2\/posts\/17767\/revisions"}],"wp:attachment":[{"href":"https:\/\/aconteceunovale.com.br\/portal\/index.php?rest_route=%2Fwp%2Fv2%2Fmedia&parent=17767"}],"wp:term":[{"taxonomy":"category","embeddable":true,"href":"https:\/\/aconteceunovale.com.br\/portal\/index.php?rest_route=%2Fwp%2Fv2%2Fcategories&post=17767"},{"taxonomy":"post_tag","embeddable":true,"href":"https:\/\/aconteceunovale.com.br\/portal\/index.php?rest_route=%2Fwp%2Fv2%2Ftags&post=17767"}],"curies":[{"name":"wp","href":"https:\/\/api.w.org\/{rel}","templated":true}]}}