{"id":177641,"date":"2021-04-21T22:13:07","date_gmt":"2021-04-22T01:13:07","guid":{"rendered":"https:\/\/aconteceunovale.com.br\/portal\/?p=177641"},"modified":"2021-04-22T00:58:43","modified_gmt":"2021-04-22T03:58:43","slug":"everson-brilha-e-garante-primeiro-ponto-do-atletico-mg-na-libertadores-2021","status":"publish","type":"post","link":"https:\/\/aconteceunovale.com.br\/portal\/?p=177641","title":{"rendered":"Everson brilha e garante primeiro ponto do Atl\u00e9tico-MG na Libertadores 2021"},"content":{"rendered":"\n<p>O Atl\u00e9tico-MG somou o primeiro ponto na edi\u00e7\u00e3o 2021 da Libertadores. Nesta quarta-feira (21\/4), o Galo esbarrou na falta de criatividade e empatou por 1 a 1 com o Deportivo La Guaira (Venezuela) no est\u00e1dio Ol\u00edmpico de Caracas, na abertura do Grupo H da competi\u00e7\u00e3o.<\/p>\n\n\n\n<figure class=\"wp-block-gallery columns-1 is-cropped wp-block-gallery-1 is-layout-flex wp-block-gallery-is-layout-flex\"><ul class=\"blocks-gallery-grid\"><li class=\"blocks-gallery-item\"><figure><img loading=\"lazy\" decoding=\"async\" width=\"678\" height=\"450\" src=\"https:\/\/aconteceunovale.com.br\/portal\/wp-content\/uploads\/2021\/04\/zaracho.jpg\" alt=\"\" data-id=\"177642\" data-full-url=\"https:\/\/aconteceunovale.com.br\/portal\/wp-content\/uploads\/2021\/04\/zaracho.jpg\" data-link=\"https:\/\/aconteceunovale.com.br\/portal\/?attachment_id=177642\" class=\"wp-image-177642\" srcset=\"https:\/\/aconteceunovale.com.br\/portal\/wp-content\/uploads\/2021\/04\/zaracho.jpg 678w, https:\/\/aconteceunovale.com.br\/portal\/wp-content\/uploads\/2021\/04\/zaracho-300x199.jpg 300w, https:\/\/aconteceunovale.com.br\/portal\/wp-content\/uploads\/2021\/04\/zaracho-633x420.jpg 633w\" sizes=\"auto, (max-width: 678px) 100vw, 678px\" \/><figcaption class=\"blocks-gallery-item__caption\"><em>Zaracho marcou o gol do Galo (Foto: Divulga\u00e7\u00e3o \/ Atl\u00e9tico-MG)<\/em><\/figcaption><\/figure><\/li><\/ul><\/figure>\n\n\n\n<p>Os mineiros ter\u00e3o pela frente, na segunda rodada do Grupo H da Libertadores, o Am\u00e9rica de Cali (Col\u00f4mbia). A partida ser\u00e1 disputada na pr\u00f3xima ter\u00e7a-feira (27), \u00e0s 21h30, no Mineir\u00e3o. Antes, no s\u00e1bado (24), \u00e0s 19h, o Galo disputa a \u00faltima rodada da primeira fase do Campeonato Mineiro, contra o Athletic Club, no Independ\u00eancia.<\/p>\n\n\n\n<h3 class=\"wp-block-heading\"><strong>O jogo<\/strong><\/h3>\n\n\n\n<p>O in\u00edcio do jogo foi um pesadelo para o Atl\u00e9tico. Com o La Guaira fechadinho, os alvinegros encontravam dificuldades para finalizar, exagerando nas bolas al\u00e7adas na \u00e1rea (foram 15 na primeira meia hora). Com liberdade, os venezuelanos foram mais objetivos. Aos 19 minutos, o lateral Yohan Cuman\u00e1 chutou cruzado, com perigo, para defesa de Everson, que mandou para fora. No minuto seguinte, o zagueiro Adri\u00e1n Mart\u00ednez fez fila a partir da intermedi\u00e1ria, invadiu a \u00e1rea mineira e bateu colocado, abrindo o placar.<\/p>\n\n\n\n<p>O Galo s\u00f3 come\u00e7ou a chegar a partir dos 32 minutos, ap\u00f3s cruzamento do lateral Guga pela direita e cabe\u00e7ada do atacante Eduardo Vargas, que o goleiro Carlos Olses agarrou com estilo. Aos 35, o volante Tch\u00ea Tch\u00ea achou espa\u00e7o e finalizou da entrada da \u00e1rea pela esquerda, para outra defesa de Olsen. Na sequ\u00eancia, nova bola al\u00e7ada na \u00e1rea e o zagueiro R\u00e9ver, de bicicleta, mandou por cima do gol. Aos 46, Guga cruzou e o meia Nacho Fern\u00e1ndez, quase na pequena \u00e1rea, arrematou de primeira, mas isolou a oportunidade.<\/p>\n\n\n\n<p>O time brasileiro seguiu mais agressivo no segundo tempo. Aos sete minutos, ap\u00f3s cobran\u00e7a de escanteio de Nacho pela direita, o meia Mat\u00edas Zaracho, de cabe\u00e7a, escorou rente ao travess\u00e3o. Cinco minutos depois, o lateral Guilherme Arana arriscou de fora da \u00e1rea pela esquerda, for\u00e7ando Olsen a uma boa defesa no canto direito. A press\u00e3o atleticana deu resultado aos 19 minutos. Na sequ\u00eancia de uma bola afastada no bate-rebate pela zaga, Arana bateu, o goleiro deu rebote e Zaracho, na pequena \u00e1rea, deixou tudo igual.<\/p>\n\n\n\n<p>O La Guaira passou a assustar a partir dos 25 minutos, em finaliza\u00e7\u00e3o de Darwin Gonz\u00e1lez, ap\u00f3s lan\u00e7amento do volante \u00c1ngelo Pe\u00f1a, \u00e0s costas de R\u00e9ver. Mesmo adiantado, Everson defendeu o chute do atacante. Os venezuelanos voltaram a exigir o goleiro aos 37 e aos 38 minutos, com Gonz\u00e1lez e Hurtado. Desorganizado, o Galo seguiu cedendo ataques e sendo salvo por Everson. Aos 44, na \u00faltima chance do jogo, Gonz\u00e1lez passou como quis por R\u00e9ver, mas o camisa 22 cresceu na \u00e1rea e evitou a vit\u00f3ria dos anfitri\u00f5es.<\/p>\n\n\n\n<h2 class=\"wp-block-heading\"><strong>Zaracho avalia que faltou melhor defini\u00e7\u00e3o<\/strong><\/h2>\n\n\n\n<p>\u201cTivemos mais ocasi\u00f5es para poder chegar aos tr\u00eas pontos, mas faltou a defini\u00e7\u00e3o\u201d, afirmou Zaracho sobre o empate contra o La Guaira.<\/p>\n\n\n\n<p>De acordo com o jogador, o Galo entrou em campo com o pensamento de buscar a vit\u00f3ria, mas demorou a tomar o controle do jogo e conseguiu melhorar na etapa final.<\/p>\n\n\n\n<p>\u201cNo segundo tempo, fomos superiores e, por isso, chegamos ao empate\u201d, disse.<\/p>\n\n\n\n<p>Zaracho reiterou que o Atl\u00e9tico foi \u00e0 Venezuela em busca dos tr\u00eas pontos: &#8220;Em cada jogo, vamos dar o melhor para ganhar. Nesse caso, eles defenderam muito bem e s\u00f3 nos faltou ajustar a defini\u00e7\u00e3o\u201d.<\/p>\n\n\n\n<p>&#8212;&#8212;&#8212;&#8212;&#8212;&#8212;<br><em>Quer receber as not\u00edcias do <strong>Aconteceu no Vale<\/strong> em primeira m\u00e3o? Siga-nos no Facebook <a rel=\"noreferrer noopener\" href=\"http:\/\/facebook.com\/aconteceunovale\" target=\"_blank\">@aconteceunovale<\/a>, Twitter <a rel=\"noreferrer noopener\" href=\"https:\/\/twitter.com\/noticiadosvales\" target=\"_blank\">@noticiadosvales<\/a> e Instagram <a rel=\"noreferrer noopener\" href=\"https:\/\/www.instagram.com\/aconteceunovale\" target=\"_blank\">@aconteceunovale<\/a>.<\/em><\/p>\n","protected":false},"excerpt":{"rendered":"<p>O Atl\u00e9tico-MG somou o primeiro ponto na edi\u00e7\u00e3o 2021 da Libertadores. Nesta quarta-feira (21\/4), o Galo esbarrou na falta de criatividade e empatou por 1 a 1 com o Deportivo La Guaira (Venezuela) no est\u00e1dio Ol\u00edmpico de Caracas, na abertura do Grupo H da competi\u00e7\u00e3o. Os mineiros ter\u00e3o pela frente, na segunda rodada do Grupo [&hellip;]<\/p>\n","protected":false},"author":4,"featured_media":177642,"comment_status":"open","ping_status":"closed","sticky":false,"template":"","format":"standard","meta":{"amp_status":"","footnotes":""},"categories":[6,59,123],"tags":[243822,243821,2741,40575,243816,78047,243820,243826,1018,243818,243819,243815,243814,12312,243817,243824,243825,34438,242947,243827,34071,242948,18922,243823,243828],"class_list":["post-177641","post","type-post","status-publish","format-standard","has-post-thumbnail","hentry","category-br","category-sports","category-gerais","tag-adrian-martinez","tag-america-de-cali","tag-atletico-mineiro","tag-atletico-mg","tag-atletico-mg-na-libertadores-2021","tag-caracas","tag-deportivo-la-guaira","tag-deportivo-la-guaira-x-atletico-mg","tag-destaque","tag-estreia-do-atletico-mg-na-libertadores-2021","tag-estreia-do-galo-na-libertadores-2021","tag-everson","tag-everson-brilha-e-garante-primeiro-ponto-do-atletico-mg-na-libertadores-2021","tag-galo","tag-galo-na-libertadores-2021","tag-la-guaira","tag-la-guaira-x-atletico-mg","tag-libertadores","tag-libertadores-2021","tag-matias-zaracho","tag-taca-libertadores","tag-taca-libertadores-2021","tag-venezuela","tag-yohan-cumana","tag-zaracho"],"_links":{"self":[{"href":"https:\/\/aconteceunovale.com.br\/portal\/index.php?rest_route=\/wp\/v2\/posts\/177641","targetHints":{"allow":["GET"]}}],"collection":[{"href":"https:\/\/aconteceunovale.com.br\/portal\/index.php?rest_route=\/wp\/v2\/posts"}],"about":[{"href":"https:\/\/aconteceunovale.com.br\/portal\/index.php?rest_route=\/wp\/v2\/types\/post"}],"author":[{"embeddable":true,"href":"https:\/\/aconteceunovale.com.br\/portal\/index.php?rest_route=\/wp\/v2\/users\/4"}],"replies":[{"embeddable":true,"href":"https:\/\/aconteceunovale.com.br\/portal\/index.php?rest_route=%2Fwp%2Fv2%2Fcomments&post=177641"}],"version-history":[{"count":1,"href":"https:\/\/aconteceunovale.com.br\/portal\/index.php?rest_route=\/wp\/v2\/posts\/177641\/revisions"}],"predecessor-version":[{"id":177643,"href":"https:\/\/aconteceunovale.com.br\/portal\/index.php?rest_route=\/wp\/v2\/posts\/177641\/revisions\/177643"}],"wp:featuredmedia":[{"embeddable":true,"href":"https:\/\/aconteceunovale.com.br\/portal\/index.php?rest_route=\/wp\/v2\/media\/177642"}],"wp:attachment":[{"href":"https:\/\/aconteceunovale.com.br\/portal\/index.php?rest_route=%2Fwp%2Fv2%2Fmedia&parent=177641"}],"wp:term":[{"taxonomy":"category","embeddable":true,"href":"https:\/\/aconteceunovale.com.br\/portal\/index.php?rest_route=%2Fwp%2Fv2%2Fcategories&post=177641"},{"taxonomy":"post_tag","embeddable":true,"href":"https:\/\/aconteceunovale.com.br\/portal\/index.php?rest_route=%2Fwp%2Fv2%2Ftags&post=177641"}],"curies":[{"name":"wp","href":"https:\/\/api.w.org\/{rel}","templated":true}]}}