{"id":177558,"date":"2021-04-20T18:19:09","date_gmt":"2021-04-20T21:19:09","guid":{"rendered":"https:\/\/aconteceunovale.com.br\/portal\/?p=177558"},"modified":"2021-04-20T20:13:47","modified_gmt":"2021-04-20T23:13:47","slug":"acidente-com-aviao-deixa-um-morto-e-dois-feridos-em-bh","status":"publish","type":"post","link":"https:\/\/aconteceunovale.com.br\/portal\/?p=177558","title":{"rendered":"Acidente com avi\u00e3o deixa um morto e dois feridos em BH"},"content":{"rendered":"\n<p class=\"wp-block-paragraph\">Um avi\u00e3o sofreu um acidente no Aeroporto da Pampulha, em Belo Horizonte, na tarde desta ter\u00e7a-feira (20\/4\/2021). De acordo com informa\u00e7\u00f5es do Corpo de Bombeiros de Minas Gerais, as causas, at\u00e9 o momento, apontam para um problema na abertura do trem de pouso da aeronave. O avi\u00e3o saiu da pista ap\u00f3s o pouso de um voo de teste.<\/p>\n\n\n\n<figure class=\"wp-block-gallery columns-1 is-cropped wp-block-gallery-1 is-layout-flex wp-block-gallery-is-layout-flex\"><ul class=\"blocks-gallery-grid\"><li class=\"blocks-gallery-item\"><figure><img loading=\"lazy\" decoding=\"async\" width=\"678\" height=\"382\" src=\"https:\/\/aconteceunovale.com.br\/portal\/wp-content\/uploads\/2021\/04\/acidente_aviao_bh_5.jpeg\" alt=\"\" data-id=\"177559\" data-full-url=\"https:\/\/aconteceunovale.com.br\/portal\/wp-content\/uploads\/2021\/04\/acidente_aviao_bh_5.jpeg\" data-link=\"https:\/\/aconteceunovale.com.br\/portal\/?attachment_id=177559\" class=\"wp-image-177559\" srcset=\"https:\/\/aconteceunovale.com.br\/portal\/wp-content\/uploads\/2021\/04\/acidente_aviao_bh_5.jpeg 678w, https:\/\/aconteceunovale.com.br\/portal\/wp-content\/uploads\/2021\/04\/acidente_aviao_bh_5-300x169.jpeg 300w\" sizes=\"auto, (max-width: 678px) 100vw, 678px\" \/><figcaption class=\"blocks-gallery-item__caption\"><em>Foto: Divulga\u00e7\u00e3o \/ Corpo de Bombeiros<\/em><\/figcaption><\/figure><\/li><\/ul><\/figure>\n\n\n\n<p class=\"wp-block-paragraph\">Segundo o Corpo de Bombeiros,&nbsp;o copiloto Eust\u00e1quio Avelar, de 76 anos, que tinha ficado preso \u00e0s ferragens, morreu no local.<\/p>\n\n\n\n<p class=\"wp-block-paragraph\">O piloto Gabriel dos Santos Nazaret foi resgatado em estado grave, por volta de 16h15. Ele \u00e9 um aluno em treinamento e tem 28 anos, segundo os bombeiros. A v\u00edtima foi socorrida ao Hospital de Pronto-Socorro Jo\u00e3o XXIII no helic\u00f3ptero dos bombeiros, e chegou por volta de 17h.<\/p>\n\n\n\n<p class=\"wp-block-paragraph\">Osmar Mulina Pereira Filho, de 31 anos, que tamb\u00e9m estava na aeronave, mas n\u00e3o na cabine com os outros dois, foi retirado logo no in\u00edcio dos trabalhos, com escoria\u00e7\u00f5es. Segundo a Secretaria Municipal de Sa\u00fade de BH,&nbsp;ele recusou atendimento.<\/p>\n\n\n\n<p class=\"wp-block-paragraph\">Os bombeiros trabalharam em conjunto com profissionais da Infraero e&nbsp;tiveram que serrar uma parte do avi\u00e3o&nbsp;para acessar a cabine frontal.<\/p>\n\n\n\n<p class=\"wp-block-paragraph\">A pista de pouso e decolagem do aeroporto\u00a0ficou interditada de 13h55 at\u00e9 14h29.<\/p>\n\n\n\n<h2 class=\"wp-block-heading\"><strong>Causas do acidente<\/strong><\/h2>\n\n\n\n<p class=\"wp-block-paragraph\">Ainda n\u00e3o h\u00e1 informa\u00e7\u00f5es sobre as circunst\u00e2ncias que fizeram o avi\u00e3o n\u00e3o ter conseguido parar a tempo. A princ\u00edpio, segundo os bombeiros,&nbsp;o trem de pouso da aeronave n\u00e3o abriu.<\/p>\n\n\n\n<p class=\"wp-block-paragraph\">A Infraero informou que a aeronave estava fazendo um &#8220;voo de teste&#8221; quando saiu da pista ap\u00f3s o pouso.<\/p>\n\n\n\n<p class=\"wp-block-paragraph\">O voo de teste \u00e9 um procedimento corriqueiro. De tempos em tempos, as aeronaves saem do hangar no aeroporto, onde fazem manuten\u00e7\u00e3o, e fazem o procedimento. Decolam l\u00e1 do aeroporto mesmo, fazem a avalia\u00e7\u00e3o no ar, e descem.<\/p>\n\n\n\n<p class=\"wp-block-paragraph\">De acordo com o comandante do Batalh\u00e3o de Opera\u00e7\u00f5es A\u00e9reas do Corpo de Bombeiros, Major F\u00e1bio Alves Dias,&nbsp;a forma como o avi\u00e3o bateu na \u00e1rvore contribuiu para que as v\u00edtimas ficassem presas \u00e0s ferragens.<\/p>\n\n\n\n<p class=\"wp-block-paragraph\">&#8220;A posi\u00e7\u00e3o que o avi\u00e3o ficou, colidiu de frente, ent\u00e3o a fuselagem veio para a frente. O painel veio para cima dos pilotos e os bancos chegaram mais pr\u00f3ximo do painel, o que fez com que ficassem presos \u00e0s ferragens e fuselagem\u201d.<\/p>\n\n\n\n<p class=\"wp-block-paragraph\">Ainda de acordo com major F\u00e1bio, a aeronave \u00e9 do Rio de Janeiro e estava fazendo manuten\u00e7\u00e3o na capital mineira.<\/p>\n\n\n\n<p class=\"wp-block-paragraph\">Segundo a Infraero, a ocorr\u00eancia ser\u00e1 investigada pelo Centro de Investiga\u00e7\u00e3o e Preven\u00e7\u00e3o de Acidentes Aeron\u00e1uticos (Cenipa), que poder\u00e1 dar mais detalhes sobre o caso.<\/p>\n\n\n\n<h2 class=\"wp-block-heading\">Informa\u00e7\u00f5es sobre o avi\u00e3o<\/h2>\n\n\n\n<p class=\"wp-block-paragraph\">A aeronave \u00e9 um Learjet modelo LR35, prefixo PR-MLA, fabricado em 1976, com capacidade para oito passageiros.<\/p>\n\n\n\n<p class=\"wp-block-paragraph\">Ela est\u00e1 em nome de Sequip Loca\u00e7\u00e3o Segura e com a documenta\u00e7\u00e3o em dia, segundo registro mais atualizado na Ag\u00eancia Nacional de Avia\u00e7\u00e3o Civil (Anac).<\/p>\n\n\n\n<p class=\"wp-block-paragraph\">O operador respons\u00e1vel pela aeronave neste momento \u00e9 a empresa Eletric Power Constru\u00e7\u00e3o.<\/p>\n\n\n\n<h2 class=\"wp-block-heading\"><strong>Fotos<\/strong><\/h2>\n\n\n\n<figure class=\"wp-block-gallery columns-1 is-cropped wp-block-gallery-2 is-layout-flex wp-block-gallery-is-layout-flex\"><ul class=\"blocks-gallery-grid\"><li class=\"blocks-gallery-item\"><figure><img loading=\"lazy\" decoding=\"async\" width=\"678\" height=\"382\" src=\"https:\/\/aconteceunovale.com.br\/portal\/wp-content\/uploads\/2021\/04\/acidente_aviao_bh_4.jpeg\" alt=\"\" data-id=\"177561\" data-full-url=\"https:\/\/aconteceunovale.com.br\/portal\/wp-content\/uploads\/2021\/04\/acidente_aviao_bh_4.jpeg\" data-link=\"https:\/\/aconteceunovale.com.br\/portal\/?attachment_id=177561\" class=\"wp-image-177561\" srcset=\"https:\/\/aconteceunovale.com.br\/portal\/wp-content\/uploads\/2021\/04\/acidente_aviao_bh_4.jpeg 678w, https:\/\/aconteceunovale.com.br\/portal\/wp-content\/uploads\/2021\/04\/acidente_aviao_bh_4-300x169.jpeg 300w\" sizes=\"auto, (max-width: 678px) 100vw, 678px\" \/><figcaption class=\"blocks-gallery-item__caption\"><em>Foto: Divulga\u00e7\u00e3o \/ Corpo de Bombeiros<\/em><\/figcaption><\/figure><\/li><li class=\"blocks-gallery-item\"><figure><img loading=\"lazy\" decoding=\"async\" width=\"678\" height=\"382\" src=\"https:\/\/aconteceunovale.com.br\/portal\/wp-content\/uploads\/2021\/04\/acidente_aviao_bh_3.jpg\" alt=\"\" data-id=\"177562\" data-full-url=\"https:\/\/aconteceunovale.com.br\/portal\/wp-content\/uploads\/2021\/04\/acidente_aviao_bh_3.jpg\" data-link=\"https:\/\/aconteceunovale.com.br\/portal\/?attachment_id=177562\" class=\"wp-image-177562\" srcset=\"https:\/\/aconteceunovale.com.br\/portal\/wp-content\/uploads\/2021\/04\/acidente_aviao_bh_3.jpg 678w, https:\/\/aconteceunovale.com.br\/portal\/wp-content\/uploads\/2021\/04\/acidente_aviao_bh_3-300x169.jpg 300w\" sizes=\"auto, (max-width: 678px) 100vw, 678px\" \/><figcaption class=\"blocks-gallery-item__caption\"><em>Foto: Divulga\u00e7\u00e3o \/ Corpo de Bombeiros<\/em><\/figcaption><\/figure><\/li><li class=\"blocks-gallery-item\"><figure><img loading=\"lazy\" decoding=\"async\" width=\"678\" height=\"382\" src=\"https:\/\/aconteceunovale.com.br\/portal\/wp-content\/uploads\/2021\/04\/acidente_aviao_bh_2.jpg\" alt=\"\" data-id=\"177563\" data-full-url=\"https:\/\/aconteceunovale.com.br\/portal\/wp-content\/uploads\/2021\/04\/acidente_aviao_bh_2.jpg\" data-link=\"https:\/\/aconteceunovale.com.br\/portal\/?attachment_id=177563\" class=\"wp-image-177563\" srcset=\"https:\/\/aconteceunovale.com.br\/portal\/wp-content\/uploads\/2021\/04\/acidente_aviao_bh_2.jpg 678w, https:\/\/aconteceunovale.com.br\/portal\/wp-content\/uploads\/2021\/04\/acidente_aviao_bh_2-300x169.jpg 300w\" sizes=\"auto, (max-width: 678px) 100vw, 678px\" \/><figcaption class=\"blocks-gallery-item__caption\"><em>Foto: Divulga\u00e7\u00e3o \/ Corpo de Bombeiros<\/em><\/figcaption><\/figure><\/li><li class=\"blocks-gallery-item\"><figure><img loading=\"lazy\" decoding=\"async\" width=\"678\" height=\"382\" src=\"https:\/\/aconteceunovale.com.br\/portal\/wp-content\/uploads\/2021\/04\/acidente_aviao_bh_1.jpg\" alt=\"\" data-id=\"177564\" data-full-url=\"https:\/\/aconteceunovale.com.br\/portal\/wp-content\/uploads\/2021\/04\/acidente_aviao_bh_1.jpg\" data-link=\"https:\/\/aconteceunovale.com.br\/portal\/?attachment_id=177564\" class=\"wp-image-177564\" srcset=\"https:\/\/aconteceunovale.com.br\/portal\/wp-content\/uploads\/2021\/04\/acidente_aviao_bh_1.jpg 678w, https:\/\/aconteceunovale.com.br\/portal\/wp-content\/uploads\/2021\/04\/acidente_aviao_bh_1-300x169.jpg 300w\" sizes=\"auto, (max-width: 678px) 100vw, 678px\" \/><figcaption class=\"blocks-gallery-item__caption\"><em>Foto: Divulga\u00e7\u00e3o \/ Corpo de Bombeiros<\/em><\/figcaption><\/figure><\/li><\/ul><\/figure>\n\n\n\n<p class=\"wp-block-paragraph\">&#8212;&#8212;&#8212;&#8212;&#8212;&#8212;<br><em>Quer receber as not\u00edcias do <strong>Aconteceu no Vale<\/strong> em primeira m\u00e3o? Siga-nos no Facebook <a rel=\"noreferrer noopener\" href=\"http:\/\/facebook.com\/aconteceunovale\" target=\"_blank\">@aconteceunovale<\/a>, Twitter <a rel=\"noreferrer noopener\" href=\"https:\/\/twitter.com\/noticiadosvales\" target=\"_blank\">@noticiadosvales<\/a> e Instagram <a rel=\"noreferrer noopener\" href=\"https:\/\/www.instagram.com\/aconteceunovale\" target=\"_blank\">@aconteceunovale<\/a>.<\/em><\/p>\n","protected":false},"excerpt":{"rendered":"<p>Um avi\u00e3o sofreu um acidente no Aeroporto da Pampulha, em Belo Horizonte, na tarde desta ter\u00e7a-feira (20\/4\/2021). De acordo com informa\u00e7\u00f5es do Corpo de Bombeiros de Minas Gerais, as causas, at\u00e9 o momento, apontam para um problema na abertura do trem de pouso da aeronave. O avi\u00e3o saiu da pista ap\u00f3s o pouso de um [&hellip;]<\/p>\n","protected":false},"author":4,"featured_media":177559,"comment_status":"open","ping_status":"closed","sticky":false,"template":"","format":"standard","meta":{"amp_status":"","footnotes":""},"categories":[123],"tags":[200201,200204,243708,200200,200203,243709,243723,2581,243720,243722,243716,194,1017,243715,243714,29660,22537,31706,1018,243725,243711,243712,2582,243721,243718,243717,243713,243719,47492,200202,243710,243724],"class_list":["post-177558","post","type-post","status-publish","format-standard","has-post-thumbnail","hentry","category-gerais","tag-acidente-aereo-em-belo-horizonte","tag-acidente-aereo-em-bh","tag-acidente-com-aviao-deixa-um-morto-e-dois-feridos-em-bh","tag-acidente-com-aviao-em-belo-horizonte","tag-acidente-com-aviao-em-bh","tag-acidente-com-aviao-no-aeroporto-da-pampulha","tag-acidente-com-aviao-prefixo-pr-mla","tag-anac","tag-aviao-pr-mla","tag-aviao-prefixo-pr-mla","tag-batalhao-de-operacoes-aereas-do-corpo-de-bombeiros","tag-belo-horizonte","tag-bh","tag-causas-de-acidente-aereo-em-belo-horizonte","tag-causas-de-acidente-aereo-em-bh","tag-cbmmg","tag-cenipa","tag-corpo-de-bombeiros-de-minas-gerais","tag-destaque","tag-eletric-power-construcao","tag-eustaquio-avelar","tag-gabriel-dos-santos-nazaret","tag-infraero","tag-jato-pr-mla","tag-learjet-lr35","tag-major-fabio-alves-dias","tag-osmar-mulina-pereira-filho","tag-pr-mla","tag-queda-de-aviao-em-belo-horizonte","tag-queda-de-aviao-em-bh","tag-queda-de-aviao-no-aeroporto-da-pampulha","tag-sequip-locacao-segura"],"yoast_head":"<!-- This site is optimized with the Yoast SEO plugin v28.3 - https:\/\/yoast.com\/product\/yoast-seo-wordpress\/ -->\n<title>Acidente com avi\u00e3o deixa um morto e dois feridos em BH - Aconteceu no Vale<\/title>\n<meta name=\"robots\" content=\"index, follow, max-snippet:-1, max-image-preview:large, max-video-preview:-1\" \/>\n<link rel=\"canonical\" href=\"https:\/\/aconteceunovale.com.br\/portal\/?p=177558\" \/>\n<meta property=\"og:locale\" content=\"pt_BR\" \/>\n<meta property=\"og:type\" content=\"article\" \/>\n<meta property=\"og:title\" content=\"Acidente com avi\u00e3o deixa um morto e dois feridos em BH - Aconteceu no Vale\" \/>\n<meta property=\"og:description\" content=\"Um avi\u00e3o sofreu um acidente no Aeroporto da Pampulha, em Belo Horizonte, na tarde desta ter\u00e7a-feira (20\/4\/2021). De acordo com informa\u00e7\u00f5es do Corpo de Bombeiros de Minas Gerais, as causas, at\u00e9 o momento, apontam para um problema na abertura do trem de pouso da aeronave. O avi\u00e3o saiu da pista ap\u00f3s o pouso de um [&hellip;]\" \/>\n<meta property=\"og:url\" content=\"https:\/\/aconteceunovale.com.br\/portal\/?p=177558\" \/>\n<meta property=\"og:site_name\" content=\"Aconteceu no Vale\" \/>\n<meta property=\"article:publisher\" content=\"https:\/\/www.facebook.com\/aconteceunovale\/\" \/>\n<meta property=\"article:published_time\" content=\"2021-04-20T21:19:09+00:00\" \/>\n<meta property=\"article:modified_time\" content=\"2021-04-20T23:13:47+00:00\" \/>\n<meta property=\"og:image\" content=\"https:\/\/aconteceunovale.com.br\/portal\/wp-content\/uploads\/2021\/04\/acidente_aviao_bh_5.jpeg\" \/>\n\t<meta property=\"og:image:width\" content=\"678\" \/>\n\t<meta property=\"og:image:height\" content=\"382\" \/>\n\t<meta property=\"og:image:type\" content=\"image\/jpeg\" \/>\n<meta name=\"author\" content=\"Reda\u00e7\u00e3o Aconteceu no Vale\" \/>\n<meta name=\"twitter:card\" content=\"summary_large_image\" \/>\n<meta name=\"twitter:creator\" content=\"@noticiadosvales\" \/>\n<meta name=\"twitter:site\" content=\"@noticiadosvales\" \/>\n<meta name=\"twitter:label1\" content=\"Escrito por\" \/>\n\t<meta name=\"twitter:data1\" content=\"Reda\u00e7\u00e3o Aconteceu no Vale\" \/>\n\t<meta name=\"twitter:label2\" content=\"Est. tempo de leitura\" \/>\n\t<meta name=\"twitter:data2\" content=\"3 minutos\" \/>\n<script type=\"application\/ld+json\" class=\"yoast-schema-graph\">{\"@context\":\"https:\\\/\\\/schema.org\",\"@graph\":[{\"@type\":\"Article\",\"@id\":\"https:\\\/\\\/aconteceunovale.com.br\\\/portal\\\/?p=177558#article\",\"isPartOf\":{\"@id\":\"https:\\\/\\\/aconteceunovale.com.br\\\/portal\\\/?p=177558\"},\"author\":{\"name\":\"Reda\u00e7\u00e3o Aconteceu no Vale\",\"@id\":\"https:\\\/\\\/aconteceunovale.com.br\\\/portal\\\/#\\\/schema\\\/person\\\/7d2f26d1483f8a63de73da1ee0754d35\"},\"headline\":\"Acidente com avi\u00e3o deixa um morto e dois feridos em BH\",\"datePublished\":\"2021-04-20T21:19:09+00:00\",\"dateModified\":\"2021-04-20T23:13:47+00:00\",\"mainEntityOfPage\":{\"@id\":\"https:\\\/\\\/aconteceunovale.com.br\\\/portal\\\/?p=177558\"},\"wordCount\":585,\"commentCount\":0,\"image\":{\"@id\":\"https:\\\/\\\/aconteceunovale.com.br\\\/portal\\\/?p=177558#primaryimage\"},\"thumbnailUrl\":\"https:\\\/\\\/aconteceunovale.com.br\\\/portal\\\/wp-content\\\/uploads\\\/2021\\\/04\\\/acidente_aviao_bh_5.jpeg\",\"keywords\":[\"Acidente a\u00e9reo em Belo Horizonte\",\"Acidente a\u00e9reo em BH\",\"Acidente com avi\u00e3o deixa um morto e dois feridos em BH\",\"Acidente com avi\u00e3o em Belo Horizonte\",\"Acidente com avi\u00e3o em BH\",\"Acidente com avi\u00e3o no Aeroporto da Pampulha\",\"Acidente com avi\u00e3o prefixo PR-MLA\",\"Anac\",\"Avi\u00e3o PR-MLA\",\"Avi\u00e3o prefixo PR-MLA\",\"Batalh\u00e3o de Opera\u00e7\u00f5es A\u00e9reas do Corpo de Bombeiros\",\"Belo Horizonte\",\"bh\",\"Causas de acidente a\u00e9reo em Belo Horizonte\",\"Causas de acidente a\u00e9reo em BH\",\"CBMMG\",\"CENIPA\",\"Corpo de bombeiros de minas gerais\",\"destaque\",\"Eletric Power Constru\u00e7\u00e3o\",\"Eust\u00e1quio Avelar\",\"Gabriel dos Santos Nazaret\",\"Infraero\",\"Jato PR-MLA\",\"Learjet LR35\",\"Major F\u00e1bio Alves Dias\",\"Osmar Mulina Pereira Filho\",\"PR-MLA\",\"queda de avi\u00e3o em belo horizonte\",\"Queda de avi\u00e3o em BH\",\"Queda de avi\u00e3o no Aeroporto da Pampulha\",\"Sequip Loca\u00e7\u00e3o Segura\"],\"articleSection\":[\"Minas Gerais\"],\"inLanguage\":\"pt-BR\",\"potentialAction\":[{\"@type\":\"CommentAction\",\"name\":\"Comment\",\"target\":[\"https:\\\/\\\/aconteceunovale.com.br\\\/portal\\\/?p=177558#respond\"]}]},{\"@type\":\"WebPage\",\"@id\":\"https:\\\/\\\/aconteceunovale.com.br\\\/portal\\\/?p=177558\",\"url\":\"https:\\\/\\\/aconteceunovale.com.br\\\/portal\\\/?p=177558\",\"name\":\"Acidente com avi\u00e3o deixa um morto e dois feridos em BH - Aconteceu no Vale\",\"isPartOf\":{\"@id\":\"https:\\\/\\\/aconteceunovale.com.br\\\/portal\\\/#website\"},\"primaryImageOfPage\":{\"@id\":\"https:\\\/\\\/aconteceunovale.com.br\\\/portal\\\/?p=177558#primaryimage\"},\"image\":{\"@id\":\"https:\\\/\\\/aconteceunovale.com.br\\\/portal\\\/?p=177558#primaryimage\"},\"thumbnailUrl\":\"https:\\\/\\\/aconteceunovale.com.br\\\/portal\\\/wp-content\\\/uploads\\\/2021\\\/04\\\/acidente_aviao_bh_5.jpeg\",\"datePublished\":\"2021-04-20T21:19:09+00:00\",\"dateModified\":\"2021-04-20T23:13:47+00:00\",\"author\":{\"@id\":\"https:\\\/\\\/aconteceunovale.com.br\\\/portal\\\/#\\\/schema\\\/person\\\/7d2f26d1483f8a63de73da1ee0754d35\"},\"breadcrumb\":{\"@id\":\"https:\\\/\\\/aconteceunovale.com.br\\\/portal\\\/?p=177558#breadcrumb\"},\"inLanguage\":\"pt-BR\",\"potentialAction\":[{\"@type\":\"ReadAction\",\"target\":[\"https:\\\/\\\/aconteceunovale.com.br\\\/portal\\\/?p=177558\"]}]},{\"@type\":\"ImageObject\",\"inLanguage\":\"pt-BR\",\"@id\":\"https:\\\/\\\/aconteceunovale.com.br\\\/portal\\\/?p=177558#primaryimage\",\"url\":\"https:\\\/\\\/aconteceunovale.com.br\\\/portal\\\/wp-content\\\/uploads\\\/2021\\\/04\\\/acidente_aviao_bh_5.jpeg\",\"contentUrl\":\"https:\\\/\\\/aconteceunovale.com.br\\\/portal\\\/wp-content\\\/uploads\\\/2021\\\/04\\\/acidente_aviao_bh_5.jpeg\",\"width\":678,\"height\":382},{\"@type\":\"BreadcrumbList\",\"@id\":\"https:\\\/\\\/aconteceunovale.com.br\\\/portal\\\/?p=177558#breadcrumb\",\"itemListElement\":[{\"@type\":\"ListItem\",\"position\":1,\"name\":\"In\u00edcio\",\"item\":\"https:\\\/\\\/aconteceunovale.com.br\\\/portal\\\/\"},{\"@type\":\"ListItem\",\"position\":2,\"name\":\"Acidente com avi\u00e3o deixa um morto e dois feridos em BH\"}]},{\"@type\":\"WebSite\",\"@id\":\"https:\\\/\\\/aconteceunovale.com.br\\\/portal\\\/#website\",\"url\":\"https:\\\/\\\/aconteceunovale.com.br\\\/portal\\\/\",\"name\":\"Aconteceu no Vale\",\"description\":\"Portal de Not\u00edcias\",\"potentialAction\":[{\"@type\":\"SearchAction\",\"target\":{\"@type\":\"EntryPoint\",\"urlTemplate\":\"https:\\\/\\\/aconteceunovale.com.br\\\/portal\\\/?s={search_term_string}\"},\"query-input\":{\"@type\":\"PropertyValueSpecification\",\"valueRequired\":true,\"valueName\":\"search_term_string\"}}],\"inLanguage\":\"pt-BR\"},{\"@type\":\"Person\",\"@id\":\"https:\\\/\\\/aconteceunovale.com.br\\\/portal\\\/#\\\/schema\\\/person\\\/7d2f26d1483f8a63de73da1ee0754d35\",\"name\":\"Reda\u00e7\u00e3o Aconteceu no Vale\",\"description\":\"Equipe de reportagem do Aconteceu no Vale, portal de not\u00edcias do Vale do Jequitinhonha, em Minas Gerais. Cobrimos as 51 cidades do Vale desde 2013. Sugest\u00f5es de pauta e pedidos de corre\u00e7\u00e3o: contato@aconteceunovale.com.br\",\"url\":\"https:\\\/\\\/aconteceunovale.com.br\\\/portal\\\/?author=4\"}]}<\/script>\n<!-- \/ Yoast SEO plugin. -->","yoast_head_json":{"title":"Acidente com avi\u00e3o deixa um morto e dois feridos em BH - Aconteceu no Vale","robots":{"index":"index","follow":"follow","max-snippet":"max-snippet:-1","max-image-preview":"max-image-preview:large","max-video-preview":"max-video-preview:-1"},"canonical":"https:\/\/aconteceunovale.com.br\/portal\/?p=177558","og_locale":"pt_BR","og_type":"article","og_title":"Acidente com avi\u00e3o deixa um morto e dois feridos em BH - Aconteceu no Vale","og_description":"Um avi\u00e3o sofreu um acidente no Aeroporto da Pampulha, em Belo Horizonte, na tarde desta ter\u00e7a-feira (20\/4\/2021). De acordo com informa\u00e7\u00f5es do Corpo de Bombeiros de Minas Gerais, as causas, at\u00e9 o momento, apontam para um problema na abertura do trem de pouso da aeronave. O avi\u00e3o saiu da pista ap\u00f3s o pouso de um [&hellip;]","og_url":"https:\/\/aconteceunovale.com.br\/portal\/?p=177558","og_site_name":"Aconteceu no Vale","article_publisher":"https:\/\/www.facebook.com\/aconteceunovale\/","article_published_time":"2021-04-20T21:19:09+00:00","article_modified_time":"2021-04-20T23:13:47+00:00","og_image":[{"width":678,"height":382,"url":"https:\/\/aconteceunovale.com.br\/portal\/wp-content\/uploads\/2021\/04\/acidente_aviao_bh_5.jpeg","type":"image\/jpeg"}],"author":"Reda\u00e7\u00e3o Aconteceu no Vale","twitter_card":"summary_large_image","twitter_creator":"@noticiadosvales","twitter_site":"@noticiadosvales","twitter_misc":{"Escrito por":"Reda\u00e7\u00e3o Aconteceu no Vale","Est. tempo de leitura":"3 minutos"},"schema":{"@context":"https:\/\/schema.org","@graph":[{"@type":"Article","@id":"https:\/\/aconteceunovale.com.br\/portal\/?p=177558#article","isPartOf":{"@id":"https:\/\/aconteceunovale.com.br\/portal\/?p=177558"},"author":{"name":"Reda\u00e7\u00e3o Aconteceu no Vale","@id":"https:\/\/aconteceunovale.com.br\/portal\/#\/schema\/person\/7d2f26d1483f8a63de73da1ee0754d35"},"headline":"Acidente com avi\u00e3o deixa um morto e dois feridos em BH","datePublished":"2021-04-20T21:19:09+00:00","dateModified":"2021-04-20T23:13:47+00:00","mainEntityOfPage":{"@id":"https:\/\/aconteceunovale.com.br\/portal\/?p=177558"},"wordCount":585,"commentCount":0,"image":{"@id":"https:\/\/aconteceunovale.com.br\/portal\/?p=177558#primaryimage"},"thumbnailUrl":"https:\/\/aconteceunovale.com.br\/portal\/wp-content\/uploads\/2021\/04\/acidente_aviao_bh_5.jpeg","keywords":["Acidente a\u00e9reo em Belo Horizonte","Acidente a\u00e9reo em BH","Acidente com avi\u00e3o deixa um morto e dois feridos em BH","Acidente com avi\u00e3o em Belo Horizonte","Acidente com avi\u00e3o em BH","Acidente com avi\u00e3o no Aeroporto da Pampulha","Acidente com avi\u00e3o prefixo PR-MLA","Anac","Avi\u00e3o PR-MLA","Avi\u00e3o prefixo PR-MLA","Batalh\u00e3o de Opera\u00e7\u00f5es A\u00e9reas do Corpo de Bombeiros","Belo Horizonte","bh","Causas de acidente a\u00e9reo em Belo Horizonte","Causas de acidente a\u00e9reo em BH","CBMMG","CENIPA","Corpo de bombeiros de minas gerais","destaque","Eletric Power Constru\u00e7\u00e3o","Eust\u00e1quio Avelar","Gabriel dos Santos Nazaret","Infraero","Jato PR-MLA","Learjet LR35","Major F\u00e1bio Alves Dias","Osmar Mulina Pereira Filho","PR-MLA","queda de avi\u00e3o em belo horizonte","Queda de avi\u00e3o em BH","Queda de avi\u00e3o no Aeroporto da Pampulha","Sequip Loca\u00e7\u00e3o Segura"],"articleSection":["Minas Gerais"],"inLanguage":"pt-BR","potentialAction":[{"@type":"CommentAction","name":"Comment","target":["https:\/\/aconteceunovale.com.br\/portal\/?p=177558#respond"]}]},{"@type":"WebPage","@id":"https:\/\/aconteceunovale.com.br\/portal\/?p=177558","url":"https:\/\/aconteceunovale.com.br\/portal\/?p=177558","name":"Acidente com avi\u00e3o deixa um morto e dois feridos em BH - Aconteceu no Vale","isPartOf":{"@id":"https:\/\/aconteceunovale.com.br\/portal\/#website"},"primaryImageOfPage":{"@id":"https:\/\/aconteceunovale.com.br\/portal\/?p=177558#primaryimage"},"image":{"@id":"https:\/\/aconteceunovale.com.br\/portal\/?p=177558#primaryimage"},"thumbnailUrl":"https:\/\/aconteceunovale.com.br\/portal\/wp-content\/uploads\/2021\/04\/acidente_aviao_bh_5.jpeg","datePublished":"2021-04-20T21:19:09+00:00","dateModified":"2021-04-20T23:13:47+00:00","author":{"@id":"https:\/\/aconteceunovale.com.br\/portal\/#\/schema\/person\/7d2f26d1483f8a63de73da1ee0754d35"},"breadcrumb":{"@id":"https:\/\/aconteceunovale.com.br\/portal\/?p=177558#breadcrumb"},"inLanguage":"pt-BR","potentialAction":[{"@type":"ReadAction","target":["https:\/\/aconteceunovale.com.br\/portal\/?p=177558"]}]},{"@type":"ImageObject","inLanguage":"pt-BR","@id":"https:\/\/aconteceunovale.com.br\/portal\/?p=177558#primaryimage","url":"https:\/\/aconteceunovale.com.br\/portal\/wp-content\/uploads\/2021\/04\/acidente_aviao_bh_5.jpeg","contentUrl":"https:\/\/aconteceunovale.com.br\/portal\/wp-content\/uploads\/2021\/04\/acidente_aviao_bh_5.jpeg","width":678,"height":382},{"@type":"BreadcrumbList","@id":"https:\/\/aconteceunovale.com.br\/portal\/?p=177558#breadcrumb","itemListElement":[{"@type":"ListItem","position":1,"name":"In\u00edcio","item":"https:\/\/aconteceunovale.com.br\/portal\/"},{"@type":"ListItem","position":2,"name":"Acidente com avi\u00e3o deixa um morto e dois feridos em BH"}]},{"@type":"WebSite","@id":"https:\/\/aconteceunovale.com.br\/portal\/#website","url":"https:\/\/aconteceunovale.com.br\/portal\/","name":"Aconteceu no Vale","description":"Portal de Not\u00edcias","potentialAction":[{"@type":"SearchAction","target":{"@type":"EntryPoint","urlTemplate":"https:\/\/aconteceunovale.com.br\/portal\/?s={search_term_string}"},"query-input":{"@type":"PropertyValueSpecification","valueRequired":true,"valueName":"search_term_string"}}],"inLanguage":"pt-BR"},{"@type":"Person","@id":"https:\/\/aconteceunovale.com.br\/portal\/#\/schema\/person\/7d2f26d1483f8a63de73da1ee0754d35","name":"Reda\u00e7\u00e3o Aconteceu no Vale","description":"Equipe de reportagem do Aconteceu no Vale, portal de not\u00edcias do Vale do Jequitinhonha, em Minas Gerais. Cobrimos as 51 cidades do Vale desde 2013. Sugest\u00f5es de pauta e pedidos de corre\u00e7\u00e3o: contato@aconteceunovale.com.br","url":"https:\/\/aconteceunovale.com.br\/portal\/?author=4"}]}},"_links":{"self":[{"href":"https:\/\/aconteceunovale.com.br\/portal\/index.php?rest_route=\/wp\/v2\/posts\/177558","targetHints":{"allow":["GET"]}}],"collection":[{"href":"https:\/\/aconteceunovale.com.br\/portal\/index.php?rest_route=\/wp\/v2\/posts"}],"about":[{"href":"https:\/\/aconteceunovale.com.br\/portal\/index.php?rest_route=\/wp\/v2\/types\/post"}],"author":[{"embeddable":true,"href":"https:\/\/aconteceunovale.com.br\/portal\/index.php?rest_route=\/wp\/v2\/users\/4"}],"replies":[{"embeddable":true,"href":"https:\/\/aconteceunovale.com.br\/portal\/index.php?rest_route=%2Fwp%2Fv2%2Fcomments&post=177558"}],"version-history":[{"count":4,"href":"https:\/\/aconteceunovale.com.br\/portal\/index.php?rest_route=\/wp\/v2\/posts\/177558\/revisions"}],"predecessor-version":[{"id":177569,"href":"https:\/\/aconteceunovale.com.br\/portal\/index.php?rest_route=\/wp\/v2\/posts\/177558\/revisions\/177569"}],"wp:featuredmedia":[{"embeddable":true,"href":"https:\/\/aconteceunovale.com.br\/portal\/index.php?rest_route=\/wp\/v2\/media\/177559"}],"wp:attachment":[{"href":"https:\/\/aconteceunovale.com.br\/portal\/index.php?rest_route=%2Fwp%2Fv2%2Fmedia&parent=177558"}],"wp:term":[{"taxonomy":"category","embeddable":true,"href":"https:\/\/aconteceunovale.com.br\/portal\/index.php?rest_route=%2Fwp%2Fv2%2Fcategories&post=177558"},{"taxonomy":"post_tag","embeddable":true,"href":"https:\/\/aconteceunovale.com.br\/portal\/index.php?rest_route=%2Fwp%2Fv2%2Ftags&post=177558"}],"curies":[{"name":"wp","href":"https:\/\/api.w.org\/{rel}","templated":true}]}}