{"id":177555,"date":"2021-04-20T17:46:00","date_gmt":"2021-04-20T20:46:00","guid":{"rendered":"https:\/\/aconteceunovale.com.br\/portal\/?p=177555"},"modified":"2021-04-20T17:47:33","modified_gmt":"2021-04-20T20:47:33","slug":"agencia-reguladora-propoe-reducao-inedita-nas-tarifas-de-agua-e-esgoto-da-copasa","status":"publish","type":"post","link":"https:\/\/aconteceunovale.com.br\/portal\/?p=177555","title":{"rendered":"Ag\u00eancia reguladora prop\u00f5e redu\u00e7\u00e3o in\u00e9dita nas tarifas de \u00e1gua e esgoto da Copasa"},"content":{"rendered":"\n<p class=\"wp-block-paragraph\">A\u00a0Ag\u00eancia Reguladora de Servi\u00e7os de Abastecimento de \u00c1gua e de Esgotamento Sanit\u00e1rio do Estado de Minas Gerais (<a rel=\"noreferrer noopener\" href=\"http:\/\/www.arsae.mg.gov.br\/\" target=\"_blank\">Arsae-MG<\/a>)\u00a0come\u00e7ou, nesta ter\u00e7a-feira (20\/4\/2021), a terceira e \u00faltima fase do processo de consultas e audi\u00eancias p\u00fablicas referentes \u00e0 2\u00aa Revis\u00e3o Tarif\u00e1ria Peri\u00f3dica da Copasa e \u00e0 3\u00aa Revis\u00e3o Tarif\u00e1ria da subsidi\u00e1ria Copanor, cujos resultados ser\u00e3o aplicados a partir de 1\/8\/2021. \u00a0<\/p>\n\n\n\n<p class=\"wp-block-paragraph\">Ponto importante para o consumidor \u00e9 que a ag\u00eancia vai extinguir a tarifa de tratamento de esgoto e definir um \u00fanico pre\u00e7o para o servi\u00e7o, seja ele de coleta ou tratamento. Com isso, o valor da tarifa de esgoto ser\u00e1 de 74% da tarifa de \u00e1gua.&nbsp;<\/p>\n\n\n\n<p class=\"wp-block-paragraph\">O diretor-geral da Arsae-MG, Ant\u00f4nio Claret, destaca que \u00e9 a primeira vez que uma revis\u00e3o tarif\u00e1ria promovida pela ag\u00eancia aponta para uma redu\u00e7\u00e3o no valor das tarifas.<\/p>\n\n\n\n<h2 class=\"wp-block-heading\"><strong>Participa\u00e7\u00e3o<\/strong><\/h2>\n\n\n\n<p class=\"wp-block-paragraph\">O coordenador da \u00e1rea econ\u00f4mica da Arsae-MG, Raphael Castanheira, explica que durante as audi\u00eancias s\u00e3o debatidos os impactos tarif\u00e1rios para usu\u00e1rios da Copasa e da Copanor, al\u00e9m das regras que prevalecer\u00e3o para os reajustes e as revis\u00f5es tarif\u00e1rias nos pr\u00f3ximos anos. \u201cSer\u00e3o revisados um conjunto de regras e mecanismos que buscam efici\u00eancia, expans\u00e3o e qualidade dos servi\u00e7os ao longo dos pr\u00f3ximos quatro anos. Por isso \u00e9 importante a participa\u00e7\u00e3o de todos\u201d, afirma.<\/p>\n\n\n\n<p class=\"wp-block-paragraph\">O per\u00edodo de recebimento de contribui\u00e7\u00f5es da consulta p\u00fablica sobre os temas discutidos nesta \u00faltima fase prossegue at\u00e9 o dia 20\/5. A expectativa \u00e9 que os resultados finais sejam publicados at\u00e9 30\/6.&nbsp;<\/p>\n\n\n\n<p class=\"wp-block-paragraph\">Nova audi\u00eancia p\u00fablica ser\u00e1 realizada em 7\/5, das 14h \u00e0s 17h, por meio virtual em preven\u00e7\u00e3o \u00e0 covid-19. A inscri\u00e7\u00e3o ser\u00e1 feita pelo e-mail:\u00a0consultapublica23@arsae.mg.gov.br.<\/p>\n\n\n\n<p class=\"wp-block-paragraph\">&#8212;&#8212;&#8212;&#8212;&#8212;&#8212;<br><em>Quer receber as not\u00edcias do <strong>Aconteceu no Vale<\/strong> em primeira m\u00e3o? Siga-nos no Facebook <a rel=\"noreferrer noopener\" href=\"http:\/\/facebook.com\/aconteceunovale\" target=\"_blank\">@aconteceunovale<\/a>, Twitter <a rel=\"noreferrer noopener\" href=\"https:\/\/twitter.com\/noticiadosvales\" target=\"_blank\">@noticiadosvales<\/a> e Instagram <a rel=\"noreferrer noopener\" href=\"https:\/\/www.instagram.com\/aconteceunovale\" target=\"_blank\">@aconteceunovale<\/a>.<\/em><\/p>\n","protected":false},"excerpt":{"rendered":"<p>A\u00a0Ag\u00eancia Reguladora de Servi\u00e7os de Abastecimento de \u00c1gua e de Esgotamento Sanit\u00e1rio do Estado de Minas Gerais (Arsae-MG)\u00a0come\u00e7ou, nesta ter\u00e7a-feira (20\/4\/2021), a terceira e \u00faltima fase do processo de consultas e audi\u00eancias p\u00fablicas referentes \u00e0 2\u00aa Revis\u00e3o Tarif\u00e1ria Peri\u00f3dica da Copasa e \u00e0 3\u00aa Revis\u00e3o Tarif\u00e1ria da subsidi\u00e1ria Copanor, cujos resultados ser\u00e3o aplicados a partir [&hellip;]<\/p>\n","protected":false},"author":4,"featured_media":177556,"comment_status":"open","ping_status":"closed","sticky":false,"template":"","format":"standard","meta":{"amp_status":"","footnotes":""},"categories":[123],"tags":[36843,243701,243700,35310,64247,243706,36844,974,179,243707,243705,243704,243703,243702],"class_list":["post-177555","post","type-post","status-publish","format-standard","has-post-thumbnail","hentry","category-gerais","tag-agencia-reguladora-de-servicos-de-abastecimento-de-agua-e-de-esgotamento-sanitario-do-estado-de-minas-gerais","tag-agencia-reguladora-propoe-reducao-inedita-nas-tarifas-de-agua-e-esgoto-da-copanor","tag-agencia-reguladora-propoe-reducao-inedita-nas-tarifas-de-agua-e-esgoto-da-copasa","tag-antonio-claret","tag-arsae","tag-arsae-de-minas-gerais","tag-arsae-mg","tag-copanor","tag-copasa","tag-raphael-castanheira","tag-reducao-de-conta-da-copanor","tag-reducao-de-conta-da-copasa","tag-reducao-de-tarifa-da-copanor","tag-reducao-de-tarifa-da-copasa"],"yoast_head":"<!-- This site is optimized with the Yoast SEO plugin v28.3 - https:\/\/yoast.com\/product\/yoast-seo-wordpress\/ -->\n<title>Ag\u00eancia reguladora prop\u00f5e redu\u00e7\u00e3o in\u00e9dita nas tarifas de \u00e1gua e esgoto da Copasa - Aconteceu no Vale<\/title>\n<meta name=\"robots\" content=\"index, follow, max-snippet:-1, max-image-preview:large, max-video-preview:-1\" \/>\n<link rel=\"canonical\" href=\"https:\/\/aconteceunovale.com.br\/portal\/?p=177555\" \/>\n<meta property=\"og:locale\" content=\"pt_BR\" \/>\n<meta property=\"og:type\" content=\"article\" \/>\n<meta property=\"og:title\" content=\"Ag\u00eancia reguladora prop\u00f5e redu\u00e7\u00e3o in\u00e9dita nas tarifas de \u00e1gua e esgoto da Copasa - Aconteceu no Vale\" \/>\n<meta property=\"og:description\" content=\"A\u00a0Ag\u00eancia Reguladora de Servi\u00e7os de Abastecimento de \u00c1gua e de Esgotamento Sanit\u00e1rio do Estado de Minas Gerais (Arsae-MG)\u00a0come\u00e7ou, nesta ter\u00e7a-feira (20\/4\/2021), a terceira e \u00faltima fase do processo de consultas e audi\u00eancias p\u00fablicas referentes \u00e0 2\u00aa Revis\u00e3o Tarif\u00e1ria Peri\u00f3dica da Copasa e \u00e0 3\u00aa Revis\u00e3o Tarif\u00e1ria da subsidi\u00e1ria Copanor, cujos resultados ser\u00e3o aplicados a partir [&hellip;]\" \/>\n<meta property=\"og:url\" content=\"https:\/\/aconteceunovale.com.br\/portal\/?p=177555\" \/>\n<meta property=\"og:site_name\" content=\"Aconteceu no Vale\" \/>\n<meta property=\"article:publisher\" content=\"https:\/\/www.facebook.com\/aconteceunovale\/\" \/>\n<meta property=\"article:published_time\" content=\"2021-04-20T20:46:00+00:00\" \/>\n<meta property=\"article:modified_time\" content=\"2021-04-20T20:47:33+00:00\" \/>\n<meta property=\"og:image\" content=\"https:\/\/aconteceunovale.com.br\/portal\/wp-content\/uploads\/2021\/04\/conta_copasa.jpg\" \/>\n\t<meta property=\"og:image:width\" content=\"650\" \/>\n\t<meta property=\"og:image:height\" content=\"379\" \/>\n\t<meta property=\"og:image:type\" content=\"image\/jpeg\" \/>\n<meta name=\"author\" content=\"Reda\u00e7\u00e3o Aconteceu no Vale\" \/>\n<meta name=\"twitter:card\" content=\"summary_large_image\" \/>\n<meta name=\"twitter:creator\" content=\"@noticiadosvales\" \/>\n<meta name=\"twitter:site\" content=\"@noticiadosvales\" \/>\n<meta name=\"twitter:label1\" content=\"Escrito por\" \/>\n\t<meta name=\"twitter:data1\" content=\"Reda\u00e7\u00e3o Aconteceu no Vale\" \/>\n\t<meta name=\"twitter:label2\" content=\"Est. tempo de leitura\" \/>\n\t<meta name=\"twitter:data2\" content=\"2 minutos\" \/>\n<script type=\"application\/ld+json\" class=\"yoast-schema-graph\">{\"@context\":\"https:\\\/\\\/schema.org\",\"@graph\":[{\"@type\":\"Article\",\"@id\":\"https:\\\/\\\/aconteceunovale.com.br\\\/portal\\\/?p=177555#article\",\"isPartOf\":{\"@id\":\"https:\\\/\\\/aconteceunovale.com.br\\\/portal\\\/?p=177555\"},\"author\":{\"name\":\"Reda\u00e7\u00e3o Aconteceu no Vale\",\"@id\":\"https:\\\/\\\/aconteceunovale.com.br\\\/portal\\\/#\\\/schema\\\/person\\\/7d2f26d1483f8a63de73da1ee0754d35\"},\"headline\":\"Ag\u00eancia reguladora prop\u00f5e redu\u00e7\u00e3o in\u00e9dita nas tarifas de \u00e1gua e esgoto da Copasa\",\"datePublished\":\"2021-04-20T20:46:00+00:00\",\"dateModified\":\"2021-04-20T20:47:33+00:00\",\"mainEntityOfPage\":{\"@id\":\"https:\\\/\\\/aconteceunovale.com.br\\\/portal\\\/?p=177555\"},\"wordCount\":339,\"commentCount\":0,\"image\":{\"@id\":\"https:\\\/\\\/aconteceunovale.com.br\\\/portal\\\/?p=177555#primaryimage\"},\"thumbnailUrl\":\"https:\\\/\\\/aconteceunovale.com.br\\\/portal\\\/wp-content\\\/uploads\\\/2021\\\/04\\\/conta_copasa.jpg\",\"keywords\":[\"Ag\u00eancia Reguladora de Servi\u00e7os de Abastecimento de \u00c1gua e de Esgotamento Sanit\u00e1rio do Estado de Minas Gerais\",\"Ag\u00eancia reguladora prop\u00f5e redu\u00e7\u00e3o in\u00e9dita nas tarifas de \u00e1gua e esgoto da Copanor\",\"Ag\u00eancia reguladora prop\u00f5e redu\u00e7\u00e3o in\u00e9dita nas tarifas de \u00e1gua e esgoto da Copasa\",\"Antonio Claret\",\"Arsae\",\"Arsae de Minas Gerais\",\"Arsae-MG\",\"Copanor\",\"Copasa\",\"Raphael Castanheira\",\"Redu\u00e7\u00e3o de conta da Copanor\",\"Redu\u00e7\u00e3o de conta da Copasa\",\"Redu\u00e7\u00e3o de tarifa da Copanor\",\"Redu\u00e7\u00e3o de tarifa da Copasa\"],\"articleSection\":[\"Minas Gerais\"],\"inLanguage\":\"pt-BR\",\"potentialAction\":[{\"@type\":\"CommentAction\",\"name\":\"Comment\",\"target\":[\"https:\\\/\\\/aconteceunovale.com.br\\\/portal\\\/?p=177555#respond\"]}]},{\"@type\":\"WebPage\",\"@id\":\"https:\\\/\\\/aconteceunovale.com.br\\\/portal\\\/?p=177555\",\"url\":\"https:\\\/\\\/aconteceunovale.com.br\\\/portal\\\/?p=177555\",\"name\":\"Ag\u00eancia reguladora prop\u00f5e redu\u00e7\u00e3o in\u00e9dita nas tarifas de \u00e1gua e esgoto da Copasa - Aconteceu no Vale\",\"isPartOf\":{\"@id\":\"https:\\\/\\\/aconteceunovale.com.br\\\/portal\\\/#website\"},\"primaryImageOfPage\":{\"@id\":\"https:\\\/\\\/aconteceunovale.com.br\\\/portal\\\/?p=177555#primaryimage\"},\"image\":{\"@id\":\"https:\\\/\\\/aconteceunovale.com.br\\\/portal\\\/?p=177555#primaryimage\"},\"thumbnailUrl\":\"https:\\\/\\\/aconteceunovale.com.br\\\/portal\\\/wp-content\\\/uploads\\\/2021\\\/04\\\/conta_copasa.jpg\",\"datePublished\":\"2021-04-20T20:46:00+00:00\",\"dateModified\":\"2021-04-20T20:47:33+00:00\",\"author\":{\"@id\":\"https:\\\/\\\/aconteceunovale.com.br\\\/portal\\\/#\\\/schema\\\/person\\\/7d2f26d1483f8a63de73da1ee0754d35\"},\"breadcrumb\":{\"@id\":\"https:\\\/\\\/aconteceunovale.com.br\\\/portal\\\/?p=177555#breadcrumb\"},\"inLanguage\":\"pt-BR\",\"potentialAction\":[{\"@type\":\"ReadAction\",\"target\":[\"https:\\\/\\\/aconteceunovale.com.br\\\/portal\\\/?p=177555\"]}]},{\"@type\":\"ImageObject\",\"inLanguage\":\"pt-BR\",\"@id\":\"https:\\\/\\\/aconteceunovale.com.br\\\/portal\\\/?p=177555#primaryimage\",\"url\":\"https:\\\/\\\/aconteceunovale.com.br\\\/portal\\\/wp-content\\\/uploads\\\/2021\\\/04\\\/conta_copasa.jpg\",\"contentUrl\":\"https:\\\/\\\/aconteceunovale.com.br\\\/portal\\\/wp-content\\\/uploads\\\/2021\\\/04\\\/conta_copasa.jpg\",\"width\":650,\"height\":379},{\"@type\":\"BreadcrumbList\",\"@id\":\"https:\\\/\\\/aconteceunovale.com.br\\\/portal\\\/?p=177555#breadcrumb\",\"itemListElement\":[{\"@type\":\"ListItem\",\"position\":1,\"name\":\"In\u00edcio\",\"item\":\"https:\\\/\\\/aconteceunovale.com.br\\\/portal\\\/\"},{\"@type\":\"ListItem\",\"position\":2,\"name\":\"Ag\u00eancia reguladora prop\u00f5e redu\u00e7\u00e3o in\u00e9dita nas tarifas de \u00e1gua e esgoto da Copasa\"}]},{\"@type\":\"WebSite\",\"@id\":\"https:\\\/\\\/aconteceunovale.com.br\\\/portal\\\/#website\",\"url\":\"https:\\\/\\\/aconteceunovale.com.br\\\/portal\\\/\",\"name\":\"Aconteceu no Vale\",\"description\":\"Portal de Not\u00edcias\",\"potentialAction\":[{\"@type\":\"SearchAction\",\"target\":{\"@type\":\"EntryPoint\",\"urlTemplate\":\"https:\\\/\\\/aconteceunovale.com.br\\\/portal\\\/?s={search_term_string}\"},\"query-input\":{\"@type\":\"PropertyValueSpecification\",\"valueRequired\":true,\"valueName\":\"search_term_string\"}}],\"inLanguage\":\"pt-BR\"},{\"@type\":\"Person\",\"@id\":\"https:\\\/\\\/aconteceunovale.com.br\\\/portal\\\/#\\\/schema\\\/person\\\/7d2f26d1483f8a63de73da1ee0754d35\",\"name\":\"Reda\u00e7\u00e3o Aconteceu no Vale\",\"description\":\"Equipe de reportagem do Aconteceu no Vale, portal de not\u00edcias do Vale do Jequitinhonha, em Minas Gerais. Cobrimos as 51 cidades do Vale desde 2013. Sugest\u00f5es de pauta e pedidos de corre\u00e7\u00e3o: contato@aconteceunovale.com.br\",\"url\":\"https:\\\/\\\/aconteceunovale.com.br\\\/portal\\\/?author=4\"}]}<\/script>\n<!-- \/ Yoast SEO plugin. -->","yoast_head_json":{"title":"Ag\u00eancia reguladora prop\u00f5e redu\u00e7\u00e3o in\u00e9dita nas tarifas de \u00e1gua e esgoto da Copasa - Aconteceu no Vale","robots":{"index":"index","follow":"follow","max-snippet":"max-snippet:-1","max-image-preview":"max-image-preview:large","max-video-preview":"max-video-preview:-1"},"canonical":"https:\/\/aconteceunovale.com.br\/portal\/?p=177555","og_locale":"pt_BR","og_type":"article","og_title":"Ag\u00eancia reguladora prop\u00f5e redu\u00e7\u00e3o in\u00e9dita nas tarifas de \u00e1gua e esgoto da Copasa - Aconteceu no Vale","og_description":"A\u00a0Ag\u00eancia Reguladora de Servi\u00e7os de Abastecimento de \u00c1gua e de Esgotamento Sanit\u00e1rio do Estado de Minas Gerais (Arsae-MG)\u00a0come\u00e7ou, nesta ter\u00e7a-feira (20\/4\/2021), a terceira e \u00faltima fase do processo de consultas e audi\u00eancias p\u00fablicas referentes \u00e0 2\u00aa Revis\u00e3o Tarif\u00e1ria Peri\u00f3dica da Copasa e \u00e0 3\u00aa Revis\u00e3o Tarif\u00e1ria da subsidi\u00e1ria Copanor, cujos resultados ser\u00e3o aplicados a partir [&hellip;]","og_url":"https:\/\/aconteceunovale.com.br\/portal\/?p=177555","og_site_name":"Aconteceu no Vale","article_publisher":"https:\/\/www.facebook.com\/aconteceunovale\/","article_published_time":"2021-04-20T20:46:00+00:00","article_modified_time":"2021-04-20T20:47:33+00:00","og_image":[{"width":650,"height":379,"url":"https:\/\/aconteceunovale.com.br\/portal\/wp-content\/uploads\/2021\/04\/conta_copasa.jpg","type":"image\/jpeg"}],"author":"Reda\u00e7\u00e3o Aconteceu no Vale","twitter_card":"summary_large_image","twitter_creator":"@noticiadosvales","twitter_site":"@noticiadosvales","twitter_misc":{"Escrito por":"Reda\u00e7\u00e3o Aconteceu no Vale","Est. tempo de leitura":"2 minutos"},"schema":{"@context":"https:\/\/schema.org","@graph":[{"@type":"Article","@id":"https:\/\/aconteceunovale.com.br\/portal\/?p=177555#article","isPartOf":{"@id":"https:\/\/aconteceunovale.com.br\/portal\/?p=177555"},"author":{"name":"Reda\u00e7\u00e3o Aconteceu no Vale","@id":"https:\/\/aconteceunovale.com.br\/portal\/#\/schema\/person\/7d2f26d1483f8a63de73da1ee0754d35"},"headline":"Ag\u00eancia reguladora prop\u00f5e redu\u00e7\u00e3o in\u00e9dita nas tarifas de \u00e1gua e esgoto da Copasa","datePublished":"2021-04-20T20:46:00+00:00","dateModified":"2021-04-20T20:47:33+00:00","mainEntityOfPage":{"@id":"https:\/\/aconteceunovale.com.br\/portal\/?p=177555"},"wordCount":339,"commentCount":0,"image":{"@id":"https:\/\/aconteceunovale.com.br\/portal\/?p=177555#primaryimage"},"thumbnailUrl":"https:\/\/aconteceunovale.com.br\/portal\/wp-content\/uploads\/2021\/04\/conta_copasa.jpg","keywords":["Ag\u00eancia Reguladora de Servi\u00e7os de Abastecimento de \u00c1gua e de Esgotamento Sanit\u00e1rio do Estado de Minas Gerais","Ag\u00eancia reguladora prop\u00f5e redu\u00e7\u00e3o in\u00e9dita nas tarifas de \u00e1gua e esgoto da Copanor","Ag\u00eancia reguladora prop\u00f5e redu\u00e7\u00e3o in\u00e9dita nas tarifas de \u00e1gua e esgoto da Copasa","Antonio Claret","Arsae","Arsae de Minas Gerais","Arsae-MG","Copanor","Copasa","Raphael Castanheira","Redu\u00e7\u00e3o de conta da Copanor","Redu\u00e7\u00e3o de conta da Copasa","Redu\u00e7\u00e3o de tarifa da Copanor","Redu\u00e7\u00e3o de tarifa da Copasa"],"articleSection":["Minas Gerais"],"inLanguage":"pt-BR","potentialAction":[{"@type":"CommentAction","name":"Comment","target":["https:\/\/aconteceunovale.com.br\/portal\/?p=177555#respond"]}]},{"@type":"WebPage","@id":"https:\/\/aconteceunovale.com.br\/portal\/?p=177555","url":"https:\/\/aconteceunovale.com.br\/portal\/?p=177555","name":"Ag\u00eancia reguladora prop\u00f5e redu\u00e7\u00e3o in\u00e9dita nas tarifas de \u00e1gua e esgoto da Copasa - Aconteceu no Vale","isPartOf":{"@id":"https:\/\/aconteceunovale.com.br\/portal\/#website"},"primaryImageOfPage":{"@id":"https:\/\/aconteceunovale.com.br\/portal\/?p=177555#primaryimage"},"image":{"@id":"https:\/\/aconteceunovale.com.br\/portal\/?p=177555#primaryimage"},"thumbnailUrl":"https:\/\/aconteceunovale.com.br\/portal\/wp-content\/uploads\/2021\/04\/conta_copasa.jpg","datePublished":"2021-04-20T20:46:00+00:00","dateModified":"2021-04-20T20:47:33+00:00","author":{"@id":"https:\/\/aconteceunovale.com.br\/portal\/#\/schema\/person\/7d2f26d1483f8a63de73da1ee0754d35"},"breadcrumb":{"@id":"https:\/\/aconteceunovale.com.br\/portal\/?p=177555#breadcrumb"},"inLanguage":"pt-BR","potentialAction":[{"@type":"ReadAction","target":["https:\/\/aconteceunovale.com.br\/portal\/?p=177555"]}]},{"@type":"ImageObject","inLanguage":"pt-BR","@id":"https:\/\/aconteceunovale.com.br\/portal\/?p=177555#primaryimage","url":"https:\/\/aconteceunovale.com.br\/portal\/wp-content\/uploads\/2021\/04\/conta_copasa.jpg","contentUrl":"https:\/\/aconteceunovale.com.br\/portal\/wp-content\/uploads\/2021\/04\/conta_copasa.jpg","width":650,"height":379},{"@type":"BreadcrumbList","@id":"https:\/\/aconteceunovale.com.br\/portal\/?p=177555#breadcrumb","itemListElement":[{"@type":"ListItem","position":1,"name":"In\u00edcio","item":"https:\/\/aconteceunovale.com.br\/portal\/"},{"@type":"ListItem","position":2,"name":"Ag\u00eancia reguladora prop\u00f5e redu\u00e7\u00e3o in\u00e9dita nas tarifas de \u00e1gua e esgoto da Copasa"}]},{"@type":"WebSite","@id":"https:\/\/aconteceunovale.com.br\/portal\/#website","url":"https:\/\/aconteceunovale.com.br\/portal\/","name":"Aconteceu no Vale","description":"Portal de Not\u00edcias","potentialAction":[{"@type":"SearchAction","target":{"@type":"EntryPoint","urlTemplate":"https:\/\/aconteceunovale.com.br\/portal\/?s={search_term_string}"},"query-input":{"@type":"PropertyValueSpecification","valueRequired":true,"valueName":"search_term_string"}}],"inLanguage":"pt-BR"},{"@type":"Person","@id":"https:\/\/aconteceunovale.com.br\/portal\/#\/schema\/person\/7d2f26d1483f8a63de73da1ee0754d35","name":"Reda\u00e7\u00e3o Aconteceu no Vale","description":"Equipe de reportagem do Aconteceu no Vale, portal de not\u00edcias do Vale do Jequitinhonha, em Minas Gerais. Cobrimos as 51 cidades do Vale desde 2013. Sugest\u00f5es de pauta e pedidos de corre\u00e7\u00e3o: contato@aconteceunovale.com.br","url":"https:\/\/aconteceunovale.com.br\/portal\/?author=4"}]}},"_links":{"self":[{"href":"https:\/\/aconteceunovale.com.br\/portal\/index.php?rest_route=\/wp\/v2\/posts\/177555","targetHints":{"allow":["GET"]}}],"collection":[{"href":"https:\/\/aconteceunovale.com.br\/portal\/index.php?rest_route=\/wp\/v2\/posts"}],"about":[{"href":"https:\/\/aconteceunovale.com.br\/portal\/index.php?rest_route=\/wp\/v2\/types\/post"}],"author":[{"embeddable":true,"href":"https:\/\/aconteceunovale.com.br\/portal\/index.php?rest_route=\/wp\/v2\/users\/4"}],"replies":[{"embeddable":true,"href":"https:\/\/aconteceunovale.com.br\/portal\/index.php?rest_route=%2Fwp%2Fv2%2Fcomments&post=177555"}],"version-history":[{"count":1,"href":"https:\/\/aconteceunovale.com.br\/portal\/index.php?rest_route=\/wp\/v2\/posts\/177555\/revisions"}],"predecessor-version":[{"id":177557,"href":"https:\/\/aconteceunovale.com.br\/portal\/index.php?rest_route=\/wp\/v2\/posts\/177555\/revisions\/177557"}],"wp:featuredmedia":[{"embeddable":true,"href":"https:\/\/aconteceunovale.com.br\/portal\/index.php?rest_route=\/wp\/v2\/media\/177556"}],"wp:attachment":[{"href":"https:\/\/aconteceunovale.com.br\/portal\/index.php?rest_route=%2Fwp%2Fv2%2Fmedia&parent=177555"}],"wp:term":[{"taxonomy":"category","embeddable":true,"href":"https:\/\/aconteceunovale.com.br\/portal\/index.php?rest_route=%2Fwp%2Fv2%2Fcategories&post=177555"},{"taxonomy":"post_tag","embeddable":true,"href":"https:\/\/aconteceunovale.com.br\/portal\/index.php?rest_route=%2Fwp%2Fv2%2Ftags&post=177555"}],"curies":[{"name":"wp","href":"https:\/\/api.w.org\/{rel}","templated":true}]}}