{"id":177553,"date":"2021-04-20T17:34:05","date_gmt":"2021-04-20T20:34:05","guid":{"rendered":"https:\/\/aconteceunovale.com.br\/portal\/?p=177553"},"modified":"2021-04-20T17:35:45","modified_gmt":"2021-04-20T20:35:45","slug":"comerciantes-e-familias-de-baixa-renda-tem-condicoes-especiais-para-parcelamento-de-contas-de-agua-e-de-luz","status":"publish","type":"post","link":"https:\/\/aconteceunovale.com.br\/portal\/?p=177553","title":{"rendered":"Comerciantes e fam\u00edlias de baixa renda t\u00eam condi\u00e7\u00f5es especiais para parcelamento de contas de \u00e1gua e de luz"},"content":{"rendered":"\n<p class=\"wp-block-paragraph\">O governador Romeu Zema anunciou, nesta ter\u00e7a-feira (20\/4\/2021), as condi\u00e7\u00f5es especiais para parcelamento de d\u00e9bitos dos clientes da&nbsp;<a href=\"http:\/\/cemig.com.br\/\" target=\"_blank\" rel=\"noreferrer noopener\">Cemig<\/a>&nbsp;e da&nbsp;<a href=\"http:\/\/copasa.com.br\/\" target=\"_blank\" rel=\"noreferrer noopener\">Copasa<\/a>. As condi\u00e7\u00f5es especiais valem para consumidores cadastrados no Programa da Tarifa Social, prestadores de servi\u00e7os e comerciantes. Os planos apresentados pelas empresas de energia e \u00e1gua garantem a isen\u00e7\u00e3o de juros e o parcelamento via fatura pr\u00f3pria. Al\u00e9m disso, neste novo modelo n\u00e3o \u00e9 necess\u00e1rio dar entrada nas negocia\u00e7\u00f5es.<\/p>\n\n\n\n<p class=\"wp-block-paragraph\">As medidas anunciadas pelas empresas visam amenizar os danos econ\u00f4micos causados pela pandemia da covid-19.<\/p>\n\n\n\n<p class=\"wp-block-paragraph\">\u201cAp\u00f3s me reunir com diversos setores produtivos nos \u00faltimos dias, conseguimos dar uma boa not\u00edcia e atender a uma importante demanda. Os comerciantes que possuem d\u00edvidas de contas luz e \u00e1gua poder\u00e3o parcelar os d\u00e9bitos sem entrada e em at\u00e9 12 vezes sem juros. Tamb\u00e9m ser\u00e3o beneficiados consumidores cadastrados no Programa da Tarifa Social e prestadores de servi\u00e7os. Estamos juntos, ouvindo e analisando cada sugest\u00e3o nesse momento t\u00e3o dif\u00edcil para todos n\u00f3s\u201d, afirmou.<\/p>\n\n\n\n<h2 class=\"wp-block-heading\"><strong>Tarifa Social<\/strong><\/h2>\n\n\n\n<p class=\"wp-block-paragraph\">Para ter direito ao benef\u00edcio da Tarifa Social \u00e9 preciso ter o registro no Cad\u00danico do governo federal, morar em um im\u00f3vel residencial e ter renda mensal de at\u00e9 meio sal\u00e1rio m\u00ednimo por pessoa do grupo familiar.<\/p>\n\n\n\n<h2 class=\"wp-block-heading\"><strong>Prestadores e com\u00e9rcios<\/strong><\/h2>\n\n\n\n<p class=\"wp-block-paragraph\">Restaurantes, bares, padarias, casas de material de constru\u00e7\u00e3o e diversos outros com\u00e9rcios de pequeno e m\u00e9dio porte, al\u00e9m de prestadores de servi\u00e7os, como chaveiros e sal\u00f5es de beleza e est\u00e9tica, poder\u00e3o solicitar o parcelamento de seus d\u00e9bitos.<\/p>\n\n\n\n<p class=\"wp-block-paragraph\">Os setores que foram fortemente impactados pela paralisa\u00e7\u00e3o das atividades econ\u00f4micas poder\u00e3o se beneficiar do novo plano. A a\u00e7\u00e3o traz al\u00edvio para os empreendedores durante a retomada econ\u00f4mica.<\/p>\n\n\n\n<h2 class=\"wp-block-heading\"><strong>Cemig<\/strong><\/h2>\n\n\n\n<p class=\"wp-block-paragraph\">Para fazer o parcelamento da Cemig era necess\u00e1rio dar um valor de entrada nas negocia\u00e7\u00f5es, e os juros variavam de acordo com o d\u00e9bito. A partir de agora, os juros est\u00e3o zerados e \u00e9 poss\u00edvel dividir em at\u00e9 12 vezes. Al\u00e9m das condi\u00e7\u00f5es especiais de parcelamento, clientes de baixa renda inscritos na Tarifa Social j\u00e1 est\u00e3o sendo beneficiados com a suspens\u00e3o do corte at\u00e9 30 de junho.<\/p>\n\n\n\n<p class=\"wp-block-paragraph\">As op\u00e7\u00f5es de parcelamento est\u00e3o dispon\u00edveis no&nbsp;<a href=\"http:\/\/cemig.com.br\/\" target=\"_blank\" rel=\"noreferrer noopener\">portal da Cemig<\/a>&nbsp;ou pelo WhatsApp (31) 3506-1160. No aplicativo de mensagens, o cliente deve enviar um \u201cOi\u201d e escolher a op\u00e7\u00e3o \u201cParcelar Meus D\u00e9bitos\u201d. A empresa orienta para que as pessoas optem pelos canais digitais, que s\u00e3o meios r\u00e1pidos e seguros para efetivar a negocia\u00e7\u00e3o.<\/p>\n\n\n\n<p class=\"wp-block-paragraph\">Pelo\u00a0portal Cemig, basta realizar login, selecionar a instala\u00e7\u00e3o que possui d\u00e9bito em aberto e, posteriormente, o servi\u00e7o \u201cSegunda Via e Pagamento de Contas\u201d. Em seguida, o cliente pode verificar se existe a op\u00e7\u00e3o de sele\u00e7\u00e3o de d\u00e9bitos e a possibilidade de realizar o pagamento com cart\u00e3o de cr\u00e9dito ou d\u00e9bito.<\/p>\n\n\n\n<p class=\"wp-block-paragraph\">Al\u00e9m das op\u00e7\u00f5es citadas, h\u00e1 tamb\u00e9m um telefone espec\u00edfico para o parcelamento de d\u00e9bitos: 0800-721-7003, que atende das 9h \u00e0s 21h, de segunda a sexta-feira, e das 9h \u00e0s 15h, aos s\u00e1bados.<\/p>\n\n\n\n<p class=\"wp-block-paragraph\">Outra informa\u00e7\u00e3o importante: continua, at\u00e9 30\/4, a parceria entre a Cemig e o sistema de cashback PicPay, que d\u00e1 a possibilidade de, ao parcelar as contas de luz, ainda ter retorno de parte do dinheiro pago. As condi\u00e7\u00f5es podem ser conferidas no site da Cemig.<\/p>\n\n\n\n<h2 class=\"wp-block-heading\"><strong>Copasa<\/strong><\/h2>\n\n\n\n<p class=\"wp-block-paragraph\">A Copasa suspendeu os cortes de abastecimento dos clientes inscritos na Tarifa Social, que poder\u00e3o parcelar os d\u00e9bitos em at\u00e9 36 meses, sem juros e multas. A ades\u00e3o a esse plano vai at\u00e9 16 de maio, com parcelamento feito exclusivamente pelo site <a href=\"http:\/\/www.copasa.com.br\/wps\/portal\/internet\" target=\"_blank\" rel=\"noreferrer noopener\">www.copasa.com.br<\/a>.<\/p>\n\n\n\n<p class=\"wp-block-paragraph\">J\u00e1 as empresas afetadas pela pandemia podem parcelar as faturas em atraso da Copasa em 12 vezes, sem entrada e sem juros, at\u00e9 11 de junho. Em caso de d\u00favidas, os clientes podem entrar em contato pelo telefone 115.<\/p>\n\n\n\n<p class=\"wp-block-paragraph\">&#8212;&#8212;&#8212;&#8212;&#8212;&#8212;<br><em>Quer receber as not\u00edcias do <strong>Aconteceu no Vale<\/strong> em primeira m\u00e3o? Siga-nos no Facebook <a rel=\"noreferrer noopener\" href=\"http:\/\/facebook.com\/aconteceunovale\" target=\"_blank\">@aconteceunovale<\/a>, Twitter <a rel=\"noreferrer noopener\" href=\"https:\/\/twitter.com\/noticiadosvales\" target=\"_blank\">@noticiadosvales<\/a> e Instagram <a rel=\"noreferrer noopener\" href=\"https:\/\/www.instagram.com\/aconteceunovale\" target=\"_blank\">@aconteceunovale<\/a>.<\/em><\/p>\n","protected":false},"excerpt":{"rendered":"<p>O governador Romeu Zema anunciou, nesta ter\u00e7a-feira (20\/4\/2021), as condi\u00e7\u00f5es especiais para parcelamento de d\u00e9bitos dos clientes da&nbsp;Cemig&nbsp;e da&nbsp;Copasa. As condi\u00e7\u00f5es especiais valem para consumidores cadastrados no Programa da Tarifa Social, prestadores de servi\u00e7os e comerciantes. Os planos apresentados pelas empresas de energia e \u00e1gua garantem a isen\u00e7\u00e3o de juros e o parcelamento via fatura [&hellip;]<\/p>\n","protected":false},"author":4,"featured_media":54014,"comment_status":"open","ping_status":"closed","sticky":false,"template":"","format":"standard","meta":{"amp_status":"","footnotes":""},"categories":[123],"tags":[347,243691,179,1018,184213,243690,243694,243692,243693,243696,243695,243697,178207,243698,243699],"class_list":["post-177553","post","type-post","status-publish","format-standard","has-post-thumbnail","hentry","category-gerais","tag-cemig","tag-comerciantes-e-familias-de-baixa-renda-tem-condicoes-especiais-para-parcelamento-de-contas-de-agua-e-de-luz","tag-copasa","tag-destaque","tag-governador-romeu-zema","tag-minas-gerais-tera-condicoes-especiais-para-parcelamento-de-contas-de-agua-e-de-energia-eletrica","tag-parcelamento-de-conta-da-cemig","tag-parcelamento-de-conta-de-agua","tag-parcelamento-de-conta-de-agua-da-copasa","tag-parcelamento-de-conta-de-energia-eletrica","tag-parcelamento-de-conta-de-luz","tag-programa-da-tarifa-social","tag-romeu-zema","tag-saiba-como-solicitar-parcelamento-cemig","tag-saiba-como-solicitar-parcelamento-copasa"],"yoast_head":"<!-- This site is optimized with the Yoast SEO plugin v28.3 - https:\/\/yoast.com\/product\/yoast-seo-wordpress\/ -->\n<title>Comerciantes e fam\u00edlias de baixa renda t\u00eam condi\u00e7\u00f5es especiais para parcelamento de contas de \u00e1gua e de luz - Aconteceu no Vale<\/title>\n<meta name=\"robots\" content=\"index, follow, max-snippet:-1, max-image-preview:large, max-video-preview:-1\" \/>\n<link rel=\"canonical\" href=\"https:\/\/aconteceunovale.com.br\/portal\/?p=177553\" \/>\n<meta property=\"og:locale\" content=\"pt_BR\" \/>\n<meta property=\"og:type\" content=\"article\" \/>\n<meta property=\"og:title\" content=\"Comerciantes e fam\u00edlias de baixa renda t\u00eam condi\u00e7\u00f5es especiais para parcelamento de contas de \u00e1gua e de luz - Aconteceu no Vale\" \/>\n<meta property=\"og:description\" content=\"O governador Romeu Zema anunciou, nesta ter\u00e7a-feira (20\/4\/2021), as condi\u00e7\u00f5es especiais para parcelamento de d\u00e9bitos dos clientes da&nbsp;Cemig&nbsp;e da&nbsp;Copasa. As condi\u00e7\u00f5es especiais valem para consumidores cadastrados no Programa da Tarifa Social, prestadores de servi\u00e7os e comerciantes. Os planos apresentados pelas empresas de energia e \u00e1gua garantem a isen\u00e7\u00e3o de juros e o parcelamento via fatura [&hellip;]\" \/>\n<meta property=\"og:url\" content=\"https:\/\/aconteceunovale.com.br\/portal\/?p=177553\" \/>\n<meta property=\"og:site_name\" content=\"Aconteceu no Vale\" \/>\n<meta property=\"article:publisher\" content=\"https:\/\/www.facebook.com\/aconteceunovale\/\" \/>\n<meta property=\"article:published_time\" content=\"2021-04-20T20:34:05+00:00\" \/>\n<meta property=\"article:modified_time\" content=\"2021-04-20T20:35:45+00:00\" \/>\n<meta property=\"og:image\" content=\"https:\/\/aconteceunovale.com.br\/portal\/wp-content\/uploads\/2015\/02\/conta_cemig_aumento.jpg\" \/>\n\t<meta property=\"og:image:width\" content=\"620\" \/>\n\t<meta property=\"og:image:height\" content=\"420\" \/>\n\t<meta property=\"og:image:type\" content=\"image\/jpeg\" \/>\n<meta name=\"author\" content=\"Reda\u00e7\u00e3o Aconteceu no Vale\" \/>\n<meta name=\"twitter:card\" content=\"summary_large_image\" \/>\n<meta name=\"twitter:creator\" content=\"@noticiadosvales\" \/>\n<meta name=\"twitter:site\" content=\"@noticiadosvales\" \/>\n<meta name=\"twitter:label1\" content=\"Escrito por\" \/>\n\t<meta name=\"twitter:data1\" content=\"Reda\u00e7\u00e3o Aconteceu no Vale\" \/>\n\t<meta name=\"twitter:label2\" content=\"Est. tempo de leitura\" \/>\n\t<meta name=\"twitter:data2\" content=\"3 minutos\" \/>\n<script type=\"application\/ld+json\" class=\"yoast-schema-graph\">{\"@context\":\"https:\\\/\\\/schema.org\",\"@graph\":[{\"@type\":\"Article\",\"@id\":\"https:\\\/\\\/aconteceunovale.com.br\\\/portal\\\/?p=177553#article\",\"isPartOf\":{\"@id\":\"https:\\\/\\\/aconteceunovale.com.br\\\/portal\\\/?p=177553\"},\"author\":{\"name\":\"Reda\u00e7\u00e3o Aconteceu no Vale\",\"@id\":\"https:\\\/\\\/aconteceunovale.com.br\\\/portal\\\/#\\\/schema\\\/person\\\/7d2f26d1483f8a63de73da1ee0754d35\"},\"headline\":\"Comerciantes e fam\u00edlias de baixa renda t\u00eam condi\u00e7\u00f5es especiais para parcelamento de contas de \u00e1gua e de luz\",\"datePublished\":\"2021-04-20T20:34:05+00:00\",\"dateModified\":\"2021-04-20T20:35:45+00:00\",\"mainEntityOfPage\":{\"@id\":\"https:\\\/\\\/aconteceunovale.com.br\\\/portal\\\/?p=177553\"},\"wordCount\":720,\"commentCount\":0,\"image\":{\"@id\":\"https:\\\/\\\/aconteceunovale.com.br\\\/portal\\\/?p=177553#primaryimage\"},\"thumbnailUrl\":\"https:\\\/\\\/aconteceunovale.com.br\\\/portal\\\/wp-content\\\/uploads\\\/2015\\\/02\\\/conta_cemig_aumento.jpg\",\"keywords\":[\"cemig\",\"Comerciantes e fam\u00edlias de baixa renda t\u00eam condi\u00e7\u00f5es especiais para parcelamento de contas de \u00e1gua e de luz\",\"Copasa\",\"destaque\",\"Governador Romeu Zema\",\"Minas Gerais ter\u00e1 condi\u00e7\u00f5es especiais para parcelamento de contas de \u00e1gua e de energia el\u00e9trica\",\"Parcelamento de conta da Cemig\",\"Parcelamento de conta de \u00e1gua\",\"Parcelamento de conta de \u00e1gua da Copasa\",\"Parcelamento de conta de energia el\u00e9trica\",\"Parcelamento de conta de luz\",\"Programa da Tarifa Social\",\"Romeu Zema\",\"Saiba como solicitar parcelamento Cemig\",\"Saiba como solicitar parcelamento Copasa\"],\"articleSection\":[\"Minas Gerais\"],\"inLanguage\":\"pt-BR\",\"potentialAction\":[{\"@type\":\"CommentAction\",\"name\":\"Comment\",\"target\":[\"https:\\\/\\\/aconteceunovale.com.br\\\/portal\\\/?p=177553#respond\"]}]},{\"@type\":\"WebPage\",\"@id\":\"https:\\\/\\\/aconteceunovale.com.br\\\/portal\\\/?p=177553\",\"url\":\"https:\\\/\\\/aconteceunovale.com.br\\\/portal\\\/?p=177553\",\"name\":\"Comerciantes e fam\u00edlias de baixa renda t\u00eam condi\u00e7\u00f5es especiais para parcelamento de contas de \u00e1gua e de luz - Aconteceu no Vale\",\"isPartOf\":{\"@id\":\"https:\\\/\\\/aconteceunovale.com.br\\\/portal\\\/#website\"},\"primaryImageOfPage\":{\"@id\":\"https:\\\/\\\/aconteceunovale.com.br\\\/portal\\\/?p=177553#primaryimage\"},\"image\":{\"@id\":\"https:\\\/\\\/aconteceunovale.com.br\\\/portal\\\/?p=177553#primaryimage\"},\"thumbnailUrl\":\"https:\\\/\\\/aconteceunovale.com.br\\\/portal\\\/wp-content\\\/uploads\\\/2015\\\/02\\\/conta_cemig_aumento.jpg\",\"datePublished\":\"2021-04-20T20:34:05+00:00\",\"dateModified\":\"2021-04-20T20:35:45+00:00\",\"author\":{\"@id\":\"https:\\\/\\\/aconteceunovale.com.br\\\/portal\\\/#\\\/schema\\\/person\\\/7d2f26d1483f8a63de73da1ee0754d35\"},\"breadcrumb\":{\"@id\":\"https:\\\/\\\/aconteceunovale.com.br\\\/portal\\\/?p=177553#breadcrumb\"},\"inLanguage\":\"pt-BR\",\"potentialAction\":[{\"@type\":\"ReadAction\",\"target\":[\"https:\\\/\\\/aconteceunovale.com.br\\\/portal\\\/?p=177553\"]}]},{\"@type\":\"ImageObject\",\"inLanguage\":\"pt-BR\",\"@id\":\"https:\\\/\\\/aconteceunovale.com.br\\\/portal\\\/?p=177553#primaryimage\",\"url\":\"https:\\\/\\\/aconteceunovale.com.br\\\/portal\\\/wp-content\\\/uploads\\\/2015\\\/02\\\/conta_cemig_aumento.jpg\",\"contentUrl\":\"https:\\\/\\\/aconteceunovale.com.br\\\/portal\\\/wp-content\\\/uploads\\\/2015\\\/02\\\/conta_cemig_aumento.jpg\",\"width\":620,\"height\":420},{\"@type\":\"BreadcrumbList\",\"@id\":\"https:\\\/\\\/aconteceunovale.com.br\\\/portal\\\/?p=177553#breadcrumb\",\"itemListElement\":[{\"@type\":\"ListItem\",\"position\":1,\"name\":\"In\u00edcio\",\"item\":\"https:\\\/\\\/aconteceunovale.com.br\\\/portal\\\/\"},{\"@type\":\"ListItem\",\"position\":2,\"name\":\"Comerciantes e fam\u00edlias de baixa renda t\u00eam condi\u00e7\u00f5es especiais para parcelamento de contas de \u00e1gua e de luz\"}]},{\"@type\":\"WebSite\",\"@id\":\"https:\\\/\\\/aconteceunovale.com.br\\\/portal\\\/#website\",\"url\":\"https:\\\/\\\/aconteceunovale.com.br\\\/portal\\\/\",\"name\":\"Aconteceu no Vale\",\"description\":\"Portal de Not\u00edcias\",\"potentialAction\":[{\"@type\":\"SearchAction\",\"target\":{\"@type\":\"EntryPoint\",\"urlTemplate\":\"https:\\\/\\\/aconteceunovale.com.br\\\/portal\\\/?s={search_term_string}\"},\"query-input\":{\"@type\":\"PropertyValueSpecification\",\"valueRequired\":true,\"valueName\":\"search_term_string\"}}],\"inLanguage\":\"pt-BR\"},{\"@type\":\"Person\",\"@id\":\"https:\\\/\\\/aconteceunovale.com.br\\\/portal\\\/#\\\/schema\\\/person\\\/7d2f26d1483f8a63de73da1ee0754d35\",\"name\":\"Reda\u00e7\u00e3o Aconteceu no Vale\",\"description\":\"Equipe de reportagem do Aconteceu no Vale, portal de not\u00edcias do Vale do Jequitinhonha, em Minas Gerais. Cobrimos as 51 cidades do Vale desde 2013. Sugest\u00f5es de pauta e pedidos de corre\u00e7\u00e3o: contato@aconteceunovale.com.br\",\"url\":\"https:\\\/\\\/aconteceunovale.com.br\\\/portal\\\/?author=4\"}]}<\/script>\n<!-- \/ Yoast SEO plugin. -->","yoast_head_json":{"title":"Comerciantes e fam\u00edlias de baixa renda t\u00eam condi\u00e7\u00f5es especiais para parcelamento de contas de \u00e1gua e de luz - Aconteceu no Vale","robots":{"index":"index","follow":"follow","max-snippet":"max-snippet:-1","max-image-preview":"max-image-preview:large","max-video-preview":"max-video-preview:-1"},"canonical":"https:\/\/aconteceunovale.com.br\/portal\/?p=177553","og_locale":"pt_BR","og_type":"article","og_title":"Comerciantes e fam\u00edlias de baixa renda t\u00eam condi\u00e7\u00f5es especiais para parcelamento de contas de \u00e1gua e de luz - Aconteceu no Vale","og_description":"O governador Romeu Zema anunciou, nesta ter\u00e7a-feira (20\/4\/2021), as condi\u00e7\u00f5es especiais para parcelamento de d\u00e9bitos dos clientes da&nbsp;Cemig&nbsp;e da&nbsp;Copasa. As condi\u00e7\u00f5es especiais valem para consumidores cadastrados no Programa da Tarifa Social, prestadores de servi\u00e7os e comerciantes. Os planos apresentados pelas empresas de energia e \u00e1gua garantem a isen\u00e7\u00e3o de juros e o parcelamento via fatura [&hellip;]","og_url":"https:\/\/aconteceunovale.com.br\/portal\/?p=177553","og_site_name":"Aconteceu no Vale","article_publisher":"https:\/\/www.facebook.com\/aconteceunovale\/","article_published_time":"2021-04-20T20:34:05+00:00","article_modified_time":"2021-04-20T20:35:45+00:00","og_image":[{"width":620,"height":420,"url":"https:\/\/aconteceunovale.com.br\/portal\/wp-content\/uploads\/2015\/02\/conta_cemig_aumento.jpg","type":"image\/jpeg"}],"author":"Reda\u00e7\u00e3o Aconteceu no Vale","twitter_card":"summary_large_image","twitter_creator":"@noticiadosvales","twitter_site":"@noticiadosvales","twitter_misc":{"Escrito por":"Reda\u00e7\u00e3o Aconteceu no Vale","Est. tempo de leitura":"3 minutos"},"schema":{"@context":"https:\/\/schema.org","@graph":[{"@type":"Article","@id":"https:\/\/aconteceunovale.com.br\/portal\/?p=177553#article","isPartOf":{"@id":"https:\/\/aconteceunovale.com.br\/portal\/?p=177553"},"author":{"name":"Reda\u00e7\u00e3o Aconteceu no Vale","@id":"https:\/\/aconteceunovale.com.br\/portal\/#\/schema\/person\/7d2f26d1483f8a63de73da1ee0754d35"},"headline":"Comerciantes e fam\u00edlias de baixa renda t\u00eam condi\u00e7\u00f5es especiais para parcelamento de contas de \u00e1gua e de luz","datePublished":"2021-04-20T20:34:05+00:00","dateModified":"2021-04-20T20:35:45+00:00","mainEntityOfPage":{"@id":"https:\/\/aconteceunovale.com.br\/portal\/?p=177553"},"wordCount":720,"commentCount":0,"image":{"@id":"https:\/\/aconteceunovale.com.br\/portal\/?p=177553#primaryimage"},"thumbnailUrl":"https:\/\/aconteceunovale.com.br\/portal\/wp-content\/uploads\/2015\/02\/conta_cemig_aumento.jpg","keywords":["cemig","Comerciantes e fam\u00edlias de baixa renda t\u00eam condi\u00e7\u00f5es especiais para parcelamento de contas de \u00e1gua e de luz","Copasa","destaque","Governador Romeu Zema","Minas Gerais ter\u00e1 condi\u00e7\u00f5es especiais para parcelamento de contas de \u00e1gua e de energia el\u00e9trica","Parcelamento de conta da Cemig","Parcelamento de conta de \u00e1gua","Parcelamento de conta de \u00e1gua da Copasa","Parcelamento de conta de energia el\u00e9trica","Parcelamento de conta de luz","Programa da Tarifa Social","Romeu Zema","Saiba como solicitar parcelamento Cemig","Saiba como solicitar parcelamento Copasa"],"articleSection":["Minas Gerais"],"inLanguage":"pt-BR","potentialAction":[{"@type":"CommentAction","name":"Comment","target":["https:\/\/aconteceunovale.com.br\/portal\/?p=177553#respond"]}]},{"@type":"WebPage","@id":"https:\/\/aconteceunovale.com.br\/portal\/?p=177553","url":"https:\/\/aconteceunovale.com.br\/portal\/?p=177553","name":"Comerciantes e fam\u00edlias de baixa renda t\u00eam condi\u00e7\u00f5es especiais para parcelamento de contas de \u00e1gua e de luz - Aconteceu no Vale","isPartOf":{"@id":"https:\/\/aconteceunovale.com.br\/portal\/#website"},"primaryImageOfPage":{"@id":"https:\/\/aconteceunovale.com.br\/portal\/?p=177553#primaryimage"},"image":{"@id":"https:\/\/aconteceunovale.com.br\/portal\/?p=177553#primaryimage"},"thumbnailUrl":"https:\/\/aconteceunovale.com.br\/portal\/wp-content\/uploads\/2015\/02\/conta_cemig_aumento.jpg","datePublished":"2021-04-20T20:34:05+00:00","dateModified":"2021-04-20T20:35:45+00:00","author":{"@id":"https:\/\/aconteceunovale.com.br\/portal\/#\/schema\/person\/7d2f26d1483f8a63de73da1ee0754d35"},"breadcrumb":{"@id":"https:\/\/aconteceunovale.com.br\/portal\/?p=177553#breadcrumb"},"inLanguage":"pt-BR","potentialAction":[{"@type":"ReadAction","target":["https:\/\/aconteceunovale.com.br\/portal\/?p=177553"]}]},{"@type":"ImageObject","inLanguage":"pt-BR","@id":"https:\/\/aconteceunovale.com.br\/portal\/?p=177553#primaryimage","url":"https:\/\/aconteceunovale.com.br\/portal\/wp-content\/uploads\/2015\/02\/conta_cemig_aumento.jpg","contentUrl":"https:\/\/aconteceunovale.com.br\/portal\/wp-content\/uploads\/2015\/02\/conta_cemig_aumento.jpg","width":620,"height":420},{"@type":"BreadcrumbList","@id":"https:\/\/aconteceunovale.com.br\/portal\/?p=177553#breadcrumb","itemListElement":[{"@type":"ListItem","position":1,"name":"In\u00edcio","item":"https:\/\/aconteceunovale.com.br\/portal\/"},{"@type":"ListItem","position":2,"name":"Comerciantes e fam\u00edlias de baixa renda t\u00eam condi\u00e7\u00f5es especiais para parcelamento de contas de \u00e1gua e de luz"}]},{"@type":"WebSite","@id":"https:\/\/aconteceunovale.com.br\/portal\/#website","url":"https:\/\/aconteceunovale.com.br\/portal\/","name":"Aconteceu no Vale","description":"Portal de Not\u00edcias","potentialAction":[{"@type":"SearchAction","target":{"@type":"EntryPoint","urlTemplate":"https:\/\/aconteceunovale.com.br\/portal\/?s={search_term_string}"},"query-input":{"@type":"PropertyValueSpecification","valueRequired":true,"valueName":"search_term_string"}}],"inLanguage":"pt-BR"},{"@type":"Person","@id":"https:\/\/aconteceunovale.com.br\/portal\/#\/schema\/person\/7d2f26d1483f8a63de73da1ee0754d35","name":"Reda\u00e7\u00e3o Aconteceu no Vale","description":"Equipe de reportagem do Aconteceu no Vale, portal de not\u00edcias do Vale do Jequitinhonha, em Minas Gerais. Cobrimos as 51 cidades do Vale desde 2013. Sugest\u00f5es de pauta e pedidos de corre\u00e7\u00e3o: contato@aconteceunovale.com.br","url":"https:\/\/aconteceunovale.com.br\/portal\/?author=4"}]}},"_links":{"self":[{"href":"https:\/\/aconteceunovale.com.br\/portal\/index.php?rest_route=\/wp\/v2\/posts\/177553","targetHints":{"allow":["GET"]}}],"collection":[{"href":"https:\/\/aconteceunovale.com.br\/portal\/index.php?rest_route=\/wp\/v2\/posts"}],"about":[{"href":"https:\/\/aconteceunovale.com.br\/portal\/index.php?rest_route=\/wp\/v2\/types\/post"}],"author":[{"embeddable":true,"href":"https:\/\/aconteceunovale.com.br\/portal\/index.php?rest_route=\/wp\/v2\/users\/4"}],"replies":[{"embeddable":true,"href":"https:\/\/aconteceunovale.com.br\/portal\/index.php?rest_route=%2Fwp%2Fv2%2Fcomments&post=177553"}],"version-history":[{"count":1,"href":"https:\/\/aconteceunovale.com.br\/portal\/index.php?rest_route=\/wp\/v2\/posts\/177553\/revisions"}],"predecessor-version":[{"id":177554,"href":"https:\/\/aconteceunovale.com.br\/portal\/index.php?rest_route=\/wp\/v2\/posts\/177553\/revisions\/177554"}],"wp:featuredmedia":[{"embeddable":true,"href":"https:\/\/aconteceunovale.com.br\/portal\/index.php?rest_route=\/wp\/v2\/media\/54014"}],"wp:attachment":[{"href":"https:\/\/aconteceunovale.com.br\/portal\/index.php?rest_route=%2Fwp%2Fv2%2Fmedia&parent=177553"}],"wp:term":[{"taxonomy":"category","embeddable":true,"href":"https:\/\/aconteceunovale.com.br\/portal\/index.php?rest_route=%2Fwp%2Fv2%2Fcategories&post=177553"},{"taxonomy":"post_tag","embeddable":true,"href":"https:\/\/aconteceunovale.com.br\/portal\/index.php?rest_route=%2Fwp%2Fv2%2Ftags&post=177553"}],"curies":[{"name":"wp","href":"https:\/\/api.w.org\/{rel}","templated":true}]}}