{"id":177547,"date":"2021-04-20T12:17:20","date_gmt":"2021-04-20T15:17:20","guid":{"rendered":"https:\/\/aconteceunovale.com.br\/portal\/?p=177547"},"modified":"2021-04-20T12:18:59","modified_gmt":"2021-04-20T15:18:59","slug":"sebrae-oferece-vaga-de-analista-tecnico-em-guanhaes","status":"publish","type":"post","link":"https:\/\/aconteceunovale.com.br\/portal\/?p=177547","title":{"rendered":"Sebrae oferece vaga de Analista T\u00e9cnico em Guanh\u00e3es"},"content":{"rendered":"\n<p class=\"wp-block-paragraph\">O Sebrae Minas est\u00e1 selecionando candidatos para o cargo de Analista T\u00e9cnico I. A vaga \u00e9 para a unidade de Guanh\u00e3es e o sal\u00e1rio \u00e9 de R$5.145,73 para uma jornada de 40 horas semanais. Interessados em participar do\u00a0processo seletivo\u00a0devem se inscrever\u00a0at\u00e9 a pr\u00f3xima sexta-feira (23\/4\/2021),\u00a0<a rel=\"noreferrer noopener\" href=\"https:\/\/www.sebrae.com.br\/sites\/PortalSebrae\/ufs\/mg\/sebraeaz\/ex02921-analista-tecnico-i-guanhaes,080d534ea9cc8710VgnVCM100000d701210aRCRD\" target=\"_blank\">clicando aqui.<\/a>\u00a0<\/p>\n\n\n\n<p class=\"wp-block-paragraph\">Para participar, \u00e9 preciso atender a alguns requisitos, como residir em Guanh\u00e3es, ter disponibilidade para viagens, possuir Carteira Nacional de Habilita\u00e7\u00e3o B e ter experi\u00eancia em elabora\u00e7\u00e3o e gest\u00e3o de projetos, capta\u00e7\u00e3o de recursos, gest\u00e3o e planejamento de vendas, prospec\u00e7\u00e3o e fideliza\u00e7\u00e3o de clientes, entre outras. O processo de sele\u00e7\u00e3o conta com an\u00e1lise curricular, prova de conhecimentos, avalia\u00e7\u00e3o coletiva de&nbsp;habilidades&nbsp;e entrevista.&nbsp;&nbsp;&nbsp;<\/p>\n\n\n\n<p class=\"wp-block-paragraph\"><strong>Benef\u00edcios da vaga:&nbsp;<\/strong><\/p>\n\n\n\n<ul class=\"wp-block-list\"><li>Aux\u00edlio-Alimenta\u00e7\u00e3o\u00a0(refei\u00e7\u00e3o)\u00a0<\/li><li>Aux\u00edlio-Educa\u00e7\u00e3o\u00a0(para filhos at\u00e9 o Ensino M\u00e9dio)\u00a0<\/li><li>Bolsa de estudos (gradua\u00e7\u00e3o, p\u00f3s-gradua\u00e7\u00e3o e idiomas)\u00a0<\/li><li>Previd\u00eancia privada\u00a0<\/li><li>Plano de sa\u00fade\/odontol\u00f3gico\u00a0<\/li><li>Seguro de vida\u00a0<\/li><\/ul>\n\n\n\n<p class=\"wp-block-paragraph\"><strong>Servi\u00e7o:&nbsp;<\/strong><\/p>\n\n\n\n<ul class=\"wp-block-list\"><li><strong><u>Vaga Analista T\u00e9cnico I do Sebrae Minas\u00a0<\/u><\/strong><\/li><li><strong>Sal\u00e1rio:<\/strong>\u00a0R$ 5.145,73\u00a0<\/li><li><strong>Quantidade:<\/strong>\u00a001 (uma)\u00a0<\/li><li><strong>Carga Hor\u00e1ria:<\/strong>\u00a040 horas semanais \u00a0<\/li><li><strong>Local de trabalho:<\/strong>\u00a0Guanh\u00e3es\u00a0<\/li><li><strong>Per\u00edodo de inscri\u00e7\u00e3o:<\/strong>\u00a0at\u00e9 23 de abril<\/li><li><strong>Forma\u00e7\u00e3o M\u00ednima:<\/strong>\u00a0Ensino Superior Completo<\/li><li><strong>Experi\u00eancia profissional:<\/strong>\u00a0Elabora\u00e7\u00e3o\u00a0e gest\u00e3o de projetos; capta\u00e7\u00e3o de recursos; gest\u00e3o e planejamento de vendas, prospec\u00e7\u00e3o e fideliza\u00e7\u00e3o de clientes; consultoria\/instrutoria na \u00e1rea de Inova\u00e7\u00e3o e Transforma\u00e7\u00e3o Digital.\u00a0<\/li><li><strong>Inscri\u00e7\u00f5es e mais informa\u00e7\u00f5es:<\/strong>\u00a0<a rel=\"noreferrer noopener\" href=\"https:\/\/www.sebrae.com.br\/sites\/PortalSebrae\/ufs\/mg\/sebraeaz\/ex02921-analista-tecnico-i-guanhaes,080d534ea9cc8710VgnVCM100000d701210aRCRD\" target=\"_blank\">https:\/\/www.sebrae.com.br\/sites\/PortalSebrae\/ufs\/mg\/sebraeaz\/ex02921-analista-tecnico-i-guanhaes,080d534ea9cc8710VgnVCM100000d701210aRCRD<\/a><\/li><\/ul>\n\n\n\n<p class=\"wp-block-paragraph\">&#8212;&#8212;&#8212;&#8212;&#8212;&#8212;<br><em>Quer receber as not\u00edcias do <strong>Aconteceu no Vale<\/strong> em primeira m\u00e3o? Siga-nos no Facebook <a rel=\"noreferrer noopener\" href=\"http:\/\/facebook.com\/aconteceunovale\" target=\"_blank\">@aconteceunovale<\/a>, Twitter <a rel=\"noreferrer noopener\" href=\"https:\/\/twitter.com\/noticiadosvales\" target=\"_blank\">@noticiadosvales<\/a> e Instagram <a rel=\"noreferrer noopener\" href=\"https:\/\/www.instagram.com\/aconteceunovale\" target=\"_blank\">@aconteceunovale<\/a>.<\/em><\/p>\n","protected":false},"excerpt":{"rendered":"<p>O Sebrae Minas est\u00e1 selecionando candidatos para o cargo de Analista T\u00e9cnico I. A vaga \u00e9 para a unidade de Guanh\u00e3es e o sal\u00e1rio \u00e9 de R$5.145,73 para uma jornada de 40 horas semanais. Interessados em participar do\u00a0processo seletivo\u00a0devem se inscrever\u00a0at\u00e9 a pr\u00f3xima sexta-feira (23\/4\/2021),\u00a0clicando aqui.\u00a0 Para participar, \u00e9 preciso atender a alguns requisitos, como [&hellip;]<\/p>\n","protected":false},"author":4,"featured_media":177548,"comment_status":"open","ping_status":"closed","sticky":false,"template":"","format":"standard","meta":{"amp_status":"","footnotes":""},"categories":[40236,121],"tags":[243680,243682,155,243683,243685,243684,243678,243686,243679,243681],"class_list":["post-177547","post","type-post","status-publish","format-standard","has-post-thumbnail","hentry","category-empregos-2","category-leste","tag-emprego-em-guanhaes","tag-emprego-no-sebrae-em-guanhaes","tag-guanhaes","tag-oportunidade-no-sebrae-em-guanhaes","tag-processo-seletivo-sebrae-de-guanhaes","tag-sebrae-guanhaes","tag-sebrae-oferece-vaga-de-analista-tecnico-em-guanhaes","tag-vaga-analista-tecnico-i-do-sebrae-minas-em-guanhaes","tag-vaga-de-emprego-em-guanhaes","tag-vaga-no-sebrae-em-guanhaes"],"yoast_head":"<!-- This site is optimized with the Yoast SEO plugin v28.3 - https:\/\/yoast.com\/product\/yoast-seo-wordpress\/ -->\n<title>Sebrae oferece vaga de Analista T\u00e9cnico em Guanh\u00e3es - Aconteceu no Vale<\/title>\n<meta name=\"robots\" content=\"index, follow, max-snippet:-1, max-image-preview:large, max-video-preview:-1\" \/>\n<link rel=\"canonical\" href=\"https:\/\/aconteceunovale.com.br\/portal\/?p=177547\" \/>\n<meta property=\"og:locale\" content=\"pt_BR\" \/>\n<meta property=\"og:type\" content=\"article\" \/>\n<meta property=\"og:title\" content=\"Sebrae oferece vaga de Analista T\u00e9cnico em Guanh\u00e3es - Aconteceu no Vale\" \/>\n<meta property=\"og:description\" content=\"O Sebrae Minas est\u00e1 selecionando candidatos para o cargo de Analista T\u00e9cnico I. A vaga \u00e9 para a unidade de Guanh\u00e3es e o sal\u00e1rio \u00e9 de R$5.145,73 para uma jornada de 40 horas semanais. Interessados em participar do\u00a0processo seletivo\u00a0devem se inscrever\u00a0at\u00e9 a pr\u00f3xima sexta-feira (23\/4\/2021),\u00a0clicando aqui.\u00a0 Para participar, \u00e9 preciso atender a alguns requisitos, como [&hellip;]\" \/>\n<meta property=\"og:url\" content=\"https:\/\/aconteceunovale.com.br\/portal\/?p=177547\" \/>\n<meta property=\"og:site_name\" content=\"Aconteceu no Vale\" \/>\n<meta property=\"article:publisher\" content=\"https:\/\/www.facebook.com\/aconteceunovale\/\" \/>\n<meta property=\"article:published_time\" content=\"2021-04-20T15:17:20+00:00\" \/>\n<meta property=\"article:modified_time\" content=\"2021-04-20T15:18:59+00:00\" \/>\n<meta property=\"og:image\" content=\"https:\/\/aconteceunovale.com.br\/portal\/wp-content\/uploads\/2021\/04\/processo_seletivo.jpg\" \/>\n\t<meta property=\"og:image:width\" content=\"678\" \/>\n\t<meta property=\"og:image:height\" content=\"368\" \/>\n\t<meta property=\"og:image:type\" content=\"image\/jpeg\" \/>\n<meta name=\"author\" content=\"Reda\u00e7\u00e3o Aconteceu no Vale\" \/>\n<meta name=\"twitter:card\" content=\"summary_large_image\" \/>\n<meta name=\"twitter:creator\" content=\"@noticiadosvales\" \/>\n<meta name=\"twitter:site\" content=\"@noticiadosvales\" \/>\n<meta name=\"twitter:label1\" content=\"Escrito por\" \/>\n\t<meta name=\"twitter:data1\" content=\"Reda\u00e7\u00e3o Aconteceu no Vale\" \/>\n\t<meta name=\"twitter:label2\" content=\"Est. tempo de leitura\" \/>\n\t<meta name=\"twitter:data2\" content=\"1 minuto\" \/>\n<script type=\"application\/ld+json\" class=\"yoast-schema-graph\">{\"@context\":\"https:\\\/\\\/schema.org\",\"@graph\":[{\"@type\":\"Article\",\"@id\":\"https:\\\/\\\/aconteceunovale.com.br\\\/portal\\\/?p=177547#article\",\"isPartOf\":{\"@id\":\"https:\\\/\\\/aconteceunovale.com.br\\\/portal\\\/?p=177547\"},\"author\":{\"name\":\"Reda\u00e7\u00e3o Aconteceu no Vale\",\"@id\":\"https:\\\/\\\/aconteceunovale.com.br\\\/portal\\\/#\\\/schema\\\/person\\\/7d2f26d1483f8a63de73da1ee0754d35\"},\"headline\":\"Sebrae oferece vaga de Analista T\u00e9cnico em Guanh\u00e3es\",\"datePublished\":\"2021-04-20T15:17:20+00:00\",\"dateModified\":\"2021-04-20T15:18:59+00:00\",\"mainEntityOfPage\":{\"@id\":\"https:\\\/\\\/aconteceunovale.com.br\\\/portal\\\/?p=177547\"},\"wordCount\":307,\"commentCount\":0,\"image\":{\"@id\":\"https:\\\/\\\/aconteceunovale.com.br\\\/portal\\\/?p=177547#primaryimage\"},\"thumbnailUrl\":\"https:\\\/\\\/aconteceunovale.com.br\\\/portal\\\/wp-content\\\/uploads\\\/2021\\\/04\\\/processo_seletivo.jpg\",\"keywords\":[\"Emprego em Guanh\u00e3es\",\"Emprego no Sebrae em Guanh\u00e3es\",\"Guanh\u00e3es\",\"Oportunidade no Sebrae em Guanh\u00e3es\",\"Processo seletivo Sebrae de Guanh\u00e3es\",\"Sebrae Guanh\u00e3es\",\"Sebrae oferece vaga de Analista T\u00e9cnico em Guanh\u00e3es\",\"Vaga Analista T\u00e9cnico I do Sebrae Minas em Guanh\u00e3es\",\"Vaga de emprego em Guanh\u00e3es\",\"Vaga no Sebrae em Guanh\u00e3es\"],\"articleSection\":[\"Empregos\",\"Leste de Minas\"],\"inLanguage\":\"pt-BR\",\"potentialAction\":[{\"@type\":\"CommentAction\",\"name\":\"Comment\",\"target\":[\"https:\\\/\\\/aconteceunovale.com.br\\\/portal\\\/?p=177547#respond\"]}]},{\"@type\":\"WebPage\",\"@id\":\"https:\\\/\\\/aconteceunovale.com.br\\\/portal\\\/?p=177547\",\"url\":\"https:\\\/\\\/aconteceunovale.com.br\\\/portal\\\/?p=177547\",\"name\":\"Sebrae oferece vaga de Analista T\u00e9cnico em Guanh\u00e3es - Aconteceu no Vale\",\"isPartOf\":{\"@id\":\"https:\\\/\\\/aconteceunovale.com.br\\\/portal\\\/#website\"},\"primaryImageOfPage\":{\"@id\":\"https:\\\/\\\/aconteceunovale.com.br\\\/portal\\\/?p=177547#primaryimage\"},\"image\":{\"@id\":\"https:\\\/\\\/aconteceunovale.com.br\\\/portal\\\/?p=177547#primaryimage\"},\"thumbnailUrl\":\"https:\\\/\\\/aconteceunovale.com.br\\\/portal\\\/wp-content\\\/uploads\\\/2021\\\/04\\\/processo_seletivo.jpg\",\"datePublished\":\"2021-04-20T15:17:20+00:00\",\"dateModified\":\"2021-04-20T15:18:59+00:00\",\"author\":{\"@id\":\"https:\\\/\\\/aconteceunovale.com.br\\\/portal\\\/#\\\/schema\\\/person\\\/7d2f26d1483f8a63de73da1ee0754d35\"},\"breadcrumb\":{\"@id\":\"https:\\\/\\\/aconteceunovale.com.br\\\/portal\\\/?p=177547#breadcrumb\"},\"inLanguage\":\"pt-BR\",\"potentialAction\":[{\"@type\":\"ReadAction\",\"target\":[\"https:\\\/\\\/aconteceunovale.com.br\\\/portal\\\/?p=177547\"]}]},{\"@type\":\"ImageObject\",\"inLanguage\":\"pt-BR\",\"@id\":\"https:\\\/\\\/aconteceunovale.com.br\\\/portal\\\/?p=177547#primaryimage\",\"url\":\"https:\\\/\\\/aconteceunovale.com.br\\\/portal\\\/wp-content\\\/uploads\\\/2021\\\/04\\\/processo_seletivo.jpg\",\"contentUrl\":\"https:\\\/\\\/aconteceunovale.com.br\\\/portal\\\/wp-content\\\/uploads\\\/2021\\\/04\\\/processo_seletivo.jpg\",\"width\":678,\"height\":368},{\"@type\":\"BreadcrumbList\",\"@id\":\"https:\\\/\\\/aconteceunovale.com.br\\\/portal\\\/?p=177547#breadcrumb\",\"itemListElement\":[{\"@type\":\"ListItem\",\"position\":1,\"name\":\"In\u00edcio\",\"item\":\"https:\\\/\\\/aconteceunovale.com.br\\\/portal\\\/\"},{\"@type\":\"ListItem\",\"position\":2,\"name\":\"Sebrae oferece vaga de Analista T\u00e9cnico em Guanh\u00e3es\"}]},{\"@type\":\"WebSite\",\"@id\":\"https:\\\/\\\/aconteceunovale.com.br\\\/portal\\\/#website\",\"url\":\"https:\\\/\\\/aconteceunovale.com.br\\\/portal\\\/\",\"name\":\"Aconteceu no Vale\",\"description\":\"Portal de Not\u00edcias\",\"potentialAction\":[{\"@type\":\"SearchAction\",\"target\":{\"@type\":\"EntryPoint\",\"urlTemplate\":\"https:\\\/\\\/aconteceunovale.com.br\\\/portal\\\/?s={search_term_string}\"},\"query-input\":{\"@type\":\"PropertyValueSpecification\",\"valueRequired\":true,\"valueName\":\"search_term_string\"}}],\"inLanguage\":\"pt-BR\"},{\"@type\":\"Person\",\"@id\":\"https:\\\/\\\/aconteceunovale.com.br\\\/portal\\\/#\\\/schema\\\/person\\\/7d2f26d1483f8a63de73da1ee0754d35\",\"name\":\"Reda\u00e7\u00e3o Aconteceu no Vale\",\"description\":\"Equipe de reportagem do Aconteceu no Vale, portal de not\u00edcias do Vale do Jequitinhonha, em Minas Gerais. Cobrimos as 51 cidades do Vale desde 2013. Sugest\u00f5es de pauta e pedidos de corre\u00e7\u00e3o: contato@aconteceunovale.com.br\",\"url\":\"https:\\\/\\\/aconteceunovale.com.br\\\/portal\\\/?author=4\"}]}<\/script>\n<!-- \/ Yoast SEO plugin. -->","yoast_head_json":{"title":"Sebrae oferece vaga de Analista T\u00e9cnico em Guanh\u00e3es - Aconteceu no Vale","robots":{"index":"index","follow":"follow","max-snippet":"max-snippet:-1","max-image-preview":"max-image-preview:large","max-video-preview":"max-video-preview:-1"},"canonical":"https:\/\/aconteceunovale.com.br\/portal\/?p=177547","og_locale":"pt_BR","og_type":"article","og_title":"Sebrae oferece vaga de Analista T\u00e9cnico em Guanh\u00e3es - Aconteceu no Vale","og_description":"O Sebrae Minas est\u00e1 selecionando candidatos para o cargo de Analista T\u00e9cnico I. A vaga \u00e9 para a unidade de Guanh\u00e3es e o sal\u00e1rio \u00e9 de R$5.145,73 para uma jornada de 40 horas semanais. Interessados em participar do\u00a0processo seletivo\u00a0devem se inscrever\u00a0at\u00e9 a pr\u00f3xima sexta-feira (23\/4\/2021),\u00a0clicando aqui.\u00a0 Para participar, \u00e9 preciso atender a alguns requisitos, como [&hellip;]","og_url":"https:\/\/aconteceunovale.com.br\/portal\/?p=177547","og_site_name":"Aconteceu no Vale","article_publisher":"https:\/\/www.facebook.com\/aconteceunovale\/","article_published_time":"2021-04-20T15:17:20+00:00","article_modified_time":"2021-04-20T15:18:59+00:00","og_image":[{"width":678,"height":368,"url":"https:\/\/aconteceunovale.com.br\/portal\/wp-content\/uploads\/2021\/04\/processo_seletivo.jpg","type":"image\/jpeg"}],"author":"Reda\u00e7\u00e3o Aconteceu no Vale","twitter_card":"summary_large_image","twitter_creator":"@noticiadosvales","twitter_site":"@noticiadosvales","twitter_misc":{"Escrito por":"Reda\u00e7\u00e3o Aconteceu no Vale","Est. tempo de leitura":"1 minuto"},"schema":{"@context":"https:\/\/schema.org","@graph":[{"@type":"Article","@id":"https:\/\/aconteceunovale.com.br\/portal\/?p=177547#article","isPartOf":{"@id":"https:\/\/aconteceunovale.com.br\/portal\/?p=177547"},"author":{"name":"Reda\u00e7\u00e3o Aconteceu no Vale","@id":"https:\/\/aconteceunovale.com.br\/portal\/#\/schema\/person\/7d2f26d1483f8a63de73da1ee0754d35"},"headline":"Sebrae oferece vaga de Analista T\u00e9cnico em Guanh\u00e3es","datePublished":"2021-04-20T15:17:20+00:00","dateModified":"2021-04-20T15:18:59+00:00","mainEntityOfPage":{"@id":"https:\/\/aconteceunovale.com.br\/portal\/?p=177547"},"wordCount":307,"commentCount":0,"image":{"@id":"https:\/\/aconteceunovale.com.br\/portal\/?p=177547#primaryimage"},"thumbnailUrl":"https:\/\/aconteceunovale.com.br\/portal\/wp-content\/uploads\/2021\/04\/processo_seletivo.jpg","keywords":["Emprego em Guanh\u00e3es","Emprego no Sebrae em Guanh\u00e3es","Guanh\u00e3es","Oportunidade no Sebrae em Guanh\u00e3es","Processo seletivo Sebrae de Guanh\u00e3es","Sebrae Guanh\u00e3es","Sebrae oferece vaga de Analista T\u00e9cnico em Guanh\u00e3es","Vaga Analista T\u00e9cnico I do Sebrae Minas em Guanh\u00e3es","Vaga de emprego em Guanh\u00e3es","Vaga no Sebrae em Guanh\u00e3es"],"articleSection":["Empregos","Leste de Minas"],"inLanguage":"pt-BR","potentialAction":[{"@type":"CommentAction","name":"Comment","target":["https:\/\/aconteceunovale.com.br\/portal\/?p=177547#respond"]}]},{"@type":"WebPage","@id":"https:\/\/aconteceunovale.com.br\/portal\/?p=177547","url":"https:\/\/aconteceunovale.com.br\/portal\/?p=177547","name":"Sebrae oferece vaga de Analista T\u00e9cnico em Guanh\u00e3es - Aconteceu no Vale","isPartOf":{"@id":"https:\/\/aconteceunovale.com.br\/portal\/#website"},"primaryImageOfPage":{"@id":"https:\/\/aconteceunovale.com.br\/portal\/?p=177547#primaryimage"},"image":{"@id":"https:\/\/aconteceunovale.com.br\/portal\/?p=177547#primaryimage"},"thumbnailUrl":"https:\/\/aconteceunovale.com.br\/portal\/wp-content\/uploads\/2021\/04\/processo_seletivo.jpg","datePublished":"2021-04-20T15:17:20+00:00","dateModified":"2021-04-20T15:18:59+00:00","author":{"@id":"https:\/\/aconteceunovale.com.br\/portal\/#\/schema\/person\/7d2f26d1483f8a63de73da1ee0754d35"},"breadcrumb":{"@id":"https:\/\/aconteceunovale.com.br\/portal\/?p=177547#breadcrumb"},"inLanguage":"pt-BR","potentialAction":[{"@type":"ReadAction","target":["https:\/\/aconteceunovale.com.br\/portal\/?p=177547"]}]},{"@type":"ImageObject","inLanguage":"pt-BR","@id":"https:\/\/aconteceunovale.com.br\/portal\/?p=177547#primaryimage","url":"https:\/\/aconteceunovale.com.br\/portal\/wp-content\/uploads\/2021\/04\/processo_seletivo.jpg","contentUrl":"https:\/\/aconteceunovale.com.br\/portal\/wp-content\/uploads\/2021\/04\/processo_seletivo.jpg","width":678,"height":368},{"@type":"BreadcrumbList","@id":"https:\/\/aconteceunovale.com.br\/portal\/?p=177547#breadcrumb","itemListElement":[{"@type":"ListItem","position":1,"name":"In\u00edcio","item":"https:\/\/aconteceunovale.com.br\/portal\/"},{"@type":"ListItem","position":2,"name":"Sebrae oferece vaga de Analista T\u00e9cnico em Guanh\u00e3es"}]},{"@type":"WebSite","@id":"https:\/\/aconteceunovale.com.br\/portal\/#website","url":"https:\/\/aconteceunovale.com.br\/portal\/","name":"Aconteceu no Vale","description":"Portal de Not\u00edcias","potentialAction":[{"@type":"SearchAction","target":{"@type":"EntryPoint","urlTemplate":"https:\/\/aconteceunovale.com.br\/portal\/?s={search_term_string}"},"query-input":{"@type":"PropertyValueSpecification","valueRequired":true,"valueName":"search_term_string"}}],"inLanguage":"pt-BR"},{"@type":"Person","@id":"https:\/\/aconteceunovale.com.br\/portal\/#\/schema\/person\/7d2f26d1483f8a63de73da1ee0754d35","name":"Reda\u00e7\u00e3o Aconteceu no Vale","description":"Equipe de reportagem do Aconteceu no Vale, portal de not\u00edcias do Vale do Jequitinhonha, em Minas Gerais. Cobrimos as 51 cidades do Vale desde 2013. Sugest\u00f5es de pauta e pedidos de corre\u00e7\u00e3o: contato@aconteceunovale.com.br","url":"https:\/\/aconteceunovale.com.br\/portal\/?author=4"}]}},"_links":{"self":[{"href":"https:\/\/aconteceunovale.com.br\/portal\/index.php?rest_route=\/wp\/v2\/posts\/177547","targetHints":{"allow":["GET"]}}],"collection":[{"href":"https:\/\/aconteceunovale.com.br\/portal\/index.php?rest_route=\/wp\/v2\/posts"}],"about":[{"href":"https:\/\/aconteceunovale.com.br\/portal\/index.php?rest_route=\/wp\/v2\/types\/post"}],"author":[{"embeddable":true,"href":"https:\/\/aconteceunovale.com.br\/portal\/index.php?rest_route=\/wp\/v2\/users\/4"}],"replies":[{"embeddable":true,"href":"https:\/\/aconteceunovale.com.br\/portal\/index.php?rest_route=%2Fwp%2Fv2%2Fcomments&post=177547"}],"version-history":[{"count":1,"href":"https:\/\/aconteceunovale.com.br\/portal\/index.php?rest_route=\/wp\/v2\/posts\/177547\/revisions"}],"predecessor-version":[{"id":177549,"href":"https:\/\/aconteceunovale.com.br\/portal\/index.php?rest_route=\/wp\/v2\/posts\/177547\/revisions\/177549"}],"wp:featuredmedia":[{"embeddable":true,"href":"https:\/\/aconteceunovale.com.br\/portal\/index.php?rest_route=\/wp\/v2\/media\/177548"}],"wp:attachment":[{"href":"https:\/\/aconteceunovale.com.br\/portal\/index.php?rest_route=%2Fwp%2Fv2%2Fmedia&parent=177547"}],"wp:term":[{"taxonomy":"category","embeddable":true,"href":"https:\/\/aconteceunovale.com.br\/portal\/index.php?rest_route=%2Fwp%2Fv2%2Fcategories&post=177547"},{"taxonomy":"post_tag","embeddable":true,"href":"https:\/\/aconteceunovale.com.br\/portal\/index.php?rest_route=%2Fwp%2Fv2%2Ftags&post=177547"}],"curies":[{"name":"wp","href":"https:\/\/api.w.org\/{rel}","templated":true}]}}