{"id":177541,"date":"2021-04-19T23:33:04","date_gmt":"2021-04-20T02:33:04","guid":{"rendered":"https:\/\/aconteceunovale.com.br\/portal\/?p=177541"},"modified":"2021-04-19T23:34:48","modified_gmt":"2021-04-20T02:34:48","slug":"homem-e-preso-por-furtar-319-doses-de-vacina-contra-covid-19-em-montes-claros","status":"publish","type":"post","link":"https:\/\/aconteceunovale.com.br\/portal\/?p=177541","title":{"rendered":"Homem \u00e9 preso por furtar 319 doses de vacina contra Covid-19 em Montes Claros"},"content":{"rendered":"\n<p class=\"wp-block-paragraph\">Um homem foi preso por furtar 319 doses de vacinas contra Covid-19 de um posto de sa\u00fade em Montes Claros (MG). Segundo a Pol\u00edcia Militar, ele tinha a inten\u00e7\u00e3o de vend\u00ea-las e chegou a anunci\u00e1-las.<\/p>\n\n\n\n<figure class=\"wp-block-gallery columns-1 is-cropped wp-block-gallery-1 is-layout-flex wp-block-gallery-is-layout-flex\"><ul class=\"blocks-gallery-grid\"><li class=\"blocks-gallery-item\"><figure><img loading=\"lazy\" decoding=\"async\" width=\"678\" height=\"382\" src=\"https:\/\/aconteceunovale.com.br\/portal\/wp-content\/uploads\/2021\/04\/furto_vacina_moc_1.jpeg\" alt=\"\" data-id=\"177542\" data-full-url=\"https:\/\/aconteceunovale.com.br\/portal\/wp-content\/uploads\/2021\/04\/furto_vacina_moc_1.jpeg\" data-link=\"https:\/\/aconteceunovale.com.br\/portal\/?attachment_id=177542\" class=\"wp-image-177542\" srcset=\"https:\/\/aconteceunovale.com.br\/portal\/wp-content\/uploads\/2021\/04\/furto_vacina_moc_1.jpeg 678w, https:\/\/aconteceunovale.com.br\/portal\/wp-content\/uploads\/2021\/04\/furto_vacina_moc_1-300x169.jpeg 300w\" sizes=\"auto, (max-width: 678px) 100vw, 678px\" \/><figcaption class=\"blocks-gallery-item__caption\"><em>Foto: Pol\u00edcia Militar\/Divulga\u00e7\u00e3o<\/em><\/figcaption><\/figure><\/li><\/ul><\/figure>\n\n\n\n<p class=\"wp-block-paragraph\">A PM informou que foram subtra\u00eddos 29 frascos com dose \u00fanica e 29 frascos contendo 10 doses cada. Os \u00faltimos chegaram a ser oferecidos a R$ 350 no bairro onde o suspeito mora, que \u00e9 tamb\u00e9m o mesmo onde a unidade de sa\u00fade est\u00e1 localizada.<\/p>\n\n\n\n<p class=\"wp-block-paragraph\">Os imunizantes, que seriam aplicados em moradores de pelo menos quatro bairros, n\u00e3o poder\u00e3o ser mais utilizados. Se o munic\u00edpio acionar o Estado, a reposi\u00e7\u00e3o poder\u00e1 ser feita.<\/p>\n\n\n\n<p class=\"wp-block-paragraph\">O tenente Rafael Rabelo Versiane explica que as doses foram furtadas na madrugada do \u00faltimo s\u00e1bado (17). O alarme do posto de sa\u00fade foi acionado e a empresa que presta o servi\u00e7o de monitoramento foi ao local, mas n\u00e3o viu nada suspeito.<\/p>\n\n\n\n<p class=\"wp-block-paragraph\">\u201cHoje pela manh\u00e3, funcion\u00e1rios do posto de sa\u00fade conseguiram visualizar que havia desaparecido algumas doses de vacinas contra o coronav\u00edrus\u201d, completa.<\/p>\n\n\n\n<p class=\"wp-block-paragraph\">Imediatamente, a PM foi acionada e iniciou os levantamentos, que contaram com o apoio do Setor de Intelig\u00eancia. O homem foi encontrado enquanto andava pelas ruas do bairro. Ele afirmou que estava voltando do posto de sa\u00fade furtado, onde faz tratamento bucal.<\/p>\n\n\n\n<p class=\"wp-block-paragraph\">\u201cInicialmente ele negou a participa\u00e7\u00e3o, mas entrou muito em contradi\u00e7\u00e3o e, por final, assumiu ser o autor do furto.\u201d<\/p>\n\n\n\n<p class=\"wp-block-paragraph\">De acordo com informa\u00e7\u00f5es levantadas pela PM, sem conseguir vender as doses, ele jogou 29 frascos de dose \u00fanica em um lote. Ao ser questionado, falou que teve essa atitude depois de observar que cada recipiente tinha pouco conte\u00fado, suspeitando de que os frascos estavam violados, optou por descart\u00e1-los.<\/p>\n\n\n\n<p class=\"wp-block-paragraph\">\u201cComo n\u00e3o conseguiu comercializ\u00e1-las, no domingo (18), ele voltou e tornou a ingressar no posto de sa\u00fade, ingressou pulando o muro e depois uma porta que j\u00e1 tinha sido arrombada por ele de sexta para s\u00e1bado e colocou os 29 frascos, que correspondem a 290 doses, na geladeira de onde havia retirado.\u201d<\/p>\n\n\n\n<p class=\"wp-block-paragraph\">Segundo Rafael Rabelo Versiane, o homem tem 30 anos e possui 11 passagens pela pol\u00edcia, por furto, les\u00e3o corporal, tr\u00e1fico de drogas, roubo, entre outras.<\/p>\n\n\n\n<p class=\"wp-block-paragraph\">A PM acredita que ele agiu sozinho, mas outros levantamentos est\u00e3o sendo feitos para confirmar essa informa\u00e7\u00e3o.<\/p>\n\n\n\n<p class=\"wp-block-paragraph\">\u201cA resposta foi dada, foi r\u00e1pida e satisfat\u00f3ria. A Pol\u00edcia Militar est\u00e1 sempre vigilante e colabora diretamente com a entrega e escolta dessas doses\u201d, finalizou o tenente.<\/p>\n\n\n\n<h2 class=\"wp-block-heading\"><strong>Pol\u00edcia Federal formalizou a pris\u00e3o<\/strong><\/h2>\n\n\n\n<p class=\"wp-block-paragraph\">A Pol\u00edcia Federal (PF) informou hoje (19) que formalizou a pris\u00e3o em flagrante do acusado. Ele vai responder pelo crime de furto qualificado.<\/p>\n\n\n\n<p class=\"wp-block-paragraph\">&#8212;&#8212;&#8212;&#8212;&#8212;&#8212;<br><em>Quer receber as not\u00edcias do <strong>Aconteceu no Vale<\/strong> em primeira m\u00e3o? Siga-nos no Facebook <a rel=\"noreferrer noopener\" href=\"http:\/\/facebook.com\/aconteceunovale\" target=\"_blank\">@aconteceunovale<\/a>, Twitter <a rel=\"noreferrer noopener\" href=\"https:\/\/twitter.com\/noticiadosvales\" target=\"_blank\">@noticiadosvales<\/a> e Instagram <a rel=\"noreferrer noopener\" href=\"https:\/\/www.instagram.com\/aconteceunovale\" target=\"_blank\">@aconteceunovale<\/a>.<\/em><\/p>\n","protected":false},"excerpt":{"rendered":"<p>Um homem foi preso por furtar 319 doses de vacinas contra Covid-19 de um posto de sa\u00fade em Montes Claros (MG). Segundo a Pol\u00edcia Militar, ele tinha a inten\u00e7\u00e3o de vend\u00ea-las e chegou a anunci\u00e1-las. A PM informou que foram subtra\u00eddos 29 frascos com dose \u00fanica e 29 frascos contendo 10 doses cada. Os \u00faltimos [&hellip;]<\/p>\n","protected":false},"author":4,"featured_media":177542,"comment_status":"open","ping_status":"closed","sticky":false,"template":"","format":"standard","meta":{"amp_status":"","footnotes":""},"categories":[1236,40242],"tags":[214884,216498,1018,243671,243667,243665,210,140166,238584,243672,243673,243670,243666,243674,243668,243669],"class_list":["post-177541","post","type-post","status-publish","format-standard","has-post-thumbnail","hentry","category-norte_de_minas","category-saude-2","tag-coronavirus","tag-covid-19","tag-destaque","tag-furto-de-vacinas-de-posto-de-saude-em-montes-claros","tag-furto-de-vacinas-em-montes-claros","tag-homem-e-preso-por-furtar-319-doses-de-vacina-contra-covid-19-em-montes-claros","tag-montes-claros","tag-pandemia","tag-pf-montes-claros","tag-pm-montes-claros","tag-rafael-rabelo-versiane","tag-roubo-de-vacinas-de-posto-de-saude-em-montes-claros","tag-roubo-de-vacinas-em-montes-claros","tag-tenente-rafael-rabelo-versiane","tag-vacinas-furtadas-em-montes-claros","tag-vacinas-roubadas-em-montes-claros"],"yoast_head":"<!-- This site is optimized with the Yoast SEO plugin v28.3 - https:\/\/yoast.com\/product\/yoast-seo-wordpress\/ -->\n<title>Homem \u00e9 preso por furtar 319 doses de vacina contra Covid-19 em Montes Claros - Aconteceu no Vale<\/title>\n<meta name=\"robots\" content=\"index, follow, max-snippet:-1, max-image-preview:large, max-video-preview:-1\" \/>\n<link rel=\"canonical\" href=\"https:\/\/aconteceunovale.com.br\/portal\/?p=177541\" \/>\n<meta property=\"og:locale\" content=\"pt_BR\" \/>\n<meta property=\"og:type\" content=\"article\" \/>\n<meta property=\"og:title\" content=\"Homem \u00e9 preso por furtar 319 doses de vacina contra Covid-19 em Montes Claros - Aconteceu no Vale\" \/>\n<meta property=\"og:description\" content=\"Um homem foi preso por furtar 319 doses de vacinas contra Covid-19 de um posto de sa\u00fade em Montes Claros (MG). Segundo a Pol\u00edcia Militar, ele tinha a inten\u00e7\u00e3o de vend\u00ea-las e chegou a anunci\u00e1-las. A PM informou que foram subtra\u00eddos 29 frascos com dose \u00fanica e 29 frascos contendo 10 doses cada. Os \u00faltimos [&hellip;]\" \/>\n<meta property=\"og:url\" content=\"https:\/\/aconteceunovale.com.br\/portal\/?p=177541\" \/>\n<meta property=\"og:site_name\" content=\"Aconteceu no Vale\" \/>\n<meta property=\"article:publisher\" content=\"https:\/\/www.facebook.com\/aconteceunovale\/\" \/>\n<meta property=\"article:published_time\" content=\"2021-04-20T02:33:04+00:00\" \/>\n<meta property=\"article:modified_time\" content=\"2021-04-20T02:34:48+00:00\" \/>\n<meta property=\"og:image\" content=\"https:\/\/aconteceunovale.com.br\/portal\/wp-content\/uploads\/2021\/04\/furto_vacina_moc_1.jpeg\" \/>\n\t<meta property=\"og:image:width\" content=\"678\" \/>\n\t<meta property=\"og:image:height\" content=\"382\" \/>\n\t<meta property=\"og:image:type\" content=\"image\/jpeg\" \/>\n<meta name=\"author\" content=\"Reda\u00e7\u00e3o Aconteceu no Vale\" \/>\n<meta name=\"twitter:card\" content=\"summary_large_image\" \/>\n<meta name=\"twitter:creator\" content=\"@noticiadosvales\" \/>\n<meta name=\"twitter:site\" content=\"@noticiadosvales\" \/>\n<meta name=\"twitter:label1\" content=\"Escrito por\" \/>\n\t<meta name=\"twitter:data1\" content=\"Reda\u00e7\u00e3o Aconteceu no Vale\" \/>\n\t<meta name=\"twitter:label2\" content=\"Est. tempo de leitura\" \/>\n\t<meta name=\"twitter:data2\" content=\"2 minutos\" \/>\n<script type=\"application\/ld+json\" class=\"yoast-schema-graph\">{\"@context\":\"https:\\\/\\\/schema.org\",\"@graph\":[{\"@type\":\"Article\",\"@id\":\"https:\\\/\\\/aconteceunovale.com.br\\\/portal\\\/?p=177541#article\",\"isPartOf\":{\"@id\":\"https:\\\/\\\/aconteceunovale.com.br\\\/portal\\\/?p=177541\"},\"author\":{\"name\":\"Reda\u00e7\u00e3o Aconteceu no Vale\",\"@id\":\"https:\\\/\\\/aconteceunovale.com.br\\\/portal\\\/#\\\/schema\\\/person\\\/7d2f26d1483f8a63de73da1ee0754d35\"},\"headline\":\"Homem \u00e9 preso por furtar 319 doses de vacina contra Covid-19 em Montes Claros\",\"datePublished\":\"2021-04-20T02:33:04+00:00\",\"dateModified\":\"2021-04-20T02:34:48+00:00\",\"mainEntityOfPage\":{\"@id\":\"https:\\\/\\\/aconteceunovale.com.br\\\/portal\\\/?p=177541\"},\"wordCount\":499,\"commentCount\":0,\"image\":{\"@id\":\"https:\\\/\\\/aconteceunovale.com.br\\\/portal\\\/?p=177541#primaryimage\"},\"thumbnailUrl\":\"https:\\\/\\\/aconteceunovale.com.br\\\/portal\\\/wp-content\\\/uploads\\\/2021\\\/04\\\/furto_vacina_moc_1.jpeg\",\"keywords\":[\"Coronav\u00edrus\",\"COVID-19\",\"destaque\",\"Furto de vacinas de posto de sa\u00fade em Montes Claros\",\"Furto de vacinas em Montes Claros\",\"Homem \u00e9 preso por furtar 319 doses de vacina contra Covid-19 em Montes Claros\",\"Montes Claros\",\"pandemia\",\"PF Montes Claros\",\"PM Montes Claros\",\"Rafael Rabelo Versiane\",\"Roubo de vacinas de posto de sa\u00fade em Montes Claros\",\"Roubo de vacinas em Montes Claros\",\"Tenente Rafael Rabelo Versiane\",\"Vacinas furtadas em Montes Claros\",\"Vacinas roubadas em Montes Claros\"],\"articleSection\":[\"Norte de Minas\",\"Sa\u00fade\"],\"inLanguage\":\"pt-BR\",\"potentialAction\":[{\"@type\":\"CommentAction\",\"name\":\"Comment\",\"target\":[\"https:\\\/\\\/aconteceunovale.com.br\\\/portal\\\/?p=177541#respond\"]}]},{\"@type\":\"WebPage\",\"@id\":\"https:\\\/\\\/aconteceunovale.com.br\\\/portal\\\/?p=177541\",\"url\":\"https:\\\/\\\/aconteceunovale.com.br\\\/portal\\\/?p=177541\",\"name\":\"Homem \u00e9 preso por furtar 319 doses de vacina contra Covid-19 em Montes Claros - Aconteceu no Vale\",\"isPartOf\":{\"@id\":\"https:\\\/\\\/aconteceunovale.com.br\\\/portal\\\/#website\"},\"primaryImageOfPage\":{\"@id\":\"https:\\\/\\\/aconteceunovale.com.br\\\/portal\\\/?p=177541#primaryimage\"},\"image\":{\"@id\":\"https:\\\/\\\/aconteceunovale.com.br\\\/portal\\\/?p=177541#primaryimage\"},\"thumbnailUrl\":\"https:\\\/\\\/aconteceunovale.com.br\\\/portal\\\/wp-content\\\/uploads\\\/2021\\\/04\\\/furto_vacina_moc_1.jpeg\",\"datePublished\":\"2021-04-20T02:33:04+00:00\",\"dateModified\":\"2021-04-20T02:34:48+00:00\",\"author\":{\"@id\":\"https:\\\/\\\/aconteceunovale.com.br\\\/portal\\\/#\\\/schema\\\/person\\\/7d2f26d1483f8a63de73da1ee0754d35\"},\"breadcrumb\":{\"@id\":\"https:\\\/\\\/aconteceunovale.com.br\\\/portal\\\/?p=177541#breadcrumb\"},\"inLanguage\":\"pt-BR\",\"potentialAction\":[{\"@type\":\"ReadAction\",\"target\":[\"https:\\\/\\\/aconteceunovale.com.br\\\/portal\\\/?p=177541\"]}]},{\"@type\":\"ImageObject\",\"inLanguage\":\"pt-BR\",\"@id\":\"https:\\\/\\\/aconteceunovale.com.br\\\/portal\\\/?p=177541#primaryimage\",\"url\":\"https:\\\/\\\/aconteceunovale.com.br\\\/portal\\\/wp-content\\\/uploads\\\/2021\\\/04\\\/furto_vacina_moc_1.jpeg\",\"contentUrl\":\"https:\\\/\\\/aconteceunovale.com.br\\\/portal\\\/wp-content\\\/uploads\\\/2021\\\/04\\\/furto_vacina_moc_1.jpeg\",\"width\":678,\"height\":382},{\"@type\":\"BreadcrumbList\",\"@id\":\"https:\\\/\\\/aconteceunovale.com.br\\\/portal\\\/?p=177541#breadcrumb\",\"itemListElement\":[{\"@type\":\"ListItem\",\"position\":1,\"name\":\"In\u00edcio\",\"item\":\"https:\\\/\\\/aconteceunovale.com.br\\\/portal\\\/\"},{\"@type\":\"ListItem\",\"position\":2,\"name\":\"Homem \u00e9 preso por furtar 319 doses de vacina contra Covid-19 em Montes Claros\"}]},{\"@type\":\"WebSite\",\"@id\":\"https:\\\/\\\/aconteceunovale.com.br\\\/portal\\\/#website\",\"url\":\"https:\\\/\\\/aconteceunovale.com.br\\\/portal\\\/\",\"name\":\"Aconteceu no Vale\",\"description\":\"Portal de Not\u00edcias\",\"potentialAction\":[{\"@type\":\"SearchAction\",\"target\":{\"@type\":\"EntryPoint\",\"urlTemplate\":\"https:\\\/\\\/aconteceunovale.com.br\\\/portal\\\/?s={search_term_string}\"},\"query-input\":{\"@type\":\"PropertyValueSpecification\",\"valueRequired\":true,\"valueName\":\"search_term_string\"}}],\"inLanguage\":\"pt-BR\"},{\"@type\":\"Person\",\"@id\":\"https:\\\/\\\/aconteceunovale.com.br\\\/portal\\\/#\\\/schema\\\/person\\\/7d2f26d1483f8a63de73da1ee0754d35\",\"name\":\"Reda\u00e7\u00e3o Aconteceu no Vale\",\"description\":\"Equipe de reportagem do Aconteceu no Vale, portal de not\u00edcias do Vale do Jequitinhonha, em Minas Gerais. Cobrimos as 51 cidades do Vale desde 2013. Sugest\u00f5es de pauta e pedidos de corre\u00e7\u00e3o: contato@aconteceunovale.com.br\",\"url\":\"https:\\\/\\\/aconteceunovale.com.br\\\/portal\\\/?author=4\"}]}<\/script>\n<!-- \/ Yoast SEO plugin. -->","yoast_head_json":{"title":"Homem \u00e9 preso por furtar 319 doses de vacina contra Covid-19 em Montes Claros - Aconteceu no Vale","robots":{"index":"index","follow":"follow","max-snippet":"max-snippet:-1","max-image-preview":"max-image-preview:large","max-video-preview":"max-video-preview:-1"},"canonical":"https:\/\/aconteceunovale.com.br\/portal\/?p=177541","og_locale":"pt_BR","og_type":"article","og_title":"Homem \u00e9 preso por furtar 319 doses de vacina contra Covid-19 em Montes Claros - Aconteceu no Vale","og_description":"Um homem foi preso por furtar 319 doses de vacinas contra Covid-19 de um posto de sa\u00fade em Montes Claros (MG). Segundo a Pol\u00edcia Militar, ele tinha a inten\u00e7\u00e3o de vend\u00ea-las e chegou a anunci\u00e1-las. A PM informou que foram subtra\u00eddos 29 frascos com dose \u00fanica e 29 frascos contendo 10 doses cada. Os \u00faltimos [&hellip;]","og_url":"https:\/\/aconteceunovale.com.br\/portal\/?p=177541","og_site_name":"Aconteceu no Vale","article_publisher":"https:\/\/www.facebook.com\/aconteceunovale\/","article_published_time":"2021-04-20T02:33:04+00:00","article_modified_time":"2021-04-20T02:34:48+00:00","og_image":[{"width":678,"height":382,"url":"https:\/\/aconteceunovale.com.br\/portal\/wp-content\/uploads\/2021\/04\/furto_vacina_moc_1.jpeg","type":"image\/jpeg"}],"author":"Reda\u00e7\u00e3o Aconteceu no Vale","twitter_card":"summary_large_image","twitter_creator":"@noticiadosvales","twitter_site":"@noticiadosvales","twitter_misc":{"Escrito por":"Reda\u00e7\u00e3o Aconteceu no Vale","Est. tempo de leitura":"2 minutos"},"schema":{"@context":"https:\/\/schema.org","@graph":[{"@type":"Article","@id":"https:\/\/aconteceunovale.com.br\/portal\/?p=177541#article","isPartOf":{"@id":"https:\/\/aconteceunovale.com.br\/portal\/?p=177541"},"author":{"name":"Reda\u00e7\u00e3o Aconteceu no Vale","@id":"https:\/\/aconteceunovale.com.br\/portal\/#\/schema\/person\/7d2f26d1483f8a63de73da1ee0754d35"},"headline":"Homem \u00e9 preso por furtar 319 doses de vacina contra Covid-19 em Montes Claros","datePublished":"2021-04-20T02:33:04+00:00","dateModified":"2021-04-20T02:34:48+00:00","mainEntityOfPage":{"@id":"https:\/\/aconteceunovale.com.br\/portal\/?p=177541"},"wordCount":499,"commentCount":0,"image":{"@id":"https:\/\/aconteceunovale.com.br\/portal\/?p=177541#primaryimage"},"thumbnailUrl":"https:\/\/aconteceunovale.com.br\/portal\/wp-content\/uploads\/2021\/04\/furto_vacina_moc_1.jpeg","keywords":["Coronav\u00edrus","COVID-19","destaque","Furto de vacinas de posto de sa\u00fade em Montes Claros","Furto de vacinas em Montes Claros","Homem \u00e9 preso por furtar 319 doses de vacina contra Covid-19 em Montes Claros","Montes Claros","pandemia","PF Montes Claros","PM Montes Claros","Rafael Rabelo Versiane","Roubo de vacinas de posto de sa\u00fade em Montes Claros","Roubo de vacinas em Montes Claros","Tenente Rafael Rabelo Versiane","Vacinas furtadas em Montes Claros","Vacinas roubadas em Montes Claros"],"articleSection":["Norte de Minas","Sa\u00fade"],"inLanguage":"pt-BR","potentialAction":[{"@type":"CommentAction","name":"Comment","target":["https:\/\/aconteceunovale.com.br\/portal\/?p=177541#respond"]}]},{"@type":"WebPage","@id":"https:\/\/aconteceunovale.com.br\/portal\/?p=177541","url":"https:\/\/aconteceunovale.com.br\/portal\/?p=177541","name":"Homem \u00e9 preso por furtar 319 doses de vacina contra Covid-19 em Montes Claros - Aconteceu no Vale","isPartOf":{"@id":"https:\/\/aconteceunovale.com.br\/portal\/#website"},"primaryImageOfPage":{"@id":"https:\/\/aconteceunovale.com.br\/portal\/?p=177541#primaryimage"},"image":{"@id":"https:\/\/aconteceunovale.com.br\/portal\/?p=177541#primaryimage"},"thumbnailUrl":"https:\/\/aconteceunovale.com.br\/portal\/wp-content\/uploads\/2021\/04\/furto_vacina_moc_1.jpeg","datePublished":"2021-04-20T02:33:04+00:00","dateModified":"2021-04-20T02:34:48+00:00","author":{"@id":"https:\/\/aconteceunovale.com.br\/portal\/#\/schema\/person\/7d2f26d1483f8a63de73da1ee0754d35"},"breadcrumb":{"@id":"https:\/\/aconteceunovale.com.br\/portal\/?p=177541#breadcrumb"},"inLanguage":"pt-BR","potentialAction":[{"@type":"ReadAction","target":["https:\/\/aconteceunovale.com.br\/portal\/?p=177541"]}]},{"@type":"ImageObject","inLanguage":"pt-BR","@id":"https:\/\/aconteceunovale.com.br\/portal\/?p=177541#primaryimage","url":"https:\/\/aconteceunovale.com.br\/portal\/wp-content\/uploads\/2021\/04\/furto_vacina_moc_1.jpeg","contentUrl":"https:\/\/aconteceunovale.com.br\/portal\/wp-content\/uploads\/2021\/04\/furto_vacina_moc_1.jpeg","width":678,"height":382},{"@type":"BreadcrumbList","@id":"https:\/\/aconteceunovale.com.br\/portal\/?p=177541#breadcrumb","itemListElement":[{"@type":"ListItem","position":1,"name":"In\u00edcio","item":"https:\/\/aconteceunovale.com.br\/portal\/"},{"@type":"ListItem","position":2,"name":"Homem \u00e9 preso por furtar 319 doses de vacina contra Covid-19 em Montes Claros"}]},{"@type":"WebSite","@id":"https:\/\/aconteceunovale.com.br\/portal\/#website","url":"https:\/\/aconteceunovale.com.br\/portal\/","name":"Aconteceu no Vale","description":"Portal de Not\u00edcias","potentialAction":[{"@type":"SearchAction","target":{"@type":"EntryPoint","urlTemplate":"https:\/\/aconteceunovale.com.br\/portal\/?s={search_term_string}"},"query-input":{"@type":"PropertyValueSpecification","valueRequired":true,"valueName":"search_term_string"}}],"inLanguage":"pt-BR"},{"@type":"Person","@id":"https:\/\/aconteceunovale.com.br\/portal\/#\/schema\/person\/7d2f26d1483f8a63de73da1ee0754d35","name":"Reda\u00e7\u00e3o Aconteceu no Vale","description":"Equipe de reportagem do Aconteceu no Vale, portal de not\u00edcias do Vale do Jequitinhonha, em Minas Gerais. Cobrimos as 51 cidades do Vale desde 2013. Sugest\u00f5es de pauta e pedidos de corre\u00e7\u00e3o: contato@aconteceunovale.com.br","url":"https:\/\/aconteceunovale.com.br\/portal\/?author=4"}]}},"_links":{"self":[{"href":"https:\/\/aconteceunovale.com.br\/portal\/index.php?rest_route=\/wp\/v2\/posts\/177541","targetHints":{"allow":["GET"]}}],"collection":[{"href":"https:\/\/aconteceunovale.com.br\/portal\/index.php?rest_route=\/wp\/v2\/posts"}],"about":[{"href":"https:\/\/aconteceunovale.com.br\/portal\/index.php?rest_route=\/wp\/v2\/types\/post"}],"author":[{"embeddable":true,"href":"https:\/\/aconteceunovale.com.br\/portal\/index.php?rest_route=\/wp\/v2\/users\/4"}],"replies":[{"embeddable":true,"href":"https:\/\/aconteceunovale.com.br\/portal\/index.php?rest_route=%2Fwp%2Fv2%2Fcomments&post=177541"}],"version-history":[{"count":1,"href":"https:\/\/aconteceunovale.com.br\/portal\/index.php?rest_route=\/wp\/v2\/posts\/177541\/revisions"}],"predecessor-version":[{"id":177543,"href":"https:\/\/aconteceunovale.com.br\/portal\/index.php?rest_route=\/wp\/v2\/posts\/177541\/revisions\/177543"}],"wp:featuredmedia":[{"embeddable":true,"href":"https:\/\/aconteceunovale.com.br\/portal\/index.php?rest_route=\/wp\/v2\/media\/177542"}],"wp:attachment":[{"href":"https:\/\/aconteceunovale.com.br\/portal\/index.php?rest_route=%2Fwp%2Fv2%2Fmedia&parent=177541"}],"wp:term":[{"taxonomy":"category","embeddable":true,"href":"https:\/\/aconteceunovale.com.br\/portal\/index.php?rest_route=%2Fwp%2Fv2%2Fcategories&post=177541"},{"taxonomy":"post_tag","embeddable":true,"href":"https:\/\/aconteceunovale.com.br\/portal\/index.php?rest_route=%2Fwp%2Fv2%2Ftags&post=177541"}],"curies":[{"name":"wp","href":"https:\/\/api.w.org\/{rel}","templated":true}]}}