{"id":177537,"date":"2021-04-19T22:29:07","date_gmt":"2021-04-20T01:29:07","guid":{"rendered":"https:\/\/aconteceunovale.com.br\/portal\/?p=177537"},"modified":"2021-04-19T22:31:01","modified_gmt":"2021-04-20T01:31:01","slug":"homem-e-detido-por-importunacao-sexual-contra-adolescente-em-onibus-que-seguia-de-brasilia-para-governador-valadares","status":"publish","type":"post","link":"https:\/\/aconteceunovale.com.br\/portal\/?p=177537","title":{"rendered":"Homem \u00e9 detido por importuna\u00e7\u00e3o sexual contra adolescente em \u00f4nibus que seguia de Bras\u00edlia para Governador Valadares"},"content":{"rendered":"\n<p class=\"wp-block-paragraph\">A Pol\u00edcia Rodovi\u00e1ria Federal (PRF)\u00a0deteve, na \u00faltima quinta-feira (15\/4\/2021), um homem suspeito de importunar sexualmente uma adolescente de 16 anos durante uma viagem.\u00a0A equipe PRF foi acionada no quil\u00f4metro 282 da BR-040, em Tr\u00eas Marias (MG), para averiguar den\u00fancia do crime cometido em um \u00f4nibus que seguia de Bras\u00edlia (DF) para Governador Valadares (MG).<\/p>\n\n\n\n<figure class=\"wp-block-gallery columns-1 is-cropped wp-block-gallery-1 is-layout-flex wp-block-gallery-is-layout-flex\"><ul class=\"blocks-gallery-grid\"><li class=\"blocks-gallery-item\"><figure><img loading=\"lazy\" decoding=\"async\" width=\"678\" height=\"381\" src=\"https:\/\/aconteceunovale.com.br\/portal\/wp-content\/uploads\/2021\/04\/prf_tres_marias.jpeg\" alt=\"\" data-id=\"177538\" data-full-url=\"https:\/\/aconteceunovale.com.br\/portal\/wp-content\/uploads\/2021\/04\/prf_tres_marias.jpeg\" data-link=\"https:\/\/aconteceunovale.com.br\/portal\/?attachment_id=177538\" class=\"wp-image-177538\" srcset=\"https:\/\/aconteceunovale.com.br\/portal\/wp-content\/uploads\/2021\/04\/prf_tres_marias.jpeg 678w, https:\/\/aconteceunovale.com.br\/portal\/wp-content\/uploads\/2021\/04\/prf_tres_marias-300x169.jpeg 300w\" sizes=\"auto, (max-width: 678px) 100vw, 678px\" \/><figcaption class=\"blocks-gallery-item__caption\"><em>Foto: Divulga\u00e7\u00e3o \/ PRF-MG<\/em><\/figcaption><\/figure><\/li><\/ul><\/figure>\n\n\n\n<p class=\"wp-block-paragraph\">Segundo a v\u00edtima, que viajava sozinha, ap\u00f3s o \u00f4nibus passar por Paracatu (MG), um homem, de 42 anos, sentou-se na poltrona ao seu lado e come\u00e7ou a puxar conversa.<\/p>\n\n\n\n<p class=\"wp-block-paragraph\">Ainda de acordo com o relato da v\u00edtima, ela e o suspeito n\u00e3o conversaram sobre intimidades, e, ap\u00f3s algum tempo, ela adormeceu e acordou com a m\u00e3o do suspeito dentro de suas cal\u00e7as. Imediatamente a adolescente pediu ajuda aos demais passageiros, que informaram o motorista e, ent\u00e3o, acionaram a PRF de Tr\u00eas Marias (MG).<\/p>\n\n\n\n<p class=\"wp-block-paragraph\">Diante dos fatos, a equipe PRF acionou o Conselho Tutelar para prote\u00e7\u00e3o da v\u00edtima. A ocorr\u00eancia foi encaminhada \u00e0 Pol\u00edcia Civil de Curvelo (MG), onde o suspeito ficou \u00e0 disposi\u00e7\u00e3o da Justi\u00e7a.<\/p>\n\n\n\n<p class=\"wp-block-paragraph\">&#8212;&#8212;&#8212;&#8212;&#8212;&#8212;<br><em>Quer receber as not\u00edcias do <strong>Aconteceu no Vale<\/strong> em primeira m\u00e3o? Siga-nos no Facebook <a rel=\"noreferrer noopener\" href=\"http:\/\/facebook.com\/aconteceunovale\" target=\"_blank\">@aconteceunovale<\/a>, Twitter <a rel=\"noreferrer noopener\" href=\"https:\/\/twitter.com\/noticiadosvales\" target=\"_blank\">@noticiadosvales<\/a> e Instagram <a rel=\"noreferrer noopener\" href=\"https:\/\/www.instagram.com\/aconteceunovale\" target=\"_blank\">@aconteceunovale<\/a>.<\/em><\/p>\n","protected":false},"excerpt":{"rendered":"<p>A Pol\u00edcia Rodovi\u00e1ria Federal (PRF)\u00a0deteve, na \u00faltima quinta-feira (15\/4\/2021), um homem suspeito de importunar sexualmente uma adolescente de 16 anos durante uma viagem.\u00a0A equipe PRF foi acionada no quil\u00f4metro 282 da BR-040, em Tr\u00eas Marias (MG), para averiguar den\u00fancia do crime cometido em um \u00f4nibus que seguia de Bras\u00edlia (DF) para Governador Valadares (MG). Segundo [&hellip;]<\/p>\n","protected":false},"author":4,"featured_media":177538,"comment_status":"open","ping_status":"closed","sticky":false,"template":"","format":"standard","meta":{"amp_status":"","footnotes":""},"categories":[121,123],"tags":[4606,197,247,243661,243664,243663,35564,212,243662,1533],"class_list":["post-177537","post","type-post","status-publish","format-standard","has-post-thumbnail","hentry","category-leste","category-gerais","tag-brasilia","tag-curvelo","tag-governador-valadares","tag-homem-e-detido-por-importunacao-sexual-contra-adolescente-em-onibus-que-seguia-de-brasilia-para-governador-valadares","tag-importunacao-em-onibus-da-nacional-que-seguia-de-brasilia-para-governador-valadares","tag-importunacao-em-onibus-que-seguia-de-brasilia-para-governador-valadares","tag-nacional","tag-paracatu","tag-prf-de-tres-marias","tag-tres-marias"],"yoast_head":"<!-- This site is optimized with the Yoast SEO plugin v28.3 - https:\/\/yoast.com\/product\/yoast-seo-wordpress\/ -->\n<title>Homem \u00e9 detido por importuna\u00e7\u00e3o sexual contra adolescente em \u00f4nibus que seguia de Bras\u00edlia para Governador Valadares - Aconteceu no Vale<\/title>\n<meta name=\"robots\" content=\"index, follow, max-snippet:-1, max-image-preview:large, max-video-preview:-1\" \/>\n<link rel=\"canonical\" href=\"https:\/\/aconteceunovale.com.br\/portal\/?p=177537\" \/>\n<meta property=\"og:locale\" content=\"pt_BR\" \/>\n<meta property=\"og:type\" content=\"article\" \/>\n<meta property=\"og:title\" content=\"Homem \u00e9 detido por importuna\u00e7\u00e3o sexual contra adolescente em \u00f4nibus que seguia de Bras\u00edlia para Governador Valadares - Aconteceu no Vale\" \/>\n<meta property=\"og:description\" content=\"A Pol\u00edcia Rodovi\u00e1ria Federal (PRF)\u00a0deteve, na \u00faltima quinta-feira (15\/4\/2021), um homem suspeito de importunar sexualmente uma adolescente de 16 anos durante uma viagem.\u00a0A equipe PRF foi acionada no quil\u00f4metro 282 da BR-040, em Tr\u00eas Marias (MG), para averiguar den\u00fancia do crime cometido em um \u00f4nibus que seguia de Bras\u00edlia (DF) para Governador Valadares (MG). Segundo [&hellip;]\" \/>\n<meta property=\"og:url\" content=\"https:\/\/aconteceunovale.com.br\/portal\/?p=177537\" \/>\n<meta property=\"og:site_name\" content=\"Aconteceu no Vale\" \/>\n<meta property=\"article:publisher\" content=\"https:\/\/www.facebook.com\/aconteceunovale\/\" \/>\n<meta property=\"article:published_time\" content=\"2021-04-20T01:29:07+00:00\" \/>\n<meta property=\"article:modified_time\" content=\"2021-04-20T01:31:01+00:00\" \/>\n<meta property=\"og:image\" content=\"https:\/\/aconteceunovale.com.br\/portal\/wp-content\/uploads\/2021\/04\/prf_tres_marias.jpeg\" \/>\n\t<meta property=\"og:image:width\" content=\"678\" \/>\n\t<meta property=\"og:image:height\" content=\"381\" \/>\n\t<meta property=\"og:image:type\" content=\"image\/jpeg\" \/>\n<meta name=\"author\" content=\"Reda\u00e7\u00e3o Aconteceu no Vale\" \/>\n<meta name=\"twitter:card\" content=\"summary_large_image\" \/>\n<meta name=\"twitter:creator\" content=\"@noticiadosvales\" \/>\n<meta name=\"twitter:site\" content=\"@noticiadosvales\" \/>\n<meta name=\"twitter:label1\" content=\"Escrito por\" \/>\n\t<meta name=\"twitter:data1\" content=\"Reda\u00e7\u00e3o Aconteceu no Vale\" \/>\n\t<meta name=\"twitter:label2\" content=\"Est. tempo de leitura\" \/>\n\t<meta name=\"twitter:data2\" content=\"1 minuto\" \/>\n<script type=\"application\/ld+json\" class=\"yoast-schema-graph\">{\"@context\":\"https:\\\/\\\/schema.org\",\"@graph\":[{\"@type\":\"Article\",\"@id\":\"https:\\\/\\\/aconteceunovale.com.br\\\/portal\\\/?p=177537#article\",\"isPartOf\":{\"@id\":\"https:\\\/\\\/aconteceunovale.com.br\\\/portal\\\/?p=177537\"},\"author\":{\"name\":\"Reda\u00e7\u00e3o Aconteceu no Vale\",\"@id\":\"https:\\\/\\\/aconteceunovale.com.br\\\/portal\\\/#\\\/schema\\\/person\\\/7d2f26d1483f8a63de73da1ee0754d35\"},\"headline\":\"Homem \u00e9 detido por importuna\u00e7\u00e3o sexual contra adolescente em \u00f4nibus que seguia de Bras\u00edlia para Governador Valadares\",\"datePublished\":\"2021-04-20T01:29:07+00:00\",\"dateModified\":\"2021-04-20T01:31:01+00:00\",\"mainEntityOfPage\":{\"@id\":\"https:\\\/\\\/aconteceunovale.com.br\\\/portal\\\/?p=177537\"},\"wordCount\":232,\"commentCount\":0,\"image\":{\"@id\":\"https:\\\/\\\/aconteceunovale.com.br\\\/portal\\\/?p=177537#primaryimage\"},\"thumbnailUrl\":\"https:\\\/\\\/aconteceunovale.com.br\\\/portal\\\/wp-content\\\/uploads\\\/2021\\\/04\\\/prf_tres_marias.jpeg\",\"keywords\":[\"Bras\u00edlia\",\"Curvelo\",\"Governador Valadares\",\"Homem \u00e9 detido por importuna\u00e7\u00e3o sexual contra adolescente em \u00f4nibus que seguia de Bras\u00edlia para Governador Valadares\",\"Importuna\u00e7\u00e3o em \u00f4nibus da Nacional que seguia de Bras\u00edlia para Governador Valadares\",\"Importuna\u00e7\u00e3o em \u00f4nibus que seguia de Bras\u00edlia para Governador Valadares\",\"Nacional\",\"Paracatu\",\"PRF de Tr\u00eas Marias\",\"Tr\u00eas Marias\"],\"articleSection\":[\"Leste de Minas\",\"Minas Gerais\"],\"inLanguage\":\"pt-BR\",\"potentialAction\":[{\"@type\":\"CommentAction\",\"name\":\"Comment\",\"target\":[\"https:\\\/\\\/aconteceunovale.com.br\\\/portal\\\/?p=177537#respond\"]}]},{\"@type\":\"WebPage\",\"@id\":\"https:\\\/\\\/aconteceunovale.com.br\\\/portal\\\/?p=177537\",\"url\":\"https:\\\/\\\/aconteceunovale.com.br\\\/portal\\\/?p=177537\",\"name\":\"Homem \u00e9 detido por importuna\u00e7\u00e3o sexual contra adolescente em \u00f4nibus que seguia de Bras\u00edlia para Governador Valadares - Aconteceu no Vale\",\"isPartOf\":{\"@id\":\"https:\\\/\\\/aconteceunovale.com.br\\\/portal\\\/#website\"},\"primaryImageOfPage\":{\"@id\":\"https:\\\/\\\/aconteceunovale.com.br\\\/portal\\\/?p=177537#primaryimage\"},\"image\":{\"@id\":\"https:\\\/\\\/aconteceunovale.com.br\\\/portal\\\/?p=177537#primaryimage\"},\"thumbnailUrl\":\"https:\\\/\\\/aconteceunovale.com.br\\\/portal\\\/wp-content\\\/uploads\\\/2021\\\/04\\\/prf_tres_marias.jpeg\",\"datePublished\":\"2021-04-20T01:29:07+00:00\",\"dateModified\":\"2021-04-20T01:31:01+00:00\",\"author\":{\"@id\":\"https:\\\/\\\/aconteceunovale.com.br\\\/portal\\\/#\\\/schema\\\/person\\\/7d2f26d1483f8a63de73da1ee0754d35\"},\"breadcrumb\":{\"@id\":\"https:\\\/\\\/aconteceunovale.com.br\\\/portal\\\/?p=177537#breadcrumb\"},\"inLanguage\":\"pt-BR\",\"potentialAction\":[{\"@type\":\"ReadAction\",\"target\":[\"https:\\\/\\\/aconteceunovale.com.br\\\/portal\\\/?p=177537\"]}]},{\"@type\":\"ImageObject\",\"inLanguage\":\"pt-BR\",\"@id\":\"https:\\\/\\\/aconteceunovale.com.br\\\/portal\\\/?p=177537#primaryimage\",\"url\":\"https:\\\/\\\/aconteceunovale.com.br\\\/portal\\\/wp-content\\\/uploads\\\/2021\\\/04\\\/prf_tres_marias.jpeg\",\"contentUrl\":\"https:\\\/\\\/aconteceunovale.com.br\\\/portal\\\/wp-content\\\/uploads\\\/2021\\\/04\\\/prf_tres_marias.jpeg\",\"width\":678,\"height\":381},{\"@type\":\"BreadcrumbList\",\"@id\":\"https:\\\/\\\/aconteceunovale.com.br\\\/portal\\\/?p=177537#breadcrumb\",\"itemListElement\":[{\"@type\":\"ListItem\",\"position\":1,\"name\":\"In\u00edcio\",\"item\":\"https:\\\/\\\/aconteceunovale.com.br\\\/portal\\\/\"},{\"@type\":\"ListItem\",\"position\":2,\"name\":\"Homem \u00e9 detido por importuna\u00e7\u00e3o sexual contra adolescente em \u00f4nibus que seguia de Bras\u00edlia para Governador Valadares\"}]},{\"@type\":\"WebSite\",\"@id\":\"https:\\\/\\\/aconteceunovale.com.br\\\/portal\\\/#website\",\"url\":\"https:\\\/\\\/aconteceunovale.com.br\\\/portal\\\/\",\"name\":\"Aconteceu no Vale\",\"description\":\"Portal de Not\u00edcias\",\"potentialAction\":[{\"@type\":\"SearchAction\",\"target\":{\"@type\":\"EntryPoint\",\"urlTemplate\":\"https:\\\/\\\/aconteceunovale.com.br\\\/portal\\\/?s={search_term_string}\"},\"query-input\":{\"@type\":\"PropertyValueSpecification\",\"valueRequired\":true,\"valueName\":\"search_term_string\"}}],\"inLanguage\":\"pt-BR\"},{\"@type\":\"Person\",\"@id\":\"https:\\\/\\\/aconteceunovale.com.br\\\/portal\\\/#\\\/schema\\\/person\\\/7d2f26d1483f8a63de73da1ee0754d35\",\"name\":\"Reda\u00e7\u00e3o Aconteceu no Vale\",\"description\":\"Equipe de reportagem do Aconteceu no Vale, portal de not\u00edcias do Vale do Jequitinhonha, em Minas Gerais. Cobrimos as 51 cidades do Vale desde 2013. Sugest\u00f5es de pauta e pedidos de corre\u00e7\u00e3o: contato@aconteceunovale.com.br\",\"url\":\"https:\\\/\\\/aconteceunovale.com.br\\\/portal\\\/?author=4\"}]}<\/script>\n<!-- \/ Yoast SEO plugin. -->","yoast_head_json":{"title":"Homem \u00e9 detido por importuna\u00e7\u00e3o sexual contra adolescente em \u00f4nibus que seguia de Bras\u00edlia para Governador Valadares - Aconteceu no Vale","robots":{"index":"index","follow":"follow","max-snippet":"max-snippet:-1","max-image-preview":"max-image-preview:large","max-video-preview":"max-video-preview:-1"},"canonical":"https:\/\/aconteceunovale.com.br\/portal\/?p=177537","og_locale":"pt_BR","og_type":"article","og_title":"Homem \u00e9 detido por importuna\u00e7\u00e3o sexual contra adolescente em \u00f4nibus que seguia de Bras\u00edlia para Governador Valadares - Aconteceu no Vale","og_description":"A Pol\u00edcia Rodovi\u00e1ria Federal (PRF)\u00a0deteve, na \u00faltima quinta-feira (15\/4\/2021), um homem suspeito de importunar sexualmente uma adolescente de 16 anos durante uma viagem.\u00a0A equipe PRF foi acionada no quil\u00f4metro 282 da BR-040, em Tr\u00eas Marias (MG), para averiguar den\u00fancia do crime cometido em um \u00f4nibus que seguia de Bras\u00edlia (DF) para Governador Valadares (MG). Segundo [&hellip;]","og_url":"https:\/\/aconteceunovale.com.br\/portal\/?p=177537","og_site_name":"Aconteceu no Vale","article_publisher":"https:\/\/www.facebook.com\/aconteceunovale\/","article_published_time":"2021-04-20T01:29:07+00:00","article_modified_time":"2021-04-20T01:31:01+00:00","og_image":[{"width":678,"height":381,"url":"https:\/\/aconteceunovale.com.br\/portal\/wp-content\/uploads\/2021\/04\/prf_tres_marias.jpeg","type":"image\/jpeg"}],"author":"Reda\u00e7\u00e3o Aconteceu no Vale","twitter_card":"summary_large_image","twitter_creator":"@noticiadosvales","twitter_site":"@noticiadosvales","twitter_misc":{"Escrito por":"Reda\u00e7\u00e3o Aconteceu no Vale","Est. tempo de leitura":"1 minuto"},"schema":{"@context":"https:\/\/schema.org","@graph":[{"@type":"Article","@id":"https:\/\/aconteceunovale.com.br\/portal\/?p=177537#article","isPartOf":{"@id":"https:\/\/aconteceunovale.com.br\/portal\/?p=177537"},"author":{"name":"Reda\u00e7\u00e3o Aconteceu no Vale","@id":"https:\/\/aconteceunovale.com.br\/portal\/#\/schema\/person\/7d2f26d1483f8a63de73da1ee0754d35"},"headline":"Homem \u00e9 detido por importuna\u00e7\u00e3o sexual contra adolescente em \u00f4nibus que seguia de Bras\u00edlia para Governador Valadares","datePublished":"2021-04-20T01:29:07+00:00","dateModified":"2021-04-20T01:31:01+00:00","mainEntityOfPage":{"@id":"https:\/\/aconteceunovale.com.br\/portal\/?p=177537"},"wordCount":232,"commentCount":0,"image":{"@id":"https:\/\/aconteceunovale.com.br\/portal\/?p=177537#primaryimage"},"thumbnailUrl":"https:\/\/aconteceunovale.com.br\/portal\/wp-content\/uploads\/2021\/04\/prf_tres_marias.jpeg","keywords":["Bras\u00edlia","Curvelo","Governador Valadares","Homem \u00e9 detido por importuna\u00e7\u00e3o sexual contra adolescente em \u00f4nibus que seguia de Bras\u00edlia para Governador Valadares","Importuna\u00e7\u00e3o em \u00f4nibus da Nacional que seguia de Bras\u00edlia para Governador Valadares","Importuna\u00e7\u00e3o em \u00f4nibus que seguia de Bras\u00edlia para Governador Valadares","Nacional","Paracatu","PRF de Tr\u00eas Marias","Tr\u00eas Marias"],"articleSection":["Leste de Minas","Minas Gerais"],"inLanguage":"pt-BR","potentialAction":[{"@type":"CommentAction","name":"Comment","target":["https:\/\/aconteceunovale.com.br\/portal\/?p=177537#respond"]}]},{"@type":"WebPage","@id":"https:\/\/aconteceunovale.com.br\/portal\/?p=177537","url":"https:\/\/aconteceunovale.com.br\/portal\/?p=177537","name":"Homem \u00e9 detido por importuna\u00e7\u00e3o sexual contra adolescente em \u00f4nibus que seguia de Bras\u00edlia para Governador Valadares - Aconteceu no Vale","isPartOf":{"@id":"https:\/\/aconteceunovale.com.br\/portal\/#website"},"primaryImageOfPage":{"@id":"https:\/\/aconteceunovale.com.br\/portal\/?p=177537#primaryimage"},"image":{"@id":"https:\/\/aconteceunovale.com.br\/portal\/?p=177537#primaryimage"},"thumbnailUrl":"https:\/\/aconteceunovale.com.br\/portal\/wp-content\/uploads\/2021\/04\/prf_tres_marias.jpeg","datePublished":"2021-04-20T01:29:07+00:00","dateModified":"2021-04-20T01:31:01+00:00","author":{"@id":"https:\/\/aconteceunovale.com.br\/portal\/#\/schema\/person\/7d2f26d1483f8a63de73da1ee0754d35"},"breadcrumb":{"@id":"https:\/\/aconteceunovale.com.br\/portal\/?p=177537#breadcrumb"},"inLanguage":"pt-BR","potentialAction":[{"@type":"ReadAction","target":["https:\/\/aconteceunovale.com.br\/portal\/?p=177537"]}]},{"@type":"ImageObject","inLanguage":"pt-BR","@id":"https:\/\/aconteceunovale.com.br\/portal\/?p=177537#primaryimage","url":"https:\/\/aconteceunovale.com.br\/portal\/wp-content\/uploads\/2021\/04\/prf_tres_marias.jpeg","contentUrl":"https:\/\/aconteceunovale.com.br\/portal\/wp-content\/uploads\/2021\/04\/prf_tres_marias.jpeg","width":678,"height":381},{"@type":"BreadcrumbList","@id":"https:\/\/aconteceunovale.com.br\/portal\/?p=177537#breadcrumb","itemListElement":[{"@type":"ListItem","position":1,"name":"In\u00edcio","item":"https:\/\/aconteceunovale.com.br\/portal\/"},{"@type":"ListItem","position":2,"name":"Homem \u00e9 detido por importuna\u00e7\u00e3o sexual contra adolescente em \u00f4nibus que seguia de Bras\u00edlia para Governador Valadares"}]},{"@type":"WebSite","@id":"https:\/\/aconteceunovale.com.br\/portal\/#website","url":"https:\/\/aconteceunovale.com.br\/portal\/","name":"Aconteceu no Vale","description":"Portal de Not\u00edcias","potentialAction":[{"@type":"SearchAction","target":{"@type":"EntryPoint","urlTemplate":"https:\/\/aconteceunovale.com.br\/portal\/?s={search_term_string}"},"query-input":{"@type":"PropertyValueSpecification","valueRequired":true,"valueName":"search_term_string"}}],"inLanguage":"pt-BR"},{"@type":"Person","@id":"https:\/\/aconteceunovale.com.br\/portal\/#\/schema\/person\/7d2f26d1483f8a63de73da1ee0754d35","name":"Reda\u00e7\u00e3o Aconteceu no Vale","description":"Equipe de reportagem do Aconteceu no Vale, portal de not\u00edcias do Vale do Jequitinhonha, em Minas Gerais. Cobrimos as 51 cidades do Vale desde 2013. Sugest\u00f5es de pauta e pedidos de corre\u00e7\u00e3o: contato@aconteceunovale.com.br","url":"https:\/\/aconteceunovale.com.br\/portal\/?author=4"}]}},"_links":{"self":[{"href":"https:\/\/aconteceunovale.com.br\/portal\/index.php?rest_route=\/wp\/v2\/posts\/177537","targetHints":{"allow":["GET"]}}],"collection":[{"href":"https:\/\/aconteceunovale.com.br\/portal\/index.php?rest_route=\/wp\/v2\/posts"}],"about":[{"href":"https:\/\/aconteceunovale.com.br\/portal\/index.php?rest_route=\/wp\/v2\/types\/post"}],"author":[{"embeddable":true,"href":"https:\/\/aconteceunovale.com.br\/portal\/index.php?rest_route=\/wp\/v2\/users\/4"}],"replies":[{"embeddable":true,"href":"https:\/\/aconteceunovale.com.br\/portal\/index.php?rest_route=%2Fwp%2Fv2%2Fcomments&post=177537"}],"version-history":[{"count":2,"href":"https:\/\/aconteceunovale.com.br\/portal\/index.php?rest_route=\/wp\/v2\/posts\/177537\/revisions"}],"predecessor-version":[{"id":177540,"href":"https:\/\/aconteceunovale.com.br\/portal\/index.php?rest_route=\/wp\/v2\/posts\/177537\/revisions\/177540"}],"wp:featuredmedia":[{"embeddable":true,"href":"https:\/\/aconteceunovale.com.br\/portal\/index.php?rest_route=\/wp\/v2\/media\/177538"}],"wp:attachment":[{"href":"https:\/\/aconteceunovale.com.br\/portal\/index.php?rest_route=%2Fwp%2Fv2%2Fmedia&parent=177537"}],"wp:term":[{"taxonomy":"category","embeddable":true,"href":"https:\/\/aconteceunovale.com.br\/portal\/index.php?rest_route=%2Fwp%2Fv2%2Fcategories&post=177537"},{"taxonomy":"post_tag","embeddable":true,"href":"https:\/\/aconteceunovale.com.br\/portal\/index.php?rest_route=%2Fwp%2Fv2%2Ftags&post=177537"}],"curies":[{"name":"wp","href":"https:\/\/api.w.org\/{rel}","templated":true}]}}