{"id":177518,"date":"2021-04-19T19:05:09","date_gmt":"2021-04-19T22:05:09","guid":{"rendered":"https:\/\/aconteceunovale.com.br\/portal\/?p=177518"},"modified":"2021-04-19T19:05:48","modified_gmt":"2021-04-19T22:05:48","slug":"filho-de-flordelis-diz-que-mae-sabia-do-assassinato-do-marido","status":"publish","type":"post","link":"https:\/\/aconteceunovale.com.br\/portal\/?p=177518","title":{"rendered":"Filho de Flordelis diz que m\u00e3e sabia do assassinato do marido"},"content":{"rendered":"\n<p>Ao depor hoje (19\/4\/2021), no Conselho de \u00c9tica da C\u00e2mara dos Deputados, Lucas dos Santos de Souza, filho adotivo da deputada Flordelis (PSD-RJ), disse que n\u00e3o tinha como a m\u00e3e n\u00e3o ter conhecimento do planejamento do assassinato de seu marido, o pastor Anderson do Carmo.<\/p>\n\n\n\n<figure class=\"wp-block-gallery columns-1 is-cropped wp-block-gallery-1 is-layout-flex wp-block-gallery-is-layout-flex\"><ul class=\"blocks-gallery-grid\"><li class=\"blocks-gallery-item\"><figure><img loading=\"lazy\" decoding=\"async\" width=\"678\" height=\"406\" src=\"https:\/\/aconteceunovale.com.br\/portal\/wp-content\/uploads\/2021\/04\/flordelis.jpg\" alt=\"\" data-id=\"177519\" data-full-url=\"https:\/\/aconteceunovale.com.br\/portal\/wp-content\/uploads\/2021\/04\/flordelis.jpg\" data-link=\"https:\/\/aconteceunovale.com.br\/portal\/?attachment_id=177519\" class=\"wp-image-177519\" srcset=\"https:\/\/aconteceunovale.com.br\/portal\/wp-content\/uploads\/2021\/04\/flordelis.jpg 678w, https:\/\/aconteceunovale.com.br\/portal\/wp-content\/uploads\/2021\/04\/flordelis-300x180.jpg 300w\" sizes=\"auto, (max-width: 678px) 100vw, 678px\" \/><figcaption class=\"blocks-gallery-item__caption\"><em>Deputada Flordelis (Foto: Fernando Fraz\u00e3o \/ Ag\u00eancia Brasil)<\/em><\/figcaption><\/figure><\/li><\/ul><\/figure>\n\n\n\n<p>O crime aconteceu em junho de 2019, em Niter\u00f3i (RJ). Em raz\u00e3o do homic\u00eddio,\u00a0Flordelis foi acusada pelo Minist\u00e9rio P\u00fablico do Rio de Janeiro (MPRJ)\u00a0de ser a mandante do crime. Ela tamb\u00e9m responde a um processo no Conselho de \u00c9rica por quebra de decoro parlamentar. Ela nega as acusa\u00e7\u00f5es.<\/p>\n\n\n\n<p>O depoimento foi prestado por videoconfer\u00eancia.\u00a0Lucas est\u00e1 preso pela participa\u00e7\u00e3o no homic\u00eddio. Ele \u00e9 acusado de ter comprado a arma do crime, encontrada na casa da deputada. Outro filho de Flordelis, Fl\u00e1vio dos Santos, \u00e9 apontado como autor dos disparos e foi preso no vel\u00f3rio do padrasto.<\/p>\n\n\n\n<p>Ao ser questionado pelo relator do processo, deputado Alexandre Leite (DEM-SP), se o pastor teria morrido, da forma como morreu, sem que Flordelis soubesse, a testemunha disse que n\u00e3o.&nbsp;\u201cN\u00e3o, n\u00e3o tinha\u201d, respondeu Lucas.<\/p>\n\n\n\n<p>O deputado perguntou ainda se o plano para assassinar o pastor teria se concretizado se Flordelis n\u00e3o tivesse participado ou tivesse tentado impedir. Lucas dos Santos disse que se a deputada n\u00e3o tivesse participa\u00e7\u00e3o nos atos, Anderson ainda estaria vivo.<\/p>\n\n\n\n<p>\u201cN\u00e3o teria ocorrido [o homic\u00eddio], com certeza n\u00e3o teria ocorrido. Ele estaria vivo at\u00e9 hoje\u201d, afirmou.<\/p>\n\n\n\n<p>Durante o depoimento, Lucas de Souza disse que n\u00e3o recebeu diretamente de Flordelis qualquer informa\u00e7\u00e3o ou ordem para que o crime ocorresse. Lucas tamb\u00e9m disse que quem entrou em contato com ele, pela primeira vez, para tratar do crime, em janeiro de 2019, foi outra filha adotiva de Flordelis, Marzy Teixeira.<\/p>\n\n\n\n<p>\u201cEla me ofereceu um dinheiro, falou que o Anderson estava atrapalhando a vida dela, a vida da minha m\u00e3e. Na \u00e9poca eu estava no tr\u00e1fico de drogas. Ela me ofereceu um valor de R$ 10 mil e alguns rel\u00f3gios\u201d, disse Lucas.<\/p>\n\n\n\n<p>Ao relator, ele disse que quem repassou o dinheiro para a compra da arma do crime, que custou R$ 8,5 mil, foi Fl\u00e1vio.<\/p>\n\n\n\n<p>\u201cEle [Fl\u00e1vio] falou que estavam amea\u00e7ando ele, queria comprar para poder se defender\u201d, disse Lucas. Fl\u00e1vio, no entanto, n\u00e3o tinha condi\u00e7\u00f5es financeiras, segundo Lucas, e o dinheiro possivelmente seria de Flordelis.<\/p>\n\n\n\n<p>Ao ser questionado se recebeu algum tipo de orienta\u00e7\u00e3o para assumir a autoria do crime, Lucas disse que recebeu uma carta de Flordelis, na qual a deputada pediu que ele dissesse \u00e0s autoridades ter sido o respons\u00e1vel pelo crime.<\/p>\n\n\n\n<p>Segundo Lucas, as cartas foram repassadas a ele por outro detento, Marcos Siqueira, cuja esposa Andrea Santos Maia seria conhecida da deputada. Andrea, que tamb\u00e9m est\u00e1 presa, \u00e9 acusada de fraudar a carta em que Lucas confessa a morte do pastor.<\/p>\n\n\n\n<p>\u201cUma dessas cartas ela mandou pedindo para eu assumir a autoria do crime, sen\u00e3o podia atrapalhar ela, falou que iam prender ela, que ela n\u00e3o ia me abandonar, ia me dar toda a assist\u00eancia\u201d, disse.<\/p>\n\n\n\n<h2 class=\"wp-block-heading\">Flordelis<\/h2>\n\n\n\n<p>Em mar\u00e7o, durante reuni\u00e3o do Conselho de \u00c9tica, Flordelis reafirmou ser&nbsp; inocente e disse estar sofrendo um processo de \u201cpersegui\u00e7\u00e3o implac\u00e1vel\u201d.<\/p>\n\n\n\n<p>\u201cEu, Floderlis, sou inocente. Eu n\u00e3o matei o meu marido, n\u00e3o participei de nenhum ato de conspira\u00e7\u00e3o contra a vida de um homem que foi meu companheiro por mais de 20 anos\u201d, afirmou.<\/p>\n\n\n\n<p>A deputada disse que n\u00e3o pode ser julgada e condenada antes que todo o processo seja conclu\u00eddo. Segundo Flordelis, a mandante do assassinato foi sua filha Simone.<\/p>\n\n\n\n<p>Aos deputados Flordelis disse ainda n\u00e3o ter tido &#8220;coragem&#8221; de ouvir a confiss\u00e3o da filha Simone. Segundo Flordelis, a filha teria mandado executar Anderson por estar sendo v\u00edtima de ass\u00e9dio por parte do pastor. &#8220;Isso n\u00e3o est\u00e1 certo. N\u00e3o era esse o caminho que ela tinha que tomar&#8221;, disse Flordelis referindo-se \u00e0 decis\u00e3o da filha de mandar matar o seu companheiro.<\/p>\n\n\n\n<p>&#8212;&#8212;&#8212;&#8212;&#8212;&#8212;<br><em>Quer receber as not\u00edcias do <strong>Aconteceu no Vale<\/strong> em primeira m\u00e3o? Siga-nos no Facebook <a rel=\"noreferrer noopener\" href=\"http:\/\/facebook.com\/aconteceunovale\" target=\"_blank\">@aconteceunovale<\/a>, Twitter <a rel=\"noreferrer noopener\" href=\"https:\/\/twitter.com\/noticiadosvales\" target=\"_blank\">@noticiadosvales<\/a> e Instagram <a rel=\"noreferrer noopener\" href=\"https:\/\/www.instagram.com\/aconteceunovale\" target=\"_blank\">@aconteceunovale<\/a>.<\/em><\/p>\n","protected":false},"excerpt":{"rendered":"<p>Ao depor hoje (19\/4\/2021), no Conselho de \u00c9tica da C\u00e2mara dos Deputados, Lucas dos Santos de Souza, filho adotivo da deputada Flordelis (PSD-RJ), disse que n\u00e3o tinha como a m\u00e3e n\u00e3o ter conhecimento do planejamento do assassinato de seu marido, o pastor Anderson do Carmo. O crime aconteceu em junho de 2019, em Niter\u00f3i (RJ). [&hellip;]<\/p>\n","protected":false},"author":4,"featured_media":177519,"comment_status":"open","ping_status":"closed","sticky":false,"template":"","format":"standard","meta":{"amp_status":"","footnotes":""},"categories":[6,40240],"tags":[228056,203018,19878,228057,4606,228054,228046,228049,228041,228040,228044,1018,228047,243649,205197,203013,228050,228043,228039,228051,228058,228052,168656,96508,73438,228048,228042,228038,228045,228055,1104,14954,228053],"class_list":["post-177518","post","type-post","status-publish","format-standard","has-post-thumbnail","hentry","category-br","category-politica-2","tag-adriano-dos-santos-rodrigues","tag-anderson-do-carmo","tag-andre-luiz-de-oliveira","tag-andrea-santos-maia","tag-brasilia","tag-carlos-ubiraci-francisco-da-silva","tag-delegado-allan-duarte","tag-deputada-federal-flordelis","tag-deputada-flordelis","tag-deputada-flordelis-mandou-matar-marido","tag-deputada-flordelis-mandou-matar-o-pastor-anderson-do-carmo","tag-destaque","tag-dhnsgi","tag-filho-de-flordelis-diz-que-mae-sabia-do-assassinato-do-marido","tag-flavio-dos-santos-rodrigues","tag-flordelis","tag-flordelis-dos-santos-de-souza","tag-flordelis-mandou-matar-anderson-do-carmo","tag-flordelis-mandou-matar-marido","tag-lucas-cesar-dos-santos","tag-marcos-siqueira-costa","tag-marzy-teixeira-da-silva","tag-ministerio-publico-do-rio-de-janeiro","tag-mprj","tag-niteroi","tag-operacao-lucas-12","tag-pastor-anderson-do-carmo","tag-policia-conclui-que-a-deputada-flordelis-mandou-matar-marido","tag-policia-conclui-que-a-deputada-flordelis-mandou-matar-o-pastor-anderson-do-carmo","tag-rayane-dos-santos-oliveira","tag-rio-de-janeiro","tag-sao-goncalo","tag-simone-dos-santos-rodrigues"],"_links":{"self":[{"href":"https:\/\/aconteceunovale.com.br\/portal\/index.php?rest_route=\/wp\/v2\/posts\/177518","targetHints":{"allow":["GET"]}}],"collection":[{"href":"https:\/\/aconteceunovale.com.br\/portal\/index.php?rest_route=\/wp\/v2\/posts"}],"about":[{"href":"https:\/\/aconteceunovale.com.br\/portal\/index.php?rest_route=\/wp\/v2\/types\/post"}],"author":[{"embeddable":true,"href":"https:\/\/aconteceunovale.com.br\/portal\/index.php?rest_route=\/wp\/v2\/users\/4"}],"replies":[{"embeddable":true,"href":"https:\/\/aconteceunovale.com.br\/portal\/index.php?rest_route=%2Fwp%2Fv2%2Fcomments&post=177518"}],"version-history":[{"count":1,"href":"https:\/\/aconteceunovale.com.br\/portal\/index.php?rest_route=\/wp\/v2\/posts\/177518\/revisions"}],"predecessor-version":[{"id":177520,"href":"https:\/\/aconteceunovale.com.br\/portal\/index.php?rest_route=\/wp\/v2\/posts\/177518\/revisions\/177520"}],"wp:featuredmedia":[{"embeddable":true,"href":"https:\/\/aconteceunovale.com.br\/portal\/index.php?rest_route=\/wp\/v2\/media\/177519"}],"wp:attachment":[{"href":"https:\/\/aconteceunovale.com.br\/portal\/index.php?rest_route=%2Fwp%2Fv2%2Fmedia&parent=177518"}],"wp:term":[{"taxonomy":"category","embeddable":true,"href":"https:\/\/aconteceunovale.com.br\/portal\/index.php?rest_route=%2Fwp%2Fv2%2Fcategories&post=177518"},{"taxonomy":"post_tag","embeddable":true,"href":"https:\/\/aconteceunovale.com.br\/portal\/index.php?rest_route=%2Fwp%2Fv2%2Ftags&post=177518"}],"curies":[{"name":"wp","href":"https:\/\/api.w.org\/{rel}","templated":true}]}}