{"id":177515,"date":"2021-04-19T19:01:09","date_gmt":"2021-04-19T22:01:09","guid":{"rendered":"https:\/\/aconteceunovale.com.br\/portal\/?p=177515"},"modified":"2021-04-19T19:01:40","modified_gmt":"2021-04-19T22:01:40","slug":"general-joaquim-silva-e-luna-toma-posse-como-presidente-da-petrobras","status":"publish","type":"post","link":"https:\/\/aconteceunovale.com.br\/portal\/?p=177515","title":{"rendered":"General Joaquim Silva e Luna toma posse como presidente da Petrobras"},"content":{"rendered":"\n<p>O general Joaquim Silva e Luna tomou posse hoje (19\/4\/2021) como presidente da Petrobras. Ele foi indicado pelo presidente Jair Bolsonaro em substitui\u00e7\u00e3o ao economista Roberto Castello Branco.<\/p>\n\n\n\n<figure class=\"wp-block-gallery columns-1 is-cropped wp-block-gallery-1 is-layout-flex wp-block-gallery-is-layout-flex\"><ul class=\"blocks-gallery-grid\"><li class=\"blocks-gallery-item\"><figure><img loading=\"lazy\" decoding=\"async\" width=\"678\" height=\"406\" src=\"https:\/\/aconteceunovale.com.br\/portal\/wp-content\/uploads\/2021\/04\/silva_e_luna-1.jpg\" alt=\"\" data-id=\"177516\" data-full-url=\"https:\/\/aconteceunovale.com.br\/portal\/wp-content\/uploads\/2021\/04\/silva_e_luna-1.jpg\" data-link=\"https:\/\/aconteceunovale.com.br\/portal\/?attachment_id=177516\" class=\"wp-image-177516\" srcset=\"https:\/\/aconteceunovale.com.br\/portal\/wp-content\/uploads\/2021\/04\/silva_e_luna-1.jpg 678w, https:\/\/aconteceunovale.com.br\/portal\/wp-content\/uploads\/2021\/04\/silva_e_luna-1-300x180.jpg 300w\" sizes=\"auto, (max-width: 678px) 100vw, 678px\" \/><figcaption class=\"blocks-gallery-item__caption\"><em>General Silva e Luna (Foto: Marcelo Camargo \/ Ag\u00eancia Brasil)<\/em><\/figcaption><\/figure><\/li><\/ul><\/figure>\n\n\n\n<p>Em seu discurso, Silva e Luna disse que n\u00e3o h\u00e1 d\u00favidas de que, entre os principais desafios, est\u00e3o tornar a Petrobras cada vez mais forte, trabalhando com vis\u00e3o de futuro, seguran\u00e7a, respeito ao meio ambiente, aos acionistas e \u00e0 sociedade para garantir o maior retorno poss\u00edvel ao capital empregado.<\/p>\n\n\n\n<p>\u201cCrescer sustentado em ativos de \u00f3leo e g\u00e1s de classe mundial, em \u00e1guas profundas e ultraprofundas, buscando incessantemente custos baixos e efici\u00eancia. E fazer tudo isso conciliando os interesses de consumidores e acionistas, valorizando os nossos petroleiros, buscando reduzir volatilidade sem desrespeitar a paridade internacional, perseguindo a redu\u00e7\u00e3o da d\u00edvida, investindo em pesquisa e desenvolvimento e contribuindo para a gera\u00e7\u00e3o de previsibilidade ao planejamento econ\u00f4mico nacional\u201d, acrescentou.<\/p>\n\n\n\n<p>Silva e Luna\u00a0foi confirmado para o cargo no \u00faltimo dia 16. A decis\u00e3o foi formalizada pelo Conselho de Administra\u00e7\u00e3o da estatal, que o elegeu, al\u00e9m de aprovar outros nomes para compor a Diretoria Executiva.<\/p>\n\n\n\n<p>Tamb\u00e9m tomaram posse hoje Rodrigo Araujo Alves como diretor executivo Financeiro e de Relacionamento com Investidores; Cl\u00e1udio Rog\u00e9rio Linassi Mastella, diretor executivo de Comercializa\u00e7\u00e3o e Log\u00edstica; Fernando Assump\u00e7\u00e3o Borges, diretor executivo de Explora\u00e7\u00e3o e Produ\u00e7\u00e3o; e Jo\u00e3o Henrique Rittershaussen, diretor executivo de Desenvolvimento da Produ\u00e7\u00e3o.<\/p>\n\n\n\n<p>Foram reconduzidos Nicol\u00e1s Simone, como diretor executivo de Transforma\u00e7\u00e3o Digital e Inova\u00e7\u00e3o; Roberto Furian Ardenghy, diretor executivo de Relacionamento Institucional e Sustentabilidade; e Rodrigo Costa Lima e Silva, diretor executivo de Refino e G\u00e1s Natural.<\/p>\n\n\n\n<p>&#8212;&#8212;&#8212;&#8212;&#8212;&#8212;<br><em>Quer receber as not\u00edcias do <strong>Aconteceu no Vale<\/strong> em primeira m\u00e3o? Siga-nos no Facebook <a rel=\"noreferrer noopener\" href=\"http:\/\/facebook.com\/aconteceunovale\" target=\"_blank\">@aconteceunovale<\/a>, Twitter <a rel=\"noreferrer noopener\" href=\"https:\/\/twitter.com\/noticiadosvales\" target=\"_blank\">@noticiadosvales<\/a> e Instagram <a rel=\"noreferrer noopener\" href=\"https:\/\/www.instagram.com\/aconteceunovale\" target=\"_blank\">@aconteceunovale<\/a>.<\/em><\/p>\n","protected":false},"excerpt":{"rendered":"<p>O general Joaquim Silva e Luna tomou posse hoje (19\/4\/2021) como presidente da Petrobras. Ele foi indicado pelo presidente Jair Bolsonaro em substitui\u00e7\u00e3o ao economista Roberto Castello Branco. Em seu discurso, Silva e Luna disse que n\u00e3o h\u00e1 d\u00favidas de que, entre os principais desafios, est\u00e3o tornar a Petrobras cada vez mais forte, trabalhando com [&hellip;]<\/p>\n","protected":false},"author":4,"featured_media":177516,"comment_status":"open","ping_status":"closed","sticky":false,"template":"","format":"standard","meta":{"amp_status":"","footnotes":""},"categories":[6,40239],"tags":[243433,243423,243421,243422,243424,100375,243427,243428,243420,243419,243648,39053,26436,243429,237901,29519,243430,175098,84178,186637,243431,243426,243432,243425],"class_list":["post-177515","post","type-post","status-publish","format-standard","has-post-thumbnail","hentry","category-br","category-economia-2","tag-academia-militar-das-agulhas-negras","tag-aprovacao-de-joaquim-silva-e-luna-como-presidente-da-petrobras","tag-aprovacao-do-general-joaquim-silva-e-luna","tag-aprovacao-do-general-joaquim-silva-e-luna-no-cargo-de-presidente-da-petrobras","tag-aprovacao-do-general-joaquim-silva-e-luna-para-presidente-da-petrobras","tag-bolsonaro","tag-claudio-rogerio-linassi-mastella","tag-fernando-assumpcao-borges","tag-general-joaquim-silva-e-luna","tag-general-joaquim-silva-e-luna-e-confirmado-no-comando-da-petrobras","tag-general-joaquim-silva-e-luna-toma-posse-como-presidente-da-petrobras","tag-itaipu-binacional","tag-jair-bolsonaro","tag-joao-henrique-rittershaussen","tag-joaquim-silva-e-luna","tag-ministerio-da-defesa","tag-nicolas-simone","tag-novo-presidente-da-petrobras","tag-presidente-da-petrobras","tag-roberto-castello-branco","tag-roberto-furian-ardenghy","tag-rodrigo-araujo-alves","tag-rodrigo-costa-lima-e-silva","tag-silva-e-luna"],"_links":{"self":[{"href":"https:\/\/aconteceunovale.com.br\/portal\/index.php?rest_route=\/wp\/v2\/posts\/177515","targetHints":{"allow":["GET"]}}],"collection":[{"href":"https:\/\/aconteceunovale.com.br\/portal\/index.php?rest_route=\/wp\/v2\/posts"}],"about":[{"href":"https:\/\/aconteceunovale.com.br\/portal\/index.php?rest_route=\/wp\/v2\/types\/post"}],"author":[{"embeddable":true,"href":"https:\/\/aconteceunovale.com.br\/portal\/index.php?rest_route=\/wp\/v2\/users\/4"}],"replies":[{"embeddable":true,"href":"https:\/\/aconteceunovale.com.br\/portal\/index.php?rest_route=%2Fwp%2Fv2%2Fcomments&post=177515"}],"version-history":[{"count":1,"href":"https:\/\/aconteceunovale.com.br\/portal\/index.php?rest_route=\/wp\/v2\/posts\/177515\/revisions"}],"predecessor-version":[{"id":177517,"href":"https:\/\/aconteceunovale.com.br\/portal\/index.php?rest_route=\/wp\/v2\/posts\/177515\/revisions\/177517"}],"wp:featuredmedia":[{"embeddable":true,"href":"https:\/\/aconteceunovale.com.br\/portal\/index.php?rest_route=\/wp\/v2\/media\/177516"}],"wp:attachment":[{"href":"https:\/\/aconteceunovale.com.br\/portal\/index.php?rest_route=%2Fwp%2Fv2%2Fmedia&parent=177515"}],"wp:term":[{"taxonomy":"category","embeddable":true,"href":"https:\/\/aconteceunovale.com.br\/portal\/index.php?rest_route=%2Fwp%2Fv2%2Fcategories&post=177515"},{"taxonomy":"post_tag","embeddable":true,"href":"https:\/\/aconteceunovale.com.br\/portal\/index.php?rest_route=%2Fwp%2Fv2%2Ftags&post=177515"}],"curies":[{"name":"wp","href":"https:\/\/api.w.org\/{rel}","templated":true}]}}