{"id":177510,"date":"2021-04-19T18:49:26","date_gmt":"2021-04-19T21:49:26","guid":{"rendered":"https:\/\/aconteceunovale.com.br\/portal\/?p=177510"},"modified":"2021-04-19T18:53:52","modified_gmt":"2021-04-19T21:53:52","slug":"governador-inaugura-leitos-de-uti-em-janauba-no-norte-de-minas","status":"publish","type":"post","link":"https:\/\/aconteceunovale.com.br\/portal\/?p=177510","title":{"rendered":"Governador inaugura leitos de UTI em Jana\u00faba, no Norte de Minas"},"content":{"rendered":"\n<p>O governador Romeu Zema participou, nesta segunda-feira (19\/4\/2021), da inaugura\u00e7\u00e3o de dez leitos de UTI para tratamento exclusivo da covid-19 no Hospital da Fundajan, em Jana\u00faba, no Norte de Minas. Zema tamb\u00e9m visitou o Bloco de UTI do Hospital Regional, que, ap\u00f3s a conclus\u00e3o das obras, ter\u00e1 entrada para triagem e atendimento exclusivos para pacientes da covid-19. Somente este ano, foram entregues 15 leitos de terapia intensiva na unidade hospitalar.\u00a0<\/p>\n\n\n\n<figure class=\"wp-block-gallery columns-1 is-cropped wp-block-gallery-1 is-layout-flex wp-block-gallery-is-layout-flex\"><ul class=\"blocks-gallery-grid\"><li class=\"blocks-gallery-item\"><figure><img loading=\"lazy\" decoding=\"async\" width=\"675\" height=\"450\" src=\"https:\/\/aconteceunovale.com.br\/portal\/wp-content\/uploads\/2021\/04\/leitos_uti_janauba.jpg\" alt=\"\" data-id=\"177513\" data-full-url=\"https:\/\/aconteceunovale.com.br\/portal\/wp-content\/uploads\/2021\/04\/leitos_uti_janauba.jpg\" data-link=\"https:\/\/aconteceunovale.com.br\/portal\/?attachment_id=177513\" class=\"wp-image-177513\" srcset=\"https:\/\/aconteceunovale.com.br\/portal\/wp-content\/uploads\/2021\/04\/leitos_uti_janauba.jpg 675w, https:\/\/aconteceunovale.com.br\/portal\/wp-content\/uploads\/2021\/04\/leitos_uti_janauba-300x200.jpg 300w, https:\/\/aconteceunovale.com.br\/portal\/wp-content\/uploads\/2021\/04\/leitos_uti_janauba-630x420.jpg 630w\" sizes=\"auto, (max-width: 675px) 100vw, 675px\" \/><figcaption class=\"blocks-gallery-item__caption\"><em>Foto: Gil Leonardi \/ Imprensa MG<\/em><\/figcaption><\/figure><\/li><\/ul><\/figure>\n\n\n\n<p>Al\u00e9m do financiamento das UTI\u2019s do Hospital Regional e, agora, dos leitos da Fundajan pela&nbsp;<a rel=\"noreferrer noopener\" href=\"https:\/\/www.saude.mg.gov.br\/\" target=\"_blank\">Secretaria de Estado de Sa\u00fade (SES-MG)<\/a>, o&nbsp;Governo de Minas&nbsp;repassou ao munic\u00edpio 12 respiradores, 15 monitores, dois cardioversores e dois ventiladores de transporte, auxiliando, ainda, na abertura de 15 leitos de Enfermaria para tratamento da covid-19.<\/p>\n\n\n\n<p><em>\u201cDesde o in\u00edcio da pandemia, nosso foco foi fortalecer o sistema de Sa\u00fade. N\u00f3s mais do que dobramos os leitos de Enfermaria, eram 10 mil e hoje s\u00e3o mais de 20 mil. Fizemos mais ainda com os leitos de UTI, que eram 2.072 (em fevereiro de 2020) e hoje s\u00e3o mais de 4.400 leitos. Compramos os respiradores mais baratos do Brasil, compramos e j\u00e1 est\u00e3o distribu\u00eddas as seringas e agulhas previamente \u00e0 vacina\u00e7\u00e3o. Isso tem contribu\u00eddo para Minas ter, dentre os estados do Sul e do Sudeste, a menor taxa de \u00f3bito da doen\u00e7a\u201d<\/em>, afirmou o governador.<\/p>\n\n\n\n<p>Zema tamb\u00e9m ressaltou a parceria com os deputados estaduais e federais para o avan\u00e7o na regi\u00e3o do Norte de Minas. <em>\u201cQuero agradecer ao prefeito, aos deputados estaduais e federais que sempre t\u00eam olhado pela regi\u00e3o Norte. \u00c9 um trabalho conjunto que ningu\u00e9m aqui sozinho conseguiria fazer. No que depender de mim, esses dez novos leitos ser\u00e3o perenes\u201d<\/em>, finalizou.<\/p>\n\n\n\n<h2 class=\"wp-block-heading\"><strong>Amplia\u00e7\u00e3o<\/strong><\/h2>\n\n\n\n<p>Desde o in\u00edcio da pandemia, na Macrorregi\u00e3o Norte de Sa\u00fade houve aumento de 161% no n\u00famero de leitos de UTI, passando de 115 em fevereiro de 2020 para 301 em abril deste ano. Tamb\u00e9m foram criados 670 leitos de Enfermaria para tratamento de pacientes da covid-19, representando um aumento de 87,7% no mesmo per\u00edodo.<\/p>\n\n\n\n<p>O secret\u00e1rio de Estado de Sa\u00fade, o m\u00e9dico F\u00e1bio Bacheretti, ressaltou o planejamento estrat\u00e9gico do governo e o empenho na expans\u00e3o de leitos, que ficar\u00e3o como um grande legado para a popula\u00e7\u00e3o mineira.<\/p>\n\n\n\n<p><em>\u201cA inten\u00e7\u00e3o do governo \u00e9 preparar para o resto do ano os leitos, para n\u00e3o termos que correr na hora que o paciente chega. Temos as resolu\u00e7\u00f5es que est\u00e3o financiando leitos para covid no valor de R$ 1.600 a di\u00e1ria, que vai permanecer mesmo com a queda das interna\u00e7\u00f5es\u201d<\/em>, afirmou o secret\u00e1rio.<\/p>\n\n\n\n<p>O prefeito de Jana\u00faba, Jos\u00e9 Aparecido Mendes Santos, tamb\u00e9m destacou o empenho para melhorar a Sa\u00fade p\u00fablica no munic\u00edpio, que \u00e9 refer\u00eancia para outros 15 cidades da regi\u00e3o.<\/p>\n\n\n\n<p><em>\u201cRecebemos o sistema de Sa\u00fade sucateado e destru\u00eddo. O Hospital Regional n\u00e3o tinha sequer rede de g\u00e1s funcionando, o compressor estava queimado h\u00e1 quase um ano. Tinha obra durante 11 meses sem terminar. Agora conclu\u00edmos as obras com os leitos cl\u00ednicos de covid e mais 15 leitos de UTI. Hoje estamos completando os 30 leitos de UTI Covid\u201d<\/em>, afirmou o prefeito.<\/p>\n\n\n\n<h2 class=\"wp-block-heading\"><strong>Parcerias<\/strong><\/h2>\n\n\n\n<p>O coordenador da bancada mineira na C\u00e2mara Federal, deputado federal Diego Andrade, valorizou a uni\u00e3o dos parlamentares federais e estaduais com o governo para auxiliar no combate \u00e0 pandemia e no desenvolvimento dos munic\u00edpios da regi\u00e3o.<\/p>\n\n\n\n<p><em>\u201cEsta luta para poder dobrar a estrutura de Sa\u00fade do estado, comandada pelo governador Zema, nos enche de orgulho. A gente sabe que \u00e9 um governo s\u00e9rio, honesto e est\u00e1 fazendo todo o poss\u00edvel, reestruturando o estado para voltar a ter capacidade de fazer investimentos. A regi\u00e3o Norte ficou muito tempo esquecida, sem investimentos e a gente confia na sua capacidade\u201d<\/em>, afirmou Andrade.<\/p>\n\n\n\n<p>O deputado estadual Tadeuzinho tamb\u00e9m valorizou a abertura dos leitos para Jana\u00faba e regi\u00e3o. <em>\u201cA principal pauta que temos hoje e nos incomoda tanto \u00e9 na sa\u00fade p\u00fablica. Esta entrega de hoje na Fundajan atende a um pedido de todos os deputados da regi\u00e3o Norte e n\u00e3o tenho d\u00favida que \u00e9 o que precisamos neste momento em Jana\u00faba, que atende cerca de 300 mil pessoas da regi\u00e3o\u201d<\/em>, disse.<\/p>\n\n\n\n<p>Tamb\u00e9m participaram das agendas os deputados estaduais Arlen Santiago, Carlos Pimenta, Gil Pereira, e Z\u00e9 Reis, al\u00e9m de prefeitos, vereadores, representantes das For\u00e7as de Seguran\u00e7a da regi\u00e3o e demais autoridades.<\/p>\n\n\n\n<h2 class=\"wp-block-heading\"><strong>Vacina\u00e7\u00e3o<\/strong><\/h2>\n\n\n\n<p>Ainda em Jana\u00faba, o governador visitou a Unidade B\u00e1sica de Sa\u00fade (UBS) Parteira Maria Neves, onde acompanhou a vacina\u00e7\u00e3o de idosos contra o coronav\u00edrus. O munic\u00edpio recebeu, nesta segunda-feira (19\/4), 2.085 doses do imunizante.&nbsp;<\/p>\n\n\n\n<p>O estado j\u00e1 recebeu 5,8 milh\u00f5es de doses de vacinas para a maior opera\u00e7\u00e3o de vacina\u00e7\u00e3o da hist\u00f3ria de Minas Gerais. O \u00faltimo lote de vacinas contendo 701.200 doses recebido na sexta-feira (16\/4), por exemplo, foi distribu\u00eddo a todas as 28 Unidades Regionais de Sa\u00fade (URS) em menos de 24 horas.&nbsp;<\/p>\n\n\n\n<p>&#8212;&#8212;&#8212;&#8212;&#8212;&#8212;<br><em>Quer receber as not\u00edcias do <strong>Aconteceu no Vale<\/strong> em primeira m\u00e3o? Siga-nos no Facebook <a rel=\"noreferrer noopener\" href=\"http:\/\/facebook.com\/aconteceunovale\" target=\"_blank\">@aconteceunovale<\/a>, Twitter <a rel=\"noreferrer noopener\" href=\"https:\/\/twitter.com\/noticiadosvales\" target=\"_blank\">@noticiadosvales<\/a> e Instagram <a rel=\"noreferrer noopener\" href=\"https:\/\/www.instagram.com\/aconteceunovale\" target=\"_blank\">@aconteceunovale<\/a>.<\/em><\/p>\n","protected":false},"excerpt":{"rendered":"<p>O governador Romeu Zema participou, nesta segunda-feira (19\/4\/2021), da inaugura\u00e7\u00e3o de dez leitos de UTI para tratamento exclusivo da covid-19 no Hospital da Fundajan, em Jana\u00faba, no Norte de Minas. Zema tamb\u00e9m visitou o Bloco de UTI do Hospital Regional, que, ap\u00f3s a conclus\u00e3o das obras, ter\u00e1 entrada para triagem e atendimento exclusivos para pacientes [&hellip;]<\/p>\n","protected":false},"author":4,"featured_media":177513,"comment_status":"open","ping_status":"closed","sticky":false,"template":"","format":"standard","meta":{"amp_status":"","footnotes":""},"categories":[1236,40242],"tags":[243632,243642,243633,17592,243643,243644,17593,216498,243647,243646,1018,243645,68838,4318,243637,243631,243638,6546,243640,57912,243635,243641,204,234014,215653,243634,140166,88529,243636,219312,52113,208896,243639],"class_list":["post-177510","post","type-post","status-publish","format-standard","has-post-thumbnail","hentry","category-norte_de_minas","category-saude-2","tag-abertura-de-leitos-de-uti-em-janauba","tag-abertura-de-leitos-de-uti-no-hospital-da-fundajan","tag-abertura-de-leitos-em-janauba","tag-arlen-santiago","tag-bloco-de-uti-do-hospital-da-fundajan","tag-bloco-de-uti-do-hospital-regional-de-janauba","tag-carlos-pimenta","tag-covid-19","tag-deputado-estadual-tadeuzinho","tag-deputado-federal-diego-andrade","tag-destaque","tag-fabio-bacheretti","tag-fundajan","tag-gil-pereira","tag-governador-em-janauba","tag-governador-inaugura-leitos-de-uti-em-janauba","tag-governador-romeu-zema-em-janauba","tag-governo-de-minas","tag-hospital-da-fundajan","tag-hospital-regional-de-janauba","tag-inauguracao-de-leitos-de-uti-em-janauba","tag-inauguracao-de-leitos-de-uti-no-hospital-da-fundajan","tag-janauba","tag-jose-aparecido-mendes-santos","tag-novo-coronavirus","tag-novos-leitos-de-uti-em-janauba","tag-pandemia","tag-prefeito-de-janauba","tag-romeu-zema-em-janauba","tag-sars-cov-2","tag-ses-mg","tag-ze-reis","tag-zema-em-janauba"],"_links":{"self":[{"href":"https:\/\/aconteceunovale.com.br\/portal\/index.php?rest_route=\/wp\/v2\/posts\/177510","targetHints":{"allow":["GET"]}}],"collection":[{"href":"https:\/\/aconteceunovale.com.br\/portal\/index.php?rest_route=\/wp\/v2\/posts"}],"about":[{"href":"https:\/\/aconteceunovale.com.br\/portal\/index.php?rest_route=\/wp\/v2\/types\/post"}],"author":[{"embeddable":true,"href":"https:\/\/aconteceunovale.com.br\/portal\/index.php?rest_route=\/wp\/v2\/users\/4"}],"replies":[{"embeddable":true,"href":"https:\/\/aconteceunovale.com.br\/portal\/index.php?rest_route=%2Fwp%2Fv2%2Fcomments&post=177510"}],"version-history":[{"count":2,"href":"https:\/\/aconteceunovale.com.br\/portal\/index.php?rest_route=\/wp\/v2\/posts\/177510\/revisions"}],"predecessor-version":[{"id":177514,"href":"https:\/\/aconteceunovale.com.br\/portal\/index.php?rest_route=\/wp\/v2\/posts\/177510\/revisions\/177514"}],"wp:featuredmedia":[{"embeddable":true,"href":"https:\/\/aconteceunovale.com.br\/portal\/index.php?rest_route=\/wp\/v2\/media\/177513"}],"wp:attachment":[{"href":"https:\/\/aconteceunovale.com.br\/portal\/index.php?rest_route=%2Fwp%2Fv2%2Fmedia&parent=177510"}],"wp:term":[{"taxonomy":"category","embeddable":true,"href":"https:\/\/aconteceunovale.com.br\/portal\/index.php?rest_route=%2Fwp%2Fv2%2Fcategories&post=177510"},{"taxonomy":"post_tag","embeddable":true,"href":"https:\/\/aconteceunovale.com.br\/portal\/index.php?rest_route=%2Fwp%2Fv2%2Ftags&post=177510"}],"curies":[{"name":"wp","href":"https:\/\/api.w.org\/{rel}","templated":true}]}}