{"id":177228,"date":"2021-04-14T22:52:58","date_gmt":"2021-04-15T01:52:58","guid":{"rendered":"https:\/\/aconteceunovale.com.br\/portal\/?p=177228"},"modified":"2021-04-14T22:54:08","modified_gmt":"2021-04-15T01:54:08","slug":"caminhoneiro-morre-em-acidente-na-br-251-no-norte-de-minas-3","status":"publish","type":"post","link":"https:\/\/aconteceunovale.com.br\/portal\/?p=177228","title":{"rendered":"Caminhoneiro morre em acidente na BR-251, no Norte de Minas"},"content":{"rendered":"\n<p>O motorista de uma cegonheira morreu em um acidente na BR-251, em Francisco S\u00e1, nessa ter\u00e7a-feira (13\/4\/2021). Segundo informa\u00e7\u00f5es do Corpo de Bombeiros, ele perdeu o controle da dire\u00e7\u00e3o, bateu em uma mureta de prote\u00e7\u00e3o e capotou em um barranco \u00e0s margens da pista.<\/p>\n\n\n\n<figure class=\"wp-block-gallery columns-1 is-cropped wp-block-gallery-1 is-layout-flex wp-block-gallery-is-layout-flex\"><ul class=\"blocks-gallery-grid\"><li class=\"blocks-gallery-item\"><figure><img loading=\"lazy\" decoding=\"async\" width=\"654\" height=\"450\" src=\"https:\/\/aconteceunovale.com.br\/portal\/wp-content\/uploads\/2021\/04\/acidente_cegonheira_1.jpeg\" alt=\"\" data-id=\"177229\" data-full-url=\"https:\/\/aconteceunovale.com.br\/portal\/wp-content\/uploads\/2021\/04\/acidente_cegonheira_1.jpeg\" data-link=\"https:\/\/aconteceunovale.com.br\/portal\/?attachment_id=177229\" class=\"wp-image-177229\" srcset=\"https:\/\/aconteceunovale.com.br\/portal\/wp-content\/uploads\/2021\/04\/acidente_cegonheira_1.jpeg 654w, https:\/\/aconteceunovale.com.br\/portal\/wp-content\/uploads\/2021\/04\/acidente_cegonheira_1-300x206.jpeg 300w, https:\/\/aconteceunovale.com.br\/portal\/wp-content\/uploads\/2021\/04\/acidente_cegonheira_1-100x70.jpeg 100w, https:\/\/aconteceunovale.com.br\/portal\/wp-content\/uploads\/2021\/04\/acidente_cegonheira_1-218x150.jpeg 218w, https:\/\/aconteceunovale.com.br\/portal\/wp-content\/uploads\/2021\/04\/acidente_cegonheira_1-610x420.jpeg 610w\" sizes=\"auto, (max-width: 654px) 100vw, 654px\" \/><figcaption class=\"blocks-gallery-item__caption\"><em>Foto: Corpo de Bombeiros \/ Divulga\u00e7\u00e3o<\/em><\/figcaption><\/figure><\/li><\/ul><\/figure>\n\n\n\n<p>O motorista foi arremessado e sofreu v\u00e1rios ferimentos. Quando a equipe do Samu chegou ao local, a v\u00edtima estava em parada cardiorrespirat\u00f3ria e foram feitas manobras de reanima\u00e7\u00e3o, mas ele n\u00e3o resistiu.<\/p>\n\n\n\n<p>Ainda de acordo com os bombeiros, a cabine se soltou do caminh\u00e3o no momento do acidente. <em>\u201cO impacto foi t\u00e3o forte que arrancou a cabine, que foi parar no meio da pista, e o motor do caminh\u00e3o. Tr\u00eas carros que eram transportados na cegonheira foram lan\u00e7ados a 50 metros e ficaram fora da pista\u201d<\/em>, informou o sargento Isac da Silva Santos.<\/p>\n\n\n\n<p>O militar explicou ainda que o corpo do motorista ficou em cima de um barranco com 15 metros de altura. <em>\u201cEle foi ejetado da cabine e caiu em cima do barranco. Para descer, colocamos o corpo na urna da funer\u00e1ria e fizemos amarra\u00e7\u00f5es com cordas\u201d.<\/em><\/p>\n\n\n\n<p>Tr\u00eas militares atuaram na ocorr\u00eancia e o resgate durou 15 minutos. A per\u00edcia tamb\u00e9m foi acionada e as causas do acidente ser\u00e3o investigadas.<\/p>\n\n\n\n<p>De acordo com a Pol\u00edcia Rodovi\u00e1ria Federal, o motorista tinha 28 anos e seguia de Fortaleza para S\u00e3o Paulo. O acidente aconteceu na altura do quil\u00f4metro 472 e a rodovia ficou parcialmente interditada.<\/p>\n\n\n\n<figure class=\"wp-block-gallery columns-1 is-cropped wp-block-gallery-2 is-layout-flex wp-block-gallery-is-layout-flex\"><ul class=\"blocks-gallery-grid\"><li class=\"blocks-gallery-item\"><figure><img loading=\"lazy\" decoding=\"async\" width=\"678\" height=\"438\" src=\"https:\/\/aconteceunovale.com.br\/portal\/wp-content\/uploads\/2021\/04\/acidente_cegonheira_2.jpeg\" alt=\"\" data-id=\"177231\" data-full-url=\"https:\/\/aconteceunovale.com.br\/portal\/wp-content\/uploads\/2021\/04\/acidente_cegonheira_2.jpeg\" data-link=\"https:\/\/aconteceunovale.com.br\/portal\/?attachment_id=177231\" class=\"wp-image-177231\" srcset=\"https:\/\/aconteceunovale.com.br\/portal\/wp-content\/uploads\/2021\/04\/acidente_cegonheira_2.jpeg 678w, https:\/\/aconteceunovale.com.br\/portal\/wp-content\/uploads\/2021\/04\/acidente_cegonheira_2-300x194.jpeg 300w, https:\/\/aconteceunovale.com.br\/portal\/wp-content\/uploads\/2021\/04\/acidente_cegonheira_2-650x420.jpeg 650w\" sizes=\"auto, (max-width: 678px) 100vw, 678px\" \/><figcaption class=\"blocks-gallery-item__caption\"><em>Foto: Corpo de Bombeiros \/ Divulga\u00e7\u00e3o<\/em><\/figcaption><\/figure><\/li><li class=\"blocks-gallery-item\"><figure><img loading=\"lazy\" decoding=\"async\" width=\"678\" height=\"433\" src=\"https:\/\/aconteceunovale.com.br\/portal\/wp-content\/uploads\/2021\/04\/acidente_cegonheira_3.jpeg\" alt=\"\" data-id=\"177230\" data-full-url=\"https:\/\/aconteceunovale.com.br\/portal\/wp-content\/uploads\/2021\/04\/acidente_cegonheira_3.jpeg\" data-link=\"https:\/\/aconteceunovale.com.br\/portal\/?attachment_id=177230\" class=\"wp-image-177230\" srcset=\"https:\/\/aconteceunovale.com.br\/portal\/wp-content\/uploads\/2021\/04\/acidente_cegonheira_3.jpeg 678w, https:\/\/aconteceunovale.com.br\/portal\/wp-content\/uploads\/2021\/04\/acidente_cegonheira_3-300x192.jpeg 300w, https:\/\/aconteceunovale.com.br\/portal\/wp-content\/uploads\/2021\/04\/acidente_cegonheira_3-658x420.jpeg 658w\" sizes=\"auto, (max-width: 678px) 100vw, 678px\" \/><figcaption class=\"blocks-gallery-item__caption\"><em>Foto: Corpo de Bombeiros \/ Divulga\u00e7\u00e3o<\/em><\/figcaption><\/figure><\/li><\/ul><\/figure>\n\n\n\n<p>&#8212;&#8212;&#8212;&#8212;&#8212;&#8212;<br><em>Quer receber as not\u00edcias do <strong>Aconteceu no Vale<\/strong> em primeira m\u00e3o? Siga-nos no Facebook <a rel=\"noreferrer noopener\" href=\"http:\/\/facebook.com\/aconteceunovale\" target=\"_blank\">@aconteceunovale<\/a>, Twitter <a rel=\"noreferrer noopener\" href=\"https:\/\/twitter.com\/noticiadosvales\" target=\"_blank\">@noticiadosvales<\/a> e Instagram <a rel=\"noreferrer noopener\" href=\"https:\/\/www.instagram.com\/aconteceunovale\" target=\"_blank\">@aconteceunovale<\/a>.<\/em><\/p>\n","protected":false},"excerpt":{"rendered":"<p>O motorista de uma cegonheira morreu em um acidente na BR-251, em Francisco S\u00e1, nessa ter\u00e7a-feira (13\/4\/2021). Segundo informa\u00e7\u00f5es do Corpo de Bombeiros, ele perdeu o controle da dire\u00e7\u00e3o, bateu em uma mureta de prote\u00e7\u00e3o e capotou em um barranco \u00e0s margens da pista. O motorista foi arremessado e sofreu v\u00e1rios ferimentos. Quando a equipe [&hellip;]<\/p>\n","protected":false},"author":4,"featured_media":177229,"comment_status":"open","ping_status":"closed","sticky":false,"template":"","format":"standard","meta":{"amp_status":"","footnotes":""},"categories":[1236],"tags":[243155,163250,243152,243153,199356,243154,206350,209231,206349,134997,1018,14684,1395,2382],"class_list":["post-177228","post","type-post","status-publish","format-standard","has-post-thumbnail","hentry","category-norte_de_minas","tag-acidente-com-cegonheira","tag-acidente-com-cegonheira-na-br-251","tag-acidente-com-cegonheira-na-br-251-em-francisco-sa","tag-acidente-com-cegonheira-na-br-251-no-norte-de-minas","tag-acidente-com-cegonheira-no-norte-de-minas","tag-acidente-com-cegonheira-que-seguia-de-fortaleza-para-sao-paulo","tag-acidente-na-br-251-2","tag-acidente-na-br-251-em-francisco-sa-2","tag-br-251-2","tag-caminhoneiro-morre-em-acidente-na-br-251","tag-destaque","tag-fortaleza","tag-francisco-sa","tag-sao-paulo"],"_links":{"self":[{"href":"https:\/\/aconteceunovale.com.br\/portal\/index.php?rest_route=\/wp\/v2\/posts\/177228","targetHints":{"allow":["GET"]}}],"collection":[{"href":"https:\/\/aconteceunovale.com.br\/portal\/index.php?rest_route=\/wp\/v2\/posts"}],"about":[{"href":"https:\/\/aconteceunovale.com.br\/portal\/index.php?rest_route=\/wp\/v2\/types\/post"}],"author":[{"embeddable":true,"href":"https:\/\/aconteceunovale.com.br\/portal\/index.php?rest_route=\/wp\/v2\/users\/4"}],"replies":[{"embeddable":true,"href":"https:\/\/aconteceunovale.com.br\/portal\/index.php?rest_route=%2Fwp%2Fv2%2Fcomments&post=177228"}],"version-history":[{"count":1,"href":"https:\/\/aconteceunovale.com.br\/portal\/index.php?rest_route=\/wp\/v2\/posts\/177228\/revisions"}],"predecessor-version":[{"id":177232,"href":"https:\/\/aconteceunovale.com.br\/portal\/index.php?rest_route=\/wp\/v2\/posts\/177228\/revisions\/177232"}],"wp:featuredmedia":[{"embeddable":true,"href":"https:\/\/aconteceunovale.com.br\/portal\/index.php?rest_route=\/wp\/v2\/media\/177229"}],"wp:attachment":[{"href":"https:\/\/aconteceunovale.com.br\/portal\/index.php?rest_route=%2Fwp%2Fv2%2Fmedia&parent=177228"}],"wp:term":[{"taxonomy":"category","embeddable":true,"href":"https:\/\/aconteceunovale.com.br\/portal\/index.php?rest_route=%2Fwp%2Fv2%2Fcategories&post=177228"},{"taxonomy":"post_tag","embeddable":true,"href":"https:\/\/aconteceunovale.com.br\/portal\/index.php?rest_route=%2Fwp%2Fv2%2Ftags&post=177228"}],"curies":[{"name":"wp","href":"https:\/\/api.w.org\/{rel}","templated":true}]}}