{"id":177224,"date":"2021-04-14T22:40:41","date_gmt":"2021-04-15T01:40:41","guid":{"rendered":"https:\/\/aconteceunovale.com.br\/portal\/?p=177224"},"modified":"2021-04-14T22:44:26","modified_gmt":"2021-04-15T01:44:26","slug":"corpo-de-jovem-que-estava-desaparecida-e-encontrado-dentro-de-mala-no-norte-de-minas","status":"publish","type":"post","link":"https:\/\/aconteceunovale.com.br\/portal\/?p=177224","title":{"rendered":"Corpo de jovem que estava desaparecida \u00e9 encontrado dentro de mala no Norte de Minas"},"content":{"rendered":"\n<p>O corpo de uma jovem de 21 anos foi encontrado dentro de uma mala em Engenheiro Navarro, no Norte de Minas Gerais, nesta quarta-feira (14\/4\/2021). O suspeito C.R.G, de 34, foi preso pela Pol\u00edcia Militar.<\/p>\n\n\n\n<figure class=\"wp-block-gallery columns-1 is-cropped wp-block-gallery-1 is-layout-flex wp-block-gallery-is-layout-flex\"><ul class=\"blocks-gallery-grid\"><li class=\"blocks-gallery-item\"><figure><img loading=\"lazy\" decoding=\"async\" width=\"820\" height=\"556\" src=\"https:\/\/aconteceunovale.com.br\/portal\/wp-content\/uploads\/2021\/04\/vitima_navarro.jpg\" alt=\"\" data-id=\"177225\" data-full-url=\"https:\/\/aconteceunovale.com.br\/portal\/wp-content\/uploads\/2021\/04\/vitima_navarro.jpg\" data-link=\"https:\/\/aconteceunovale.com.br\/portal\/?attachment_id=177225\" class=\"wp-image-177225\" srcset=\"https:\/\/aconteceunovale.com.br\/portal\/wp-content\/uploads\/2021\/04\/vitima_navarro.jpg 820w, https:\/\/aconteceunovale.com.br\/portal\/wp-content\/uploads\/2021\/04\/vitima_navarro-300x203.jpg 300w, https:\/\/aconteceunovale.com.br\/portal\/wp-content\/uploads\/2021\/04\/vitima_navarro-768x521.jpg 768w, https:\/\/aconteceunovale.com.br\/portal\/wp-content\/uploads\/2021\/04\/vitima_navarro-696x472.jpg 696w, https:\/\/aconteceunovale.com.br\/portal\/wp-content\/uploads\/2021\/04\/vitima_navarro-619x420.jpg 619w\" sizes=\"auto, (max-width: 820px) 100vw, 820px\" \/><figcaption class=\"blocks-gallery-item__caption\"><em>C\u00edntia Ta\u00eds Gomes da Silva tinha 21 anos (Foto: Reprodu\u00e7\u00e3o \/ WhatsApp)<\/em><\/figcaption><\/figure><\/li><\/ul><\/figure>\n\n\n\n<p><em>&#8220;A Pol\u00edcia Militar recebeu informa\u00e7\u00e3o de uma resid\u00eancia onde teria um intenso odor, um mau cheiro muito grande. Nesse sentido, os militares compareceram at\u00e9 essa resid\u00eancia e verificaram que havia uma mala, ao redor dessa mala tinha bastante sangue&#8221;<\/em>, informou o capit\u00e3o Michael Stephan, comandante da 210\u00aa Cia da PM.<\/p>\n\n\n\n<p>Como havia informa\u00e7\u00f5es de que a jovem C\u00edntia Ta\u00eds Gomes da Silva, de 21 anos, estava desaparecida desde a \u00faltima quinta-feira (7\/4), logo ap\u00f3s encontrarem a mala, os policiais fizeram buscas pelo dono do im\u00f3vel.<\/p>\n\n\n\n<p><em>&#8220;Os militares, j\u00e1 no Centro da cidade, conseguiram alcan\u00e7ar o autor e prend\u00ea-lo. Ele relatou para a Pol\u00edcia Militar que recebeu a mo\u00e7a, aparentando vinte e poucos anos, que ela esteve na resid\u00eancia e que estava, aparentemente, sob efeito de drogas. Ela ent\u00e3o teria sofrido uma convuls\u00e3o e, nesse sentido, segundo o autor, ela teria vindo a \u00f3bito em raz\u00e3o dessa convuls\u00e3o por overdose de drogas&#8221;<\/em>, completou o capit\u00e3o.<\/p>\n\n\n\n<p>Ainda de acordo com as informa\u00e7\u00f5es do homem \u00e0 PM, com medo de ser responsabilizado pelo crime, ele esquartejou o corpo e escondeu em malas e sacolas.<\/p>\n\n\n\n<p>Conforme as informa\u00e7\u00f5es levantadas junto \u00e0 PM, C.R.G j\u00e1 tem passagem por estupro. Ele vai continuar preso preventivamente em Bocaiuva, cidade onde nasceu, distante 30 quil\u00f4metros de Engenheiro Navarro.<\/p>\n\n\n\n<p>O caso ser\u00e1 investigado pela Pol\u00edcia Civil.<\/p>\n\n\n\n<figure class=\"wp-block-gallery columns-1 is-cropped wp-block-gallery-2 is-layout-flex wp-block-gallery-is-layout-flex\"><ul class=\"blocks-gallery-grid\"><li class=\"blocks-gallery-item\"><figure><img loading=\"lazy\" decoding=\"async\" width=\"650\" height=\"399\" src=\"https:\/\/aconteceunovale.com.br\/portal\/wp-content\/uploads\/2021\/04\/vitima_navarro1.jpg\" alt=\"\" data-id=\"177226\" data-full-url=\"https:\/\/aconteceunovale.com.br\/portal\/wp-content\/uploads\/2021\/04\/vitima_navarro1.jpg\" data-link=\"https:\/\/aconteceunovale.com.br\/portal\/?attachment_id=177226\" class=\"wp-image-177226\" srcset=\"https:\/\/aconteceunovale.com.br\/portal\/wp-content\/uploads\/2021\/04\/vitima_navarro1.jpg 650w, https:\/\/aconteceunovale.com.br\/portal\/wp-content\/uploads\/2021\/04\/vitima_navarro1-300x184.jpg 300w, https:\/\/aconteceunovale.com.br\/portal\/wp-content\/uploads\/2021\/04\/vitima_navarro1-356x220.jpg 356w\" sizes=\"auto, (max-width: 650px) 100vw, 650px\" \/><figcaption class=\"blocks-gallery-item__caption\"><em>Corpo foi encontrado dentro de mala em Engenheiro Navarro (Foto: Reprodu\u00e7\u00e3o \/ WhatsApp)<\/em><\/figcaption><\/figure><\/li><\/ul><\/figure>\n\n\n\n<p>&#8212;&#8212;&#8212;&#8212;&#8212;&#8212;<br><em>Quer receber as not\u00edcias do <strong>Aconteceu no Vale<\/strong> em primeira m\u00e3o? Siga-nos no Facebook <a rel=\"noreferrer noopener\" href=\"http:\/\/facebook.com\/aconteceunovale\" target=\"_blank\">@aconteceunovale<\/a>, Twitter <a rel=\"noreferrer noopener\" href=\"https:\/\/twitter.com\/noticiadosvales\" target=\"_blank\">@noticiadosvales<\/a> e Instagram <a rel=\"noreferrer noopener\" href=\"https:\/\/www.instagram.com\/aconteceunovale\" target=\"_blank\">@aconteceunovale<\/a>.<\/em><\/p>\n","protected":false},"excerpt":{"rendered":"<p>O corpo de uma jovem de 21 anos foi encontrado dentro de uma mala em Engenheiro Navarro, no Norte de Minas Gerais, nesta quarta-feira (14\/4\/2021). O suspeito C.R.G, de 34, foi preso pela Pol\u00edcia Militar. &#8220;A Pol\u00edcia Militar recebeu informa\u00e7\u00e3o de uma resid\u00eancia onde teria um intenso odor, um mau cheiro muito grande. Nesse sentido, [&hellip;]<\/p>\n","protected":false},"author":4,"featured_media":177225,"comment_status":"open","ping_status":"closed","sticky":false,"template":"","format":"standard","meta":{"amp_status":"","footnotes":""},"categories":[1236],"tags":[172586,645,243149,243150,243148,243143,243142,243145,243144,1018,243151,1691,243147,243146],"class_list":["post-177224","post","type-post","status-publish","format-standard","has-post-thumbnail","hentry","category-norte_de_minas","tag-assassinato-em-engenheiro-navarro","tag-bocaiuva","tag-carlos-roberto-goncalves","tag-cintia-tais-engenheiro-navarro","tag-cintia-tais-gomes-da-silva","tag-corpo-de-jovem-que-estava-desaparecida-e-encontrado-dentro-de-mala-em-engenheiro-navarro","tag-corpo-de-jovem-que-estava-desaparecida-e-encontrado-dentro-de-mala-no-norte-de-minas","tag-corpo-encontrado-em-engenheiro-navarro","tag-desaparecida-em-engenheiro-navarro","tag-destaque","tag-diva-gomes-dos-santos","tag-engenheiro-navarro","tag-jovem-assassinada-em-engenheiro-navarro","tag-jovem-morta-em-engenheiro-navarro"],"_links":{"self":[{"href":"https:\/\/aconteceunovale.com.br\/portal\/index.php?rest_route=\/wp\/v2\/posts\/177224","targetHints":{"allow":["GET"]}}],"collection":[{"href":"https:\/\/aconteceunovale.com.br\/portal\/index.php?rest_route=\/wp\/v2\/posts"}],"about":[{"href":"https:\/\/aconteceunovale.com.br\/portal\/index.php?rest_route=\/wp\/v2\/types\/post"}],"author":[{"embeddable":true,"href":"https:\/\/aconteceunovale.com.br\/portal\/index.php?rest_route=\/wp\/v2\/users\/4"}],"replies":[{"embeddable":true,"href":"https:\/\/aconteceunovale.com.br\/portal\/index.php?rest_route=%2Fwp%2Fv2%2Fcomments&post=177224"}],"version-history":[{"count":1,"href":"https:\/\/aconteceunovale.com.br\/portal\/index.php?rest_route=\/wp\/v2\/posts\/177224\/revisions"}],"predecessor-version":[{"id":177227,"href":"https:\/\/aconteceunovale.com.br\/portal\/index.php?rest_route=\/wp\/v2\/posts\/177224\/revisions\/177227"}],"wp:featuredmedia":[{"embeddable":true,"href":"https:\/\/aconteceunovale.com.br\/portal\/index.php?rest_route=\/wp\/v2\/media\/177225"}],"wp:attachment":[{"href":"https:\/\/aconteceunovale.com.br\/portal\/index.php?rest_route=%2Fwp%2Fv2%2Fmedia&parent=177224"}],"wp:term":[{"taxonomy":"category","embeddable":true,"href":"https:\/\/aconteceunovale.com.br\/portal\/index.php?rest_route=%2Fwp%2Fv2%2Fcategories&post=177224"},{"taxonomy":"post_tag","embeddable":true,"href":"https:\/\/aconteceunovale.com.br\/portal\/index.php?rest_route=%2Fwp%2Fv2%2Ftags&post=177224"}],"curies":[{"name":"wp","href":"https:\/\/api.w.org\/{rel}","templated":true}]}}