{"id":177168,"date":"2021-04-13T22:43:36","date_gmt":"2021-04-14T01:43:36","guid":{"rendered":"https:\/\/aconteceunovale.com.br\/portal\/?p=177168"},"modified":"2021-04-13T22:45:45","modified_gmt":"2021-04-14T01:45:45","slug":"policia-registra-acidente-com-duas-mortes-mgc-496-no-norte-de-minas","status":"publish","type":"post","link":"https:\/\/aconteceunovale.com.br\/portal\/?p=177168","title":{"rendered":"Pol\u00edcia registra acidente com duas mortes MGC-496, no Norte de Minas"},"content":{"rendered":"\n<p>Dois jovens, de 21 e 28 anos, morreram em um acidente na MGC-496, no munic\u00edpio de Lassance, no Norte de Minas Gerais, no domingo (11\/4\/2021). Segundo informa\u00e7\u00f5es do Corpo de Bombeiros, o motorista perdeu o controle da dire\u00e7\u00e3o e capotou em uma ribanceira de 13 metros. As v\u00edtimas Kayron Felipe Oliveira Souza e Jo\u00e3o Paulo dos Santos Alves seguiam para V\u00e1rzea da Palma, na mesma regi\u00e3o.<\/p>\n\n\n\n<figure class=\"wp-block-gallery columns-1 is-cropped wp-block-gallery-1 is-layout-flex wp-block-gallery-is-layout-flex\"><ul class=\"blocks-gallery-grid\"><li class=\"blocks-gallery-item\"><figure><img loading=\"lazy\" decoding=\"async\" width=\"678\" height=\"403\" src=\"https:\/\/aconteceunovale.com.br\/portal\/wp-content\/uploads\/2021\/04\/acidente_lassance_1.jpeg\" alt=\"\" data-id=\"177169\" data-full-url=\"https:\/\/aconteceunovale.com.br\/portal\/wp-content\/uploads\/2021\/04\/acidente_lassance_1.jpeg\" data-link=\"https:\/\/aconteceunovale.com.br\/portal\/?attachment_id=177169\" class=\"wp-image-177169\" srcset=\"https:\/\/aconteceunovale.com.br\/portal\/wp-content\/uploads\/2021\/04\/acidente_lassance_1.jpeg 678w, https:\/\/aconteceunovale.com.br\/portal\/wp-content\/uploads\/2021\/04\/acidente_lassance_1-300x178.jpeg 300w\" sizes=\"auto, (max-width: 678px) 100vw, 678px\" \/><figcaption class=\"blocks-gallery-item__caption\"><em>Foto: Corpo de Bombeiros \/ Divulga\u00e7\u00e3o<\/em><\/figcaption><\/figure><\/li><\/ul><\/figure>\n\n\n\n<p><em>\u201cO carro atravessou a pista, atingiu o meio-fio, caiu na ribanceira e bateu em algumas \u00e1rvores. Com o impacto, houve um grande amassamento da estrutura e as v\u00edtimas ficaram presas \u00e0s ferragens, e morreram no local\u201d<\/em>, disse o subtenente Wendel Chamone Andrada, do Corpo de Bombeiros.<\/p>\n\n\n\n<p>Os militares tiveram que cortar as portas e desamassar a estrutura para resgatar as v\u00edtimas. O trabalho de desencarceramento e retirada dos corpos da ribanceira durou cerca de 3h. Segundo os bombeiros, foram encontradas garrafas de bebida alco\u00f3lica dentro do ve\u00edculo.<\/p>\n\n\n\n<p>De acordo com o boletim de ocorr\u00eancia registrado pela PM, o motorista, de 21 anos, n\u00e3o possu\u00eda carteira de habilita\u00e7\u00e3o na categoria B e o carro estava com documenta\u00e7\u00e3o irregular. A per\u00edcia da Pol\u00edcia Civil esteve no local e liberou os corpos para o Instituto M\u00e9dico Legal.<\/p>\n\n\n\n<figure class=\"wp-block-gallery columns-1 is-cropped wp-block-gallery-2 is-layout-flex wp-block-gallery-is-layout-flex\"><ul class=\"blocks-gallery-grid\"><li class=\"blocks-gallery-item\"><figure><img loading=\"lazy\" decoding=\"async\" width=\"678\" height=\"434\" src=\"https:\/\/aconteceunovale.com.br\/portal\/wp-content\/uploads\/2021\/04\/acidente_lassance_2.jpeg\" alt=\"\" data-id=\"177170\" data-full-url=\"https:\/\/aconteceunovale.com.br\/portal\/wp-content\/uploads\/2021\/04\/acidente_lassance_2.jpeg\" data-link=\"https:\/\/aconteceunovale.com.br\/portal\/?attachment_id=177170\" class=\"wp-image-177170\" srcset=\"https:\/\/aconteceunovale.com.br\/portal\/wp-content\/uploads\/2021\/04\/acidente_lassance_2.jpeg 678w, https:\/\/aconteceunovale.com.br\/portal\/wp-content\/uploads\/2021\/04\/acidente_lassance_2-300x192.jpeg 300w, https:\/\/aconteceunovale.com.br\/portal\/wp-content\/uploads\/2021\/04\/acidente_lassance_2-656x420.jpeg 656w\" sizes=\"auto, (max-width: 678px) 100vw, 678px\" \/><figcaption class=\"blocks-gallery-item__caption\"><em>Foto: Corpo de Bombeiros \/ Divulga\u00e7\u00e3o<\/em><\/figcaption><\/figure><\/li><\/ul><\/figure>\n\n\n\n<p>&#8212;&#8212;&#8212;&#8212;&#8212;&#8212;<br><em>Quer receber as not\u00edcias do <strong>Aconteceu no Vale<\/strong> em primeira m\u00e3o? Siga-nos no Facebook <a rel=\"noreferrer noopener\" href=\"http:\/\/facebook.com\/aconteceunovale\" target=\"_blank\">@aconteceunovale<\/a>, Twitter <a rel=\"noreferrer noopener\" href=\"https:\/\/twitter.com\/noticiadosvales\" target=\"_blank\">@noticiadosvales<\/a> e Instagram <a rel=\"noreferrer noopener\" href=\"https:\/\/www.instagram.com\/aconteceunovale\" target=\"_blank\">@aconteceunovale<\/a>.<\/em><\/p>\n","protected":false},"excerpt":{"rendered":"<p>Dois jovens, de 21 e 28 anos, morreram em um acidente na MGC-496, no munic\u00edpio de Lassance, no Norte de Minas Gerais, no domingo (11\/4\/2021). Segundo informa\u00e7\u00f5es do Corpo de Bombeiros, o motorista perdeu o controle da dire\u00e7\u00e3o e capotou em uma ribanceira de 13 metros. As v\u00edtimas Kayron Felipe Oliveira Souza e Jo\u00e3o Paulo [&hellip;]<\/p>\n","protected":false},"author":4,"featured_media":177169,"comment_status":"open","ping_status":"closed","sticky":false,"template":"","format":"standard","meta":{"amp_status":"","footnotes":""},"categories":[1236],"tags":[243054,243051,30197,243052,243053,243056,243055,2941,147076,243049,243048,243050,1340,243057],"class_list":["post-177168","post","type-post","status-publish","format-standard","has-post-thumbnail","hentry","category-norte_de_minas","tag-acidente-com-carro-que-seguia-de-lassance-para-varzea-da-palma","tag-acidente-em-lassance","tag-acidente-em-varzea-da-palma","tag-acidente-entre-lassance-e-varzea-da-palma","tag-acidente-na-mgc-496-em-policia-registra-acidente-com-duas-mortes","tag-joao-paulo-dos-santos-alves","tag-kayron-felipe-oliveira-souza","tag-lassance","tag-mgc-496","tag-policia-registra-acidente-com-duas-mortes-em-lassance","tag-policia-registra-acidente-com-duas-mortes-mgc-496","tag-policia-registra-acidente-com-duas-mortes-no-norte-de-minas","tag-varzea-da-palma","tag-wendel-chamone-andrada"],"_links":{"self":[{"href":"https:\/\/aconteceunovale.com.br\/portal\/index.php?rest_route=\/wp\/v2\/posts\/177168","targetHints":{"allow":["GET"]}}],"collection":[{"href":"https:\/\/aconteceunovale.com.br\/portal\/index.php?rest_route=\/wp\/v2\/posts"}],"about":[{"href":"https:\/\/aconteceunovale.com.br\/portal\/index.php?rest_route=\/wp\/v2\/types\/post"}],"author":[{"embeddable":true,"href":"https:\/\/aconteceunovale.com.br\/portal\/index.php?rest_route=\/wp\/v2\/users\/4"}],"replies":[{"embeddable":true,"href":"https:\/\/aconteceunovale.com.br\/portal\/index.php?rest_route=%2Fwp%2Fv2%2Fcomments&post=177168"}],"version-history":[{"count":1,"href":"https:\/\/aconteceunovale.com.br\/portal\/index.php?rest_route=\/wp\/v2\/posts\/177168\/revisions"}],"predecessor-version":[{"id":177171,"href":"https:\/\/aconteceunovale.com.br\/portal\/index.php?rest_route=\/wp\/v2\/posts\/177168\/revisions\/177171"}],"wp:featuredmedia":[{"embeddable":true,"href":"https:\/\/aconteceunovale.com.br\/portal\/index.php?rest_route=\/wp\/v2\/media\/177169"}],"wp:attachment":[{"href":"https:\/\/aconteceunovale.com.br\/portal\/index.php?rest_route=%2Fwp%2Fv2%2Fmedia&parent=177168"}],"wp:term":[{"taxonomy":"category","embeddable":true,"href":"https:\/\/aconteceunovale.com.br\/portal\/index.php?rest_route=%2Fwp%2Fv2%2Fcategories&post=177168"},{"taxonomy":"post_tag","embeddable":true,"href":"https:\/\/aconteceunovale.com.br\/portal\/index.php?rest_route=%2Fwp%2Fv2%2Ftags&post=177168"}],"curies":[{"name":"wp","href":"https:\/\/api.w.org\/{rel}","templated":true}]}}