{"id":177123,"date":"2021-04-13T14:34:01","date_gmt":"2021-04-13T17:34:01","guid":{"rendered":"https:\/\/aconteceunovale.com.br\/portal\/?p=177123"},"modified":"2021-04-13T14:37:41","modified_gmt":"2021-04-13T17:37:41","slug":"acao-solidaria-socorre-populacao-do-norte-de-minas","status":"publish","type":"post","link":"https:\/\/aconteceunovale.com.br\/portal\/?p=177123","title":{"rendered":"A\u00e7\u00e3o solid\u00e1ria socorre popula\u00e7\u00e3o do Norte de Minas"},"content":{"rendered":"\n<p>O desemprego, o empobrecimento e o desamparo de pessoas socialmente vulner\u00e1veis foram agravados pela pandemia que se alastra pelo mundo h\u00e1 mais de um ano. A resposta solid\u00e1ria \u00e0 popula\u00e7\u00e3o necessitada, na Comarca de Porteirinha, regi\u00e3o\u00a0Norte de Minas, permitiu que, em apenas 10 dias, mais de 1.400 cestas b\u00e1sicas fossem arrecadadas. Elas foram distribu\u00eddas para o mesmo n\u00famero de fam\u00edlias, que vivem em situa\u00e7\u00e3o de pobreza extrema.<\/p>\n\n\n\n<figure class=\"wp-block-gallery columns-1 is-cropped wp-block-gallery-1 is-layout-flex wp-block-gallery-is-layout-flex\"><ul class=\"blocks-gallery-grid\"><li class=\"blocks-gallery-item\"><figure><img loading=\"lazy\" decoding=\"async\" width=\"675\" height=\"450\" src=\"https:\/\/aconteceunovale.com.br\/portal\/wp-content\/uploads\/2021\/04\/doacao_alimentos_norte_minas_1.jpg\" alt=\"\" data-id=\"177124\" data-full-url=\"https:\/\/aconteceunovale.com.br\/portal\/wp-content\/uploads\/2021\/04\/doacao_alimentos_norte_minas_1.jpg\" data-link=\"https:\/\/aconteceunovale.com.br\/portal\/?attachment_id=177124\" class=\"wp-image-177124\" srcset=\"https:\/\/aconteceunovale.com.br\/portal\/wp-content\/uploads\/2021\/04\/doacao_alimentos_norte_minas_1.jpg 675w, https:\/\/aconteceunovale.com.br\/portal\/wp-content\/uploads\/2021\/04\/doacao_alimentos_norte_minas_1-300x200.jpg 300w, https:\/\/aconteceunovale.com.br\/portal\/wp-content\/uploads\/2021\/04\/doacao_alimentos_norte_minas_1-630x420.jpg 630w\" sizes=\"auto, (max-width: 675px) 100vw, 675px\" \/><figcaption class=\"blocks-gallery-item__caption\"><em>Representantes do poder p\u00fablico se uniram para prestar assist\u00eancia \u00e0 popula\u00e7\u00e3o vulner\u00e1vel da comarca (Foto: Geom\u00e1rcio Silva \/ TJMG)<\/em><\/figcaption><\/figure><\/li><\/ul><\/figure>\n\n\n\n<p>Iniciada em 19 de mar\u00e7o, a campanha &#8220;A\u00e7\u00e3o Solid\u00e1ria&#8221; foi resultado de uma articula\u00e7\u00e3o do Poder Judici\u00e1rio, do Minist\u00e9rio P\u00fablico, das Pol\u00edcias Militar e Civil e do Departamento Penitenci\u00e1rio de Minas Gerais (Depen\/MG),&nbsp;com a participa\u00e7\u00e3o da comunidade. A entrega das cestas come\u00e7ou no Domingo de P\u00e1scoa (4\/4) e se estendeu por toda a semana.<\/p>\n\n\n\n<p>A distribui\u00e7\u00e3o contou com a ajuda de volunt\u00e1rios dos \u00f3rg\u00e3os p\u00fablicos envolvidos e de colaboradores. As doa\u00e7\u00f5es, em torno de 22 toneladas de alimentos, foram colocadas em 12 viaturas, cinco carros particulares e um caminh\u00e3o e levadas para regi\u00f5es carentes.<\/p>\n\n\n\n<p>Toda a log\u00edstica de entrega foi planejada pela Pol\u00edcia Militar. Diante da grande quantidade de cestas arrecadadas e da complexidade da distribui\u00e7\u00e3o, a opera\u00e7\u00e3o foi coordenada pelo capit\u00e3o PM Guilherme Rodrigues Santos, que mobilizou os militares de todos os destacamentos da regi\u00e3o.<\/p>\n\n\n\n<h2 class=\"wp-block-heading\"><strong>Comunidade de valor<\/strong><\/h2>\n\n\n\n<p>Carioca, o juiz Rodrigo Fernando Di Gioia Colosimo chegou a morar em Belo Horizonte. Ele explica que, ao assumir a comarca, se chocou ao conhecer a realidade de Porteirinha e as dificuldades que a popula\u00e7\u00e3o enfrenta, que v\u00e3o da mis\u00e9ria e das baixas taxas de alfabetiza\u00e7\u00e3o aos longos meses sem chuvas.<\/p>\n\n\n\n<figure class=\"wp-block-gallery columns-1 is-cropped wp-block-gallery-2 is-layout-flex wp-block-gallery-is-layout-flex\"><ul class=\"blocks-gallery-grid\"><li class=\"blocks-gallery-item\"><figure><img loading=\"lazy\" decoding=\"async\" width=\"675\" height=\"450\" src=\"https:\/\/aconteceunovale.com.br\/portal\/wp-content\/uploads\/2021\/04\/doacao_alimentos_norte_minas_2.jpg\" alt=\"\" data-id=\"177125\" data-full-url=\"https:\/\/aconteceunovale.com.br\/portal\/wp-content\/uploads\/2021\/04\/doacao_alimentos_norte_minas_2.jpg\" data-link=\"https:\/\/aconteceunovale.com.br\/portal\/?attachment_id=177125\" class=\"wp-image-177125\" srcset=\"https:\/\/aconteceunovale.com.br\/portal\/wp-content\/uploads\/2021\/04\/doacao_alimentos_norte_minas_2.jpg 675w, https:\/\/aconteceunovale.com.br\/portal\/wp-content\/uploads\/2021\/04\/doacao_alimentos_norte_minas_2-300x200.jpg 300w, https:\/\/aconteceunovale.com.br\/portal\/wp-content\/uploads\/2021\/04\/doacao_alimentos_norte_minas_2-630x420.jpg 630w\" sizes=\"auto, (max-width: 675px) 100vw, 675px\" \/><figcaption class=\"blocks-gallery-item__caption\"><em>Segundo o juiz Rodrigo Colosimo (dir.), o envolvimento de todos foi crucial para o sucesso (Foto: Geom\u00e1rcio Silva \/ TJMG)<\/em><\/figcaption><\/figure><\/li><\/ul><\/figure>\n\n\n\n<p>\u201cO Norte de Minas \u00e9 uma regi\u00e3o pobre, e o Munic\u00edpio de Pai Pedro, um dos&nbsp;integrantes da Comarca de Porteirinha, por muitos anos, teve o pior IDH do Brasil. \u00c9 uma \u00e1rea que precisa muito da aten\u00e7\u00e3o do Estado. Faltam oportunidades de emprego. Existe o problema da seca,&nbsp;do alcoolismo e da cultura machista, que t\u00eam como consequ\u00eancias, por exemplo, a viol\u00eancia dom\u00e9stica\u201d, avalia.<\/p>\n\n\n\n<p>\u201c\u00c9 uma regi\u00e3o com enorme potencial tur\u00edstico, que precisa ser devidamente explorado. Apesar da pobreza, as pessoas s\u00e3o trabalhadoras e generosas, t\u00eam essa disposi\u00e7\u00e3o para auxiliar, se colocar no lugar do outro. Vejo isso nos nossos servidores, mas tamb\u00e9m no Minist\u00e9rio P\u00fablico, nas corpora\u00e7\u00f5es policiais. Existe uma vontade muito grande de dar certo aqui\u201d, argumenta o juiz Rodrigo Colosimo.<\/p>\n\n\n\n<p>Para o titular da comarca, a coopera\u00e7\u00e3o de todos foi muito importante, mas a parceria com a PMMG foi fundamental para o sucesso da empreitada. \u201cDevido \u00e0 consider\u00e1vel extens\u00e3o territorial e ao n\u00famero de fam\u00edlias beneficiadas, foi preciso tra\u00e7ar um plano eficiente para garantir que as cestas chegassem aos destinos\u201d, diz.<\/p>\n\n\n\n<figure class=\"wp-block-gallery columns-1 is-cropped wp-block-gallery-3 is-layout-flex wp-block-gallery-is-layout-flex\"><ul class=\"blocks-gallery-grid\"><li class=\"blocks-gallery-item\"><figure><img loading=\"lazy\" decoding=\"async\" width=\"675\" height=\"450\" src=\"https:\/\/aconteceunovale.com.br\/portal\/wp-content\/uploads\/2021\/04\/porteirinha.jpg\" alt=\"\" data-id=\"177126\" data-full-url=\"https:\/\/aconteceunovale.com.br\/portal\/wp-content\/uploads\/2021\/04\/porteirinha.jpg\" data-link=\"https:\/\/aconteceunovale.com.br\/portal\/?attachment_id=177126\" class=\"wp-image-177126\" srcset=\"https:\/\/aconteceunovale.com.br\/portal\/wp-content\/uploads\/2021\/04\/porteirinha.jpg 675w, https:\/\/aconteceunovale.com.br\/portal\/wp-content\/uploads\/2021\/04\/porteirinha-300x200.jpg 300w, https:\/\/aconteceunovale.com.br\/portal\/wp-content\/uploads\/2021\/04\/porteirinha-630x420.jpg 630w\" sizes=\"auto, (max-width: 675px) 100vw, 675px\" \/><figcaption class=\"blocks-gallery-item__caption\"><em>Regi\u00e3o, que convive com escassez material e seca, tem riquezas naturais e povo aguerrido (Foto: Geom\u00e1rcio Silva \/ TJMG)<\/em><\/figcaption><\/figure><\/li><\/ul><\/figure>\n\n\n\n<h2 class=\"wp-block-heading\"><strong>Apoio \u00e0 causa<\/strong><\/h2>\n\n\n\n<p>De acordo com o diretor do foro, inicialmente, a mobiliza\u00e7\u00e3o seria s\u00f3 com a equipe do f\u00f3rum, mas a ades\u00e3o de comunicadores e empreendedores, que disseminaram a proposta, foi conquistando mais e mais apoiadores. As prefeituras divulgaram a campanha pelas redes sociais.<\/p>\n\n\n\n<p>J\u00e1 a subse\u00e7\u00e3o de Porteirinha da Ordem dos Advogados do Brasil (OAB\/MG), ao saber da mobiliza\u00e7\u00e3o, incentivou a popula\u00e7\u00e3o a doar cestas b\u00e1sicas e parabenizou a iniciativa, por meio\u00a0do presidente, Rodrigo Gustavo Ribeiro Mendes. A comarca n\u00e3o conta com unidade da Defensoria P\u00fablica instalada.<\/p>\n\n\n\n<figure class=\"wp-block-gallery columns-1 is-cropped wp-block-gallery-4 is-layout-flex wp-block-gallery-is-layout-flex\"><ul class=\"blocks-gallery-grid\"><li class=\"blocks-gallery-item\"><figure><img loading=\"lazy\" decoding=\"async\" width=\"675\" height=\"450\" src=\"https:\/\/aconteceunovale.com.br\/portal\/wp-content\/uploads\/2021\/04\/doacao_alimentos_norte_minas_3.jpg\" alt=\"\" data-id=\"177127\" data-full-url=\"https:\/\/aconteceunovale.com.br\/portal\/wp-content\/uploads\/2021\/04\/doacao_alimentos_norte_minas_3.jpg\" data-link=\"https:\/\/aconteceunovale.com.br\/portal\/?attachment_id=177127\" class=\"wp-image-177127\" srcset=\"https:\/\/aconteceunovale.com.br\/portal\/wp-content\/uploads\/2021\/04\/doacao_alimentos_norte_minas_3.jpg 675w, https:\/\/aconteceunovale.com.br\/portal\/wp-content\/uploads\/2021\/04\/doacao_alimentos_norte_minas_3-300x200.jpg 300w, https:\/\/aconteceunovale.com.br\/portal\/wp-content\/uploads\/2021\/04\/doacao_alimentos_norte_minas_3-630x420.jpg 630w\" sizes=\"auto, (max-width: 675px) 100vw, 675px\" \/><figcaption class=\"blocks-gallery-item__caption\"><em>Log\u00edstica foi tra\u00e7ada e executada pela PMMG (Foto: Geom\u00e1rcio Silva \/ TJMG)<\/em><\/figcaption><\/figure><\/li><\/ul><\/figure>\n\n\n\n<p>\u201cFoi uma arrecada\u00e7\u00e3o hist\u00f3rica na regi\u00e3o, que teve ampla aceita\u00e7\u00e3o e apoio de empres\u00e1rios locais e de cidad\u00e3os, e tem servido de exemplo para outras comarcas adotarem a ideia. Nossa expectativa \u00e9 motivar novas campanhas pelo estado. Tamb\u00e9m pretendemos firmar outras parcerias para o combate \u00e0 fome e o fortalecimento da campanha de preven\u00e7\u00e3o contra a covid-19\u201d, antecipa juiz Rodrigo Colosimo.<\/p>\n\n\n\n<p>O magistrado afirma que, por causa dessa receptividade, a campanha passou a representar o alcance de tr\u00eas objetivos: a solidariedade social por meio da doa\u00e7\u00e3o de cestas b\u00e1sicas para fam\u00edlias carentes, o est\u00edmulo a pr\u00e1ticas de preven\u00e7\u00e3o \u00e0 doen\u00e7a e o fomento e aquecimento da economia local.<\/p>\n\n\n\n<p>\u201cIdentificamos a necessidade de fazer algo para atendimento das fam\u00edlias necessitadas e aproveitamos o ensejo para incentivar o uso de equipamentos de prote\u00e7\u00e3o para reduzir o cont\u00e1gio pelo novo coronav\u00edrus. Entregamos, junto com os itens aliment\u00edcios, mais de 1.500 m\u00e1scaras, que foram confeccionadas e fornecidas por internos do pres\u00eddio de Porteirinha e de outras unidades prisionais mineiras\u201d, conta.<\/p>\n\n\n\n<p>Com isso, os presos, al\u00e9m de contribuir para a sociedade, tamb\u00e9m puderam exercer uma atividade profissional e reduzir dias de sua pena.<\/p>\n\n\n\n<h2 class=\"wp-block-heading\"><strong>Comarca<\/strong><\/h2>\n\n\n\n<p>A quase 600km da capital mineira, Porteirinha inclui a sede, os Munic\u00edpios de Riacho dos Machados, Catuti, Serran\u00f3polis de Minas e Pai Pedro, al\u00e9m de sete distritos. Com aproximadamente 62 mil habitantes, a comarca re\u00fane cidades com m\u00e9dia de \u00edndice de desenvolvimento humano (IDH) baixo, em torno de 0,624. A maior parte da popula\u00e7\u00e3o economicamente ativa trabalha no ramo agropecu\u00e1rio e de extrativismo sustent\u00e1vel. A renda per capita mensal de 49% dos habitantes \u00e9 de meio sal\u00e1rio m\u00ednimo.<\/p>\n\n\n\n<p>&#8212;&#8212;&#8212;&#8212;&#8212;&#8212;<br><em>Quer receber as not\u00edcias do <strong>Aconteceu no Vale<\/strong> em primeira m\u00e3o? Siga-nos no Facebook <a rel=\"noreferrer noopener\" href=\"http:\/\/facebook.com\/aconteceunovale\" target=\"_blank\">@aconteceunovale<\/a>, Twitter <a rel=\"noreferrer noopener\" href=\"https:\/\/twitter.com\/noticiadosvales\" target=\"_blank\">@noticiadosvales<\/a> e Instagram <a rel=\"noreferrer noopener\" href=\"https:\/\/www.instagram.com\/aconteceunovale\" target=\"_blank\">@aconteceunovale<\/a>.<\/em><\/p>\n","protected":false},"excerpt":{"rendered":"<p>O desemprego, o empobrecimento e o desamparo de pessoas socialmente vulner\u00e1veis foram agravados pela pandemia que se alastra pelo mundo h\u00e1 mais de um ano. A resposta solid\u00e1ria \u00e0 popula\u00e7\u00e3o necessitada, na Comarca de Porteirinha, regi\u00e3o\u00a0Norte de Minas, permitiu que, em apenas 10 dias, mais de 1.400 cestas b\u00e1sicas fossem arrecadadas. Elas foram distribu\u00eddas para [&hellip;]<\/p>\n","protected":false},"author":4,"featured_media":177124,"comment_status":"open","ping_status":"closed","sticky":false,"template":"","format":"standard","meta":{"amp_status":"","footnotes":""},"categories":[1236],"tags":[242973,242984,1800,242981,214884,216498,227880,242977,242975,1018,242983,242982,242976,242978,242979,242974,242985,145,242987,3059,140166,242980,604,38187,1194,1807,242986,2671,270],"class_list":["post-177123","post","type-post","status-publish","format-standard","has-post-thumbnail","hentry","category-norte_de_minas","tag-acao-solidaria-socorre-populacao-do-norte-de-minas","tag-capitao-pm-guilherme-rodrigues-santos","tag-catuti","tag-comarca-de-porteirinha","tag-coronavirus","tag-covid-19","tag-depen-mg","tag-desamparo-de-pessoas-no-norte-de-minas","tag-desemprego-no-norte-de-minas","tag-destaque","tag-distribuicao-de-alimentos-na-comarca-de-porteirinha","tag-distribuicao-de-cestas-basicas-na-comarca-de-porteirinha","tag-empobrecimento-no-norte-de-minas","tag-familias-carentes-no-norte-de-minas","tag-familias-socialmente-vulneraveis-no-norte-de-minas","tag-fome-no-norte-de-minas","tag-juiz-rodrigo-fernando-di-gioia-colosimo","tag-norte-de-minas","tag-oab-porteirinha","tag-pai-pedro","tag-pandemia","tag-pandemia-da-fome-no-norte-de-minas","tag-pcmg","tag-pmmg","tag-porteirinha","tag-riacho-dos-machados","tag-rodrigo-colosimo","tag-serranopolis-de-minas","tag-tjmg"],"_links":{"self":[{"href":"https:\/\/aconteceunovale.com.br\/portal\/index.php?rest_route=\/wp\/v2\/posts\/177123","targetHints":{"allow":["GET"]}}],"collection":[{"href":"https:\/\/aconteceunovale.com.br\/portal\/index.php?rest_route=\/wp\/v2\/posts"}],"about":[{"href":"https:\/\/aconteceunovale.com.br\/portal\/index.php?rest_route=\/wp\/v2\/types\/post"}],"author":[{"embeddable":true,"href":"https:\/\/aconteceunovale.com.br\/portal\/index.php?rest_route=\/wp\/v2\/users\/4"}],"replies":[{"embeddable":true,"href":"https:\/\/aconteceunovale.com.br\/portal\/index.php?rest_route=%2Fwp%2Fv2%2Fcomments&post=177123"}],"version-history":[{"count":1,"href":"https:\/\/aconteceunovale.com.br\/portal\/index.php?rest_route=\/wp\/v2\/posts\/177123\/revisions"}],"predecessor-version":[{"id":177128,"href":"https:\/\/aconteceunovale.com.br\/portal\/index.php?rest_route=\/wp\/v2\/posts\/177123\/revisions\/177128"}],"wp:featuredmedia":[{"embeddable":true,"href":"https:\/\/aconteceunovale.com.br\/portal\/index.php?rest_route=\/wp\/v2\/media\/177124"}],"wp:attachment":[{"href":"https:\/\/aconteceunovale.com.br\/portal\/index.php?rest_route=%2Fwp%2Fv2%2Fmedia&parent=177123"}],"wp:term":[{"taxonomy":"category","embeddable":true,"href":"https:\/\/aconteceunovale.com.br\/portal\/index.php?rest_route=%2Fwp%2Fv2%2Fcategories&post=177123"},{"taxonomy":"post_tag","embeddable":true,"href":"https:\/\/aconteceunovale.com.br\/portal\/index.php?rest_route=%2Fwp%2Fv2%2Ftags&post=177123"}],"curies":[{"name":"wp","href":"https:\/\/api.w.org\/{rel}","templated":true}]}}