{"id":177117,"date":"2021-04-12T23:55:04","date_gmt":"2021-04-13T02:55:04","guid":{"rendered":"https:\/\/aconteceunovale.com.br\/portal\/?p=177117"},"modified":"2021-04-13T09:03:04","modified_gmt":"2021-04-13T12:03:04","slug":"capelinhense-tenta-provar-que-nao-burlou-regras-de-cotas-em-curso-de-medicina","status":"publish","type":"post","link":"https:\/\/aconteceunovale.com.br\/portal\/?p=177117","title":{"rendered":"Capelinhense tenta provar que n\u00e3o burlou regras de cotas em curso de medicina"},"content":{"rendered":"\n<p>Um estudante de medicina de Capelinha, no Vale do Jequitinhonha, luta para provar que n\u00e3o burlou as regras para ingressar na Universidade Federal do Sul da Bahia (UFSB), por meio da lei de cotas. Gild\u00e1sio Warllen dos Santos tem vitiligo\u00a0e a descolora\u00e7\u00e3o da pele fez com que ele fosse denunciado \u00e0 dire\u00e7\u00e3o da institui\u00e7\u00e3o educacional.<\/p>\n\n\n\n<figure class=\"wp-block-gallery columns-1 is-cropped wp-block-gallery-1 is-layout-flex wp-block-gallery-is-layout-flex\"><ul class=\"blocks-gallery-grid\"><li class=\"blocks-gallery-item\"><figure><img loading=\"lazy\" decoding=\"async\" width=\"625\" height=\"450\" src=\"https:\/\/aconteceunovale.com.br\/portal\/wp-content\/uploads\/2021\/04\/gildasio_ufsb_1.jpeg\" alt=\"\" data-id=\"177118\" data-full-url=\"https:\/\/aconteceunovale.com.br\/portal\/wp-content\/uploads\/2021\/04\/gildasio_ufsb_1.jpeg\" data-link=\"https:\/\/aconteceunovale.com.br\/portal\/?attachment_id=177118\" class=\"wp-image-177118\" srcset=\"https:\/\/aconteceunovale.com.br\/portal\/wp-content\/uploads\/2021\/04\/gildasio_ufsb_1.jpeg 625w, https:\/\/aconteceunovale.com.br\/portal\/wp-content\/uploads\/2021\/04\/gildasio_ufsb_1-300x216.jpeg 300w, https:\/\/aconteceunovale.com.br\/portal\/wp-content\/uploads\/2021\/04\/gildasio_ufsb_1-583x420.jpeg 583w\" sizes=\"auto, (max-width: 625px) 100vw, 625px\" \/><figcaption class=\"blocks-gallery-item__caption\"><em>Gild\u00e1sio estuda medicina na UFSB &#8211; Foto: Gild\u00e1sio dos Santos \/ Arquivo Pessoal<\/em><\/figcaption><\/figure><\/li><\/ul><\/figure>\n\n\n\n<p>O vitiligo \u00e9 uma condi\u00e7\u00e3o gen\u00e9tica que causa manchas na pele. A falta de pigmenta\u00e7\u00e3o pode evoluir a ponto de afetar 100% do corpo. \u00c9 uma doen\u00e7a que n\u00e3o tem cura e n\u00e3o \u00e9 contagiosa. Gild\u00e1sio descobriu cedo que as diferen\u00e7as meramente visuais e a falta de informa\u00e7\u00e3o podem causar dores que nunca saram.<\/p>\n\n\n\n<p><em>\u201cNo meu caso, vitiligo teve in\u00edcio na regi\u00e3o do joelho, do cotovelo e tamb\u00e9m do dedo, e o vitiligo trouxe ao longo de minha vida umas limita\u00e7\u00f5es, como a exposi\u00e7\u00e3o ao sol, entre outras. Mas trouxe, principalmente, a exclus\u00e3o, o julgamento e muitos preconceitos\u201d<\/em>, disse.<\/p>\n\n\n\n<p><em>\u201cImagina voc\u00ea uma crian\u00e7a de seis anos, escutar da m\u00e3e de um colega que ele n\u00e3o pode se aproximar de voc\u00ea, para que n\u00e3o fique manchado igual a voc\u00ea. Imagina voc\u00ea na escola ser sempre chamado por apelidos como vaca pintada, como d\u00e1lmata, entre outros\u201d<\/em>, lamentou.<\/p>\n\n\n\n<p>Gild\u00e1sio nasceu Capelinha e tem vitiligo desde a inf\u00e2ncia. Ele cursa medicina na Universidade Federal do Sul da Bahia e a vaga foi garantida pela lei de cotas. Sancionada em 2012, a legisla\u00e7\u00e3o permite o ingresso no ensino superior para estudantes de baixa renda e que se autodeclaram pretos, pardos ou ind\u00edgenas. S\u00f3 que, agora, a UFSB est\u00e1 questionando a legitimidade do direito do capelinhense.<\/p>\n\n\n\n<p><em>\u201cNovamente eu sou julgado por ter vitiligo, novamente eu venho sofrendo preconceito, exclus\u00f5es, por uma quest\u00e3o que \u00e9 patol\u00f3gica. O vitiligo n\u00e3o \u00e9 escolha. A UFSB conhece a minha trajet\u00f3ria, a minha dedica\u00e7\u00e3o como estudante, conhece o meu sofrimento tamb\u00e9m desde que isso tudo come\u00e7ou. Por\u00e9m, ela n\u00e3o oferece nenhum tipo de apoio, nunca tive um apoio psicol\u00f3gico, nunca tive um apoio de assist\u00eancia social depois que isso tudo come\u00e7ou\u201d<\/em>, explicou Gild\u00e1sio.<\/p>\n\n\n\n<figure class=\"wp-block-gallery columns-1 is-cropped wp-block-gallery-2 is-layout-flex wp-block-gallery-is-layout-flex\"><ul class=\"blocks-gallery-grid\"><li class=\"blocks-gallery-item\"><figure><img loading=\"lazy\" decoding=\"async\" width=\"668\" height=\"450\" src=\"https:\/\/aconteceunovale.com.br\/portal\/wp-content\/uploads\/2021\/04\/gildasio_ufsb_2.jpg\" alt=\"\" data-id=\"177119\" data-full-url=\"https:\/\/aconteceunovale.com.br\/portal\/wp-content\/uploads\/2021\/04\/gildasio_ufsb_2.jpg\" data-link=\"https:\/\/aconteceunovale.com.br\/portal\/?attachment_id=177119\" class=\"wp-image-177119\" srcset=\"https:\/\/aconteceunovale.com.br\/portal\/wp-content\/uploads\/2021\/04\/gildasio_ufsb_2.jpg 668w, https:\/\/aconteceunovale.com.br\/portal\/wp-content\/uploads\/2021\/04\/gildasio_ufsb_2-300x202.jpg 300w, https:\/\/aconteceunovale.com.br\/portal\/wp-content\/uploads\/2021\/04\/gildasio_ufsb_2-623x420.jpg 623w\" sizes=\"auto, (max-width: 668px) 100vw, 668px\" \/><figcaption class=\"blocks-gallery-item__caption\"><em>Gild\u00e1sio tem vitiligo desde a inf\u00e2ncia &#8211; Foto: Gild\u00e1sio dos Santos \/ Arquivo Pessoal<\/em><\/figcaption><\/figure><\/li><\/ul><\/figure>\n\n\n\n<p>A den\u00fancia an\u00f4nima contra Gild\u00e1sio foi feita entre os anos de 2017 e 2018, quando a universidade ainda n\u00e3o possu\u00eda o comit\u00ea que acompanha a pol\u00edtica de cotas. A den\u00fancia s\u00f3 foi admitida no fim de 2020. Na \u00e9poca, bastava a autodeclara\u00e7\u00e3o para ingressar na institui\u00e7\u00e3o pela lei de cotas.<\/p>\n\n\n\n<p><em>\u201cA nossa decis\u00e3o n\u00e3o vai em conta s\u00f3 a quest\u00e3o visual do momento que \u00e9 majoritariamente importante, sim. Ou seja, \u00e9 importante, porque o que faz uma pessoa ser considerada heteroidentificadamente negra no Brasil, n\u00e3o \u00e9 ter parentesco, n\u00e3o \u00e9, enfim, um hist\u00f3rico familiar\u201d<\/em>, explicou o professor e presidente do Comit\u00ea de Acompanhamento da Pol\u00edtica de Cotas da UFSB, Gabriel Nascimento dos Santos.<\/p>\n\n\n\n<p>Segundo a universidade, Gild\u00e1sio tem o direito de apresentar todas as provas que julgar necess\u00e1rias para a defesa dele.<\/p>\n\n\n\n<p><em>\u201cO denunciado, ele, obviamente, vai por apresentar quaisquer documentos e coisas que achar pertinente para a sua defesa. No caso do denunciado, essas quest\u00f5es v\u00e3o ser consideradas, sim, porque se trata de uma den\u00fancia. A gente analisa a den\u00fancia em sua completude e a gente ouve a defesa em sua completude. A gente s\u00f3 toma a decis\u00e3o depois de averiguados todos os aspectos, inclusive, os aspectos que s\u00e3o pregressos, no caso do denunciado. Ent\u00e3o, esses tra\u00e7os, se o denunciado apresentar no ponto de vista do processo, ele vai ter isso analisado. Caso ele n\u00e3o apresente, vai ser muito dif\u00edcil a comiss\u00e3o realmente identificar ou analisar para al\u00e9m dos tra\u00e7os visuais\u201d<\/em>, concluiu o professor.<\/p>\n\n\n\n<p>A comiss\u00e3o que julga o caso de Gild\u00e1sio ir\u00e1 se reunir nesta ter\u00e7a-feira (13\/4\/2021) para dar um parecer. Ele pode recorrer da decis\u00e3o em um prazo de 60 dias. Caso a admiss\u00e3o dele seja anulada, ele perde a vaga imediatamente. Enquanto correm os prazos para recurso, ele n\u00e3o poder\u00e1 continuar cursando medicina na UFSB.<\/p>\n\n\n\n<p>&#8212;&#8212;&#8212;&#8212;&#8212;&#8212;<br><em>Quer receber as not\u00edcias do <strong>Aconteceu no Vale<\/strong> em primeira m\u00e3o? Siga-nos no Facebook <a rel=\"noreferrer noopener\" href=\"http:\/\/facebook.com\/aconteceunovale\" target=\"_blank\">@aconteceunovale<\/a>, Twitter <a rel=\"noreferrer noopener\" href=\"https:\/\/twitter.com\/noticiadosvales\" target=\"_blank\">@noticiadosvales<\/a> e Instagram <a rel=\"noreferrer noopener\" href=\"https:\/\/www.instagram.com\/aconteceunovale\" target=\"_blank\">@aconteceunovale<\/a>.<\/em><\/p>\n","protected":false},"excerpt":{"rendered":"<p>Um estudante de medicina de Capelinha, no Vale do Jequitinhonha, luta para provar que n\u00e3o burlou as regras para ingressar na Universidade Federal do Sul da Bahia (UFSB), por meio da lei de cotas. Gild\u00e1sio Warllen dos Santos tem vitiligo\u00a0e a descolora\u00e7\u00e3o da pele fez com que ele fosse denunciado \u00e0 dire\u00e7\u00e3o da institui\u00e7\u00e3o educacional. [&hellip;]<\/p>\n","protected":false},"author":4,"featured_media":177118,"comment_status":"open","ping_status":"closed","sticky":false,"template":"","format":"standard","meta":{"amp_status":"","footnotes":""},"categories":[6,40238,120],"tags":[132,242960,1018,242964,242962,242969,242967,242966,242972,242970,242961,44573,242968,242965,242963,154259,242971],"class_list":["post-177117","post","type-post","status-publish","format-standard","has-post-thumbnail","hentry","category-br","category-educacao-2","category-jequi","tag-capelinha","tag-capelinhense-tenta-provar-que-nao-burlou-regras-de-cotas-em-curso-de-medicina","tag-destaque","tag-estudante-com-vitiligo-ufsb","tag-estudante-de-medicina-com-vitiligo","tag-gabriel-nascimento-dos-santos","tag-gildasio-dos-santos","tag-gildasio-warley-dos-santos","tag-gildasio-warllen-dos-santos","tag-gildasio-warllen-dos-santos-vitiligo","tag-julgamento-de-universitario-com-vitiligo","tag-lei-de-cotas","tag-politica-de-cotas-da-ufsb","tag-ufsb","tag-universidade-federal-do-sul-da-bahia","tag-vitiligo","tag-vitiligo-gildasio-warllen-dos-santos"],"_links":{"self":[{"href":"https:\/\/aconteceunovale.com.br\/portal\/index.php?rest_route=\/wp\/v2\/posts\/177117","targetHints":{"allow":["GET"]}}],"collection":[{"href":"https:\/\/aconteceunovale.com.br\/portal\/index.php?rest_route=\/wp\/v2\/posts"}],"about":[{"href":"https:\/\/aconteceunovale.com.br\/portal\/index.php?rest_route=\/wp\/v2\/types\/post"}],"author":[{"embeddable":true,"href":"https:\/\/aconteceunovale.com.br\/portal\/index.php?rest_route=\/wp\/v2\/users\/4"}],"replies":[{"embeddable":true,"href":"https:\/\/aconteceunovale.com.br\/portal\/index.php?rest_route=%2Fwp%2Fv2%2Fcomments&post=177117"}],"version-history":[{"count":2,"href":"https:\/\/aconteceunovale.com.br\/portal\/index.php?rest_route=\/wp\/v2\/posts\/177117\/revisions"}],"predecessor-version":[{"id":177122,"href":"https:\/\/aconteceunovale.com.br\/portal\/index.php?rest_route=\/wp\/v2\/posts\/177117\/revisions\/177122"}],"wp:featuredmedia":[{"embeddable":true,"href":"https:\/\/aconteceunovale.com.br\/portal\/index.php?rest_route=\/wp\/v2\/media\/177118"}],"wp:attachment":[{"href":"https:\/\/aconteceunovale.com.br\/portal\/index.php?rest_route=%2Fwp%2Fv2%2Fmedia&parent=177117"}],"wp:term":[{"taxonomy":"category","embeddable":true,"href":"https:\/\/aconteceunovale.com.br\/portal\/index.php?rest_route=%2Fwp%2Fv2%2Fcategories&post=177117"},{"taxonomy":"post_tag","embeddable":true,"href":"https:\/\/aconteceunovale.com.br\/portal\/index.php?rest_route=%2Fwp%2Fv2%2Ftags&post=177117"}],"curies":[{"name":"wp","href":"https:\/\/api.w.org\/{rel}","templated":true}]}}