{"id":177109,"date":"2021-04-12T23:19:07","date_gmt":"2021-04-13T02:19:07","guid":{"rendered":"https:\/\/aconteceunovale.com.br\/portal\/?p=177109"},"modified":"2021-04-12T23:22:06","modified_gmt":"2021-04-13T02:22:06","slug":"flavio-bolsonaro-representa-contra-jorge-kajuru-no-conselho-de-etica-do-senado","status":"publish","type":"post","link":"https:\/\/aconteceunovale.com.br\/portal\/?p=177109","title":{"rendered":"Fl\u00e1vio Bolsonaro representa contra Jorge Kajuru no Conselho de \u00c9tica do Senado"},"content":{"rendered":"\n<p>O senador Fl\u00e1vio Bolsonaro (Republicanos-RJ) protocolou hoje (12\/4\/2021) uma representa\u00e7\u00e3o contra o tamb\u00e9m senador Jorge Kajuru (Cidadania-GO) no Conselho de \u00c9tica da Casa. De acordo com Fl\u00e1vio, Kajuru infringiu a Constitui\u00e7\u00e3o ao gravar uma conversa que teve com o presidente da Rep\u00fablica, Jair Bolsonaro. Essa conversa foi divulgada pelo pr\u00f3prio Kajuru ontem (11).<\/p>\n\n\n\n<figure class=\"wp-block-gallery columns-1 is-cropped wp-block-gallery-1 is-layout-flex wp-block-gallery-is-layout-flex\"><ul class=\"blocks-gallery-grid\"><li class=\"blocks-gallery-item\"><figure><img loading=\"lazy\" decoding=\"async\" width=\"678\" height=\"450\" src=\"https:\/\/aconteceunovale.com.br\/portal\/wp-content\/uploads\/2021\/04\/kajuru.jpg\" alt=\"\" data-id=\"177110\" data-full-url=\"https:\/\/aconteceunovale.com.br\/portal\/wp-content\/uploads\/2021\/04\/kajuru.jpg\" data-link=\"https:\/\/aconteceunovale.com.br\/portal\/?attachment_id=177110\" class=\"wp-image-177110\" srcset=\"https:\/\/aconteceunovale.com.br\/portal\/wp-content\/uploads\/2021\/04\/kajuru.jpg 678w, https:\/\/aconteceunovale.com.br\/portal\/wp-content\/uploads\/2021\/04\/kajuru-300x199.jpg 300w, https:\/\/aconteceunovale.com.br\/portal\/wp-content\/uploads\/2021\/04\/kajuru-633x420.jpg 633w\" sizes=\"auto, (max-width: 678px) 100vw, 678px\" \/><figcaption class=\"blocks-gallery-item__caption\"><em>Senador Jorge Kajuru &#8211; Ludmilla Gondim\/C\u00e2mara Municipal de Goi\u00e2nia<\/em><\/figcaption><\/figure><\/li><\/ul><\/figure>\n\n\n\n<p>\u201cAcabo de protocolar no Conselho de \u00c9tica do Senado uma representa\u00e7\u00e3o contra o senador Jorge Kajuru pela sua conduta imoral, baixa, anti\u00e9tica de gravar o presidente da Rep\u00fablica sem o seu consentimento. E o pior, sem nenhuma justa causa, sem nenhuma raz\u00e3o que o levasse a isso, e ainda d\u00e1 publicidade ao teor dessa conversa\u201d, disse Fl\u00e1vio, em v\u00eddeo divulgado \u00e0 imprensa.<\/p>\n\n\n\n<p>A conversa telef\u00f4nica entre o presidente e Kajuru tratou da comiss\u00e3o parlamentar de inqu\u00e9rito (CPI) que investigar\u00e1\u00a0eventuais omiss\u00f5es do governo federal\u00a0no combate \u00e0 pandemia. Bolsonaro defendeu a amplia\u00e7\u00e3o da investiga\u00e7\u00e3o e disse temer um \u201crelat\u00f3rio sacana\u201d da comiss\u00e3o caso a apura\u00e7\u00e3o se concentre apenas no governo federal, conforme previsto no pedido original.<\/p>\n\n\n\n<p>\u201cOlha s\u00f3 o que voc\u00ea tem que fazer. Tem que mudar o objetivo da CPI, tem que ser ampla. Da\u00ed voc\u00ea vai fazer um excelente trabalho para o Brasil\u201d, afirmou Bolsonaro a Kajuru, no \u00e1udio. \u201cSe mudar, [nota] dez para voc\u00ea, porque n\u00f3s n\u00e3o temos nada a esconder\u201d, disse ao senador sobre o objetivo da CPI. Segundo Fl\u00e1vio, filho do presidente, Kajuru \u201cinfringiu direito constitucional b\u00e1sico, que \u00e9 do sigilo das comunica\u00e7\u00f5es\u201d.<\/p>\n\n\n\n<p>Em resposta \u00e0 atitude de Fl\u00e1vio, Kajuru afirmou n\u00e3o ter cometido crime algum. \u201cEu aprendi que contr\u00e1rio do amor n\u00e3o \u00e9 o \u00f3dio, \u00e9 a indiferen\u00e7a, o desprezo. E que o esquecimento \u00e9 a \u00fanica vingan\u00e7a e o \u00fanico perd\u00e3o. Eu vou comentar o que sobre Fl\u00e1vio Bolsonaro? O Senado tem 81 pessoas. Logo quem vem me pedir Conselho de \u00c9tica?\u201d, disse em v\u00eddeo divulgado por sua assessoria de imprensa.<\/p>\n\n\n\n<p>O senador por Goi\u00e1s disse que Fl\u00e1vio tem uma representa\u00e7\u00e3o aberta contra ele no mesmo colegiado por den\u00fancias de suposta pr\u00e1tica de corrup\u00e7\u00e3o da \u00e9poca em que era deputado estadual no Rio de Janeiro. \u201c[Ent\u00e3o] vamos n\u00f3s dois juntos, no mesmo dia, ao Conselho de \u00c9tica e vamos ver a puni\u00e7\u00e3o de cada um\u201d, disse.<\/p>\n\n\n\n<h2 class=\"wp-block-heading\">Sa\u00edda do partido<\/h2>\n\n\n\n<p>Tamb\u00e9m hoje, o Cidadania divulgou uma nota informando o convite que far\u00e1 a Kajuru para ele deixar o partido. Segundo o presidente da legenda, Roberto Freire, o teor da conversa mantida entre o senador e Jair Bolsonaro fere a separa\u00e7\u00e3o de Poderes e a defesa do Supremo Tribunal Federal (STF) como corte \u201cguardi\u00e3 da Constitui\u00e7\u00e3o\u201d.<\/p>\n\n\n\n<p>\u201cEsses valores s\u00e3o diametralmente opostos aos observados na conversa do senador Jorge Kajuru com o presidente Jair Bolsonaro, em que flagrantemente se discute e se comete um crime de responsabilidade. E, nesse sentido, o partido far\u00e1 um convite formal, com todo o respeito pelo senador, para que ele procure outra legenda partid\u00e1ria\u201d, afirmou o partido, em nota assinada pelo seu presidente.<\/p>\n\n\n\n<p>Kajuru tamb\u00e9m defendeu, na conversa com Bolsonaro, a abertura de um processo de impeachment do ministro Alexandre de Moraes, do Supremo. Diante disso, Freire afirmou que \u201co Cidadania condena, de forma veemente, n\u00e3o apenas a interfer\u00eancia do Executivo no Senado Federal como tamb\u00e9m a tentativa clara de intimida\u00e7\u00e3o aos ministros do STF\u201d.<\/p>\n\n\n\n<p>A assessoria de Kajuru confirmou a sa\u00edda dele do Cidadania. O senador se filiar\u00e1 ao Podemos, do tamb\u00e9m senador \u00c1lvaro Dias.<\/p>\n\n\n\n<p>&#8212;&#8212;&#8212;&#8212;&#8212;&#8212;<br><em>Quer receber as not\u00edcias do <strong>Aconteceu no Vale<\/strong> em primeira m\u00e3o? Siga-nos no Facebook <a rel=\"noreferrer noopener\" href=\"http:\/\/facebook.com\/aconteceunovale\" target=\"_blank\">@aconteceunovale<\/a>, Twitter <a rel=\"noreferrer noopener\" href=\"https:\/\/twitter.com\/noticiadosvales\" target=\"_blank\">@noticiadosvales<\/a> e Instagram <a rel=\"noreferrer noopener\" href=\"https:\/\/www.instagram.com\/aconteceunovale\" target=\"_blank\">@aconteceunovale<\/a>.<\/em><\/p>\n","protected":false},"excerpt":{"rendered":"<p>O senador Fl\u00e1vio Bolsonaro (Republicanos-RJ) protocolou hoje (12\/4\/2021) uma representa\u00e7\u00e3o contra o tamb\u00e9m senador Jorge Kajuru (Cidadania-GO) no Conselho de \u00c9tica da Casa. De acordo com Fl\u00e1vio, Kajuru infringiu a Constitui\u00e7\u00e3o ao gravar uma conversa que teve com o presidente da Rep\u00fablica, Jair Bolsonaro. Essa conversa foi divulgada pelo pr\u00f3prio Kajuru ontem (11). \u201cAcabo de [&hellip;]<\/p>\n","protected":false},"author":4,"featured_media":177110,"comment_status":"open","ping_status":"closed","sticky":false,"template":"","format":"standard","meta":{"amp_status":"","footnotes":""},"categories":[6,40240],"tags":[242521,242517,100375,242520,242959,242958,214884,216498,242518,242519,184407,242957,26436,102944,203167,35138,179739,236384,140166,242522,41221,242532,242533,21938,224293,93812,225782,203165,213044,28511,28510],"class_list":["post-177109","post","type-post","status-publish","format-standard","has-post-thumbnail","hentry","category-br","category-politica-2","tag-alessandro-vieira","tag-barroso-manda-abrir-a-cpi-da-pandemia","tag-bolsonaro","tag-combate-a-pandemia","tag-conversa-entre-bolsonaro-e-jorge-kajuru","tag-conversa-entre-bolsonaro-e-kajuru","tag-coronavirus","tag-covid-19","tag-cpi-da-pandemia","tag-cpi-para-investigar-omissoes-do-governo-federal-no-combate-a-pandemia","tag-flavio-bolsonaro","tag-flavio-bolsonaro-representa-contra-jorge-kajuru-no-conselho-de-etica-do-senado","tag-jair-bolsonaro","tag-jorge-kajuru","tag-kajuru","tag-luis-roberto-barroso","tag-ministro-luis-roberto-barroso","tag-pacheco","tag-pandemia","tag-partido-cidadania","tag-rodrigo-pacheco","tag-rodrigo-pacheco-considera-absolutamente-inapropriada-a-instalacao-da-cpi-da-pandemia","tag-rodrigo-pacheco-considera-inapropriada-a-instalacao-da-cpi-da-pandemia","tag-senado","tag-senado-brasileiro","tag-senado-federal","tag-senador-flavio-bolsonaro","tag-senador-jorge-kajuru","tag-senador-rodrigo-pacheco","tag-stf","tag-supremo-tribunal-federal"],"_links":{"self":[{"href":"https:\/\/aconteceunovale.com.br\/portal\/index.php?rest_route=\/wp\/v2\/posts\/177109","targetHints":{"allow":["GET"]}}],"collection":[{"href":"https:\/\/aconteceunovale.com.br\/portal\/index.php?rest_route=\/wp\/v2\/posts"}],"about":[{"href":"https:\/\/aconteceunovale.com.br\/portal\/index.php?rest_route=\/wp\/v2\/types\/post"}],"author":[{"embeddable":true,"href":"https:\/\/aconteceunovale.com.br\/portal\/index.php?rest_route=\/wp\/v2\/users\/4"}],"replies":[{"embeddable":true,"href":"https:\/\/aconteceunovale.com.br\/portal\/index.php?rest_route=%2Fwp%2Fv2%2Fcomments&post=177109"}],"version-history":[{"count":1,"href":"https:\/\/aconteceunovale.com.br\/portal\/index.php?rest_route=\/wp\/v2\/posts\/177109\/revisions"}],"predecessor-version":[{"id":177111,"href":"https:\/\/aconteceunovale.com.br\/portal\/index.php?rest_route=\/wp\/v2\/posts\/177109\/revisions\/177111"}],"wp:featuredmedia":[{"embeddable":true,"href":"https:\/\/aconteceunovale.com.br\/portal\/index.php?rest_route=\/wp\/v2\/media\/177110"}],"wp:attachment":[{"href":"https:\/\/aconteceunovale.com.br\/portal\/index.php?rest_route=%2Fwp%2Fv2%2Fmedia&parent=177109"}],"wp:term":[{"taxonomy":"category","embeddable":true,"href":"https:\/\/aconteceunovale.com.br\/portal\/index.php?rest_route=%2Fwp%2Fv2%2Fcategories&post=177109"},{"taxonomy":"post_tag","embeddable":true,"href":"https:\/\/aconteceunovale.com.br\/portal\/index.php?rest_route=%2Fwp%2Fv2%2Ftags&post=177109"}],"curies":[{"name":"wp","href":"https:\/\/api.w.org\/{rel}","templated":true}]}}