{"id":177055,"date":"2021-04-12T10:32:17","date_gmt":"2021-04-12T13:32:17","guid":{"rendered":"https:\/\/aconteceunovale.com.br\/portal\/?p=177055"},"modified":"2021-04-12T10:50:39","modified_gmt":"2021-04-12T13:50:39","slug":"receita-federal-adia-o-prazo-de-entrega-da-declaracao-do-imposto-de-renda","status":"publish","type":"post","link":"https:\/\/aconteceunovale.com.br\/portal\/?p=177055","title":{"rendered":"Receita Federal adia o prazo de entrega da Declara\u00e7\u00e3o do Imposto de Renda"},"content":{"rendered":"\n<p class=\"wp-block-paragraph\">A Receita Federal adiou, para 31 de maio, o prazo para entrega da declara\u00e7\u00e3o de&nbsp;Imposto de Renda da&nbsp;Pessoa&nbsp;F\u00edsica, ano-base 2020. O per\u00edodo de ajuste anual, que come\u00e7ou em 1\u00ba de mar\u00e7o, terminaria no dia 30 de abril, mas foi prorrogado pela Instru\u00e7\u00e3o Normativa n\u00ba 2.020\/2021, publicada hoje (12\/4\/2021) no&nbsp;<em><a rel=\"noreferrer noopener\" href=\"https:\/\/www.in.gov.br\/en\/web\/dou\/-\/instrucao-normativa-rfb-n-2.020-de-9-de-abril-de-2021-313193696\" target=\"_blank\">Di\u00e1rio Oficial da Uni\u00e3o<\/a>.<\/em><\/p>\n\n\n\n<p class=\"wp-block-paragraph\">De acordo com a Receita, a prorroga\u00e7\u00e3o foi estabelecida como forma de suavizar as dificuldades impostas pela pandemia de covid-19.\u00a0No ano passado, o prazo foi estendido em dois meses, at\u00e9 30 de junho.<\/p>\n\n\n\n<p class=\"wp-block-paragraph\">\u201cA medida visa proteger a sociedade, evitando que sejam formadas aglomera\u00e7\u00f5es nas unidades de atendimento e demais estabelecimentos procurados pelos cidad\u00e3os para obter documentos ou ajuda profissional. Assim, a Receita Federal contribui com os esfor\u00e7os do governo federal na manuten\u00e7\u00e3o do distanciamento social e diminui\u00e7\u00e3o da propaga\u00e7\u00e3o da doen\u00e7a\u201d, explicou, em nota.<\/p>\n\n\n\n<p class=\"wp-block-paragraph\">Em raz\u00e3o do adiamento, o contribuinte que deseja pagar o imposto via d\u00e9bito autom\u00e1tico desde a primeira cota dever\u00e1 fazer a solicita\u00e7\u00e3o at\u00e9 o dia 10 de maio. Quem enviar a declara\u00e7\u00e3o ap\u00f3s esta data dever\u00e1 pagar a primeira cota por meio de Documento de Arrecada\u00e7\u00e3o de Receitas Federais (DARF), gerado pelo pr\u00f3prio programa de declara\u00e7\u00e3o. Nesse caso, as demais cotas poder\u00e3o ser em d\u00e9bito autom\u00e1tico.<\/p>\n\n\n\n<p class=\"wp-block-paragraph\">Para aqueles que n\u00e3o optarem pelo d\u00e9bito autom\u00e1tico, os DARFs de todas as cotas poder\u00e3o ser emitidos pelo programa ou pelo Extrato da Declara\u00e7\u00e3o, dispon\u00edvel no&nbsp;<a rel=\"noreferrer noopener\" href=\"https:\/\/cav.receita.fazenda.gov.br\/autenticacao\/login\/index\" target=\"_blank\">Centro Virtual de Atendimento<\/a>&nbsp;(e-CAC) no&nbsp;<em>site<\/em>&nbsp;da&nbsp;<a rel=\"noreferrer noopener\" href=\"https:\/\/www.gov.br\/receitafederal\/pt-br\" target=\"_blank\">Receita Federal<\/a>.<\/p>\n\n\n\n<p class=\"wp-block-paragraph\">Tamb\u00e9m foram prorrogados para 31 de maio de 2021 os prazos de entrega da Declara\u00e7\u00e3o Final de Esp\u00f3lio e da Declara\u00e7\u00e3o de Sa\u00edda Definitiva do Pa\u00eds, assim como, o vencimento do pagamento do imposto relativo a essas declara\u00e7\u00f5es.<\/p>\n\n\n\n<p class=\"wp-block-paragraph\">A Receita destacou ainda que disponibiliza diversos servi\u00e7os aos cidad\u00e3os, que podem ser acessados sem sair de casa. Por meio do e-CAC com uma conta gov.br, o portal \u00fanico do governo federal, o contribuinte tem acesso, por exemplo, aos comprovantes de rendimentos informados na Declara\u00e7\u00e3o de Imposto de Renda Retido na Fonte (DIRF) pelas fontes pagadoras, \u00e0 c\u00f3pia da \u00faltima declara\u00e7\u00e3o entregue e \u00e0&nbsp;declara\u00e7\u00e3o pr\u00e9-preenchida.<\/p>\n\n\n\n<p class=\"wp-block-paragraph\">&#8212;&#8212;&#8212;&#8212;&#8212;&#8212;<br><em>Quer receber as not\u00edcias do <strong>Aconteceu no Vale<\/strong> em primeira m\u00e3o? Siga-nos no Facebook <a rel=\"noreferrer noopener\" href=\"http:\/\/facebook.com\/aconteceunovale\" target=\"_blank\">@aconteceunovale<\/a>, Twitter <a rel=\"noreferrer noopener\" href=\"https:\/\/twitter.com\/noticiadosvales\" target=\"_blank\">@noticiadosvales<\/a> e Instagram <a rel=\"noreferrer noopener\" href=\"https:\/\/www.instagram.com\/aconteceunovale\" target=\"_blank\">@aconteceunovale<\/a>.<\/em><\/p>\n","protected":false},"excerpt":{"rendered":"<p>A Receita Federal adiou, para 31 de maio, o prazo para entrega da declara\u00e7\u00e3o de&nbsp;Imposto de Renda da&nbsp;Pessoa&nbsp;F\u00edsica, ano-base 2020. O per\u00edodo de ajuste anual, que come\u00e7ou em 1\u00ba de mar\u00e7o, terminaria no dia 30 de abril, mas foi prorrogado pela Instru\u00e7\u00e3o Normativa n\u00ba 2.020\/2021, publicada hoje (12\/4\/2021) no&nbsp;Di\u00e1rio Oficial da Uni\u00e3o. De acordo com [&hellip;]<\/p>\n","protected":false},"author":4,"featured_media":155874,"comment_status":"open","ping_status":"closed","sticky":false,"template":"","format":"standard","meta":{"amp_status":"","footnotes":""},"categories":[6],"tags":[5197,240987,240988,240989,240990,1018,240991,240994,240993,240995,1468,239800,240992,21727,238346,242031,242032,242905,240986],"class_list":["post-177055","post","type-post","status-publish","format-standard","has-post-thumbnail","hentry","category-br","tag-declaracao-do-imposto-de-renda","tag-declarar-compra-de-imovel-no-imposto-de-renda","tag-declarar-compra-de-imovel-no-ir","tag-declarar-venda-de-imovel-no-imposto-de-renda","tag-declarar-venda-de-imovel-no-ir","tag-destaque","tag-duvidas-declaracao-do-imposto-de-renda","tag-duvidas-imposto-de-renda","tag-duvidas-ir","tag-duvidas-irpf","tag-imposto-de-renda","tag-imposto-de-renda-2021","tag-ir-2021","tag-irpf","tag-irpf-2021","tag-prazo-para-entrega-do-imposto-de-renda","tag-prorrogacao-da-entrega-do-imposto-de-renda","tag-receita-federal-adia-o-prazo-de-entrega-da-declaracao-do-imposto-de-renda","tag-saiba-como-declarar-compra-e-venda-de-imovel-no-imposto-de-renda"],"yoast_head":"<!-- This site is optimized with the Yoast SEO plugin v28.3 - https:\/\/yoast.com\/product\/yoast-seo-wordpress\/ -->\n<title>Receita Federal adia o prazo de entrega da Declara\u00e7\u00e3o do Imposto de Renda - Aconteceu no Vale<\/title>\n<meta name=\"robots\" content=\"index, follow, max-snippet:-1, max-image-preview:large, max-video-preview:-1\" \/>\n<link rel=\"canonical\" href=\"https:\/\/aconteceunovale.com.br\/portal\/?p=177055\" \/>\n<meta property=\"og:locale\" content=\"pt_BR\" \/>\n<meta property=\"og:type\" content=\"article\" \/>\n<meta property=\"og:title\" content=\"Receita Federal adia o prazo de entrega da Declara\u00e7\u00e3o do Imposto de Renda - Aconteceu no Vale\" \/>\n<meta property=\"og:description\" content=\"A Receita Federal adiou, para 31 de maio, o prazo para entrega da declara\u00e7\u00e3o de&nbsp;Imposto de Renda da&nbsp;Pessoa&nbsp;F\u00edsica, ano-base 2020. O per\u00edodo de ajuste anual, que come\u00e7ou em 1\u00ba de mar\u00e7o, terminaria no dia 30 de abril, mas foi prorrogado pela Instru\u00e7\u00e3o Normativa n\u00ba 2.020\/2021, publicada hoje (12\/4\/2021) no&nbsp;Di\u00e1rio Oficial da Uni\u00e3o. De acordo com [&hellip;]\" \/>\n<meta property=\"og:url\" content=\"https:\/\/aconteceunovale.com.br\/portal\/?p=177055\" \/>\n<meta property=\"og:site_name\" content=\"Aconteceu no Vale\" \/>\n<meta property=\"article:publisher\" content=\"https:\/\/www.facebook.com\/aconteceunovale\/\" \/>\n<meta property=\"article:published_time\" content=\"2021-04-12T13:32:17+00:00\" \/>\n<meta property=\"article:modified_time\" content=\"2021-04-12T13:50:39+00:00\" \/>\n<meta property=\"og:image\" content=\"https:\/\/aconteceunovale.com.br\/portal\/wp-content\/uploads\/2019\/12\/receita_federal.jpg\" \/>\n\t<meta property=\"og:image:width\" content=\"675\" \/>\n\t<meta property=\"og:image:height\" content=\"450\" \/>\n\t<meta property=\"og:image:type\" content=\"image\/jpeg\" \/>\n<meta name=\"author\" content=\"Reda\u00e7\u00e3o Aconteceu no Vale\" \/>\n<meta name=\"twitter:card\" content=\"summary_large_image\" \/>\n<meta name=\"twitter:creator\" content=\"@noticiadosvales\" \/>\n<meta name=\"twitter:site\" content=\"@noticiadosvales\" \/>\n<meta name=\"twitter:label1\" content=\"Escrito por\" \/>\n\t<meta name=\"twitter:data1\" content=\"Reda\u00e7\u00e3o Aconteceu no Vale\" \/>\n\t<meta name=\"twitter:label2\" content=\"Est. tempo de leitura\" \/>\n\t<meta name=\"twitter:data2\" content=\"2 minutos\" \/>\n<script type=\"application\/ld+json\" class=\"yoast-schema-graph\">{\"@context\":\"https:\\\/\\\/schema.org\",\"@graph\":[{\"@type\":\"Article\",\"@id\":\"https:\\\/\\\/aconteceunovale.com.br\\\/portal\\\/?p=177055#article\",\"isPartOf\":{\"@id\":\"https:\\\/\\\/aconteceunovale.com.br\\\/portal\\\/?p=177055\"},\"author\":{\"name\":\"Reda\u00e7\u00e3o Aconteceu no Vale\",\"@id\":\"https:\\\/\\\/aconteceunovale.com.br\\\/portal\\\/#\\\/schema\\\/person\\\/7d2f26d1483f8a63de73da1ee0754d35\"},\"headline\":\"Receita Federal adia o prazo de entrega da Declara\u00e7\u00e3o do Imposto de Renda\",\"datePublished\":\"2021-04-12T13:32:17+00:00\",\"dateModified\":\"2021-04-12T13:50:39+00:00\",\"mainEntityOfPage\":{\"@id\":\"https:\\\/\\\/aconteceunovale.com.br\\\/portal\\\/?p=177055\"},\"wordCount\":432,\"commentCount\":0,\"image\":{\"@id\":\"https:\\\/\\\/aconteceunovale.com.br\\\/portal\\\/?p=177055#primaryimage\"},\"thumbnailUrl\":\"https:\\\/\\\/aconteceunovale.com.br\\\/portal\\\/wp-content\\\/uploads\\\/2019\\\/12\\\/receita_federal.jpg\",\"keywords\":[\"declara\u00e7\u00e3o do Imposto de Renda\",\"Declarar compra de im\u00f3vel no Imposto de Renda\",\"Declarar compra de im\u00f3vel no IR\",\"Declarar venda de im\u00f3vel no Imposto de Renda\",\"Declarar venda de im\u00f3vel no IR\",\"destaque\",\"D\u00favidas declara\u00e7\u00e3o do Imposto de Renda\",\"D\u00favidas Imposto de Renda\",\"D\u00favidas IR\",\"D\u00favidas IRPF\",\"imposto de renda\",\"Imposto de Renda 2021\",\"IR 2021\",\"IRPF\",\"IRPF 2021\",\"Prazo para entrega do Imposto de Renda\",\"Prorroga\u00e7\u00e3o da entrega do Imposto de Renda\",\"Receita Federal adia o prazo de entrega da Declara\u00e7\u00e3o do Imposto de Renda\",\"Saiba como declarar compra e venda de im\u00f3vel no Imposto de Renda\"],\"articleSection\":[\"Brasil\"],\"inLanguage\":\"pt-BR\",\"potentialAction\":[{\"@type\":\"CommentAction\",\"name\":\"Comment\",\"target\":[\"https:\\\/\\\/aconteceunovale.com.br\\\/portal\\\/?p=177055#respond\"]}]},{\"@type\":\"WebPage\",\"@id\":\"https:\\\/\\\/aconteceunovale.com.br\\\/portal\\\/?p=177055\",\"url\":\"https:\\\/\\\/aconteceunovale.com.br\\\/portal\\\/?p=177055\",\"name\":\"Receita Federal adia o prazo de entrega da Declara\u00e7\u00e3o do Imposto de Renda - Aconteceu no Vale\",\"isPartOf\":{\"@id\":\"https:\\\/\\\/aconteceunovale.com.br\\\/portal\\\/#website\"},\"primaryImageOfPage\":{\"@id\":\"https:\\\/\\\/aconteceunovale.com.br\\\/portal\\\/?p=177055#primaryimage\"},\"image\":{\"@id\":\"https:\\\/\\\/aconteceunovale.com.br\\\/portal\\\/?p=177055#primaryimage\"},\"thumbnailUrl\":\"https:\\\/\\\/aconteceunovale.com.br\\\/portal\\\/wp-content\\\/uploads\\\/2019\\\/12\\\/receita_federal.jpg\",\"datePublished\":\"2021-04-12T13:32:17+00:00\",\"dateModified\":\"2021-04-12T13:50:39+00:00\",\"author\":{\"@id\":\"https:\\\/\\\/aconteceunovale.com.br\\\/portal\\\/#\\\/schema\\\/person\\\/7d2f26d1483f8a63de73da1ee0754d35\"},\"breadcrumb\":{\"@id\":\"https:\\\/\\\/aconteceunovale.com.br\\\/portal\\\/?p=177055#breadcrumb\"},\"inLanguage\":\"pt-BR\",\"potentialAction\":[{\"@type\":\"ReadAction\",\"target\":[\"https:\\\/\\\/aconteceunovale.com.br\\\/portal\\\/?p=177055\"]}]},{\"@type\":\"ImageObject\",\"inLanguage\":\"pt-BR\",\"@id\":\"https:\\\/\\\/aconteceunovale.com.br\\\/portal\\\/?p=177055#primaryimage\",\"url\":\"https:\\\/\\\/aconteceunovale.com.br\\\/portal\\\/wp-content\\\/uploads\\\/2019\\\/12\\\/receita_federal.jpg\",\"contentUrl\":\"https:\\\/\\\/aconteceunovale.com.br\\\/portal\\\/wp-content\\\/uploads\\\/2019\\\/12\\\/receita_federal.jpg\",\"width\":675,\"height\":450},{\"@type\":\"BreadcrumbList\",\"@id\":\"https:\\\/\\\/aconteceunovale.com.br\\\/portal\\\/?p=177055#breadcrumb\",\"itemListElement\":[{\"@type\":\"ListItem\",\"position\":1,\"name\":\"In\u00edcio\",\"item\":\"https:\\\/\\\/aconteceunovale.com.br\\\/portal\\\/\"},{\"@type\":\"ListItem\",\"position\":2,\"name\":\"Receita Federal adia o prazo de entrega da Declara\u00e7\u00e3o do Imposto de Renda\"}]},{\"@type\":\"WebSite\",\"@id\":\"https:\\\/\\\/aconteceunovale.com.br\\\/portal\\\/#website\",\"url\":\"https:\\\/\\\/aconteceunovale.com.br\\\/portal\\\/\",\"name\":\"Aconteceu no Vale\",\"description\":\"Portal de Not\u00edcias\",\"potentialAction\":[{\"@type\":\"SearchAction\",\"target\":{\"@type\":\"EntryPoint\",\"urlTemplate\":\"https:\\\/\\\/aconteceunovale.com.br\\\/portal\\\/?s={search_term_string}\"},\"query-input\":{\"@type\":\"PropertyValueSpecification\",\"valueRequired\":true,\"valueName\":\"search_term_string\"}}],\"inLanguage\":\"pt-BR\"},{\"@type\":\"Person\",\"@id\":\"https:\\\/\\\/aconteceunovale.com.br\\\/portal\\\/#\\\/schema\\\/person\\\/7d2f26d1483f8a63de73da1ee0754d35\",\"name\":\"Reda\u00e7\u00e3o Aconteceu no Vale\",\"description\":\"Equipe de reportagem do Aconteceu no Vale, portal de not\u00edcias do Vale do Jequitinhonha, em Minas Gerais. Cobrimos as 51 cidades do Vale desde 2013. Sugest\u00f5es de pauta e pedidos de corre\u00e7\u00e3o: contato@aconteceunovale.com.br\",\"url\":\"https:\\\/\\\/aconteceunovale.com.br\\\/portal\\\/?author=4\"}]}<\/script>\n<!-- \/ Yoast SEO plugin. -->","yoast_head_json":{"title":"Receita Federal adia o prazo de entrega da Declara\u00e7\u00e3o do Imposto de Renda - Aconteceu no Vale","robots":{"index":"index","follow":"follow","max-snippet":"max-snippet:-1","max-image-preview":"max-image-preview:large","max-video-preview":"max-video-preview:-1"},"canonical":"https:\/\/aconteceunovale.com.br\/portal\/?p=177055","og_locale":"pt_BR","og_type":"article","og_title":"Receita Federal adia o prazo de entrega da Declara\u00e7\u00e3o do Imposto de Renda - Aconteceu no Vale","og_description":"A Receita Federal adiou, para 31 de maio, o prazo para entrega da declara\u00e7\u00e3o de&nbsp;Imposto de Renda da&nbsp;Pessoa&nbsp;F\u00edsica, ano-base 2020. O per\u00edodo de ajuste anual, que come\u00e7ou em 1\u00ba de mar\u00e7o, terminaria no dia 30 de abril, mas foi prorrogado pela Instru\u00e7\u00e3o Normativa n\u00ba 2.020\/2021, publicada hoje (12\/4\/2021) no&nbsp;Di\u00e1rio Oficial da Uni\u00e3o. De acordo com [&hellip;]","og_url":"https:\/\/aconteceunovale.com.br\/portal\/?p=177055","og_site_name":"Aconteceu no Vale","article_publisher":"https:\/\/www.facebook.com\/aconteceunovale\/","article_published_time":"2021-04-12T13:32:17+00:00","article_modified_time":"2021-04-12T13:50:39+00:00","og_image":[{"width":675,"height":450,"url":"https:\/\/aconteceunovale.com.br\/portal\/wp-content\/uploads\/2019\/12\/receita_federal.jpg","type":"image\/jpeg"}],"author":"Reda\u00e7\u00e3o Aconteceu no Vale","twitter_card":"summary_large_image","twitter_creator":"@noticiadosvales","twitter_site":"@noticiadosvales","twitter_misc":{"Escrito por":"Reda\u00e7\u00e3o Aconteceu no Vale","Est. tempo de leitura":"2 minutos"},"schema":{"@context":"https:\/\/schema.org","@graph":[{"@type":"Article","@id":"https:\/\/aconteceunovale.com.br\/portal\/?p=177055#article","isPartOf":{"@id":"https:\/\/aconteceunovale.com.br\/portal\/?p=177055"},"author":{"name":"Reda\u00e7\u00e3o Aconteceu no Vale","@id":"https:\/\/aconteceunovale.com.br\/portal\/#\/schema\/person\/7d2f26d1483f8a63de73da1ee0754d35"},"headline":"Receita Federal adia o prazo de entrega da Declara\u00e7\u00e3o do Imposto de Renda","datePublished":"2021-04-12T13:32:17+00:00","dateModified":"2021-04-12T13:50:39+00:00","mainEntityOfPage":{"@id":"https:\/\/aconteceunovale.com.br\/portal\/?p=177055"},"wordCount":432,"commentCount":0,"image":{"@id":"https:\/\/aconteceunovale.com.br\/portal\/?p=177055#primaryimage"},"thumbnailUrl":"https:\/\/aconteceunovale.com.br\/portal\/wp-content\/uploads\/2019\/12\/receita_federal.jpg","keywords":["declara\u00e7\u00e3o do Imposto de Renda","Declarar compra de im\u00f3vel no Imposto de Renda","Declarar compra de im\u00f3vel no IR","Declarar venda de im\u00f3vel no Imposto de Renda","Declarar venda de im\u00f3vel no IR","destaque","D\u00favidas declara\u00e7\u00e3o do Imposto de Renda","D\u00favidas Imposto de Renda","D\u00favidas IR","D\u00favidas IRPF","imposto de renda","Imposto de Renda 2021","IR 2021","IRPF","IRPF 2021","Prazo para entrega do Imposto de Renda","Prorroga\u00e7\u00e3o da entrega do Imposto de Renda","Receita Federal adia o prazo de entrega da Declara\u00e7\u00e3o do Imposto de Renda","Saiba como declarar compra e venda de im\u00f3vel no Imposto de Renda"],"articleSection":["Brasil"],"inLanguage":"pt-BR","potentialAction":[{"@type":"CommentAction","name":"Comment","target":["https:\/\/aconteceunovale.com.br\/portal\/?p=177055#respond"]}]},{"@type":"WebPage","@id":"https:\/\/aconteceunovale.com.br\/portal\/?p=177055","url":"https:\/\/aconteceunovale.com.br\/portal\/?p=177055","name":"Receita Federal adia o prazo de entrega da Declara\u00e7\u00e3o do Imposto de Renda - Aconteceu no Vale","isPartOf":{"@id":"https:\/\/aconteceunovale.com.br\/portal\/#website"},"primaryImageOfPage":{"@id":"https:\/\/aconteceunovale.com.br\/portal\/?p=177055#primaryimage"},"image":{"@id":"https:\/\/aconteceunovale.com.br\/portal\/?p=177055#primaryimage"},"thumbnailUrl":"https:\/\/aconteceunovale.com.br\/portal\/wp-content\/uploads\/2019\/12\/receita_federal.jpg","datePublished":"2021-04-12T13:32:17+00:00","dateModified":"2021-04-12T13:50:39+00:00","author":{"@id":"https:\/\/aconteceunovale.com.br\/portal\/#\/schema\/person\/7d2f26d1483f8a63de73da1ee0754d35"},"breadcrumb":{"@id":"https:\/\/aconteceunovale.com.br\/portal\/?p=177055#breadcrumb"},"inLanguage":"pt-BR","potentialAction":[{"@type":"ReadAction","target":["https:\/\/aconteceunovale.com.br\/portal\/?p=177055"]}]},{"@type":"ImageObject","inLanguage":"pt-BR","@id":"https:\/\/aconteceunovale.com.br\/portal\/?p=177055#primaryimage","url":"https:\/\/aconteceunovale.com.br\/portal\/wp-content\/uploads\/2019\/12\/receita_federal.jpg","contentUrl":"https:\/\/aconteceunovale.com.br\/portal\/wp-content\/uploads\/2019\/12\/receita_federal.jpg","width":675,"height":450},{"@type":"BreadcrumbList","@id":"https:\/\/aconteceunovale.com.br\/portal\/?p=177055#breadcrumb","itemListElement":[{"@type":"ListItem","position":1,"name":"In\u00edcio","item":"https:\/\/aconteceunovale.com.br\/portal\/"},{"@type":"ListItem","position":2,"name":"Receita Federal adia o prazo de entrega da Declara\u00e7\u00e3o do Imposto de Renda"}]},{"@type":"WebSite","@id":"https:\/\/aconteceunovale.com.br\/portal\/#website","url":"https:\/\/aconteceunovale.com.br\/portal\/","name":"Aconteceu no Vale","description":"Portal de Not\u00edcias","potentialAction":[{"@type":"SearchAction","target":{"@type":"EntryPoint","urlTemplate":"https:\/\/aconteceunovale.com.br\/portal\/?s={search_term_string}"},"query-input":{"@type":"PropertyValueSpecification","valueRequired":true,"valueName":"search_term_string"}}],"inLanguage":"pt-BR"},{"@type":"Person","@id":"https:\/\/aconteceunovale.com.br\/portal\/#\/schema\/person\/7d2f26d1483f8a63de73da1ee0754d35","name":"Reda\u00e7\u00e3o Aconteceu no Vale","description":"Equipe de reportagem do Aconteceu no Vale, portal de not\u00edcias do Vale do Jequitinhonha, em Minas Gerais. Cobrimos as 51 cidades do Vale desde 2013. Sugest\u00f5es de pauta e pedidos de corre\u00e7\u00e3o: contato@aconteceunovale.com.br","url":"https:\/\/aconteceunovale.com.br\/portal\/?author=4"}]}},"_links":{"self":[{"href":"https:\/\/aconteceunovale.com.br\/portal\/index.php?rest_route=\/wp\/v2\/posts\/177055","targetHints":{"allow":["GET"]}}],"collection":[{"href":"https:\/\/aconteceunovale.com.br\/portal\/index.php?rest_route=\/wp\/v2\/posts"}],"about":[{"href":"https:\/\/aconteceunovale.com.br\/portal\/index.php?rest_route=\/wp\/v2\/types\/post"}],"author":[{"embeddable":true,"href":"https:\/\/aconteceunovale.com.br\/portal\/index.php?rest_route=\/wp\/v2\/users\/4"}],"replies":[{"embeddable":true,"href":"https:\/\/aconteceunovale.com.br\/portal\/index.php?rest_route=%2Fwp%2Fv2%2Fcomments&post=177055"}],"version-history":[{"count":2,"href":"https:\/\/aconteceunovale.com.br\/portal\/index.php?rest_route=\/wp\/v2\/posts\/177055\/revisions"}],"predecessor-version":[{"id":177057,"href":"https:\/\/aconteceunovale.com.br\/portal\/index.php?rest_route=\/wp\/v2\/posts\/177055\/revisions\/177057"}],"wp:featuredmedia":[{"embeddable":true,"href":"https:\/\/aconteceunovale.com.br\/portal\/index.php?rest_route=\/wp\/v2\/media\/155874"}],"wp:attachment":[{"href":"https:\/\/aconteceunovale.com.br\/portal\/index.php?rest_route=%2Fwp%2Fv2%2Fmedia&parent=177055"}],"wp:term":[{"taxonomy":"category","embeddable":true,"href":"https:\/\/aconteceunovale.com.br\/portal\/index.php?rest_route=%2Fwp%2Fv2%2Fcategories&post=177055"},{"taxonomy":"post_tag","embeddable":true,"href":"https:\/\/aconteceunovale.com.br\/portal\/index.php?rest_route=%2Fwp%2Fv2%2Ftags&post=177055"}],"curies":[{"name":"wp","href":"https:\/\/api.w.org\/{rel}","templated":true}]}}