{"id":177051,"date":"2021-04-12T10:04:47","date_gmt":"2021-04-12T13:04:47","guid":{"rendered":"https:\/\/aconteceunovale.com.br\/portal\/?p=177051"},"modified":"2021-04-12T10:05:29","modified_gmt":"2021-04-12T13:05:29","slug":"prazo-para-contestar-auxilio-emergencial-negado-termina-hoje","status":"publish","type":"post","link":"https:\/\/aconteceunovale.com.br\/portal\/?p=177051","title":{"rendered":"Prazo para contestar aux\u00edlio emergencial negado termina hoje"},"content":{"rendered":"\n<p class=\"wp-block-paragraph\">Acaba&nbsp;hoje&nbsp;(12\/4\/2021) o prazo para o trabalhador que teve a nova rodada do aux\u00edlio emergencial negada contestar a decis\u00e3o. Os pedidos devem ser feitos no&nbsp;<a href=\"https:\/\/consultaauxilio.cidadania.gov.br\/consulta\/#\/\" target=\"_blank\" rel=\"noreferrer noopener\"><strong>Portal de Consultas da Dataprev<\/strong><\/a>, que fornece a rela\u00e7\u00e3o de quem teve o benef\u00edcio liberado em 2021.<\/p>\n\n\n\n<p class=\"wp-block-paragraph\">A contesta\u00e7\u00e3o, no entanto, n\u00e3o pode ser feita por qualquer benefici\u00e1rio. S\u00f3 pode pedir a reativa\u00e7\u00e3o do benef\u00edcio quem recebia o aux\u00edlio emergencial de R$ 600 ou a extens\u00e3o de R$ 300 em dezembro do ano passado. O prazo para novos pedidos de benef\u00edcios acabou em&nbsp;3 de julho&nbsp;do ano passado e n\u00e3o foi reaberto para a nova rodada.<br><br>O pedido de contesta\u00e7\u00e3o pode ser feito ap\u00f3s o trabalhador fazer a consulta no site da Dataprev, estatal que cadastra os dados dos benefici\u00e1rios, e constatar que teve o benef\u00edcio cancelado. Caso o resultado d\u00ea \u201cineleg\u00edvel\u201d, a pr\u00f3pria p\u00e1gina oferecer\u00e1 a op\u00e7\u00e3o de \u201ccontestar\u201d, bastando o trabalhador clicar no bot\u00e3o correspondente.<\/p>\n\n\n\n<p class=\"wp-block-paragraph\">O sistema aceitar\u00e1 somente pedidos considerados pass\u00edveis de contesta\u00e7\u00e3o, que permitem a atualiza\u00e7\u00e3o das bases de dados da Dataprev, como data de nascimento errada, CPF n\u00e3o identificado e informa\u00e7\u00f5es incorretas sobre v\u00ednculos empregat\u00edcios e recebimento de outros benef\u00edcios sociais e trabalhistas. O prazo de contesta\u00e7\u00e3o come\u00e7ou no dia 2 e seguir\u00e1 por dez dias corridos, at\u00e9 esta&nbsp;segunda-feira.&nbsp;<\/p>\n\n\n\n<h2 class=\"wp-block-heading\">Reavalia\u00e7\u00e3o<\/h2>\n\n\n\n<p class=\"wp-block-paragraph\">O Minist\u00e9rio da Cidadania tamb\u00e9m esclarece que, mesmo ap\u00f3s o recebimento da primeira parcela, o aux\u00edlio emergencial pode ser cancelado. O governo far\u00e1 um pente fino constante para verificar eventuais inconsist\u00eancias ou irregularidades no pagamento do benef\u00edcio.<br><br>Caso o pagamento seja cancelado, o benefici\u00e1rio tamb\u00e9m poder\u00e1 contestar a decis\u00e3o no site da Dataprev. Tamb\u00e9m \u00e9 poss\u00edvel reverter o cancelamento por meio de decis\u00e3o judicial ou de processamentos de of\u00edcio realizados pelo Minist\u00e9rio da Cidadania.<\/p>\n\n\n\n<p class=\"wp-block-paragraph\">&#8212;&#8212;&#8212;&#8212;&#8212;&#8212;<br><em>Quer receber as not\u00edcias do <strong>Aconteceu no Vale<\/strong> em primeira m\u00e3o? Siga-nos no Facebook <a rel=\"noreferrer noopener\" href=\"http:\/\/facebook.com\/aconteceunovale\" target=\"_blank\">@aconteceunovale<\/a>, Twitter <a rel=\"noreferrer noopener\" href=\"https:\/\/twitter.com\/noticiadosvales\" target=\"_blank\">@noticiadosvales<\/a> e Instagram <a rel=\"noreferrer noopener\" href=\"https:\/\/www.instagram.com\/aconteceunovale\" target=\"_blank\">@aconteceunovale<\/a>.<\/em><\/p>\n","protected":false},"excerpt":{"rendered":"<p>Acaba&nbsp;hoje&nbsp;(12\/4\/2021) o prazo para o trabalhador que teve a nova rodada do aux\u00edlio emergencial negada contestar a decis\u00e3o. Os pedidos devem ser feitos no&nbsp;Portal de Consultas da Dataprev, que fornece a rela\u00e7\u00e3o de quem teve o benef\u00edcio liberado em 2021. A contesta\u00e7\u00e3o, no entanto, n\u00e3o pode ser feita por qualquer benefici\u00e1rio. S\u00f3 pode pedir a [&hellip;]<\/p>\n","protected":false},"author":4,"featured_media":175871,"comment_status":"open","ping_status":"closed","sticky":false,"template":"","format":"standard","meta":{"amp_status":"","footnotes":""},"categories":[6],"tags":[219405,219383,241301,225996,219292,225074,220328,225788,225789,225075,225949,219977,100375,225948,227485,227055,226016,228081,225732,223087,226744,241563,241562,225178,225552,225551,20922,225787,241561,225176,239937,239938,242034,20290,241564,240737,225962,226017,226018,221649,223267,184405,4610,241300,26436,225826,184661,241932,236426,225077,225076,219822,238509,242033,242901,225550,239939,225549,225961,225177,239936,239940,225548],"class_list":["post-177051","post","type-post","status-publish","format-standard","has-post-thumbnail","hentry","category-br","tag-auxilio-de-r-600","tag-auxilio-emergencial","tag-auxilio-emergencial-2021","tag-auxilio-emergencial-chega-a-29-milhoes-de-domicilios","tag-auxilio-emergencial-de-r-600","tag-auxilio-emergencial-de-r-600-elevou-padrao-de-vida-em-23-milhoes-de-domicilios","tag-auxilio-emergencial-negado","tag-auxilio-emergencial-para-agricultor-familiar","tag-auxilio-para-agricultor-familiar","tag-beneficio-do-auxilio-emergencial-de-r-600","tag-bloqueio-de-contas-da-poupanca-social","tag-bloqueio-do-auxilio-emergencial","tag-bolsonaro","tag-caixa-bloqueia-contas-da-poupanca-social","tag-caixa-credita-auxilio-emergencial-para-4-milhoes-nascidos-em-agosto","tag-caixa-credita-auxilio-emergencial-para-nascidos-em-junho","tag-caixa-divulga-orientacao-para-desbloqueio-de-contas","tag-caixa-paga-auxilio-emergencial-de-r-600-a-beneficiarios-do-bolsa-familia","tag-caixa-paga-quarta-parcela-do-auxilio-emergencial-a-beneficiarios-do-bolsa-familia","tag-caixa-tem","tag-caixa-vai-pagar-auxilio-emergencial-de-r-600-a-805-mil-novos-beneficiarios","tag-calendario-de-pagamentos-do-auxilio-emergencial-2021","tag-calendario-do-auxilio-emergencial-2021","tag-calendario-para-saque-em-dinheiro-do-auxilio-emergencial","tag-calendario-quarta-parcela-do-auxilio-emergencial","tag-calendario-quinta-parcela-do-auxilio-emergencial","tag-camara-dos-deputados","tag-camara-dos-deputados-aprova-auxilio-emergencial-para-agricultor-familiar-durante-a-pandemia","tag-confira-o-calendario-de-pagamentos-do-auxilio-emergencial-2021","tag-confira-o-calendario-para-saque-em-dinheiro-do-auxilio-emergencial-de-r-600","tag-consulta-auxilio-emergencial","tag-consulta-novo-auxilio-emergencial","tag-contestar-auxilio-emergencial-negado","tag-dataprev","tag-datas-de-pagamento-do-auxilio-emergencial-2021","tag-decreto-regulamenta-o-pagamento-do-auxilio-emergencial-2021","tag-desbloquear-as-contas-digitais-do-auxilio-emergencial","tag-desbloqueio-caixa-tem","tag-desbloqueio-de-contas-caixa-tem","tag-fraude-no-auxilio-emergencial","tag-fraudes-no-auxilio-emergencial","tag-governo-bolsonaro","tag-governo-federal","tag-inicio-do-pagamento-do-auxilio-emergencial","tag-jair-bolsonaro","tag-mais-de-700-mil-receberao-amanha-primeira-parcela-do-auxilio-emergencial","tag-ministerio-da-economia","tag-nova-rodada-do-auxilio-emergencial-comeca-a-ser-paga-hoje","tag-novo-auxilio-emergencial","tag-padrao-de-vida-auxilio-emergencial","tag-padrao-de-vida-auxilio-emergencial-de-r-600","tag-pagamento-do-auxilio-emergencial","tag-pagamento-do-novo-auxilio-emergencial","tag-prazo-para-contestar-auxilio-emergencial-negado","tag-prazo-para-contestar-auxilio-emergencial-negado-termina-hoje","tag-quarta-parcela-auxilio-emergencial","tag-quem-tem-direito-ao-novo-auxilio-emergencial","tag-quinta-parcela-auxilio-emergencial","tag-saiba-como-desbloquear-as-contas-digitais-do-auxilio-emergencial","tag-saque-em-dinheiro-do-auxilio-emergencial","tag-trabalhadores-poderao-consultar-auxilio-emergencial-a-partir-de-abril","tag-valor-do-novo-auxilio-emergencial","tag-veja-os-calendarios-dos-novos-pagamentos-do-auxilio-emergencial-de-r-600"],"yoast_head":"<!-- This site is optimized with the Yoast SEO plugin v28.3 - https:\/\/yoast.com\/product\/yoast-seo-wordpress\/ -->\n<title>Prazo para contestar aux\u00edlio emergencial negado termina hoje - Aconteceu no Vale<\/title>\n<meta name=\"robots\" content=\"index, follow, max-snippet:-1, max-image-preview:large, max-video-preview:-1\" \/>\n<link rel=\"canonical\" href=\"https:\/\/aconteceunovale.com.br\/portal\/?p=177051\" \/>\n<meta property=\"og:locale\" content=\"pt_BR\" \/>\n<meta property=\"og:type\" content=\"article\" \/>\n<meta property=\"og:title\" content=\"Prazo para contestar aux\u00edlio emergencial negado termina hoje - Aconteceu no Vale\" \/>\n<meta property=\"og:description\" content=\"Acaba&nbsp;hoje&nbsp;(12\/4\/2021) o prazo para o trabalhador que teve a nova rodada do aux\u00edlio emergencial negada contestar a decis\u00e3o. Os pedidos devem ser feitos no&nbsp;Portal de Consultas da Dataprev, que fornece a rela\u00e7\u00e3o de quem teve o benef\u00edcio liberado em 2021. A contesta\u00e7\u00e3o, no entanto, n\u00e3o pode ser feita por qualquer benefici\u00e1rio. S\u00f3 pode pedir a [&hellip;]\" \/>\n<meta property=\"og:url\" content=\"https:\/\/aconteceunovale.com.br\/portal\/?p=177051\" \/>\n<meta property=\"og:site_name\" content=\"Aconteceu no Vale\" \/>\n<meta property=\"article:publisher\" content=\"https:\/\/www.facebook.com\/aconteceunovale\/\" \/>\n<meta property=\"article:published_time\" content=\"2021-04-12T13:04:47+00:00\" \/>\n<meta property=\"article:modified_time\" content=\"2021-04-12T13:05:29+00:00\" \/>\n<meta property=\"og:image\" content=\"https:\/\/aconteceunovale.com.br\/portal\/wp-content\/uploads\/2021\/03\/auxilio_emergencial.jpg\" \/>\n\t<meta property=\"og:image:width\" content=\"678\" \/>\n\t<meta property=\"og:image:height\" content=\"406\" \/>\n\t<meta property=\"og:image:type\" content=\"image\/jpeg\" \/>\n<meta name=\"author\" content=\"Reda\u00e7\u00e3o Aconteceu no Vale\" \/>\n<meta name=\"twitter:card\" content=\"summary_large_image\" \/>\n<meta name=\"twitter:creator\" content=\"@noticiadosvales\" \/>\n<meta name=\"twitter:site\" content=\"@noticiadosvales\" \/>\n<meta name=\"twitter:label1\" content=\"Escrito por\" \/>\n\t<meta name=\"twitter:data1\" content=\"Reda\u00e7\u00e3o Aconteceu no Vale\" \/>\n\t<meta name=\"twitter:label2\" content=\"Est. tempo de leitura\" \/>\n\t<meta name=\"twitter:data2\" content=\"2 minutos\" \/>\n<script type=\"application\/ld+json\" class=\"yoast-schema-graph\">{\"@context\":\"https:\\\/\\\/schema.org\",\"@graph\":[{\"@type\":\"Article\",\"@id\":\"https:\\\/\\\/aconteceunovale.com.br\\\/portal\\\/?p=177051#article\",\"isPartOf\":{\"@id\":\"https:\\\/\\\/aconteceunovale.com.br\\\/portal\\\/?p=177051\"},\"author\":{\"name\":\"Reda\u00e7\u00e3o Aconteceu no Vale\",\"@id\":\"https:\\\/\\\/aconteceunovale.com.br\\\/portal\\\/#\\\/schema\\\/person\\\/7d2f26d1483f8a63de73da1ee0754d35\"},\"headline\":\"Prazo para contestar aux\u00edlio emergencial negado termina hoje\",\"datePublished\":\"2021-04-12T13:04:47+00:00\",\"dateModified\":\"2021-04-12T13:05:29+00:00\",\"mainEntityOfPage\":{\"@id\":\"https:\\\/\\\/aconteceunovale.com.br\\\/portal\\\/?p=177051\"},\"wordCount\":366,\"commentCount\":0,\"image\":{\"@id\":\"https:\\\/\\\/aconteceunovale.com.br\\\/portal\\\/?p=177051#primaryimage\"},\"thumbnailUrl\":\"https:\\\/\\\/aconteceunovale.com.br\\\/portal\\\/wp-content\\\/uploads\\\/2021\\\/03\\\/auxilio_emergencial.jpg\",\"keywords\":[\"Aux\u00edlio de R$ 600\",\"aux\u00edlio emergencial\",\"Aux\u00edlio emergencial 2021\",\"Aux\u00edlio emergencial chega a 29 milh\u00f5es de domic\u00edlios\",\"Aux\u00edlio emergencial de R$ 600\",\"Aux\u00edlio emergencial de R$ 600 elevou padr\u00e3o de vida em 23 milh\u00f5es de domic\u00edlios\",\"Aux\u00edlio emergencial negado\",\"Aux\u00edlio emergencial para agricultor familiar\",\"Aux\u00edlio para agricultor familiar\",\"Benef\u00edcio do Aux\u00edlio emergencial de R$ 600\",\"Bloqueio de contas da poupan\u00e7a social\",\"Bloqueio do aux\u00edlio emergencial\",\"Bolsonaro\",\"Caixa bloqueia contas da poupan\u00e7a social\",\"Caixa credita aux\u00edlio emergencial para 4 milh\u00f5es nascidos em agosto\",\"Caixa credita aux\u00edlio emergencial para nascidos em junho\",\"Caixa divulga orienta\u00e7\u00e3o para desbloqueio de contas\",\"Caixa paga aux\u00edlio emergencial de R$ 600 a benefici\u00e1rios do Bolsa Fam\u00edlia\",\"Caixa paga quarta parcela do aux\u00edlio emergencial a benefici\u00e1rios do Bolsa Fam\u00edlia\",\"Caixa Tem\",\"Caixa vai pagar aux\u00edlio emergencial de R$ 600 a 805 mil novos benefici\u00e1rios\",\"Calend\u00e1rio de pagamentos do aux\u00edlio emergencial 2021\",\"Calend\u00e1rio do aux\u00edlio emergencial 2021\",\"Calend\u00e1rio para saque em dinheiro do aux\u00edlio emergencial\",\"Calend\u00e1rio quarta parcela do aux\u00edlio emergencial\",\"Calend\u00e1rio quinta parcela do aux\u00edlio emergencial\",\"C\u00e2mara dos Deputados\",\"C\u00e2mara dos Deputados aprova aux\u00edlio emergencial para agricultor familiar durante a pandemia\",\"Confira o calend\u00e1rio de pagamentos do aux\u00edlio emergencial 2021\",\"Confira o calend\u00e1rio para saque em dinheiro do aux\u00edlio emergencial de R$ 600\",\"Consulta aux\u00edlio emergencial\",\"Consulta novo aux\u00edlio emergencial\",\"Contestar aux\u00edlio emergencial negado\",\"Dataprev\",\"Datas de pagamento do aux\u00edlio emergencial 2021\",\"Decreto regulamenta o pagamento do Aux\u00edlio Emergencial 2021\",\"Desbloquear as contas digitais do aux\u00edlio emergencial\",\"Desbloqueio Caixa Tem\",\"Desbloqueio de contas Caixa Tem\",\"Fraude no aux\u00edlio emergencial\",\"Fraudes no aux\u00edlio emergencial\",\"Governo Bolsonaro\",\"Governo Federal\",\"In\u00edcio do pagamento do aux\u00edlio emergencial\",\"Jair Bolsonaro\",\"Mais de 700 mil receber\u00e3o amanh\u00e3 primeira parcela do auxilio emergencial\",\"Minist\u00e9rio da Economia\",\"Nova rodada do aux\u00edlio emergencial come\u00e7a a ser paga hoje\",\"Novo aux\u00edlio emergencial\",\"Padr\u00e3o de vida Aux\u00edlio emergencial\",\"Padr\u00e3o de vida Aux\u00edlio emergencial de R$ 600\",\"Pagamento do Aux\u00edlio emergencial\",\"Pagamento do novo Aux\u00edlio emergencial\",\"Prazo para contestar aux\u00edlio emergencial negado\",\"Prazo para contestar aux\u00edlio emergencial negado termina hoje\",\"Quarta parcela aux\u00edlio emergencial\",\"Quem tem direito ao novo aux\u00edlio emergencial\",\"Quinta parcela aux\u00edlio emergencial\",\"Saiba como desbloquear as contas digitais do aux\u00edlio emergencial\",\"Saque em dinheiro do aux\u00edlio emergencial\",\"Trabalhadores poder\u00e3o consultar aux\u00edlio emergencial a partir de abril\",\"Valor do novo aux\u00edlio emergencial\",\"Veja os calend\u00e1rios dos novos pagamentos do aux\u00edlio emergencial de R$ 600\"],\"articleSection\":[\"Brasil\"],\"inLanguage\":\"pt-BR\",\"potentialAction\":[{\"@type\":\"CommentAction\",\"name\":\"Comment\",\"target\":[\"https:\\\/\\\/aconteceunovale.com.br\\\/portal\\\/?p=177051#respond\"]}]},{\"@type\":\"WebPage\",\"@id\":\"https:\\\/\\\/aconteceunovale.com.br\\\/portal\\\/?p=177051\",\"url\":\"https:\\\/\\\/aconteceunovale.com.br\\\/portal\\\/?p=177051\",\"name\":\"Prazo para contestar aux\u00edlio emergencial negado termina hoje - Aconteceu no Vale\",\"isPartOf\":{\"@id\":\"https:\\\/\\\/aconteceunovale.com.br\\\/portal\\\/#website\"},\"primaryImageOfPage\":{\"@id\":\"https:\\\/\\\/aconteceunovale.com.br\\\/portal\\\/?p=177051#primaryimage\"},\"image\":{\"@id\":\"https:\\\/\\\/aconteceunovale.com.br\\\/portal\\\/?p=177051#primaryimage\"},\"thumbnailUrl\":\"https:\\\/\\\/aconteceunovale.com.br\\\/portal\\\/wp-content\\\/uploads\\\/2021\\\/03\\\/auxilio_emergencial.jpg\",\"datePublished\":\"2021-04-12T13:04:47+00:00\",\"dateModified\":\"2021-04-12T13:05:29+00:00\",\"author\":{\"@id\":\"https:\\\/\\\/aconteceunovale.com.br\\\/portal\\\/#\\\/schema\\\/person\\\/7d2f26d1483f8a63de73da1ee0754d35\"},\"breadcrumb\":{\"@id\":\"https:\\\/\\\/aconteceunovale.com.br\\\/portal\\\/?p=177051#breadcrumb\"},\"inLanguage\":\"pt-BR\",\"potentialAction\":[{\"@type\":\"ReadAction\",\"target\":[\"https:\\\/\\\/aconteceunovale.com.br\\\/portal\\\/?p=177051\"]}]},{\"@type\":\"ImageObject\",\"inLanguage\":\"pt-BR\",\"@id\":\"https:\\\/\\\/aconteceunovale.com.br\\\/portal\\\/?p=177051#primaryimage\",\"url\":\"https:\\\/\\\/aconteceunovale.com.br\\\/portal\\\/wp-content\\\/uploads\\\/2021\\\/03\\\/auxilio_emergencial.jpg\",\"contentUrl\":\"https:\\\/\\\/aconteceunovale.com.br\\\/portal\\\/wp-content\\\/uploads\\\/2021\\\/03\\\/auxilio_emergencial.jpg\",\"width\":678,\"height\":406,\"caption\":\"Aplicativo Aux\u00edlio Emergencial ao Trabalhador A Caixa Econ\u00f4mica Federal lan\u00e7ou o aplicativo para a libera\u00e7\u00e3o do aux\u00edlio emergencial a trabalhadores de baixa renda prejudicados pela pandemia do coronav\u00edrus. O pedido para receber o benef\u00edcio pode ser feito no site auxilio.caixa.gov.br ou pelo APP CAIXA | Aux\u00edlio Emergencial, dispon\u00edvel nas lojas de aplicativos para celulares Android e IOS. O Senado aprovou a medida no dia 30 de mar\u00e7o e a lei foi sancionada em 2 de abril de 2020 (Lei 13.982). Foto: Leonardo S\u00e1\\\/Ag\u00eancia Senado\"},{\"@type\":\"BreadcrumbList\",\"@id\":\"https:\\\/\\\/aconteceunovale.com.br\\\/portal\\\/?p=177051#breadcrumb\",\"itemListElement\":[{\"@type\":\"ListItem\",\"position\":1,\"name\":\"In\u00edcio\",\"item\":\"https:\\\/\\\/aconteceunovale.com.br\\\/portal\\\/\"},{\"@type\":\"ListItem\",\"position\":2,\"name\":\"Prazo para contestar aux\u00edlio emergencial negado termina hoje\"}]},{\"@type\":\"WebSite\",\"@id\":\"https:\\\/\\\/aconteceunovale.com.br\\\/portal\\\/#website\",\"url\":\"https:\\\/\\\/aconteceunovale.com.br\\\/portal\\\/\",\"name\":\"Aconteceu no Vale\",\"description\":\"Portal de Not\u00edcias\",\"potentialAction\":[{\"@type\":\"SearchAction\",\"target\":{\"@type\":\"EntryPoint\",\"urlTemplate\":\"https:\\\/\\\/aconteceunovale.com.br\\\/portal\\\/?s={search_term_string}\"},\"query-input\":{\"@type\":\"PropertyValueSpecification\",\"valueRequired\":true,\"valueName\":\"search_term_string\"}}],\"inLanguage\":\"pt-BR\"},{\"@type\":\"Person\",\"@id\":\"https:\\\/\\\/aconteceunovale.com.br\\\/portal\\\/#\\\/schema\\\/person\\\/7d2f26d1483f8a63de73da1ee0754d35\",\"name\":\"Reda\u00e7\u00e3o Aconteceu no Vale\",\"description\":\"Equipe de reportagem do Aconteceu no Vale, portal de not\u00edcias do Vale do Jequitinhonha, em Minas Gerais. Cobrimos as 51 cidades do Vale desde 2013. Sugest\u00f5es de pauta e pedidos de corre\u00e7\u00e3o: contato@aconteceunovale.com.br\",\"url\":\"https:\\\/\\\/aconteceunovale.com.br\\\/portal\\\/?author=4\"}]}<\/script>\n<!-- \/ Yoast SEO plugin. -->","yoast_head_json":{"title":"Prazo para contestar aux\u00edlio emergencial negado termina hoje - Aconteceu no Vale","robots":{"index":"index","follow":"follow","max-snippet":"max-snippet:-1","max-image-preview":"max-image-preview:large","max-video-preview":"max-video-preview:-1"},"canonical":"https:\/\/aconteceunovale.com.br\/portal\/?p=177051","og_locale":"pt_BR","og_type":"article","og_title":"Prazo para contestar aux\u00edlio emergencial negado termina hoje - Aconteceu no Vale","og_description":"Acaba&nbsp;hoje&nbsp;(12\/4\/2021) o prazo para o trabalhador que teve a nova rodada do aux\u00edlio emergencial negada contestar a decis\u00e3o. Os pedidos devem ser feitos no&nbsp;Portal de Consultas da Dataprev, que fornece a rela\u00e7\u00e3o de quem teve o benef\u00edcio liberado em 2021. A contesta\u00e7\u00e3o, no entanto, n\u00e3o pode ser feita por qualquer benefici\u00e1rio. S\u00f3 pode pedir a [&hellip;]","og_url":"https:\/\/aconteceunovale.com.br\/portal\/?p=177051","og_site_name":"Aconteceu no Vale","article_publisher":"https:\/\/www.facebook.com\/aconteceunovale\/","article_published_time":"2021-04-12T13:04:47+00:00","article_modified_time":"2021-04-12T13:05:29+00:00","og_image":[{"width":678,"height":406,"url":"https:\/\/aconteceunovale.com.br\/portal\/wp-content\/uploads\/2021\/03\/auxilio_emergencial.jpg","type":"image\/jpeg"}],"author":"Reda\u00e7\u00e3o Aconteceu no Vale","twitter_card":"summary_large_image","twitter_creator":"@noticiadosvales","twitter_site":"@noticiadosvales","twitter_misc":{"Escrito por":"Reda\u00e7\u00e3o Aconteceu no Vale","Est. tempo de leitura":"2 minutos"},"schema":{"@context":"https:\/\/schema.org","@graph":[{"@type":"Article","@id":"https:\/\/aconteceunovale.com.br\/portal\/?p=177051#article","isPartOf":{"@id":"https:\/\/aconteceunovale.com.br\/portal\/?p=177051"},"author":{"name":"Reda\u00e7\u00e3o Aconteceu no Vale","@id":"https:\/\/aconteceunovale.com.br\/portal\/#\/schema\/person\/7d2f26d1483f8a63de73da1ee0754d35"},"headline":"Prazo para contestar aux\u00edlio emergencial negado termina hoje","datePublished":"2021-04-12T13:04:47+00:00","dateModified":"2021-04-12T13:05:29+00:00","mainEntityOfPage":{"@id":"https:\/\/aconteceunovale.com.br\/portal\/?p=177051"},"wordCount":366,"commentCount":0,"image":{"@id":"https:\/\/aconteceunovale.com.br\/portal\/?p=177051#primaryimage"},"thumbnailUrl":"https:\/\/aconteceunovale.com.br\/portal\/wp-content\/uploads\/2021\/03\/auxilio_emergencial.jpg","keywords":["Aux\u00edlio de R$ 600","aux\u00edlio emergencial","Aux\u00edlio emergencial 2021","Aux\u00edlio emergencial chega a 29 milh\u00f5es de domic\u00edlios","Aux\u00edlio emergencial de R$ 600","Aux\u00edlio emergencial de R$ 600 elevou padr\u00e3o de vida em 23 milh\u00f5es de domic\u00edlios","Aux\u00edlio emergencial negado","Aux\u00edlio emergencial para agricultor familiar","Aux\u00edlio para agricultor familiar","Benef\u00edcio do Aux\u00edlio emergencial de R$ 600","Bloqueio de contas da poupan\u00e7a social","Bloqueio do aux\u00edlio emergencial","Bolsonaro","Caixa bloqueia contas da poupan\u00e7a social","Caixa credita aux\u00edlio emergencial para 4 milh\u00f5es nascidos em agosto","Caixa credita aux\u00edlio emergencial para nascidos em junho","Caixa divulga orienta\u00e7\u00e3o para desbloqueio de contas","Caixa paga aux\u00edlio emergencial de R$ 600 a benefici\u00e1rios do Bolsa Fam\u00edlia","Caixa paga quarta parcela do aux\u00edlio emergencial a benefici\u00e1rios do Bolsa Fam\u00edlia","Caixa Tem","Caixa vai pagar aux\u00edlio emergencial de R$ 600 a 805 mil novos benefici\u00e1rios","Calend\u00e1rio de pagamentos do aux\u00edlio emergencial 2021","Calend\u00e1rio do aux\u00edlio emergencial 2021","Calend\u00e1rio para saque em dinheiro do aux\u00edlio emergencial","Calend\u00e1rio quarta parcela do aux\u00edlio emergencial","Calend\u00e1rio quinta parcela do aux\u00edlio emergencial","C\u00e2mara dos Deputados","C\u00e2mara dos Deputados aprova aux\u00edlio emergencial para agricultor familiar durante a pandemia","Confira o calend\u00e1rio de pagamentos do aux\u00edlio emergencial 2021","Confira o calend\u00e1rio para saque em dinheiro do aux\u00edlio emergencial de R$ 600","Consulta aux\u00edlio emergencial","Consulta novo aux\u00edlio emergencial","Contestar aux\u00edlio emergencial negado","Dataprev","Datas de pagamento do aux\u00edlio emergencial 2021","Decreto regulamenta o pagamento do Aux\u00edlio Emergencial 2021","Desbloquear as contas digitais do aux\u00edlio emergencial","Desbloqueio Caixa Tem","Desbloqueio de contas Caixa Tem","Fraude no aux\u00edlio emergencial","Fraudes no aux\u00edlio emergencial","Governo Bolsonaro","Governo Federal","In\u00edcio do pagamento do aux\u00edlio emergencial","Jair Bolsonaro","Mais de 700 mil receber\u00e3o amanh\u00e3 primeira parcela do auxilio emergencial","Minist\u00e9rio da Economia","Nova rodada do aux\u00edlio emergencial come\u00e7a a ser paga hoje","Novo aux\u00edlio emergencial","Padr\u00e3o de vida Aux\u00edlio emergencial","Padr\u00e3o de vida Aux\u00edlio emergencial de R$ 600","Pagamento do Aux\u00edlio emergencial","Pagamento do novo Aux\u00edlio emergencial","Prazo para contestar aux\u00edlio emergencial negado","Prazo para contestar aux\u00edlio emergencial negado termina hoje","Quarta parcela aux\u00edlio emergencial","Quem tem direito ao novo aux\u00edlio emergencial","Quinta parcela aux\u00edlio emergencial","Saiba como desbloquear as contas digitais do aux\u00edlio emergencial","Saque em dinheiro do aux\u00edlio emergencial","Trabalhadores poder\u00e3o consultar aux\u00edlio emergencial a partir de abril","Valor do novo aux\u00edlio emergencial","Veja os calend\u00e1rios dos novos pagamentos do aux\u00edlio emergencial de R$ 600"],"articleSection":["Brasil"],"inLanguage":"pt-BR","potentialAction":[{"@type":"CommentAction","name":"Comment","target":["https:\/\/aconteceunovale.com.br\/portal\/?p=177051#respond"]}]},{"@type":"WebPage","@id":"https:\/\/aconteceunovale.com.br\/portal\/?p=177051","url":"https:\/\/aconteceunovale.com.br\/portal\/?p=177051","name":"Prazo para contestar aux\u00edlio emergencial negado termina hoje - Aconteceu no Vale","isPartOf":{"@id":"https:\/\/aconteceunovale.com.br\/portal\/#website"},"primaryImageOfPage":{"@id":"https:\/\/aconteceunovale.com.br\/portal\/?p=177051#primaryimage"},"image":{"@id":"https:\/\/aconteceunovale.com.br\/portal\/?p=177051#primaryimage"},"thumbnailUrl":"https:\/\/aconteceunovale.com.br\/portal\/wp-content\/uploads\/2021\/03\/auxilio_emergencial.jpg","datePublished":"2021-04-12T13:04:47+00:00","dateModified":"2021-04-12T13:05:29+00:00","author":{"@id":"https:\/\/aconteceunovale.com.br\/portal\/#\/schema\/person\/7d2f26d1483f8a63de73da1ee0754d35"},"breadcrumb":{"@id":"https:\/\/aconteceunovale.com.br\/portal\/?p=177051#breadcrumb"},"inLanguage":"pt-BR","potentialAction":[{"@type":"ReadAction","target":["https:\/\/aconteceunovale.com.br\/portal\/?p=177051"]}]},{"@type":"ImageObject","inLanguage":"pt-BR","@id":"https:\/\/aconteceunovale.com.br\/portal\/?p=177051#primaryimage","url":"https:\/\/aconteceunovale.com.br\/portal\/wp-content\/uploads\/2021\/03\/auxilio_emergencial.jpg","contentUrl":"https:\/\/aconteceunovale.com.br\/portal\/wp-content\/uploads\/2021\/03\/auxilio_emergencial.jpg","width":678,"height":406,"caption":"Aplicativo Aux\u00edlio Emergencial ao Trabalhador A Caixa Econ\u00f4mica Federal lan\u00e7ou o aplicativo para a libera\u00e7\u00e3o do aux\u00edlio emergencial a trabalhadores de baixa renda prejudicados pela pandemia do coronav\u00edrus. O pedido para receber o benef\u00edcio pode ser feito no site auxilio.caixa.gov.br ou pelo APP CAIXA | Aux\u00edlio Emergencial, dispon\u00edvel nas lojas de aplicativos para celulares Android e IOS. O Senado aprovou a medida no dia 30 de mar\u00e7o e a lei foi sancionada em 2 de abril de 2020 (Lei 13.982). Foto: Leonardo S\u00e1\/Ag\u00eancia Senado"},{"@type":"BreadcrumbList","@id":"https:\/\/aconteceunovale.com.br\/portal\/?p=177051#breadcrumb","itemListElement":[{"@type":"ListItem","position":1,"name":"In\u00edcio","item":"https:\/\/aconteceunovale.com.br\/portal\/"},{"@type":"ListItem","position":2,"name":"Prazo para contestar aux\u00edlio emergencial negado termina hoje"}]},{"@type":"WebSite","@id":"https:\/\/aconteceunovale.com.br\/portal\/#website","url":"https:\/\/aconteceunovale.com.br\/portal\/","name":"Aconteceu no Vale","description":"Portal de Not\u00edcias","potentialAction":[{"@type":"SearchAction","target":{"@type":"EntryPoint","urlTemplate":"https:\/\/aconteceunovale.com.br\/portal\/?s={search_term_string}"},"query-input":{"@type":"PropertyValueSpecification","valueRequired":true,"valueName":"search_term_string"}}],"inLanguage":"pt-BR"},{"@type":"Person","@id":"https:\/\/aconteceunovale.com.br\/portal\/#\/schema\/person\/7d2f26d1483f8a63de73da1ee0754d35","name":"Reda\u00e7\u00e3o Aconteceu no Vale","description":"Equipe de reportagem do Aconteceu no Vale, portal de not\u00edcias do Vale do Jequitinhonha, em Minas Gerais. Cobrimos as 51 cidades do Vale desde 2013. Sugest\u00f5es de pauta e pedidos de corre\u00e7\u00e3o: contato@aconteceunovale.com.br","url":"https:\/\/aconteceunovale.com.br\/portal\/?author=4"}]}},"_links":{"self":[{"href":"https:\/\/aconteceunovale.com.br\/portal\/index.php?rest_route=\/wp\/v2\/posts\/177051","targetHints":{"allow":["GET"]}}],"collection":[{"href":"https:\/\/aconteceunovale.com.br\/portal\/index.php?rest_route=\/wp\/v2\/posts"}],"about":[{"href":"https:\/\/aconteceunovale.com.br\/portal\/index.php?rest_route=\/wp\/v2\/types\/post"}],"author":[{"embeddable":true,"href":"https:\/\/aconteceunovale.com.br\/portal\/index.php?rest_route=\/wp\/v2\/users\/4"}],"replies":[{"embeddable":true,"href":"https:\/\/aconteceunovale.com.br\/portal\/index.php?rest_route=%2Fwp%2Fv2%2Fcomments&post=177051"}],"version-history":[{"count":1,"href":"https:\/\/aconteceunovale.com.br\/portal\/index.php?rest_route=\/wp\/v2\/posts\/177051\/revisions"}],"predecessor-version":[{"id":177052,"href":"https:\/\/aconteceunovale.com.br\/portal\/index.php?rest_route=\/wp\/v2\/posts\/177051\/revisions\/177052"}],"wp:featuredmedia":[{"embeddable":true,"href":"https:\/\/aconteceunovale.com.br\/portal\/index.php?rest_route=\/wp\/v2\/media\/175871"}],"wp:attachment":[{"href":"https:\/\/aconteceunovale.com.br\/portal\/index.php?rest_route=%2Fwp%2Fv2%2Fmedia&parent=177051"}],"wp:term":[{"taxonomy":"category","embeddable":true,"href":"https:\/\/aconteceunovale.com.br\/portal\/index.php?rest_route=%2Fwp%2Fv2%2Fcategories&post=177051"},{"taxonomy":"post_tag","embeddable":true,"href":"https:\/\/aconteceunovale.com.br\/portal\/index.php?rest_route=%2Fwp%2Fv2%2Ftags&post=177051"}],"curies":[{"name":"wp","href":"https:\/\/api.w.org\/{rel}","templated":true}]}}