{"id":177046,"date":"2021-04-12T09:25:13","date_gmt":"2021-04-12T12:25:13","guid":{"rendered":"https:\/\/aconteceunovale.com.br\/portal\/?p=177046"},"modified":"2021-04-12T11:53:44","modified_gmt":"2021-04-12T14:53:44","slug":"estado-distribui-12a-remessa-de-vacinas-contra-a-covid-19","status":"publish","type":"post","link":"https:\/\/aconteceunovale.com.br\/portal\/?p=177046","title":{"rendered":"Estado distribui 12\u00aa remessa de vacinas contra a Covid-19"},"content":{"rendered":"\n<p class=\"wp-block-paragraph\">Minas Gerais segue distribuindo \u00e0s Unidades Regionais de Sa\u00fade (URSs) as 478.150 doses de imunizantes enviadas pelo Minist\u00e9rio da Sa\u00fade ao estado na quinta-feira (8\/4\/2021). Deste total, 197.390 j\u00e1 foram retiradas pelas regionais de Sete Lagoas, Divin\u00f3polis, Itabira, Coronel Fabriciano e Secretaria Municipal de Sa\u00fade de BH na Rede de Frio da\u00a0Secretaria de Estado de Sa\u00fade (SES-MG).<\/p>\n\n\n\n<figure class=\"wp-block-gallery columns-1 is-cropped wp-block-gallery-1 is-layout-flex wp-block-gallery-is-layout-flex\"><ul class=\"blocks-gallery-grid\"><li class=\"blocks-gallery-item\"><figure><img loading=\"lazy\" decoding=\"async\" width=\"678\" height=\"447\" src=\"https:\/\/aconteceunovale.com.br\/portal\/wp-content\/uploads\/2021\/04\/entrega_vacinas_mg.jpeg\" alt=\"\" data-id=\"177069\" data-full-url=\"https:\/\/aconteceunovale.com.br\/portal\/wp-content\/uploads\/2021\/04\/entrega_vacinas_mg.jpeg\" data-link=\"https:\/\/aconteceunovale.com.br\/portal\/?attachment_id=177069\" class=\"wp-image-177069\" srcset=\"https:\/\/aconteceunovale.com.br\/portal\/wp-content\/uploads\/2021\/04\/entrega_vacinas_mg.jpeg 678w, https:\/\/aconteceunovale.com.br\/portal\/wp-content\/uploads\/2021\/04\/entrega_vacinas_mg-300x198.jpeg 300w, https:\/\/aconteceunovale.com.br\/portal\/wp-content\/uploads\/2021\/04\/entrega_vacinas_mg-637x420.jpeg 637w\" sizes=\"auto, (max-width: 678px) 100vw, 678px\" \/><figcaption class=\"blocks-gallery-item__caption\"><em>Foto: Divulga\u00e7\u00e3o \/ SES-MG<\/em><\/figcaption><\/figure><\/li><\/ul><\/figure>\n\n\n\n<p class=\"wp-block-paragraph\">O restante do quantitativo come\u00e7ou a ser enviado, do aeroporto da Pampulha, a partir das 8h desta segunda-feira (12\/4\/2021).&nbsp;A previs\u00e3o \u00e9 a de que at\u00e9 as 14h todas as doses j\u00e1 tenham sido entregues \u00e0s Unidades Regionais para posterior distribui\u00e7\u00e3o aos munic\u00edpios, nesta que \u00e9 a maior opera\u00e7\u00e3o de vacina\u00e7\u00e3o da hist\u00f3ria de Minas Gerais.<\/p>\n\n\n\n<ul class=\"has-background wp-block-list\" style=\"background-color:#e2fef3\"><li><em><a href=\"http:\/\/agenciaminas.mg.gov.br\/ckeditor_assets\/attachments\/10861\/planilha_urs_e_municipio_remessa_12.xlsx\" target=\"_blank\" rel=\"noreferrer noopener\">Clique aqui<\/a>&nbsp;para acessar a tabela com o detalhamento da distribui\u00e7\u00e3o (Arquivo em formato .XLS).<\/em><\/li><\/ul>\n\n\n\n<p class=\"wp-block-paragraph\">A log\u00edstica conta com apoio das For\u00e7as de Seguran\u00e7a do estado, com a disponibiliza\u00e7\u00e3o das aeronaves do Batalh\u00e3o de Opera\u00e7\u00f5es A\u00e9reas (BOA) do&nbsp;Corpo de&nbsp;Bombeiros Militar de Minas Gerais (CBMMG)&nbsp;e efetivo terrestre da&nbsp;Pol\u00edcia Militar de Minas Gerais (PMMG)&nbsp;atuando no transporte e escolta dos insumos, de modo&nbsp;a garantir agilidade e segura \u00e0 opera\u00e7\u00e3o.<\/p>\n\n\n\n<p class=\"wp-block-paragraph\">\u201cA Secretaria orienta os munic\u00edpios conforme \u00e9 preconizado pelo Minist\u00e9rio da Sa\u00fade, por meio do Programa Nacional de Imuniza\u00e7\u00e3o (PNI): desde a oitava remessa, n\u00e3o se faz&nbsp;mais&nbsp;o armazenamento da D2 (segunda dose) na Unidade Regional. Todas as doses s\u00e3o entregues aos munic\u00edpios para a continuidade de suas campanhas de vacina\u00e7\u00e3o\u201d, explica a coordenadora de Imuniza\u00e7\u00e3o da SES-MG, Josianne Gusm\u00e3o.<\/p>\n\n\n\n<p class=\"wp-block-paragraph\"><strong>P\u00fablicos Priorit\u00e1rios da 12\u00aa remessa<\/strong><\/p>\n\n\n\n<p class=\"wp-block-paragraph\">Esta remessa \u2013 257.750 da AstraZeneca e 220.400 da Coronavac \u2013 ir\u00e1 proporcionar a distribui\u00e7\u00e3o da segunda dose (D2) relativa ao esquema vacinal dos trabalhadores da Sa\u00fade (30,7%) e da popula\u00e7\u00e3o de 70 a 74 anos (22%). E, ainda, a continuidade de aplica\u00e7\u00e3o da primeira dose (D1) dos grupos de 65 a 69 anos e dos integrantes das For\u00e7as de Seguran\u00e7a e Salvamento.<\/p>\n\n\n\n<p class=\"wp-block-paragraph\"><strong>Grupos atendidos at\u00e9 o momento, no Brasil<\/strong><\/p>\n\n\n\n<ul class=\"wp-block-list\"><li>100% das Pessoas com 60 anos Institucionalizadas;<\/li><li>100% das Pessoas com Defici\u00eancia Institucionalizadas;<\/li><li>100% do Povos Ind\u00edgenas Vivendo em Terras Ind\u00edgenas;<\/li><li>97% dos Trabalhadores da Sa\u00fade;<\/li><li>100% das Pessoas acima de 70 anos;<\/li><li>52,9% das Pessoas de 65 a 69 anos;<\/li><li>100% dos povos e comunidades ribeirinhas;<\/li><li>100% dos povos e comunidades quilombolas;<\/li><li>6% For\u00e7as de Seguran\u00e7a e Salvamento e For\u00e7as Armadas.<\/li><\/ul>\n\n\n\n<p class=\"wp-block-paragraph\"><strong>URSs que receber\u00e3o vacinas em seus aeroportos<\/strong>:<\/p>\n\n\n\n<ul class=\"wp-block-list\"><li>SRS Alfenas;<\/li><li>SRS Diamantina;<\/li><li>SRS Governador Valadares;<\/li><li>SRS Juiz de Fora;<\/li><li>SRS Manhua\u00e7u;<\/li><li>SRS Montes Claros;<\/li><li>SRS Patos de Minas;<\/li><li>GRS Pedra Azul;<\/li><li>SRS Te\u00f3filo Otoni;<\/li><li>SRS Uberl\u00e2ndia;<\/li><li>GRS Una\u00ed.<\/li><\/ul>\n\n\n\n<p class=\"wp-block-paragraph\"><strong>URSs que retirar\u00e3o suas doses nos aeroportos polo:<\/strong><\/p>\n\n\n\n<ul class=\"wp-block-list\"><li>SRS Barbacena;<\/li><li>GRS Ituiutaba;<\/li><li>GRS Janu\u00e1ria;<\/li><li>GRS Leopoldina;<\/li><li>SRS Passos;<\/li><li>GRS Pirapora;<\/li><li>SRS Ponte Nova;<\/li><li>SRS Pouso Alegre;<\/li><li>GRS S\u00e3o Jo\u00e3o del-Rei;<\/li><li>GRS Ub\u00e1;<\/li><li>SRS Uberaba;<\/li><li>SRS Varginha.<\/li><\/ul>\n\n\n\n<p class=\"wp-block-paragraph\"><strong>URSs que retirar\u00e3o vacinas na Central Estadual de Rede de Frio:<\/strong><\/p>\n\n\n\n<ul class=\"wp-block-list\"><li>SRS Belo Horizonte;<\/li><li>SRS Coronel Fabriciano;<\/li><li>SRS Divin\u00f3polis;<\/li><li>GRS Itabira;<\/li><li>SRS Sete Lagoas.<\/li><\/ul>\n\n\n\n<h2 class=\"wp-block-heading\"><strong>Remessas<\/strong> recebidas<\/h2>\n\n\n\n<ul class=\"wp-block-list\"><li>1\u00aa remessa: 577.480 doses da CoronaVac em 18\/1\/2021<\/li><li>2\u00aa&nbsp;remessa: 190.500 doses de AstraZeneca em 24\/1\/2021<\/li><li>3\u00aa remessa: 87.600 doses da CoronaVac em 25\/1\/2021<\/li><li>4\u00aa remessa: 315.600 doses da CoronaVac em 7\/2\/2021&nbsp;<\/li><li>5\u00aa remessa: 220.000 doses da AstraZeneca e 137.400 doses da CoronaVac em 23\/2\/2021<\/li><li>6\u00aa remessa: 285.200 doses da CoronaVac em 3\/3\/2021&nbsp;<\/li><li>7\u00aa remessa: 303.600 doses da CoronaVac em 9\/3\/2021<\/li><li>8\u00aa remessa: 509.800 doses da CoronaVac em 17\/3\/2021<\/li><li>9\u00aa remessa: 86.750 doses da AstraZeneca e 455.800 da CoronaVac em 20\/3\/2021<\/li><li>10\u00aa remessa: 116.600 doses da AstraZeneca e 359.000 da CoronaVac em 26\/3\/2021<\/li><li>11\u00aa remessa: 73.250 doses de AstraZeneca e 943.400 doses de CoronaVac em 1\/4\/2021<\/li><li>12\u00aa remessa: 257.750 doses de AstraZeneca e 220.400 doses de CoronaVac em 8\/4\/2021<\/li><\/ul>\n\n\n\n<p class=\"wp-block-paragraph\"><strong>Total: 5.140.130 doses<\/strong><\/p>\n\n\n\n<p class=\"wp-block-paragraph\">&#8212;&#8212;&#8212;&#8212;&#8212;&#8212;<br><em>Quer receber as not\u00edcias do <strong>Aconteceu no Vale<\/strong> em primeira m\u00e3o? Siga-nos no Facebook <a rel=\"noreferrer noopener\" href=\"http:\/\/facebook.com\/aconteceunovale\" target=\"_blank\">@aconteceunovale<\/a>, Twitter <a rel=\"noreferrer noopener\" href=\"https:\/\/twitter.com\/noticiadosvales\" target=\"_blank\">@noticiadosvales<\/a> e Instagram <a rel=\"noreferrer noopener\" href=\"https:\/\/www.instagram.com\/aconteceunovale\" target=\"_blank\">@aconteceunovale<\/a>.<\/em><\/p>\n","protected":false},"excerpt":{"rendered":"<p>Minas Gerais segue distribuindo \u00e0s Unidades Regionais de Sa\u00fade (URSs) as 478.150 doses de imunizantes enviadas pelo Minist\u00e9rio da Sa\u00fade ao estado na quinta-feira (8\/4\/2021). Deste total, 197.390 j\u00e1 foram retiradas pelas regionais de Sete Lagoas, Divin\u00f3polis, Itabira, Coronel Fabriciano e Secretaria Municipal de Sa\u00fade de BH na Rede de Frio da\u00a0Secretaria de Estado de [&hellip;]<\/p>\n","protected":false},"author":4,"featured_media":175898,"comment_status":"open","ping_status":"closed","sticky":false,"template":"","format":"standard","meta":{"amp_status":"","footnotes":""},"categories":[123,40242],"tags":[240692,235100,235104,194,217799,219851,235098,219853,22090,214884,216498,236448,239797,221718,1018,235105,242900,231330,231334,184213,235103,135894,235094,235096,235097,235095,240007,235015,240691,241552,240634,242407,235101,219855,215653,221717,219854,219852,217692,231333,231337,231332,231336,236858,221719,178207,220285,220287,220286,235102,235099,231331,231335],"class_list":["post-177046","post","type-post","status-publish","format-standard","has-post-thumbnail","hentry","category-gerais","category-saude-2","tag-6-mil-doses-de-vacinas-contra-covid-19-e-ampliara-imunizacao-para-idosos-de-65-a-69-anos","tag-adileia-pereira-de-jesus-cardoso","tag-adriana-vilella-avila-de-castro","tag-belo-horizonte","tag-casos-de-coronavirus-em-minas-gerais","tag-casos-de-covid-19-em-minas-gerais","tag-cece","tag-cidades-com-casos-de-coronavirus-em-minas-gerais","tag-confins","tag-coronavirus","tag-covid-19","tag-covid-19-minas-gerais-bate-novo-recorde-ao-registrar-mais-de-10-mil-casos-em-24h","tag-covid-19-minas-gerais-tem-recorde-de-mortes-e-de-casos-em-24h","tag-curados-do-coronavirus-em-minas-gerais","tag-destaque","tag-distribuicao-da-vacina-em-minas-gerais","tag-estado-distribui-12a-remessa-de-vacinas-contra-a-covid-19","tag-governador-detalha-plano-de-contingencia-para-vacinacao-contra-a-covid-19-em-minas-gerais","tag-governador-detalha-plano-de-contingencia-para-vacinacao-contra-o-novo-coronavirus-em-minas-gerais","tag-governador-romeu-zema","tag-hem","tag-hospital-eduardo-de-menezes","tag-iniciada-a-maior-operacao-de-vacinacao-da-historia-de-minas-gerais","tag-maior-operacao-de-vacinacao-da-historia-de-minas-gerais","tag-maria-bom-sucesso-pereira","tag-minas-gerais-inicia-a-maior-operacao-de-vacinacao-da-sua-historia","tag-minas-gerais-recebe-542-550-novas-doses-de-vacinas-contra-covid-19","tag-minas-gerais-recebe-561-mil-doses-da-coronavac","tag-minas-gerais-recebe-mais-475","tag-minas-gerais-recebe-mais-de-1-milhao-de-doses-de-vacinas-contra-covid-19","tag-minas-gerais-recebera-mais-475-600-doses-de-vacinas-contra-a-covid-19","tag-minas-gerais-recebera-mais-478-150-doses-de-vacinas-contra-covid-19","tag-moises-alves-senra","tag-mortes-por-coronavirus-em-minas-gerais","tag-novo-coronavirus","tag-numero-de-curados-do-coronavirus-em-minas-gerais","tag-numeros-do-coronavirus-em-minas-gerais","tag-obitos-por-coronavirus-em-minas-gerias","tag-pandemia-de-coronavirus","tag-plano-de-contingencia-para-vacinacao-contra-a-covid-19-em-minas-gerais","tag-plano-de-contingencia-para-vacinacao-contra-o-novo-coronavirus-em-minas-gerais","tag-plano-para-vacinacao-contra-a-covid-19-em-minas-gerais","tag-plano-para-vacinacao-contra-o-novo-coronavirus-em-minas-gerais","tag-primeira-pessoa-vacinada-contra-a-covid-19-em-minas-gerais-recebe-a-segunda-dose","tag-recuperados-do-coronavirus-em-minas-gerais","tag-romeu-zema","tag-secretaria-de-saude-atualiza-numeros-do-coronavirus-em-minas-gerais","tag-secretaria-de-saude-de-minas-gerais-atualiza-numeros-do-coronavirus","tag-ses-mg-atualiza-numeros-do-coronavirus","tag-teresa-gamarano-barros","tag-thiago-liberio-santana-medina","tag-vacinacao-contra-a-covid-19-em-minas-gerais","tag-vacinacao-contra-o-novo-coronavirus-em-minas-gerais"],"yoast_head":"<!-- This site is optimized with the Yoast SEO plugin v28.3 - https:\/\/yoast.com\/product\/yoast-seo-wordpress\/ -->\n<title>Estado distribui 12\u00aa remessa de vacinas contra a Covid-19 - Aconteceu no Vale<\/title>\n<meta name=\"robots\" content=\"index, follow, max-snippet:-1, max-image-preview:large, max-video-preview:-1\" \/>\n<link rel=\"canonical\" href=\"https:\/\/aconteceunovale.com.br\/portal\/?p=177046\" \/>\n<meta property=\"og:locale\" content=\"pt_BR\" \/>\n<meta property=\"og:type\" content=\"article\" \/>\n<meta property=\"og:title\" content=\"Estado distribui 12\u00aa remessa de vacinas contra a Covid-19 - Aconteceu no Vale\" \/>\n<meta property=\"og:description\" content=\"Minas Gerais segue distribuindo \u00e0s Unidades Regionais de Sa\u00fade (URSs) as 478.150 doses de imunizantes enviadas pelo Minist\u00e9rio da Sa\u00fade ao estado na quinta-feira (8\/4\/2021). Deste total, 197.390 j\u00e1 foram retiradas pelas regionais de Sete Lagoas, Divin\u00f3polis, Itabira, Coronel Fabriciano e Secretaria Municipal de Sa\u00fade de BH na Rede de Frio da\u00a0Secretaria de Estado de [&hellip;]\" \/>\n<meta property=\"og:url\" content=\"https:\/\/aconteceunovale.com.br\/portal\/?p=177046\" \/>\n<meta property=\"og:site_name\" content=\"Aconteceu no Vale\" \/>\n<meta property=\"article:publisher\" content=\"https:\/\/www.facebook.com\/aconteceunovale\/\" \/>\n<meta property=\"article:published_time\" content=\"2021-04-12T12:25:13+00:00\" \/>\n<meta property=\"article:modified_time\" content=\"2021-04-12T14:53:44+00:00\" \/>\n<meta property=\"og:image\" content=\"https:\/\/aconteceunovale.com.br\/portal\/wp-content\/uploads\/2021\/03\/vacinas_mg.jpeg\" \/>\n\t<meta property=\"og:image:width\" content=\"645\" \/>\n\t<meta property=\"og:image:height\" content=\"450\" \/>\n\t<meta property=\"og:image:type\" content=\"image\/jpeg\" \/>\n<meta name=\"author\" content=\"Reda\u00e7\u00e3o Aconteceu no Vale\" \/>\n<meta name=\"twitter:card\" content=\"summary_large_image\" \/>\n<meta name=\"twitter:creator\" content=\"@noticiadosvales\" \/>\n<meta name=\"twitter:site\" content=\"@noticiadosvales\" \/>\n<meta name=\"twitter:label1\" content=\"Escrito por\" \/>\n\t<meta name=\"twitter:data1\" content=\"Reda\u00e7\u00e3o Aconteceu no Vale\" \/>\n\t<meta name=\"twitter:label2\" content=\"Est. tempo de leitura\" \/>\n\t<meta name=\"twitter:data2\" content=\"3 minutos\" \/>\n<script type=\"application\/ld+json\" class=\"yoast-schema-graph\">{\"@context\":\"https:\\\/\\\/schema.org\",\"@graph\":[{\"@type\":\"Article\",\"@id\":\"https:\\\/\\\/aconteceunovale.com.br\\\/portal\\\/?p=177046#article\",\"isPartOf\":{\"@id\":\"https:\\\/\\\/aconteceunovale.com.br\\\/portal\\\/?p=177046\"},\"author\":{\"name\":\"Reda\u00e7\u00e3o Aconteceu no Vale\",\"@id\":\"https:\\\/\\\/aconteceunovale.com.br\\\/portal\\\/#\\\/schema\\\/person\\\/7d2f26d1483f8a63de73da1ee0754d35\"},\"headline\":\"Estado distribui 12\u00aa remessa de vacinas contra a Covid-19\",\"datePublished\":\"2021-04-12T12:25:13+00:00\",\"dateModified\":\"2021-04-12T14:53:44+00:00\",\"mainEntityOfPage\":{\"@id\":\"https:\\\/\\\/aconteceunovale.com.br\\\/portal\\\/?p=177046\"},\"wordCount\":637,\"commentCount\":0,\"image\":{\"@id\":\"https:\\\/\\\/aconteceunovale.com.br\\\/portal\\\/?p=177046#primaryimage\"},\"thumbnailUrl\":\"https:\\\/\\\/aconteceunovale.com.br\\\/portal\\\/wp-content\\\/uploads\\\/2021\\\/03\\\/vacinas_mg.jpeg\",\"keywords\":[\"6 mil doses de vacinas contra Covid-19 e ampliar\u00e1 imuniza\u00e7\u00e3o para idosos de 65 a 69 anos\",\"Adileia Pereira de Jesus Cardoso\",\"Adriana Vilella \u00c1vila de Castro\",\"Belo Horizonte\",\"Casos de coronav\u00edrus em Minas Gerais\",\"Casos de covid-19 em Minas Gerais\",\"Cec\u00e9\",\"Cidades com casos de coronav\u00edrus em Minas Gerais\",\"Confins\",\"Coronav\u00edrus\",\"COVID-19\",\"Covid-19: Minas Gerais bate novo recorde ao registrar mais de 10 mil casos em 24h\",\"Covid-19: Minas Gerais tem recorde de mortes e de casos em 24h\",\"Curados do coronav\u00edrus em Minas Gerais\",\"destaque\",\"Distribui\u00e7\u00e3o da vacina em Minas Gerais\",\"Estado distribui 12\u00aa remessa de vacinas contra a Covid-19\",\"Governador detalha Plano de Conting\u00eancia para Vacina\u00e7\u00e3o contra a Covid-19 em Minas Gerais\",\"Governador detalha Plano de Conting\u00eancia para Vacina\u00e7\u00e3o contra o novo coronav\u00edrus em Minas Gerais\",\"Governador Romeu Zema\",\"HEM\",\"Hospital Eduardo de Menezes\",\"Iniciada a maior opera\u00e7\u00e3o de vacina\u00e7\u00e3o da hist\u00f3ria de Minas Gerais\",\"Maior opera\u00e7\u00e3o de vacina\u00e7\u00e3o da hist\u00f3ria de Minas Gerais\",\"Maria Bom Sucesso Pereira\",\"Minas Gerais inicia a maior opera\u00e7\u00e3o de vacina\u00e7\u00e3o da sua hist\u00f3ria\",\"Minas Gerais recebe 542.550 novas doses de vacinas contra Covid-19\",\"Minas Gerais recebe 561 mil doses da CoronaVac\",\"Minas Gerais recebe mais 475\",\"Minas Gerais recebe mais de 1 milh\u00e3o de doses de vacinas contra Covid-19\",\"Minas Gerais receber\u00e1 mais 475.600 doses de vacinas contra a Covid-19\",\"Minas Gerais receber\u00e1 mais 478.150 doses de vacinas contra Covid-19\",\"Mois\u00e9s Alves Senra\",\"Mortes por coronav\u00edrus em Minas Gerais\",\"Novo coronav\u00edrus\",\"N\u00famero de curados do coronav\u00edrus em Minas Gerais\",\"N\u00fameros do coronav\u00edrus em Minas Gerais\",\"\u00d3bitos por coronav\u00edrus em Minas Gerias\",\"Pandemia de coronav\u00edrus\",\"Plano de Conting\u00eancia para Vacina\u00e7\u00e3o contra a Covid-19 em Minas Gerais\",\"Plano de Conting\u00eancia para Vacina\u00e7\u00e3o contra o novo coronav\u00edrus em Minas Gerais\",\"Plano para Vacina\u00e7\u00e3o contra a Covid-19 em Minas Gerais\",\"Plano para Vacina\u00e7\u00e3o contra o novo coronav\u00edrus em Minas Gerais\",\"Primeira pessoa vacinada contra a Covid-19 em Minas Gerais recebe a segunda dose\",\"Recuperados do coronav\u00edrus em Minas Gerais\",\"Romeu Zema\",\"Secretaria de Sa\u00fade atualiza n\u00fameros do coronav\u00edrus em Minas Gerais\",\"Secretaria de Sa\u00fade de Minas Gerais atualiza n\u00fameros do coronav\u00edrus\",\"SES-MG atualiza n\u00fameros do coronav\u00edrus\",\"Teresa Gamarano Barros\",\"Thiago Lib\u00e9rio Santana Medina\",\"Vacina\u00e7\u00e3o contra a Covid-19 em Minas Gerais\",\"Vacina\u00e7\u00e3o contra o novo coronav\u00edrus em Minas Gerais\"],\"articleSection\":[\"Minas Gerais\",\"Sa\u00fade\"],\"inLanguage\":\"pt-BR\",\"potentialAction\":[{\"@type\":\"CommentAction\",\"name\":\"Comment\",\"target\":[\"https:\\\/\\\/aconteceunovale.com.br\\\/portal\\\/?p=177046#respond\"]}]},{\"@type\":\"WebPage\",\"@id\":\"https:\\\/\\\/aconteceunovale.com.br\\\/portal\\\/?p=177046\",\"url\":\"https:\\\/\\\/aconteceunovale.com.br\\\/portal\\\/?p=177046\",\"name\":\"Estado distribui 12\u00aa remessa de vacinas contra a Covid-19 - Aconteceu no Vale\",\"isPartOf\":{\"@id\":\"https:\\\/\\\/aconteceunovale.com.br\\\/portal\\\/#website\"},\"primaryImageOfPage\":{\"@id\":\"https:\\\/\\\/aconteceunovale.com.br\\\/portal\\\/?p=177046#primaryimage\"},\"image\":{\"@id\":\"https:\\\/\\\/aconteceunovale.com.br\\\/portal\\\/?p=177046#primaryimage\"},\"thumbnailUrl\":\"https:\\\/\\\/aconteceunovale.com.br\\\/portal\\\/wp-content\\\/uploads\\\/2021\\\/03\\\/vacinas_mg.jpeg\",\"datePublished\":\"2021-04-12T12:25:13+00:00\",\"dateModified\":\"2021-04-12T14:53:44+00:00\",\"author\":{\"@id\":\"https:\\\/\\\/aconteceunovale.com.br\\\/portal\\\/#\\\/schema\\\/person\\\/7d2f26d1483f8a63de73da1ee0754d35\"},\"breadcrumb\":{\"@id\":\"https:\\\/\\\/aconteceunovale.com.br\\\/portal\\\/?p=177046#breadcrumb\"},\"inLanguage\":\"pt-BR\",\"potentialAction\":[{\"@type\":\"ReadAction\",\"target\":[\"https:\\\/\\\/aconteceunovale.com.br\\\/portal\\\/?p=177046\"]}]},{\"@type\":\"ImageObject\",\"inLanguage\":\"pt-BR\",\"@id\":\"https:\\\/\\\/aconteceunovale.com.br\\\/portal\\\/?p=177046#primaryimage\",\"url\":\"https:\\\/\\\/aconteceunovale.com.br\\\/portal\\\/wp-content\\\/uploads\\\/2021\\\/03\\\/vacinas_mg.jpeg\",\"contentUrl\":\"https:\\\/\\\/aconteceunovale.com.br\\\/portal\\\/wp-content\\\/uploads\\\/2021\\\/03\\\/vacinas_mg.jpeg\",\"width\":645,\"height\":450},{\"@type\":\"BreadcrumbList\",\"@id\":\"https:\\\/\\\/aconteceunovale.com.br\\\/portal\\\/?p=177046#breadcrumb\",\"itemListElement\":[{\"@type\":\"ListItem\",\"position\":1,\"name\":\"In\u00edcio\",\"item\":\"https:\\\/\\\/aconteceunovale.com.br\\\/portal\\\/\"},{\"@type\":\"ListItem\",\"position\":2,\"name\":\"Estado distribui 12\u00aa remessa de vacinas contra a Covid-19\"}]},{\"@type\":\"WebSite\",\"@id\":\"https:\\\/\\\/aconteceunovale.com.br\\\/portal\\\/#website\",\"url\":\"https:\\\/\\\/aconteceunovale.com.br\\\/portal\\\/\",\"name\":\"Aconteceu no Vale\",\"description\":\"Portal de Not\u00edcias\",\"potentialAction\":[{\"@type\":\"SearchAction\",\"target\":{\"@type\":\"EntryPoint\",\"urlTemplate\":\"https:\\\/\\\/aconteceunovale.com.br\\\/portal\\\/?s={search_term_string}\"},\"query-input\":{\"@type\":\"PropertyValueSpecification\",\"valueRequired\":true,\"valueName\":\"search_term_string\"}}],\"inLanguage\":\"pt-BR\"},{\"@type\":\"Person\",\"@id\":\"https:\\\/\\\/aconteceunovale.com.br\\\/portal\\\/#\\\/schema\\\/person\\\/7d2f26d1483f8a63de73da1ee0754d35\",\"name\":\"Reda\u00e7\u00e3o Aconteceu no Vale\",\"description\":\"Equipe de reportagem do Aconteceu no Vale, portal de not\u00edcias do Vale do Jequitinhonha, em Minas Gerais. Cobrimos as 51 cidades do Vale desde 2013. Sugest\u00f5es de pauta e pedidos de corre\u00e7\u00e3o: contato@aconteceunovale.com.br\",\"url\":\"https:\\\/\\\/aconteceunovale.com.br\\\/portal\\\/?author=4\"}]}<\/script>\n<!-- \/ Yoast SEO plugin. -->","yoast_head_json":{"title":"Estado distribui 12\u00aa remessa de vacinas contra a Covid-19 - Aconteceu no Vale","robots":{"index":"index","follow":"follow","max-snippet":"max-snippet:-1","max-image-preview":"max-image-preview:large","max-video-preview":"max-video-preview:-1"},"canonical":"https:\/\/aconteceunovale.com.br\/portal\/?p=177046","og_locale":"pt_BR","og_type":"article","og_title":"Estado distribui 12\u00aa remessa de vacinas contra a Covid-19 - Aconteceu no Vale","og_description":"Minas Gerais segue distribuindo \u00e0s Unidades Regionais de Sa\u00fade (URSs) as 478.150 doses de imunizantes enviadas pelo Minist\u00e9rio da Sa\u00fade ao estado na quinta-feira (8\/4\/2021). Deste total, 197.390 j\u00e1 foram retiradas pelas regionais de Sete Lagoas, Divin\u00f3polis, Itabira, Coronel Fabriciano e Secretaria Municipal de Sa\u00fade de BH na Rede de Frio da\u00a0Secretaria de Estado de [&hellip;]","og_url":"https:\/\/aconteceunovale.com.br\/portal\/?p=177046","og_site_name":"Aconteceu no Vale","article_publisher":"https:\/\/www.facebook.com\/aconteceunovale\/","article_published_time":"2021-04-12T12:25:13+00:00","article_modified_time":"2021-04-12T14:53:44+00:00","og_image":[{"width":645,"height":450,"url":"https:\/\/aconteceunovale.com.br\/portal\/wp-content\/uploads\/2021\/03\/vacinas_mg.jpeg","type":"image\/jpeg"}],"author":"Reda\u00e7\u00e3o Aconteceu no Vale","twitter_card":"summary_large_image","twitter_creator":"@noticiadosvales","twitter_site":"@noticiadosvales","twitter_misc":{"Escrito por":"Reda\u00e7\u00e3o Aconteceu no Vale","Est. tempo de leitura":"3 minutos"},"schema":{"@context":"https:\/\/schema.org","@graph":[{"@type":"Article","@id":"https:\/\/aconteceunovale.com.br\/portal\/?p=177046#article","isPartOf":{"@id":"https:\/\/aconteceunovale.com.br\/portal\/?p=177046"},"author":{"name":"Reda\u00e7\u00e3o Aconteceu no Vale","@id":"https:\/\/aconteceunovale.com.br\/portal\/#\/schema\/person\/7d2f26d1483f8a63de73da1ee0754d35"},"headline":"Estado distribui 12\u00aa remessa de vacinas contra a Covid-19","datePublished":"2021-04-12T12:25:13+00:00","dateModified":"2021-04-12T14:53:44+00:00","mainEntityOfPage":{"@id":"https:\/\/aconteceunovale.com.br\/portal\/?p=177046"},"wordCount":637,"commentCount":0,"image":{"@id":"https:\/\/aconteceunovale.com.br\/portal\/?p=177046#primaryimage"},"thumbnailUrl":"https:\/\/aconteceunovale.com.br\/portal\/wp-content\/uploads\/2021\/03\/vacinas_mg.jpeg","keywords":["6 mil doses de vacinas contra Covid-19 e ampliar\u00e1 imuniza\u00e7\u00e3o para idosos de 65 a 69 anos","Adileia Pereira de Jesus Cardoso","Adriana Vilella \u00c1vila de Castro","Belo Horizonte","Casos de coronav\u00edrus em Minas Gerais","Casos de covid-19 em Minas Gerais","Cec\u00e9","Cidades com casos de coronav\u00edrus em Minas Gerais","Confins","Coronav\u00edrus","COVID-19","Covid-19: Minas Gerais bate novo recorde ao registrar mais de 10 mil casos em 24h","Covid-19: Minas Gerais tem recorde de mortes e de casos em 24h","Curados do coronav\u00edrus em Minas Gerais","destaque","Distribui\u00e7\u00e3o da vacina em Minas Gerais","Estado distribui 12\u00aa remessa de vacinas contra a Covid-19","Governador detalha Plano de Conting\u00eancia para Vacina\u00e7\u00e3o contra a Covid-19 em Minas Gerais","Governador detalha Plano de Conting\u00eancia para Vacina\u00e7\u00e3o contra o novo coronav\u00edrus em Minas Gerais","Governador Romeu Zema","HEM","Hospital Eduardo de Menezes","Iniciada a maior opera\u00e7\u00e3o de vacina\u00e7\u00e3o da hist\u00f3ria de Minas Gerais","Maior opera\u00e7\u00e3o de vacina\u00e7\u00e3o da hist\u00f3ria de Minas Gerais","Maria Bom Sucesso Pereira","Minas Gerais inicia a maior opera\u00e7\u00e3o de vacina\u00e7\u00e3o da sua hist\u00f3ria","Minas Gerais recebe 542.550 novas doses de vacinas contra Covid-19","Minas Gerais recebe 561 mil doses da CoronaVac","Minas Gerais recebe mais 475","Minas Gerais recebe mais de 1 milh\u00e3o de doses de vacinas contra Covid-19","Minas Gerais receber\u00e1 mais 475.600 doses de vacinas contra a Covid-19","Minas Gerais receber\u00e1 mais 478.150 doses de vacinas contra Covid-19","Mois\u00e9s Alves Senra","Mortes por coronav\u00edrus em Minas Gerais","Novo coronav\u00edrus","N\u00famero de curados do coronav\u00edrus em Minas Gerais","N\u00fameros do coronav\u00edrus em Minas Gerais","\u00d3bitos por coronav\u00edrus em Minas Gerias","Pandemia de coronav\u00edrus","Plano de Conting\u00eancia para Vacina\u00e7\u00e3o contra a Covid-19 em Minas Gerais","Plano de Conting\u00eancia para Vacina\u00e7\u00e3o contra o novo coronav\u00edrus em Minas Gerais","Plano para Vacina\u00e7\u00e3o contra a Covid-19 em Minas Gerais","Plano para Vacina\u00e7\u00e3o contra o novo coronav\u00edrus em Minas Gerais","Primeira pessoa vacinada contra a Covid-19 em Minas Gerais recebe a segunda dose","Recuperados do coronav\u00edrus em Minas Gerais","Romeu Zema","Secretaria de Sa\u00fade atualiza n\u00fameros do coronav\u00edrus em Minas Gerais","Secretaria de Sa\u00fade de Minas Gerais atualiza n\u00fameros do coronav\u00edrus","SES-MG atualiza n\u00fameros do coronav\u00edrus","Teresa Gamarano Barros","Thiago Lib\u00e9rio Santana Medina","Vacina\u00e7\u00e3o contra a Covid-19 em Minas Gerais","Vacina\u00e7\u00e3o contra o novo coronav\u00edrus em Minas Gerais"],"articleSection":["Minas Gerais","Sa\u00fade"],"inLanguage":"pt-BR","potentialAction":[{"@type":"CommentAction","name":"Comment","target":["https:\/\/aconteceunovale.com.br\/portal\/?p=177046#respond"]}]},{"@type":"WebPage","@id":"https:\/\/aconteceunovale.com.br\/portal\/?p=177046","url":"https:\/\/aconteceunovale.com.br\/portal\/?p=177046","name":"Estado distribui 12\u00aa remessa de vacinas contra a Covid-19 - Aconteceu no Vale","isPartOf":{"@id":"https:\/\/aconteceunovale.com.br\/portal\/#website"},"primaryImageOfPage":{"@id":"https:\/\/aconteceunovale.com.br\/portal\/?p=177046#primaryimage"},"image":{"@id":"https:\/\/aconteceunovale.com.br\/portal\/?p=177046#primaryimage"},"thumbnailUrl":"https:\/\/aconteceunovale.com.br\/portal\/wp-content\/uploads\/2021\/03\/vacinas_mg.jpeg","datePublished":"2021-04-12T12:25:13+00:00","dateModified":"2021-04-12T14:53:44+00:00","author":{"@id":"https:\/\/aconteceunovale.com.br\/portal\/#\/schema\/person\/7d2f26d1483f8a63de73da1ee0754d35"},"breadcrumb":{"@id":"https:\/\/aconteceunovale.com.br\/portal\/?p=177046#breadcrumb"},"inLanguage":"pt-BR","potentialAction":[{"@type":"ReadAction","target":["https:\/\/aconteceunovale.com.br\/portal\/?p=177046"]}]},{"@type":"ImageObject","inLanguage":"pt-BR","@id":"https:\/\/aconteceunovale.com.br\/portal\/?p=177046#primaryimage","url":"https:\/\/aconteceunovale.com.br\/portal\/wp-content\/uploads\/2021\/03\/vacinas_mg.jpeg","contentUrl":"https:\/\/aconteceunovale.com.br\/portal\/wp-content\/uploads\/2021\/03\/vacinas_mg.jpeg","width":645,"height":450},{"@type":"BreadcrumbList","@id":"https:\/\/aconteceunovale.com.br\/portal\/?p=177046#breadcrumb","itemListElement":[{"@type":"ListItem","position":1,"name":"In\u00edcio","item":"https:\/\/aconteceunovale.com.br\/portal\/"},{"@type":"ListItem","position":2,"name":"Estado distribui 12\u00aa remessa de vacinas contra a Covid-19"}]},{"@type":"WebSite","@id":"https:\/\/aconteceunovale.com.br\/portal\/#website","url":"https:\/\/aconteceunovale.com.br\/portal\/","name":"Aconteceu no Vale","description":"Portal de Not\u00edcias","potentialAction":[{"@type":"SearchAction","target":{"@type":"EntryPoint","urlTemplate":"https:\/\/aconteceunovale.com.br\/portal\/?s={search_term_string}"},"query-input":{"@type":"PropertyValueSpecification","valueRequired":true,"valueName":"search_term_string"}}],"inLanguage":"pt-BR"},{"@type":"Person","@id":"https:\/\/aconteceunovale.com.br\/portal\/#\/schema\/person\/7d2f26d1483f8a63de73da1ee0754d35","name":"Reda\u00e7\u00e3o Aconteceu no Vale","description":"Equipe de reportagem do Aconteceu no Vale, portal de not\u00edcias do Vale do Jequitinhonha, em Minas Gerais. Cobrimos as 51 cidades do Vale desde 2013. Sugest\u00f5es de pauta e pedidos de corre\u00e7\u00e3o: contato@aconteceunovale.com.br","url":"https:\/\/aconteceunovale.com.br\/portal\/?author=4"}]}},"_links":{"self":[{"href":"https:\/\/aconteceunovale.com.br\/portal\/index.php?rest_route=\/wp\/v2\/posts\/177046","targetHints":{"allow":["GET"]}}],"collection":[{"href":"https:\/\/aconteceunovale.com.br\/portal\/index.php?rest_route=\/wp\/v2\/posts"}],"about":[{"href":"https:\/\/aconteceunovale.com.br\/portal\/index.php?rest_route=\/wp\/v2\/types\/post"}],"author":[{"embeddable":true,"href":"https:\/\/aconteceunovale.com.br\/portal\/index.php?rest_route=\/wp\/v2\/users\/4"}],"replies":[{"embeddable":true,"href":"https:\/\/aconteceunovale.com.br\/portal\/index.php?rest_route=%2Fwp%2Fv2%2Fcomments&post=177046"}],"version-history":[{"count":2,"href":"https:\/\/aconteceunovale.com.br\/portal\/index.php?rest_route=\/wp\/v2\/posts\/177046\/revisions"}],"predecessor-version":[{"id":177070,"href":"https:\/\/aconteceunovale.com.br\/portal\/index.php?rest_route=\/wp\/v2\/posts\/177046\/revisions\/177070"}],"wp:featuredmedia":[{"embeddable":true,"href":"https:\/\/aconteceunovale.com.br\/portal\/index.php?rest_route=\/wp\/v2\/media\/175898"}],"wp:attachment":[{"href":"https:\/\/aconteceunovale.com.br\/portal\/index.php?rest_route=%2Fwp%2Fv2%2Fmedia&parent=177046"}],"wp:term":[{"taxonomy":"category","embeddable":true,"href":"https:\/\/aconteceunovale.com.br\/portal\/index.php?rest_route=%2Fwp%2Fv2%2Fcategories&post=177046"},{"taxonomy":"post_tag","embeddable":true,"href":"https:\/\/aconteceunovale.com.br\/portal\/index.php?rest_route=%2Fwp%2Fv2%2Ftags&post=177046"}],"curies":[{"name":"wp","href":"https:\/\/api.w.org\/{rel}","templated":true}]}}