{"id":177043,"date":"2021-04-11T23:56:05","date_gmt":"2021-04-12T02:56:05","guid":{"rendered":"https:\/\/aconteceunovale.com.br\/portal\/?p=177043"},"modified":"2021-04-11T23:57:41","modified_gmt":"2021-04-12T02:57:41","slug":"foragida-internacional-e-presa-pela-policia-federal-em-minas-gerais","status":"publish","type":"post","link":"https:\/\/aconteceunovale.com.br\/portal\/?p=177043","title":{"rendered":"Foragida internacional \u00e9 presa pela Pol\u00edcia Federal em Minas Gerais"},"content":{"rendered":"\n<p class=\"wp-block-paragraph\">Uma mulher de nacionalidade espanhola, que era procurada pela Justi\u00e7a Italiana, foi presa pela Pol\u00edcia Federal no s\u00e1bado (10\/4\/2021) ap\u00f3s meses de investiga\u00e7\u00e3o. O mandado de pris\u00e3o preventiva, para fins de extradi\u00e7\u00e3o, foi expedido pelo Supremo Tribunal Federal (STF).<\/p>\n\n\n\n<figure class=\"wp-block-gallery columns-1 is-cropped wp-block-gallery-1 is-layout-flex wp-block-gallery-is-layout-flex\"><ul class=\"blocks-gallery-grid\"><li class=\"blocks-gallery-item\"><figure><img loading=\"lazy\" decoding=\"async\" width=\"675\" height=\"450\" src=\"https:\/\/aconteceunovale.com.br\/portal\/wp-content\/uploads\/2021\/04\/pf_mandado.jpeg\" alt=\"\" data-id=\"177044\" data-full-url=\"https:\/\/aconteceunovale.com.br\/portal\/wp-content\/uploads\/2021\/04\/pf_mandado.jpeg\" data-link=\"https:\/\/aconteceunovale.com.br\/portal\/?attachment_id=177044\" class=\"wp-image-177044\" srcset=\"https:\/\/aconteceunovale.com.br\/portal\/wp-content\/uploads\/2021\/04\/pf_mandado.jpeg 675w, https:\/\/aconteceunovale.com.br\/portal\/wp-content\/uploads\/2021\/04\/pf_mandado-300x200.jpeg 300w, https:\/\/aconteceunovale.com.br\/portal\/wp-content\/uploads\/2021\/04\/pf_mandado-630x420.jpeg 630w\" sizes=\"auto, (max-width: 675px) 100vw, 675px\" \/><figcaption class=\"blocks-gallery-item__caption\"><em>Foto: Divulga\u00e7\u00e3o \/ PF<\/em><\/figcaption><\/figure><\/li><\/ul><\/figure>\n\n\n\n<p class=\"wp-block-paragraph\">De acordo com a PF, <em>\u201ca presa tem 43 anos e havia fugido para o Brasil em 2018, com seus dois filhos menores, homiziando-se em Belo Horizonte e, mais recentemente, num condom\u00ednio na cidade de Lagoa Santa\/MG\u201d.<\/em><\/p>\n\n\n\n<p class=\"wp-block-paragraph\"><em>\u201cContra ela h\u00e1 Difus\u00e3o Vermelha da Interpol, desde setembro de 2019, por ter sido condenada pela Justi\u00e7a Italiana a 12 anos e 8 meses de pris\u00e3o pelos crimes de extors\u00e3o mediante sequestro e les\u00f5es corporais. Os crimes, em coautoria, foram praticados em agosto de 2009 em G\u00eanova\/It\u00e1lia\u201d<\/em>, informou a Pol\u00edcia Federal.<\/p>\n\n\n\n<p class=\"wp-block-paragraph\">Ap\u00f3s exame de corpo de delito, a mulher foi encaminhada para a penitenci\u00e1ria Est\u00eav\u00e3o Pinto, em Belo Horizonte, onde permanecer\u00e1 \u00e0 disposi\u00e7\u00e3o do Supremo Tribunal Federal.<\/p>\n\n\n\n<p class=\"wp-block-paragraph\">&#8212;&#8212;&#8212;&#8212;&#8212;&#8212;<br><em>Quer receber as not\u00edcias do <strong>Aconteceu no Vale<\/strong> em primeira m\u00e3o? Siga-nos no Facebook <a rel=\"noreferrer noopener\" href=\"http:\/\/facebook.com\/aconteceunovale\" target=\"_blank\">@aconteceunovale<\/a>, Twitter <a rel=\"noreferrer noopener\" href=\"https:\/\/twitter.com\/noticiadosvales\" target=\"_blank\">@noticiadosvales<\/a> e Instagram <a rel=\"noreferrer noopener\" href=\"https:\/\/www.instagram.com\/aconteceunovale\" target=\"_blank\">@aconteceunovale<\/a>.<\/em><\/p>\n","protected":false},"excerpt":{"rendered":"<p>Uma mulher de nacionalidade espanhola, que era procurada pela Justi\u00e7a Italiana, foi presa pela Pol\u00edcia Federal no s\u00e1bado (10\/4\/2021) ap\u00f3s meses de investiga\u00e7\u00e3o. O mandado de pris\u00e3o preventiva, para fins de extradi\u00e7\u00e3o, foi expedido pelo Supremo Tribunal Federal (STF). De acordo com a PF, \u201ca presa tem 43 anos e havia fugido para o Brasil [&hellip;]<\/p>\n","protected":false},"author":4,"featured_media":177044,"comment_status":"open","ping_status":"closed","sticky":false,"template":"","format":"standard","meta":{"amp_status":"","footnotes":""},"categories":[123,28848],"tags":[194,1017,242895,242894,242893,242899,23632,18920,242897,10160,20966,772,242896,242898,28511],"class_list":["post-177043","post","type-post","status-publish","format-standard","has-post-thumbnail","hentry","category-gerais","category-mundo","tag-belo-horizonte","tag-bh","tag-foragida-internacional-e-presa-pela-policia-federal-em-minas-gerais","tag-genova","tag-interpol","tag-italia","tag-justica-italiana","tag-lagoa-santa","tag-pf","tag-policia-federal","tag-prisao-de-foragida-da-justica-italiana-em-minas-gerais","tag-stf"],"yoast_head":"<!-- This site is optimized with the Yoast SEO plugin v28.3 - https:\/\/yoast.com\/product\/yoast-seo-wordpress\/ -->\n<title>Foragida internacional \u00e9 presa pela Pol\u00edcia Federal em Minas Gerais - Aconteceu no Vale<\/title>\n<meta name=\"robots\" content=\"index, follow, max-snippet:-1, max-image-preview:large, max-video-preview:-1\" \/>\n<link rel=\"canonical\" href=\"https:\/\/aconteceunovale.com.br\/portal\/?p=177043\" \/>\n<meta property=\"og:locale\" content=\"pt_BR\" \/>\n<meta property=\"og:type\" content=\"article\" \/>\n<meta property=\"og:title\" content=\"Foragida internacional \u00e9 presa pela Pol\u00edcia Federal em Minas Gerais - Aconteceu no Vale\" \/>\n<meta property=\"og:description\" content=\"Uma mulher de nacionalidade espanhola, que era procurada pela Justi\u00e7a Italiana, foi presa pela Pol\u00edcia Federal no s\u00e1bado (10\/4\/2021) ap\u00f3s meses de investiga\u00e7\u00e3o. O mandado de pris\u00e3o preventiva, para fins de extradi\u00e7\u00e3o, foi expedido pelo Supremo Tribunal Federal (STF). De acordo com a PF, \u201ca presa tem 43 anos e havia fugido para o Brasil [&hellip;]\" \/>\n<meta property=\"og:url\" content=\"https:\/\/aconteceunovale.com.br\/portal\/?p=177043\" \/>\n<meta property=\"og:site_name\" content=\"Aconteceu no Vale\" \/>\n<meta property=\"article:publisher\" content=\"https:\/\/www.facebook.com\/aconteceunovale\/\" \/>\n<meta property=\"article:published_time\" content=\"2021-04-12T02:56:05+00:00\" \/>\n<meta property=\"article:modified_time\" content=\"2021-04-12T02:57:41+00:00\" \/>\n<meta property=\"og:image\" content=\"https:\/\/aconteceunovale.com.br\/portal\/wp-content\/uploads\/2021\/04\/pf_mandado.jpeg\" \/>\n\t<meta property=\"og:image:width\" content=\"675\" \/>\n\t<meta property=\"og:image:height\" content=\"450\" \/>\n\t<meta property=\"og:image:type\" content=\"image\/jpeg\" \/>\n<meta name=\"author\" content=\"Reda\u00e7\u00e3o Aconteceu no Vale\" \/>\n<meta name=\"twitter:card\" content=\"summary_large_image\" \/>\n<meta name=\"twitter:creator\" content=\"@noticiadosvales\" \/>\n<meta name=\"twitter:site\" content=\"@noticiadosvales\" \/>\n<meta name=\"twitter:label1\" content=\"Escrito por\" \/>\n\t<meta name=\"twitter:data1\" content=\"Reda\u00e7\u00e3o Aconteceu no Vale\" \/>\n\t<meta name=\"twitter:label2\" content=\"Est. tempo de leitura\" \/>\n\t<meta name=\"twitter:data2\" content=\"1 minuto\" \/>\n<script type=\"application\/ld+json\" class=\"yoast-schema-graph\">{\"@context\":\"https:\\\/\\\/schema.org\",\"@graph\":[{\"@type\":\"Article\",\"@id\":\"https:\\\/\\\/aconteceunovale.com.br\\\/portal\\\/?p=177043#article\",\"isPartOf\":{\"@id\":\"https:\\\/\\\/aconteceunovale.com.br\\\/portal\\\/?p=177043\"},\"author\":{\"name\":\"Reda\u00e7\u00e3o Aconteceu no Vale\",\"@id\":\"https:\\\/\\\/aconteceunovale.com.br\\\/portal\\\/#\\\/schema\\\/person\\\/7d2f26d1483f8a63de73da1ee0754d35\"},\"headline\":\"Foragida internacional \u00e9 presa pela Pol\u00edcia Federal em Minas Gerais\",\"datePublished\":\"2021-04-12T02:56:05+00:00\",\"dateModified\":\"2021-04-12T02:57:41+00:00\",\"mainEntityOfPage\":{\"@id\":\"https:\\\/\\\/aconteceunovale.com.br\\\/portal\\\/?p=177043\"},\"wordCount\":205,\"commentCount\":0,\"image\":{\"@id\":\"https:\\\/\\\/aconteceunovale.com.br\\\/portal\\\/?p=177043#primaryimage\"},\"thumbnailUrl\":\"https:\\\/\\\/aconteceunovale.com.br\\\/portal\\\/wp-content\\\/uploads\\\/2021\\\/04\\\/pf_mandado.jpeg\",\"keywords\":[\"Belo Horizonte\",\"bh\",\"Espanhola presa em Lagoa Santa\",\"Espanhola presa em Minas\",\"Foragida internacional \u00e9 presa pela Pol\u00edcia Federal em Minas Gerais\",\"G\u00eanova\",\"Interpol\",\"It\u00e1lia\",\"Justi\u00e7a Italiana\",\"Lagoa Santa\",\"PF\",\"pol\u00edcia federal\",\"Pris\u00e3o de espanhola em Lagoa Santa\",\"Pris\u00e3o de foragida da Justi\u00e7a italiana em Minas Gerais\",\"STF\"],\"articleSection\":[\"Minas Gerais\",\"Mundo\"],\"inLanguage\":\"pt-BR\",\"potentialAction\":[{\"@type\":\"CommentAction\",\"name\":\"Comment\",\"target\":[\"https:\\\/\\\/aconteceunovale.com.br\\\/portal\\\/?p=177043#respond\"]}]},{\"@type\":\"WebPage\",\"@id\":\"https:\\\/\\\/aconteceunovale.com.br\\\/portal\\\/?p=177043\",\"url\":\"https:\\\/\\\/aconteceunovale.com.br\\\/portal\\\/?p=177043\",\"name\":\"Foragida internacional \u00e9 presa pela Pol\u00edcia Federal em Minas Gerais - Aconteceu no Vale\",\"isPartOf\":{\"@id\":\"https:\\\/\\\/aconteceunovale.com.br\\\/portal\\\/#website\"},\"primaryImageOfPage\":{\"@id\":\"https:\\\/\\\/aconteceunovale.com.br\\\/portal\\\/?p=177043#primaryimage\"},\"image\":{\"@id\":\"https:\\\/\\\/aconteceunovale.com.br\\\/portal\\\/?p=177043#primaryimage\"},\"thumbnailUrl\":\"https:\\\/\\\/aconteceunovale.com.br\\\/portal\\\/wp-content\\\/uploads\\\/2021\\\/04\\\/pf_mandado.jpeg\",\"datePublished\":\"2021-04-12T02:56:05+00:00\",\"dateModified\":\"2021-04-12T02:57:41+00:00\",\"author\":{\"@id\":\"https:\\\/\\\/aconteceunovale.com.br\\\/portal\\\/#\\\/schema\\\/person\\\/7d2f26d1483f8a63de73da1ee0754d35\"},\"breadcrumb\":{\"@id\":\"https:\\\/\\\/aconteceunovale.com.br\\\/portal\\\/?p=177043#breadcrumb\"},\"inLanguage\":\"pt-BR\",\"potentialAction\":[{\"@type\":\"ReadAction\",\"target\":[\"https:\\\/\\\/aconteceunovale.com.br\\\/portal\\\/?p=177043\"]}]},{\"@type\":\"ImageObject\",\"inLanguage\":\"pt-BR\",\"@id\":\"https:\\\/\\\/aconteceunovale.com.br\\\/portal\\\/?p=177043#primaryimage\",\"url\":\"https:\\\/\\\/aconteceunovale.com.br\\\/portal\\\/wp-content\\\/uploads\\\/2021\\\/04\\\/pf_mandado.jpeg\",\"contentUrl\":\"https:\\\/\\\/aconteceunovale.com.br\\\/portal\\\/wp-content\\\/uploads\\\/2021\\\/04\\\/pf_mandado.jpeg\",\"width\":675,\"height\":450},{\"@type\":\"BreadcrumbList\",\"@id\":\"https:\\\/\\\/aconteceunovale.com.br\\\/portal\\\/?p=177043#breadcrumb\",\"itemListElement\":[{\"@type\":\"ListItem\",\"position\":1,\"name\":\"In\u00edcio\",\"item\":\"https:\\\/\\\/aconteceunovale.com.br\\\/portal\\\/\"},{\"@type\":\"ListItem\",\"position\":2,\"name\":\"Foragida internacional \u00e9 presa pela Pol\u00edcia Federal em Minas Gerais\"}]},{\"@type\":\"WebSite\",\"@id\":\"https:\\\/\\\/aconteceunovale.com.br\\\/portal\\\/#website\",\"url\":\"https:\\\/\\\/aconteceunovale.com.br\\\/portal\\\/\",\"name\":\"Aconteceu no Vale\",\"description\":\"Portal de Not\u00edcias\",\"potentialAction\":[{\"@type\":\"SearchAction\",\"target\":{\"@type\":\"EntryPoint\",\"urlTemplate\":\"https:\\\/\\\/aconteceunovale.com.br\\\/portal\\\/?s={search_term_string}\"},\"query-input\":{\"@type\":\"PropertyValueSpecification\",\"valueRequired\":true,\"valueName\":\"search_term_string\"}}],\"inLanguage\":\"pt-BR\"},{\"@type\":\"Person\",\"@id\":\"https:\\\/\\\/aconteceunovale.com.br\\\/portal\\\/#\\\/schema\\\/person\\\/7d2f26d1483f8a63de73da1ee0754d35\",\"name\":\"Reda\u00e7\u00e3o Aconteceu no Vale\",\"description\":\"Equipe de reportagem do Aconteceu no Vale, portal de not\u00edcias do Vale do Jequitinhonha, em Minas Gerais. Cobrimos as 51 cidades do Vale desde 2013. Sugest\u00f5es de pauta e pedidos de corre\u00e7\u00e3o: contato@aconteceunovale.com.br\",\"url\":\"https:\\\/\\\/aconteceunovale.com.br\\\/portal\\\/?author=4\"}]}<\/script>\n<!-- \/ Yoast SEO plugin. -->","yoast_head_json":{"title":"Foragida internacional \u00e9 presa pela Pol\u00edcia Federal em Minas Gerais - Aconteceu no Vale","robots":{"index":"index","follow":"follow","max-snippet":"max-snippet:-1","max-image-preview":"max-image-preview:large","max-video-preview":"max-video-preview:-1"},"canonical":"https:\/\/aconteceunovale.com.br\/portal\/?p=177043","og_locale":"pt_BR","og_type":"article","og_title":"Foragida internacional \u00e9 presa pela Pol\u00edcia Federal em Minas Gerais - Aconteceu no Vale","og_description":"Uma mulher de nacionalidade espanhola, que era procurada pela Justi\u00e7a Italiana, foi presa pela Pol\u00edcia Federal no s\u00e1bado (10\/4\/2021) ap\u00f3s meses de investiga\u00e7\u00e3o. O mandado de pris\u00e3o preventiva, para fins de extradi\u00e7\u00e3o, foi expedido pelo Supremo Tribunal Federal (STF). De acordo com a PF, \u201ca presa tem 43 anos e havia fugido para o Brasil [&hellip;]","og_url":"https:\/\/aconteceunovale.com.br\/portal\/?p=177043","og_site_name":"Aconteceu no Vale","article_publisher":"https:\/\/www.facebook.com\/aconteceunovale\/","article_published_time":"2021-04-12T02:56:05+00:00","article_modified_time":"2021-04-12T02:57:41+00:00","og_image":[{"width":675,"height":450,"url":"https:\/\/aconteceunovale.com.br\/portal\/wp-content\/uploads\/2021\/04\/pf_mandado.jpeg","type":"image\/jpeg"}],"author":"Reda\u00e7\u00e3o Aconteceu no Vale","twitter_card":"summary_large_image","twitter_creator":"@noticiadosvales","twitter_site":"@noticiadosvales","twitter_misc":{"Escrito por":"Reda\u00e7\u00e3o Aconteceu no Vale","Est. tempo de leitura":"1 minuto"},"schema":{"@context":"https:\/\/schema.org","@graph":[{"@type":"Article","@id":"https:\/\/aconteceunovale.com.br\/portal\/?p=177043#article","isPartOf":{"@id":"https:\/\/aconteceunovale.com.br\/portal\/?p=177043"},"author":{"name":"Reda\u00e7\u00e3o Aconteceu no Vale","@id":"https:\/\/aconteceunovale.com.br\/portal\/#\/schema\/person\/7d2f26d1483f8a63de73da1ee0754d35"},"headline":"Foragida internacional \u00e9 presa pela Pol\u00edcia Federal em Minas Gerais","datePublished":"2021-04-12T02:56:05+00:00","dateModified":"2021-04-12T02:57:41+00:00","mainEntityOfPage":{"@id":"https:\/\/aconteceunovale.com.br\/portal\/?p=177043"},"wordCount":205,"commentCount":0,"image":{"@id":"https:\/\/aconteceunovale.com.br\/portal\/?p=177043#primaryimage"},"thumbnailUrl":"https:\/\/aconteceunovale.com.br\/portal\/wp-content\/uploads\/2021\/04\/pf_mandado.jpeg","keywords":["Belo Horizonte","bh","Espanhola presa em Lagoa Santa","Espanhola presa em Minas","Foragida internacional \u00e9 presa pela Pol\u00edcia Federal em Minas Gerais","G\u00eanova","Interpol","It\u00e1lia","Justi\u00e7a Italiana","Lagoa Santa","PF","pol\u00edcia federal","Pris\u00e3o de espanhola em Lagoa Santa","Pris\u00e3o de foragida da Justi\u00e7a italiana em Minas Gerais","STF"],"articleSection":["Minas Gerais","Mundo"],"inLanguage":"pt-BR","potentialAction":[{"@type":"CommentAction","name":"Comment","target":["https:\/\/aconteceunovale.com.br\/portal\/?p=177043#respond"]}]},{"@type":"WebPage","@id":"https:\/\/aconteceunovale.com.br\/portal\/?p=177043","url":"https:\/\/aconteceunovale.com.br\/portal\/?p=177043","name":"Foragida internacional \u00e9 presa pela Pol\u00edcia Federal em Minas Gerais - Aconteceu no Vale","isPartOf":{"@id":"https:\/\/aconteceunovale.com.br\/portal\/#website"},"primaryImageOfPage":{"@id":"https:\/\/aconteceunovale.com.br\/portal\/?p=177043#primaryimage"},"image":{"@id":"https:\/\/aconteceunovale.com.br\/portal\/?p=177043#primaryimage"},"thumbnailUrl":"https:\/\/aconteceunovale.com.br\/portal\/wp-content\/uploads\/2021\/04\/pf_mandado.jpeg","datePublished":"2021-04-12T02:56:05+00:00","dateModified":"2021-04-12T02:57:41+00:00","author":{"@id":"https:\/\/aconteceunovale.com.br\/portal\/#\/schema\/person\/7d2f26d1483f8a63de73da1ee0754d35"},"breadcrumb":{"@id":"https:\/\/aconteceunovale.com.br\/portal\/?p=177043#breadcrumb"},"inLanguage":"pt-BR","potentialAction":[{"@type":"ReadAction","target":["https:\/\/aconteceunovale.com.br\/portal\/?p=177043"]}]},{"@type":"ImageObject","inLanguage":"pt-BR","@id":"https:\/\/aconteceunovale.com.br\/portal\/?p=177043#primaryimage","url":"https:\/\/aconteceunovale.com.br\/portal\/wp-content\/uploads\/2021\/04\/pf_mandado.jpeg","contentUrl":"https:\/\/aconteceunovale.com.br\/portal\/wp-content\/uploads\/2021\/04\/pf_mandado.jpeg","width":675,"height":450},{"@type":"BreadcrumbList","@id":"https:\/\/aconteceunovale.com.br\/portal\/?p=177043#breadcrumb","itemListElement":[{"@type":"ListItem","position":1,"name":"In\u00edcio","item":"https:\/\/aconteceunovale.com.br\/portal\/"},{"@type":"ListItem","position":2,"name":"Foragida internacional \u00e9 presa pela Pol\u00edcia Federal em Minas Gerais"}]},{"@type":"WebSite","@id":"https:\/\/aconteceunovale.com.br\/portal\/#website","url":"https:\/\/aconteceunovale.com.br\/portal\/","name":"Aconteceu no Vale","description":"Portal de Not\u00edcias","potentialAction":[{"@type":"SearchAction","target":{"@type":"EntryPoint","urlTemplate":"https:\/\/aconteceunovale.com.br\/portal\/?s={search_term_string}"},"query-input":{"@type":"PropertyValueSpecification","valueRequired":true,"valueName":"search_term_string"}}],"inLanguage":"pt-BR"},{"@type":"Person","@id":"https:\/\/aconteceunovale.com.br\/portal\/#\/schema\/person\/7d2f26d1483f8a63de73da1ee0754d35","name":"Reda\u00e7\u00e3o Aconteceu no Vale","description":"Equipe de reportagem do Aconteceu no Vale, portal de not\u00edcias do Vale do Jequitinhonha, em Minas Gerais. Cobrimos as 51 cidades do Vale desde 2013. Sugest\u00f5es de pauta e pedidos de corre\u00e7\u00e3o: contato@aconteceunovale.com.br","url":"https:\/\/aconteceunovale.com.br\/portal\/?author=4"}]}},"_links":{"self":[{"href":"https:\/\/aconteceunovale.com.br\/portal\/index.php?rest_route=\/wp\/v2\/posts\/177043","targetHints":{"allow":["GET"]}}],"collection":[{"href":"https:\/\/aconteceunovale.com.br\/portal\/index.php?rest_route=\/wp\/v2\/posts"}],"about":[{"href":"https:\/\/aconteceunovale.com.br\/portal\/index.php?rest_route=\/wp\/v2\/types\/post"}],"author":[{"embeddable":true,"href":"https:\/\/aconteceunovale.com.br\/portal\/index.php?rest_route=\/wp\/v2\/users\/4"}],"replies":[{"embeddable":true,"href":"https:\/\/aconteceunovale.com.br\/portal\/index.php?rest_route=%2Fwp%2Fv2%2Fcomments&post=177043"}],"version-history":[{"count":1,"href":"https:\/\/aconteceunovale.com.br\/portal\/index.php?rest_route=\/wp\/v2\/posts\/177043\/revisions"}],"predecessor-version":[{"id":177045,"href":"https:\/\/aconteceunovale.com.br\/portal\/index.php?rest_route=\/wp\/v2\/posts\/177043\/revisions\/177045"}],"wp:featuredmedia":[{"embeddable":true,"href":"https:\/\/aconteceunovale.com.br\/portal\/index.php?rest_route=\/wp\/v2\/media\/177044"}],"wp:attachment":[{"href":"https:\/\/aconteceunovale.com.br\/portal\/index.php?rest_route=%2Fwp%2Fv2%2Fmedia&parent=177043"}],"wp:term":[{"taxonomy":"category","embeddable":true,"href":"https:\/\/aconteceunovale.com.br\/portal\/index.php?rest_route=%2Fwp%2Fv2%2Fcategories&post=177043"},{"taxonomy":"post_tag","embeddable":true,"href":"https:\/\/aconteceunovale.com.br\/portal\/index.php?rest_route=%2Fwp%2Fv2%2Ftags&post=177043"}],"curies":[{"name":"wp","href":"https:\/\/api.w.org\/{rel}","templated":true}]}}