{"id":177040,"date":"2021-04-11T23:40:18","date_gmt":"2021-04-12T02:40:18","guid":{"rendered":"https:\/\/aconteceunovale.com.br\/portal\/?p=177040"},"modified":"2021-04-11T23:41:47","modified_gmt":"2021-04-12T02:41:47","slug":"ex-deputado-pinduca-morre-por-complicacoes-da-covid-19","status":"publish","type":"post","link":"https:\/\/aconteceunovale.com.br\/portal\/?p=177040","title":{"rendered":"Ex-deputado Pinduca morre por complica\u00e7\u00f5es da Covid-19"},"content":{"rendered":"\n<p class=\"wp-block-paragraph\">O ex-deputado Pedro Ivo Ferreira Caminhas, o Pinduca, morreu neste domingo (11\/4\/2021), em Betim (Regi\u00e3o Metropolitana de Belo Horizonte), em decorr\u00eancia de complica\u00e7\u00f5es da Covid-19. Ele tinha 68 anos de idade e estava internado desde o dia 24 de mar\u00e7o, no Hospital da Unimed. O sepultamento ser\u00e1 nesta segunda-feira (12), \u00e0s 9 horas, no Cemit\u00e9rio Nossa Senhora do Carmo, tamb\u00e9m em Betim. N\u00e3o haver\u00e1 vel\u00f3rio. Uma carreata sair\u00e1 da Rua Dr. Romeu Lages, 208, no bairro PTB, at\u00e9 o cemit\u00e9rio.<\/p>\n\n\n\n<figure class=\"wp-block-gallery columns-1 is-cropped wp-block-gallery-1 is-layout-flex wp-block-gallery-is-layout-flex\"><ul class=\"blocks-gallery-grid\"><li class=\"blocks-gallery-item\"><figure><img loading=\"lazy\" decoding=\"async\" width=\"640\" height=\"385\" src=\"https:\/\/aconteceunovale.com.br\/portal\/wp-content\/uploads\/2021\/04\/pinduca.jpg\" alt=\"\" data-id=\"177041\" data-full-url=\"https:\/\/aconteceunovale.com.br\/portal\/wp-content\/uploads\/2021\/04\/pinduca.jpg\" data-link=\"https:\/\/aconteceunovale.com.br\/portal\/?attachment_id=177041\" class=\"wp-image-177041\" srcset=\"https:\/\/aconteceunovale.com.br\/portal\/wp-content\/uploads\/2021\/04\/pinduca.jpg 640w, https:\/\/aconteceunovale.com.br\/portal\/wp-content\/uploads\/2021\/04\/pinduca-300x180.jpg 300w\" sizes=\"auto, (max-width: 640px) 100vw, 640px\" \/><figcaption class=\"blocks-gallery-item__caption\"><em>Pinduca tinha 68 anos &#8211; Foto: Pollyanna Maliniak \/ Arquivo ALMG<\/em><\/figcaption><\/figure><\/li><\/ul><\/figure>\n\n\n\n<p class=\"wp-block-paragraph\">Pinduca assumiu o mandato de deputado na Assembleia Legislativa de Minas Gerais (ALMG), pela primeira vez, na 14\u00aa Legislatura, em 4\/1\/2001, na vaga aberta pelo deputado Ronaldo Canabrava. Foi reeleito para as 15\u00aa, 16\u00aa e 17\u00aa Legislaturas, entre os anos de 2003 e 2015. Entre 22\/6 e 20\/11\/2016, j\u00e1 na 18\u00aa Legislatura, assumiu como suplente do deputado F\u00e1bio Cherem, no per\u00edodo em que este foi secret\u00e1rio de Estado de Desenvolvimento Econ\u00f4mico.<\/p>\n\n\n\n<p class=\"wp-block-paragraph\">Na ALMG, integrou as Comiss\u00f5es do Trabalho, da Previd\u00eancia e da A\u00e7\u00e3o Social, de Assuntos Municipais e Regionaliza\u00e7\u00e3o, de Reda\u00e7\u00e3o e de Seguran\u00e7a P\u00fablica.<\/p>\n\n\n\n<p class=\"wp-block-paragraph\">Natural de Ara\u00e7ua\u00ed (Vale do Jequitinhonha), Pinduca era comerciante. Ele tinha como principal \u00e1rea de atua\u00e7\u00e3o pol\u00edtica a Regi\u00e3o Central, sobretudo o munic\u00edpio de Betim, do qual foi vereador por dois mandatos, entre 1992 e 2000.<\/p>\n\n\n\n<p class=\"wp-block-paragraph\">Pinduca deixa esposa e cinco filhos.<\/p>\n\n\n\n<p class=\"wp-block-paragraph\">&#8212;&#8212;&#8212;&#8212;&#8212;&#8212;<br><em>Quer receber as not\u00edcias do <strong>Aconteceu no Vale<\/strong> em primeira m\u00e3o? Siga-nos no Facebook <a rel=\"noreferrer noopener\" href=\"http:\/\/facebook.com\/aconteceunovale\" target=\"_blank\">@aconteceunovale<\/a>, Twitter <a rel=\"noreferrer noopener\" href=\"https:\/\/twitter.com\/noticiadosvales\" target=\"_blank\">@noticiadosvales<\/a> e Instagram <a rel=\"noreferrer noopener\" href=\"https:\/\/www.instagram.com\/aconteceunovale\" target=\"_blank\">@aconteceunovale<\/a>.<\/em><\/p>\n","protected":false},"excerpt":{"rendered":"<p>O ex-deputado Pedro Ivo Ferreira Caminhas, o Pinduca, morreu neste domingo (11\/4\/2021), em Betim (Regi\u00e3o Metropolitana de Belo Horizonte), em decorr\u00eancia de complica\u00e7\u00f5es da Covid-19. Ele tinha 68 anos de idade e estava internado desde o dia 24 de mar\u00e7o, no Hospital da Unimed. O sepultamento ser\u00e1 nesta segunda-feira (12), \u00e0s 9 horas, no Cemit\u00e9rio [&hellip;]<\/p>\n","protected":false},"author":4,"featured_media":177041,"comment_status":"open","ping_status":"closed","sticky":false,"template":"","format":"standard","meta":{"amp_status":"","footnotes":""},"categories":[123,40240,120],"tags":[752,186,194,1495,1017,242889,214884,216498,1018,242886,242885,242887,242892,242888,242891,140166,242890],"class_list":["post-177040","post","type-post","status-publish","format-standard","has-post-thumbnail","hentry","category-gerais","category-politica","category-jequi","tag-almg","tag-aracuai","tag-belo-horizonte","tag-betim","tag-bh","tag-causa-da-morte-do-ex-deputado-pinduca","tag-coronavirus","tag-covid-19","tag-destaque","tag-ex-deputado-pinduca","tag-ex-deputado-pinduca-morre-por-complicacoes-da-covid-19","tag-morre-o-ex-deputado-pinduca","tag-morre-pinduca","tag-morte-do-ex-deputado-pinduca","tag-morte-do-pinduca","tag-pandemia","tag-pedro-ivo-ferreira-caminhas"],"yoast_head":"<!-- This site is optimized with the Yoast SEO plugin v28.3 - https:\/\/yoast.com\/product\/yoast-seo-wordpress\/ -->\n<title>Ex-deputado Pinduca morre por complica\u00e7\u00f5es da Covid-19 - Aconteceu no Vale<\/title>\n<meta name=\"robots\" content=\"index, follow, max-snippet:-1, max-image-preview:large, max-video-preview:-1\" \/>\n<link rel=\"canonical\" href=\"https:\/\/aconteceunovale.com.br\/portal\/?p=177040\" \/>\n<meta property=\"og:locale\" content=\"pt_BR\" \/>\n<meta property=\"og:type\" content=\"article\" \/>\n<meta property=\"og:title\" content=\"Ex-deputado Pinduca morre por complica\u00e7\u00f5es da Covid-19 - Aconteceu no Vale\" \/>\n<meta property=\"og:description\" content=\"O ex-deputado Pedro Ivo Ferreira Caminhas, o Pinduca, morreu neste domingo (11\/4\/2021), em Betim (Regi\u00e3o Metropolitana de Belo Horizonte), em decorr\u00eancia de complica\u00e7\u00f5es da Covid-19. Ele tinha 68 anos de idade e estava internado desde o dia 24 de mar\u00e7o, no Hospital da Unimed. O sepultamento ser\u00e1 nesta segunda-feira (12), \u00e0s 9 horas, no Cemit\u00e9rio [&hellip;]\" \/>\n<meta property=\"og:url\" content=\"https:\/\/aconteceunovale.com.br\/portal\/?p=177040\" \/>\n<meta property=\"og:site_name\" content=\"Aconteceu no Vale\" \/>\n<meta property=\"article:publisher\" content=\"https:\/\/www.facebook.com\/aconteceunovale\/\" \/>\n<meta property=\"article:published_time\" content=\"2021-04-12T02:40:18+00:00\" \/>\n<meta property=\"article:modified_time\" content=\"2021-04-12T02:41:47+00:00\" \/>\n<meta property=\"og:image\" content=\"https:\/\/aconteceunovale.com.br\/portal\/wp-content\/uploads\/2021\/04\/pinduca.jpg\" \/>\n\t<meta property=\"og:image:width\" content=\"640\" \/>\n\t<meta property=\"og:image:height\" content=\"385\" \/>\n\t<meta property=\"og:image:type\" content=\"image\/jpeg\" \/>\n<meta name=\"author\" content=\"Reda\u00e7\u00e3o Aconteceu no Vale\" \/>\n<meta name=\"twitter:card\" content=\"summary_large_image\" \/>\n<meta name=\"twitter:creator\" content=\"@noticiadosvales\" \/>\n<meta name=\"twitter:site\" content=\"@noticiadosvales\" \/>\n<meta name=\"twitter:label1\" content=\"Escrito por\" \/>\n\t<meta name=\"twitter:data1\" content=\"Reda\u00e7\u00e3o Aconteceu no Vale\" \/>\n\t<meta name=\"twitter:label2\" content=\"Est. tempo de leitura\" \/>\n\t<meta name=\"twitter:data2\" content=\"1 minuto\" \/>\n<script type=\"application\/ld+json\" class=\"yoast-schema-graph\">{\"@context\":\"https:\\\/\\\/schema.org\",\"@graph\":[{\"@type\":\"Article\",\"@id\":\"https:\\\/\\\/aconteceunovale.com.br\\\/portal\\\/?p=177040#article\",\"isPartOf\":{\"@id\":\"https:\\\/\\\/aconteceunovale.com.br\\\/portal\\\/?p=177040\"},\"author\":{\"name\":\"Reda\u00e7\u00e3o Aconteceu no Vale\",\"@id\":\"https:\\\/\\\/aconteceunovale.com.br\\\/portal\\\/#\\\/schema\\\/person\\\/7d2f26d1483f8a63de73da1ee0754d35\"},\"headline\":\"Ex-deputado Pinduca morre por complica\u00e7\u00f5es da Covid-19\",\"datePublished\":\"2021-04-12T02:40:18+00:00\",\"dateModified\":\"2021-04-12T02:41:47+00:00\",\"mainEntityOfPage\":{\"@id\":\"https:\\\/\\\/aconteceunovale.com.br\\\/portal\\\/?p=177040\"},\"wordCount\":264,\"commentCount\":0,\"image\":{\"@id\":\"https:\\\/\\\/aconteceunovale.com.br\\\/portal\\\/?p=177040#primaryimage\"},\"thumbnailUrl\":\"https:\\\/\\\/aconteceunovale.com.br\\\/portal\\\/wp-content\\\/uploads\\\/2021\\\/04\\\/pinduca.jpg\",\"keywords\":[\"ALMG\",\"Ara\u00e7ua\u00ed\",\"Belo Horizonte\",\"Betim\",\"bh\",\"Causa da morte do Ex-deputado Pinduca\",\"Coronav\u00edrus\",\"COVID-19\",\"destaque\",\"Ex-deputado Pinduca\",\"Ex-deputado Pinduca morre por complica\u00e7\u00f5es da Covid-19\",\"Morre o Ex-deputado Pinduca\",\"Morre Pinduca\",\"Morte do Ex-deputado Pinduca\",\"Morte do Pinduca\",\"pandemia\",\"Pedro Ivo Ferreira Caminhas\"],\"articleSection\":[\"Minas Gerais\",\"Pol\u00edtica\",\"Vale do Jequitinhonha\"],\"inLanguage\":\"pt-BR\",\"potentialAction\":[{\"@type\":\"CommentAction\",\"name\":\"Comment\",\"target\":[\"https:\\\/\\\/aconteceunovale.com.br\\\/portal\\\/?p=177040#respond\"]}]},{\"@type\":\"WebPage\",\"@id\":\"https:\\\/\\\/aconteceunovale.com.br\\\/portal\\\/?p=177040\",\"url\":\"https:\\\/\\\/aconteceunovale.com.br\\\/portal\\\/?p=177040\",\"name\":\"Ex-deputado Pinduca morre por complica\u00e7\u00f5es da Covid-19 - Aconteceu no Vale\",\"isPartOf\":{\"@id\":\"https:\\\/\\\/aconteceunovale.com.br\\\/portal\\\/#website\"},\"primaryImageOfPage\":{\"@id\":\"https:\\\/\\\/aconteceunovale.com.br\\\/portal\\\/?p=177040#primaryimage\"},\"image\":{\"@id\":\"https:\\\/\\\/aconteceunovale.com.br\\\/portal\\\/?p=177040#primaryimage\"},\"thumbnailUrl\":\"https:\\\/\\\/aconteceunovale.com.br\\\/portal\\\/wp-content\\\/uploads\\\/2021\\\/04\\\/pinduca.jpg\",\"datePublished\":\"2021-04-12T02:40:18+00:00\",\"dateModified\":\"2021-04-12T02:41:47+00:00\",\"author\":{\"@id\":\"https:\\\/\\\/aconteceunovale.com.br\\\/portal\\\/#\\\/schema\\\/person\\\/7d2f26d1483f8a63de73da1ee0754d35\"},\"breadcrumb\":{\"@id\":\"https:\\\/\\\/aconteceunovale.com.br\\\/portal\\\/?p=177040#breadcrumb\"},\"inLanguage\":\"pt-BR\",\"potentialAction\":[{\"@type\":\"ReadAction\",\"target\":[\"https:\\\/\\\/aconteceunovale.com.br\\\/portal\\\/?p=177040\"]}]},{\"@type\":\"ImageObject\",\"inLanguage\":\"pt-BR\",\"@id\":\"https:\\\/\\\/aconteceunovale.com.br\\\/portal\\\/?p=177040#primaryimage\",\"url\":\"https:\\\/\\\/aconteceunovale.com.br\\\/portal\\\/wp-content\\\/uploads\\\/2021\\\/04\\\/pinduca.jpg\",\"contentUrl\":\"https:\\\/\\\/aconteceunovale.com.br\\\/portal\\\/wp-content\\\/uploads\\\/2021\\\/04\\\/pinduca.jpg\",\"width\":640,\"height\":385},{\"@type\":\"BreadcrumbList\",\"@id\":\"https:\\\/\\\/aconteceunovale.com.br\\\/portal\\\/?p=177040#breadcrumb\",\"itemListElement\":[{\"@type\":\"ListItem\",\"position\":1,\"name\":\"In\u00edcio\",\"item\":\"https:\\\/\\\/aconteceunovale.com.br\\\/portal\\\/\"},{\"@type\":\"ListItem\",\"position\":2,\"name\":\"Ex-deputado Pinduca morre por complica\u00e7\u00f5es da Covid-19\"}]},{\"@type\":\"WebSite\",\"@id\":\"https:\\\/\\\/aconteceunovale.com.br\\\/portal\\\/#website\",\"url\":\"https:\\\/\\\/aconteceunovale.com.br\\\/portal\\\/\",\"name\":\"Aconteceu no Vale\",\"description\":\"Portal de Not\u00edcias\",\"potentialAction\":[{\"@type\":\"SearchAction\",\"target\":{\"@type\":\"EntryPoint\",\"urlTemplate\":\"https:\\\/\\\/aconteceunovale.com.br\\\/portal\\\/?s={search_term_string}\"},\"query-input\":{\"@type\":\"PropertyValueSpecification\",\"valueRequired\":true,\"valueName\":\"search_term_string\"}}],\"inLanguage\":\"pt-BR\"},{\"@type\":\"Person\",\"@id\":\"https:\\\/\\\/aconteceunovale.com.br\\\/portal\\\/#\\\/schema\\\/person\\\/7d2f26d1483f8a63de73da1ee0754d35\",\"name\":\"Reda\u00e7\u00e3o Aconteceu no Vale\",\"description\":\"Equipe de reportagem do Aconteceu no Vale, portal de not\u00edcias do Vale do Jequitinhonha, em Minas Gerais. Cobrimos as 51 cidades do Vale desde 2013. Sugest\u00f5es de pauta e pedidos de corre\u00e7\u00e3o: contato@aconteceunovale.com.br\",\"url\":\"https:\\\/\\\/aconteceunovale.com.br\\\/portal\\\/?author=4\"}]}<\/script>\n<!-- \/ Yoast SEO plugin. -->","yoast_head_json":{"title":"Ex-deputado Pinduca morre por complica\u00e7\u00f5es da Covid-19 - Aconteceu no Vale","robots":{"index":"index","follow":"follow","max-snippet":"max-snippet:-1","max-image-preview":"max-image-preview:large","max-video-preview":"max-video-preview:-1"},"canonical":"https:\/\/aconteceunovale.com.br\/portal\/?p=177040","og_locale":"pt_BR","og_type":"article","og_title":"Ex-deputado Pinduca morre por complica\u00e7\u00f5es da Covid-19 - Aconteceu no Vale","og_description":"O ex-deputado Pedro Ivo Ferreira Caminhas, o Pinduca, morreu neste domingo (11\/4\/2021), em Betim (Regi\u00e3o Metropolitana de Belo Horizonte), em decorr\u00eancia de complica\u00e7\u00f5es da Covid-19. Ele tinha 68 anos de idade e estava internado desde o dia 24 de mar\u00e7o, no Hospital da Unimed. O sepultamento ser\u00e1 nesta segunda-feira (12), \u00e0s 9 horas, no Cemit\u00e9rio [&hellip;]","og_url":"https:\/\/aconteceunovale.com.br\/portal\/?p=177040","og_site_name":"Aconteceu no Vale","article_publisher":"https:\/\/www.facebook.com\/aconteceunovale\/","article_published_time":"2021-04-12T02:40:18+00:00","article_modified_time":"2021-04-12T02:41:47+00:00","og_image":[{"width":640,"height":385,"url":"https:\/\/aconteceunovale.com.br\/portal\/wp-content\/uploads\/2021\/04\/pinduca.jpg","type":"image\/jpeg"}],"author":"Reda\u00e7\u00e3o Aconteceu no Vale","twitter_card":"summary_large_image","twitter_creator":"@noticiadosvales","twitter_site":"@noticiadosvales","twitter_misc":{"Escrito por":"Reda\u00e7\u00e3o Aconteceu no Vale","Est. tempo de leitura":"1 minuto"},"schema":{"@context":"https:\/\/schema.org","@graph":[{"@type":"Article","@id":"https:\/\/aconteceunovale.com.br\/portal\/?p=177040#article","isPartOf":{"@id":"https:\/\/aconteceunovale.com.br\/portal\/?p=177040"},"author":{"name":"Reda\u00e7\u00e3o Aconteceu no Vale","@id":"https:\/\/aconteceunovale.com.br\/portal\/#\/schema\/person\/7d2f26d1483f8a63de73da1ee0754d35"},"headline":"Ex-deputado Pinduca morre por complica\u00e7\u00f5es da Covid-19","datePublished":"2021-04-12T02:40:18+00:00","dateModified":"2021-04-12T02:41:47+00:00","mainEntityOfPage":{"@id":"https:\/\/aconteceunovale.com.br\/portal\/?p=177040"},"wordCount":264,"commentCount":0,"image":{"@id":"https:\/\/aconteceunovale.com.br\/portal\/?p=177040#primaryimage"},"thumbnailUrl":"https:\/\/aconteceunovale.com.br\/portal\/wp-content\/uploads\/2021\/04\/pinduca.jpg","keywords":["ALMG","Ara\u00e7ua\u00ed","Belo Horizonte","Betim","bh","Causa da morte do Ex-deputado Pinduca","Coronav\u00edrus","COVID-19","destaque","Ex-deputado Pinduca","Ex-deputado Pinduca morre por complica\u00e7\u00f5es da Covid-19","Morre o Ex-deputado Pinduca","Morre Pinduca","Morte do Ex-deputado Pinduca","Morte do Pinduca","pandemia","Pedro Ivo Ferreira Caminhas"],"articleSection":["Minas Gerais","Pol\u00edtica","Vale do Jequitinhonha"],"inLanguage":"pt-BR","potentialAction":[{"@type":"CommentAction","name":"Comment","target":["https:\/\/aconteceunovale.com.br\/portal\/?p=177040#respond"]}]},{"@type":"WebPage","@id":"https:\/\/aconteceunovale.com.br\/portal\/?p=177040","url":"https:\/\/aconteceunovale.com.br\/portal\/?p=177040","name":"Ex-deputado Pinduca morre por complica\u00e7\u00f5es da Covid-19 - Aconteceu no Vale","isPartOf":{"@id":"https:\/\/aconteceunovale.com.br\/portal\/#website"},"primaryImageOfPage":{"@id":"https:\/\/aconteceunovale.com.br\/portal\/?p=177040#primaryimage"},"image":{"@id":"https:\/\/aconteceunovale.com.br\/portal\/?p=177040#primaryimage"},"thumbnailUrl":"https:\/\/aconteceunovale.com.br\/portal\/wp-content\/uploads\/2021\/04\/pinduca.jpg","datePublished":"2021-04-12T02:40:18+00:00","dateModified":"2021-04-12T02:41:47+00:00","author":{"@id":"https:\/\/aconteceunovale.com.br\/portal\/#\/schema\/person\/7d2f26d1483f8a63de73da1ee0754d35"},"breadcrumb":{"@id":"https:\/\/aconteceunovale.com.br\/portal\/?p=177040#breadcrumb"},"inLanguage":"pt-BR","potentialAction":[{"@type":"ReadAction","target":["https:\/\/aconteceunovale.com.br\/portal\/?p=177040"]}]},{"@type":"ImageObject","inLanguage":"pt-BR","@id":"https:\/\/aconteceunovale.com.br\/portal\/?p=177040#primaryimage","url":"https:\/\/aconteceunovale.com.br\/portal\/wp-content\/uploads\/2021\/04\/pinduca.jpg","contentUrl":"https:\/\/aconteceunovale.com.br\/portal\/wp-content\/uploads\/2021\/04\/pinduca.jpg","width":640,"height":385},{"@type":"BreadcrumbList","@id":"https:\/\/aconteceunovale.com.br\/portal\/?p=177040#breadcrumb","itemListElement":[{"@type":"ListItem","position":1,"name":"In\u00edcio","item":"https:\/\/aconteceunovale.com.br\/portal\/"},{"@type":"ListItem","position":2,"name":"Ex-deputado Pinduca morre por complica\u00e7\u00f5es da Covid-19"}]},{"@type":"WebSite","@id":"https:\/\/aconteceunovale.com.br\/portal\/#website","url":"https:\/\/aconteceunovale.com.br\/portal\/","name":"Aconteceu no Vale","description":"Portal de Not\u00edcias","potentialAction":[{"@type":"SearchAction","target":{"@type":"EntryPoint","urlTemplate":"https:\/\/aconteceunovale.com.br\/portal\/?s={search_term_string}"},"query-input":{"@type":"PropertyValueSpecification","valueRequired":true,"valueName":"search_term_string"}}],"inLanguage":"pt-BR"},{"@type":"Person","@id":"https:\/\/aconteceunovale.com.br\/portal\/#\/schema\/person\/7d2f26d1483f8a63de73da1ee0754d35","name":"Reda\u00e7\u00e3o Aconteceu no Vale","description":"Equipe de reportagem do Aconteceu no Vale, portal de not\u00edcias do Vale do Jequitinhonha, em Minas Gerais. Cobrimos as 51 cidades do Vale desde 2013. Sugest\u00f5es de pauta e pedidos de corre\u00e7\u00e3o: contato@aconteceunovale.com.br","url":"https:\/\/aconteceunovale.com.br\/portal\/?author=4"}]}},"_links":{"self":[{"href":"https:\/\/aconteceunovale.com.br\/portal\/index.php?rest_route=\/wp\/v2\/posts\/177040","targetHints":{"allow":["GET"]}}],"collection":[{"href":"https:\/\/aconteceunovale.com.br\/portal\/index.php?rest_route=\/wp\/v2\/posts"}],"about":[{"href":"https:\/\/aconteceunovale.com.br\/portal\/index.php?rest_route=\/wp\/v2\/types\/post"}],"author":[{"embeddable":true,"href":"https:\/\/aconteceunovale.com.br\/portal\/index.php?rest_route=\/wp\/v2\/users\/4"}],"replies":[{"embeddable":true,"href":"https:\/\/aconteceunovale.com.br\/portal\/index.php?rest_route=%2Fwp%2Fv2%2Fcomments&post=177040"}],"version-history":[{"count":1,"href":"https:\/\/aconteceunovale.com.br\/portal\/index.php?rest_route=\/wp\/v2\/posts\/177040\/revisions"}],"predecessor-version":[{"id":177042,"href":"https:\/\/aconteceunovale.com.br\/portal\/index.php?rest_route=\/wp\/v2\/posts\/177040\/revisions\/177042"}],"wp:featuredmedia":[{"embeddable":true,"href":"https:\/\/aconteceunovale.com.br\/portal\/index.php?rest_route=\/wp\/v2\/media\/177041"}],"wp:attachment":[{"href":"https:\/\/aconteceunovale.com.br\/portal\/index.php?rest_route=%2Fwp%2Fv2%2Fmedia&parent=177040"}],"wp:term":[{"taxonomy":"category","embeddable":true,"href":"https:\/\/aconteceunovale.com.br\/portal\/index.php?rest_route=%2Fwp%2Fv2%2Fcategories&post=177040"},{"taxonomy":"post_tag","embeddable":true,"href":"https:\/\/aconteceunovale.com.br\/portal\/index.php?rest_route=%2Fwp%2Fv2%2Ftags&post=177040"}],"curies":[{"name":"wp","href":"https:\/\/api.w.org\/{rel}","templated":true}]}}