{"id":177033,"date":"2021-04-11T21:00:25","date_gmt":"2021-04-12T00:00:25","guid":{"rendered":"https:\/\/aconteceunovale.com.br\/portal\/?p=177033"},"modified":"2026-08-31T23:11:25","modified_gmt":"2026-09-01T02:11:25","slug":"decreto-da-prefeitura-de-capelinha-autoriza-reabertura-do-comercio","status":"publish","type":"post","link":"https:\/\/aconteceunovale.com.br\/portal\/?p=177033","title":{"rendered":"Decreto da Prefeitura de Capelinha autoriza reabertura do com\u00e9rcio"},"content":{"rendered":"\n<p class=\"wp-block-paragraph\">A Prefeitura de Capelinha, no Vale do Jequitinhonha, autorizou na noite deste domingo (11\/4\/2021) a reabertura dos estabelecimentos considerados n\u00e3o essenciais pela Delibera\u00e7\u00e3o 130 do Governo do Estado de Minas Gerais. Por meio do Decreto Municipal n\u00ba 94\/2021, o munic\u00edpio permitir\u00e1 o funcionamento do com\u00e9rcio varejista, com todos os protocolos sanit\u00e1rios e de seguran\u00e7a, a partir desta segunda-feira (12\/4).<\/p>\n\n\n\n<p class=\"wp-block-paragraph\"><em>\u201cA medida foi tomada ap\u00f3s avalia\u00e7\u00e3o dos \u00faltimos boletins epidemiol\u00f3gicos, que mostram diminui\u00e7\u00e3o no n\u00famero de casos de pessoas infectadas pelo Novo Coronav\u00edrus. Vale ressaltar que a qualquer momento o Decreto poder\u00e1 ser revogado\u201d<\/em>, diz nota oficial divulgada pela Prefeitura.<\/p>\n\n\n\n<p class=\"wp-block-paragraph\">Segundo a Prefeitura de Capelinha, <em>\u201ca reabertura ser\u00e1 uma esp\u00e9cie de teste de flexibiliza\u00e7\u00e3o, buscando a recupera\u00e7\u00e3o do com\u00e9rcio, que poder\u00e1 \u2018respirar\u2019 um pouco ap\u00f3s ter se mantido fechado durante algumas semanas. Por isso, a fiscaliza\u00e7\u00e3o, que j\u00e1 funciona de forma intensa, ser\u00e1 ainda mais r\u00edgida. Se o n\u00famero de casos voltar a aumentar, o com\u00e9rcio ser\u00e1 novamente fechado, com medidas ainda mais restritivas\u201d.<\/em><\/p>\n\n\n\n<h3 class=\"wp-block-heading\">Importante<\/h3>\n\n\n\n<p class=\"wp-block-paragraph\">A Administra\u00e7\u00e3o Municipal informa que esta \u00e9 uma tentativa de ajudar o com\u00e9rcio e solicita o cumprimento de todas as medidas de seguran\u00e7a. <em>\u201c\u00c9 fundamental, que as pessoas entendam que esta \u00e9 uma tentativa de minimizar o colapso da economia, e \u00e9 decisivo que as pessoas entendam que a doen\u00e7a transmite de pessoa a pessoa, portanto, o distanciamento social (de no m\u00ednimo 1 metro), o uso de m\u00e1scaras, e a higiene rigorosa das m\u00e3os (lavagem sempre que poss\u00edvel) ou fric\u00e7\u00e3o com \u00e1lcool em gel, s\u00e3o atitudes indispens\u00e1veis\u201d<\/em>, ressaltou a Prefeitura.<\/p>\n\n\n\n<ul class=\"has-background wp-block-list\" style=\"background-color:#eee1fb\"><li><a href=\"https:\/\/aconteceunovale.com.br\/portal\/wp-content\/uploads\/2021\/04\/decreto_94_capelinha-1.pdf\" target=\"_blank\" rel=\"noreferrer noopener\">Leia o decreto n\u00ba 94\/2021 (clique aqui)<\/a><\/li><\/ul>\n\n\n\n<h3 class=\"wp-block-heading\"><strong>Onda roxa do Minas Consciente<\/strong><\/h3>\n\n\n\n<p class=\"wp-block-paragraph\">Em comunicado divulgado na \u00faltima sexta-feira, dia 9 de abril, o Governo do Estado manteve a macrorregi\u00e3o Jequitinhonha na onda roxa do programa <a rel=\"noreferrer noopener\" href=\"https:\/\/www.mg.gov.br\/minasconsciente\" target=\"_blank\">Minas Consciente<\/a>. A decis\u00e3o foi tomada pelo Comit\u00ea Extraordin\u00e1rio Covid-19 ap\u00f3s avalia\u00e7\u00e3o de que os indicadores, como taxa de incid\u00eancia da covid-19 e ocupa\u00e7\u00e3o de leitos, ainda n\u00e3o apresentam melhora para sustentar a regress\u00e3o da regi\u00e3o para uma fase menos restrita.<\/p>\n\n\n\n<p class=\"wp-block-paragraph\">&#8212;&#8212;&#8212;&#8212;&#8212;&#8212;<br><em>Quer receber as not\u00edcias do <strong>Aconteceu no Vale<\/strong> em primeira m\u00e3o? Siga-nos no Facebook <a rel=\"noreferrer noopener\" href=\"http:\/\/facebook.com\/aconteceunovale\" target=\"_blank\">@aconteceunovale<\/a>, Twitter <a rel=\"noreferrer noopener\" href=\"https:\/\/twitter.com\/noticiadosvales\" target=\"_blank\">@noticiadosvales<\/a> e Instagram <a rel=\"noreferrer noopener\" href=\"https:\/\/www.instagram.com\/aconteceunovale\" target=\"_blank\">@aconteceunovale<\/a>.<\/em><\/p>\n","protected":false},"excerpt":{"rendered":"<p>A Prefeitura de Capelinha, no Vale do Jequitinhonha, autorizou na noite deste domingo (11\/4\/2021) a reabertura dos estabelecimentos considerados n\u00e3o essenciais pela Delibera\u00e7\u00e3o 130 do Governo do Estado de Minas Gerais. Por meio do Decreto Municipal n\u00ba 94\/2021, o munic\u00edpio permitir\u00e1 o funcionamento do com\u00e9rcio varejista, com todos os protocolos sanit\u00e1rios e de seguran\u00e7a, a [&hellip;]<\/p>\n","protected":false},"author":4,"featured_media":165086,"comment_status":"open","ping_status":"closed","sticky":false,"template":"","format":"standard","meta":{"amp_status":"","footnotes":""},"categories":[272535,40242,120],"tags":[242882,132,242883,242884,242879,1018,242881,220474,155570,239806,242723,65998,242880],"class_list":["post-177033","post","type-post","status-publish","format-standard","has-post-thumbnail","hentry","category-capelinha","category-saude-2","category-jequi","tag-abertura-do-comercio-em-capelinha","tag-capelinha","tag-decreto-da-prefeitura-de-capelinha","tag-decreto-da-prefeitura-de-capelinha-autoriza-funcionamento-do-comercio-nao-essencial","tag-decreto-da-prefeitura-de-capelinha-autoriza-reabertura-do-comercio","tag-destaque","tag-flexibilizacao-em-capelinha","tag-minas-consciente","tag-municipio-de-capelinha","tag-onda-roxa","tag-onda-roxa-do-minas-consciente","tag-prefeitura-de-capelinha","tag-reabertura-do-comercio-em-capelinha"],"yoast_head":"<!-- This site is optimized with the Yoast SEO plugin v28.3 - https:\/\/yoast.com\/product\/yoast-seo-wordpress\/ -->\n<title>Decreto da Prefeitura de Capelinha autoriza reabertura do com\u00e9rcio - Aconteceu no Vale<\/title>\n<meta name=\"robots\" content=\"index, follow, max-snippet:-1, max-image-preview:large, max-video-preview:-1\" \/>\n<link rel=\"canonical\" href=\"https:\/\/aconteceunovale.com.br\/portal\/?p=177033\" \/>\n<meta property=\"og:locale\" content=\"pt_BR\" \/>\n<meta property=\"og:type\" content=\"article\" \/>\n<meta property=\"og:title\" content=\"Decreto da Prefeitura de Capelinha autoriza reabertura do com\u00e9rcio - Aconteceu no Vale\" \/>\n<meta property=\"og:description\" content=\"A Prefeitura de Capelinha, no Vale do Jequitinhonha, autorizou na noite deste domingo (11\/4\/2021) a reabertura dos estabelecimentos considerados n\u00e3o essenciais pela Delibera\u00e7\u00e3o 130 do Governo do Estado de Minas Gerais. Por meio do Decreto Municipal n\u00ba 94\/2021, o munic\u00edpio permitir\u00e1 o funcionamento do com\u00e9rcio varejista, com todos os protocolos sanit\u00e1rios e de seguran\u00e7a, a [&hellip;]\" \/>\n<meta property=\"og:url\" content=\"https:\/\/aconteceunovale.com.br\/portal\/?p=177033\" \/>\n<meta property=\"og:site_name\" content=\"Aconteceu no Vale\" \/>\n<meta property=\"article:publisher\" content=\"https:\/\/www.facebook.com\/aconteceunovale\/\" \/>\n<meta property=\"article:published_time\" content=\"2021-04-12T00:00:25+00:00\" \/>\n<meta property=\"article:modified_time\" content=\"2026-09-01T02:11:25+00:00\" \/>\n<meta property=\"og:image\" content=\"https:\/\/aconteceunovale.com.br\/portal\/wp-content\/uploads\/2020\/07\/capelinha_decreto_1.jpg\" \/>\n\t<meta property=\"og:image:width\" content=\"678\" \/>\n\t<meta property=\"og:image:height\" content=\"450\" \/>\n\t<meta property=\"og:image:type\" content=\"image\/jpeg\" \/>\n<meta name=\"author\" content=\"Reda\u00e7\u00e3o Aconteceu no Vale\" \/>\n<meta name=\"twitter:card\" content=\"summary_large_image\" \/>\n<meta name=\"twitter:creator\" content=\"@noticiadosvales\" \/>\n<meta name=\"twitter:site\" content=\"@noticiadosvales\" \/>\n<meta name=\"twitter:label1\" content=\"Escrito por\" \/>\n\t<meta name=\"twitter:data1\" content=\"Reda\u00e7\u00e3o Aconteceu no Vale\" \/>\n\t<meta name=\"twitter:label2\" content=\"Est. tempo de leitura\" \/>\n\t<meta name=\"twitter:data2\" content=\"2 minutos\" \/>\n<script type=\"application\/ld+json\" class=\"yoast-schema-graph\">{\"@context\":\"https:\\\/\\\/schema.org\",\"@graph\":[{\"@type\":\"Article\",\"@id\":\"https:\\\/\\\/aconteceunovale.com.br\\\/portal\\\/?p=177033#article\",\"isPartOf\":{\"@id\":\"https:\\\/\\\/aconteceunovale.com.br\\\/portal\\\/?p=177033\"},\"author\":{\"name\":\"Reda\u00e7\u00e3o Aconteceu no Vale\",\"@id\":\"https:\\\/\\\/aconteceunovale.com.br\\\/portal\\\/#\\\/schema\\\/person\\\/7d2f26d1483f8a63de73da1ee0754d35\"},\"headline\":\"Decreto da Prefeitura de Capelinha autoriza reabertura do com\u00e9rcio\",\"datePublished\":\"2021-04-12T00:00:25+00:00\",\"dateModified\":\"2026-09-01T02:11:25+00:00\",\"mainEntityOfPage\":{\"@id\":\"https:\\\/\\\/aconteceunovale.com.br\\\/portal\\\/?p=177033\"},\"wordCount\":394,\"commentCount\":0,\"image\":{\"@id\":\"https:\\\/\\\/aconteceunovale.com.br\\\/portal\\\/?p=177033#primaryimage\"},\"thumbnailUrl\":\"https:\\\/\\\/aconteceunovale.com.br\\\/portal\\\/wp-content\\\/uploads\\\/2020\\\/07\\\/capelinha_decreto_1.jpg\",\"keywords\":[\"Abertura do com\u00e9rcio em Capelinha\",\"Capelinha\",\"Decreto da Prefeitura de Capelinha\",\"Decreto da Prefeitura de Capelinha autoriza funcionamento do com\u00e9rcio n\u00e3o essencial\",\"Decreto da Prefeitura de Capelinha autoriza reabertura do com\u00e9rcio\",\"destaque\",\"Flexibiliza\u00e7\u00e3o em Capelinha\",\"Minas Consciente\",\"munic\u00edpio de Capelinha\",\"Onda roxa\",\"Onda roxa do Minas Consciente\",\"Prefeitura de Capelinha\",\"Reabertura do com\u00e9rcio em Capelinha\"],\"articleSection\":[\"Capelinha\",\"Sa\u00fade\",\"Vale do Jequitinhonha\"],\"inLanguage\":\"pt-BR\",\"potentialAction\":[{\"@type\":\"CommentAction\",\"name\":\"Comment\",\"target\":[\"https:\\\/\\\/aconteceunovale.com.br\\\/portal\\\/?p=177033#respond\"]}]},{\"@type\":\"WebPage\",\"@id\":\"https:\\\/\\\/aconteceunovale.com.br\\\/portal\\\/?p=177033\",\"url\":\"https:\\\/\\\/aconteceunovale.com.br\\\/portal\\\/?p=177033\",\"name\":\"Decreto da Prefeitura de Capelinha autoriza reabertura do com\u00e9rcio - Aconteceu no Vale\",\"isPartOf\":{\"@id\":\"https:\\\/\\\/aconteceunovale.com.br\\\/portal\\\/#website\"},\"primaryImageOfPage\":{\"@id\":\"https:\\\/\\\/aconteceunovale.com.br\\\/portal\\\/?p=177033#primaryimage\"},\"image\":{\"@id\":\"https:\\\/\\\/aconteceunovale.com.br\\\/portal\\\/?p=177033#primaryimage\"},\"thumbnailUrl\":\"https:\\\/\\\/aconteceunovale.com.br\\\/portal\\\/wp-content\\\/uploads\\\/2020\\\/07\\\/capelinha_decreto_1.jpg\",\"datePublished\":\"2021-04-12T00:00:25+00:00\",\"dateModified\":\"2026-09-01T02:11:25+00:00\",\"author\":{\"@id\":\"https:\\\/\\\/aconteceunovale.com.br\\\/portal\\\/#\\\/schema\\\/person\\\/7d2f26d1483f8a63de73da1ee0754d35\"},\"breadcrumb\":{\"@id\":\"https:\\\/\\\/aconteceunovale.com.br\\\/portal\\\/?p=177033#breadcrumb\"},\"inLanguage\":\"pt-BR\",\"potentialAction\":[{\"@type\":\"ReadAction\",\"target\":[\"https:\\\/\\\/aconteceunovale.com.br\\\/portal\\\/?p=177033\"]}]},{\"@type\":\"ImageObject\",\"inLanguage\":\"pt-BR\",\"@id\":\"https:\\\/\\\/aconteceunovale.com.br\\\/portal\\\/?p=177033#primaryimage\",\"url\":\"https:\\\/\\\/aconteceunovale.com.br\\\/portal\\\/wp-content\\\/uploads\\\/2020\\\/07\\\/capelinha_decreto_1.jpg\",\"contentUrl\":\"https:\\\/\\\/aconteceunovale.com.br\\\/portal\\\/wp-content\\\/uploads\\\/2020\\\/07\\\/capelinha_decreto_1.jpg\",\"width\":678,\"height\":450},{\"@type\":\"BreadcrumbList\",\"@id\":\"https:\\\/\\\/aconteceunovale.com.br\\\/portal\\\/?p=177033#breadcrumb\",\"itemListElement\":[{\"@type\":\"ListItem\",\"position\":1,\"name\":\"In\u00edcio\",\"item\":\"https:\\\/\\\/aconteceunovale.com.br\\\/portal\\\/\"},{\"@type\":\"ListItem\",\"position\":2,\"name\":\"Decreto da Prefeitura de Capelinha autoriza reabertura do com\u00e9rcio\"}]},{\"@type\":\"WebSite\",\"@id\":\"https:\\\/\\\/aconteceunovale.com.br\\\/portal\\\/#website\",\"url\":\"https:\\\/\\\/aconteceunovale.com.br\\\/portal\\\/\",\"name\":\"Aconteceu no Vale\",\"description\":\"Portal de Not\u00edcias\",\"potentialAction\":[{\"@type\":\"SearchAction\",\"target\":{\"@type\":\"EntryPoint\",\"urlTemplate\":\"https:\\\/\\\/aconteceunovale.com.br\\\/portal\\\/?s={search_term_string}\"},\"query-input\":{\"@type\":\"PropertyValueSpecification\",\"valueRequired\":true,\"valueName\":\"search_term_string\"}}],\"inLanguage\":\"pt-BR\"},{\"@type\":\"Person\",\"@id\":\"https:\\\/\\\/aconteceunovale.com.br\\\/portal\\\/#\\\/schema\\\/person\\\/7d2f26d1483f8a63de73da1ee0754d35\",\"name\":\"Reda\u00e7\u00e3o Aconteceu no Vale\",\"description\":\"Equipe de reportagem do Aconteceu no Vale, portal de not\u00edcias do Vale do Jequitinhonha, em Minas Gerais. Cobrimos as 51 cidades do Vale desde 2013. Sugest\u00f5es de pauta e pedidos de corre\u00e7\u00e3o: contato@aconteceunovale.com.br\",\"url\":\"https:\\\/\\\/aconteceunovale.com.br\\\/portal\\\/?author=4\"}]}<\/script>\n<!-- \/ Yoast SEO plugin. -->","yoast_head_json":{"title":"Decreto da Prefeitura de Capelinha autoriza reabertura do com\u00e9rcio - Aconteceu no Vale","robots":{"index":"index","follow":"follow","max-snippet":"max-snippet:-1","max-image-preview":"max-image-preview:large","max-video-preview":"max-video-preview:-1"},"canonical":"https:\/\/aconteceunovale.com.br\/portal\/?p=177033","og_locale":"pt_BR","og_type":"article","og_title":"Decreto da Prefeitura de Capelinha autoriza reabertura do com\u00e9rcio - Aconteceu no Vale","og_description":"A Prefeitura de Capelinha, no Vale do Jequitinhonha, autorizou na noite deste domingo (11\/4\/2021) a reabertura dos estabelecimentos considerados n\u00e3o essenciais pela Delibera\u00e7\u00e3o 130 do Governo do Estado de Minas Gerais. Por meio do Decreto Municipal n\u00ba 94\/2021, o munic\u00edpio permitir\u00e1 o funcionamento do com\u00e9rcio varejista, com todos os protocolos sanit\u00e1rios e de seguran\u00e7a, a [&hellip;]","og_url":"https:\/\/aconteceunovale.com.br\/portal\/?p=177033","og_site_name":"Aconteceu no Vale","article_publisher":"https:\/\/www.facebook.com\/aconteceunovale\/","article_published_time":"2021-04-12T00:00:25+00:00","article_modified_time":"2026-09-01T02:11:25+00:00","og_image":[{"width":678,"height":450,"url":"https:\/\/aconteceunovale.com.br\/portal\/wp-content\/uploads\/2020\/07\/capelinha_decreto_1.jpg","type":"image\/jpeg"}],"author":"Reda\u00e7\u00e3o Aconteceu no Vale","twitter_card":"summary_large_image","twitter_creator":"@noticiadosvales","twitter_site":"@noticiadosvales","twitter_misc":{"Escrito por":"Reda\u00e7\u00e3o Aconteceu no Vale","Est. tempo de leitura":"2 minutos"},"schema":{"@context":"https:\/\/schema.org","@graph":[{"@type":"Article","@id":"https:\/\/aconteceunovale.com.br\/portal\/?p=177033#article","isPartOf":{"@id":"https:\/\/aconteceunovale.com.br\/portal\/?p=177033"},"author":{"name":"Reda\u00e7\u00e3o Aconteceu no Vale","@id":"https:\/\/aconteceunovale.com.br\/portal\/#\/schema\/person\/7d2f26d1483f8a63de73da1ee0754d35"},"headline":"Decreto da Prefeitura de Capelinha autoriza reabertura do com\u00e9rcio","datePublished":"2021-04-12T00:00:25+00:00","dateModified":"2026-09-01T02:11:25+00:00","mainEntityOfPage":{"@id":"https:\/\/aconteceunovale.com.br\/portal\/?p=177033"},"wordCount":394,"commentCount":0,"image":{"@id":"https:\/\/aconteceunovale.com.br\/portal\/?p=177033#primaryimage"},"thumbnailUrl":"https:\/\/aconteceunovale.com.br\/portal\/wp-content\/uploads\/2020\/07\/capelinha_decreto_1.jpg","keywords":["Abertura do com\u00e9rcio em Capelinha","Capelinha","Decreto da Prefeitura de Capelinha","Decreto da Prefeitura de Capelinha autoriza funcionamento do com\u00e9rcio n\u00e3o essencial","Decreto da Prefeitura de Capelinha autoriza reabertura do com\u00e9rcio","destaque","Flexibiliza\u00e7\u00e3o em Capelinha","Minas Consciente","munic\u00edpio de Capelinha","Onda roxa","Onda roxa do Minas Consciente","Prefeitura de Capelinha","Reabertura do com\u00e9rcio em Capelinha"],"articleSection":["Capelinha","Sa\u00fade","Vale do Jequitinhonha"],"inLanguage":"pt-BR","potentialAction":[{"@type":"CommentAction","name":"Comment","target":["https:\/\/aconteceunovale.com.br\/portal\/?p=177033#respond"]}]},{"@type":"WebPage","@id":"https:\/\/aconteceunovale.com.br\/portal\/?p=177033","url":"https:\/\/aconteceunovale.com.br\/portal\/?p=177033","name":"Decreto da Prefeitura de Capelinha autoriza reabertura do com\u00e9rcio - Aconteceu no Vale","isPartOf":{"@id":"https:\/\/aconteceunovale.com.br\/portal\/#website"},"primaryImageOfPage":{"@id":"https:\/\/aconteceunovale.com.br\/portal\/?p=177033#primaryimage"},"image":{"@id":"https:\/\/aconteceunovale.com.br\/portal\/?p=177033#primaryimage"},"thumbnailUrl":"https:\/\/aconteceunovale.com.br\/portal\/wp-content\/uploads\/2020\/07\/capelinha_decreto_1.jpg","datePublished":"2021-04-12T00:00:25+00:00","dateModified":"2026-09-01T02:11:25+00:00","author":{"@id":"https:\/\/aconteceunovale.com.br\/portal\/#\/schema\/person\/7d2f26d1483f8a63de73da1ee0754d35"},"breadcrumb":{"@id":"https:\/\/aconteceunovale.com.br\/portal\/?p=177033#breadcrumb"},"inLanguage":"pt-BR","potentialAction":[{"@type":"ReadAction","target":["https:\/\/aconteceunovale.com.br\/portal\/?p=177033"]}]},{"@type":"ImageObject","inLanguage":"pt-BR","@id":"https:\/\/aconteceunovale.com.br\/portal\/?p=177033#primaryimage","url":"https:\/\/aconteceunovale.com.br\/portal\/wp-content\/uploads\/2020\/07\/capelinha_decreto_1.jpg","contentUrl":"https:\/\/aconteceunovale.com.br\/portal\/wp-content\/uploads\/2020\/07\/capelinha_decreto_1.jpg","width":678,"height":450},{"@type":"BreadcrumbList","@id":"https:\/\/aconteceunovale.com.br\/portal\/?p=177033#breadcrumb","itemListElement":[{"@type":"ListItem","position":1,"name":"In\u00edcio","item":"https:\/\/aconteceunovale.com.br\/portal\/"},{"@type":"ListItem","position":2,"name":"Decreto da Prefeitura de Capelinha autoriza reabertura do com\u00e9rcio"}]},{"@type":"WebSite","@id":"https:\/\/aconteceunovale.com.br\/portal\/#website","url":"https:\/\/aconteceunovale.com.br\/portal\/","name":"Aconteceu no Vale","description":"Portal de Not\u00edcias","potentialAction":[{"@type":"SearchAction","target":{"@type":"EntryPoint","urlTemplate":"https:\/\/aconteceunovale.com.br\/portal\/?s={search_term_string}"},"query-input":{"@type":"PropertyValueSpecification","valueRequired":true,"valueName":"search_term_string"}}],"inLanguage":"pt-BR"},{"@type":"Person","@id":"https:\/\/aconteceunovale.com.br\/portal\/#\/schema\/person\/7d2f26d1483f8a63de73da1ee0754d35","name":"Reda\u00e7\u00e3o Aconteceu no Vale","description":"Equipe de reportagem do Aconteceu no Vale, portal de not\u00edcias do Vale do Jequitinhonha, em Minas Gerais. Cobrimos as 51 cidades do Vale desde 2013. Sugest\u00f5es de pauta e pedidos de corre\u00e7\u00e3o: contato@aconteceunovale.com.br","url":"https:\/\/aconteceunovale.com.br\/portal\/?author=4"}]}},"_links":{"self":[{"href":"https:\/\/aconteceunovale.com.br\/portal\/index.php?rest_route=\/wp\/v2\/posts\/177033","targetHints":{"allow":["GET"]}}],"collection":[{"href":"https:\/\/aconteceunovale.com.br\/portal\/index.php?rest_route=\/wp\/v2\/posts"}],"about":[{"href":"https:\/\/aconteceunovale.com.br\/portal\/index.php?rest_route=\/wp\/v2\/types\/post"}],"author":[{"embeddable":true,"href":"https:\/\/aconteceunovale.com.br\/portal\/index.php?rest_route=\/wp\/v2\/users\/4"}],"replies":[{"embeddable":true,"href":"https:\/\/aconteceunovale.com.br\/portal\/index.php?rest_route=%2Fwp%2Fv2%2Fcomments&post=177033"}],"version-history":[{"count":2,"href":"https:\/\/aconteceunovale.com.br\/portal\/index.php?rest_route=\/wp\/v2\/posts\/177033\/revisions"}],"predecessor-version":[{"id":177039,"href":"https:\/\/aconteceunovale.com.br\/portal\/index.php?rest_route=\/wp\/v2\/posts\/177033\/revisions\/177039"}],"wp:featuredmedia":[{"embeddable":true,"href":"https:\/\/aconteceunovale.com.br\/portal\/index.php?rest_route=\/wp\/v2\/media\/165086"}],"wp:attachment":[{"href":"https:\/\/aconteceunovale.com.br\/portal\/index.php?rest_route=%2Fwp%2Fv2%2Fmedia&parent=177033"}],"wp:term":[{"taxonomy":"category","embeddable":true,"href":"https:\/\/aconteceunovale.com.br\/portal\/index.php?rest_route=%2Fwp%2Fv2%2Fcategories&post=177033"},{"taxonomy":"post_tag","embeddable":true,"href":"https:\/\/aconteceunovale.com.br\/portal\/index.php?rest_route=%2Fwp%2Fv2%2Ftags&post=177033"}],"curies":[{"name":"wp","href":"https:\/\/api.w.org\/{rel}","templated":true}]}}