{"id":177028,"date":"2021-04-11T20:36:43","date_gmt":"2021-04-11T23:36:43","guid":{"rendered":"https:\/\/aconteceunovale.com.br\/portal\/?p=177028"},"modified":"2021-04-11T20:37:57","modified_gmt":"2021-04-11T23:37:57","slug":"covid-19-pais-tem-134-milhoes-de-casos-acumulados-e-3531-mil-mortes","status":"publish","type":"post","link":"https:\/\/aconteceunovale.com.br\/portal\/?p=177028","title":{"rendered":"Covid-19: Brasil tem 13,4 milh\u00f5es de casos acumulados e 353,1 mil mortes"},"content":{"rendered":"\n<p class=\"wp-block-paragraph\">O balan\u00e7o divulgado neste domingo (11\/4\/2021) pelo Minist\u00e9rio da Sa\u00fade registra 37.017 novos diagn\u00f3sticos de covid-19&nbsp;em 24 horas. Esse dado eleva para 13.482.023 o n\u00famero de pessoas infectadas pela doen\u00e7a desde o in\u00edcio da pandemia no pa\u00eds.&nbsp;<\/p>\n\n\n\n<p class=\"wp-block-paragraph\">As mortes pelo novo coronav\u00edrus ao longo da pandemia aproximam-se de 355 mil. Em 24 horas, as autoridades de sa\u00fade notificaram 1.803 novos \u00f3bitos, totalizando 353.137.<\/p>\n\n\n\n<p class=\"wp-block-paragraph\">O balan\u00e7o apontou tamb\u00e9m 1.248.083 (9%) pacientes em acompanhamento e 11.880.803 (88,1%) recuperados da doen\u00e7a.<\/p>\n\n\n\n<figure class=\"wp-block-image size-large\"><img loading=\"lazy\" decoding=\"async\" width=\"754\" height=\"421\" src=\"https:\/\/aconteceunovale.com.br\/portal\/wp-content\/uploads\/2021\/04\/corona_br_11abril.jpeg\" alt=\"\" class=\"wp-image-177029\" srcset=\"https:\/\/aconteceunovale.com.br\/portal\/wp-content\/uploads\/2021\/04\/corona_br_11abril.jpeg 754w, https:\/\/aconteceunovale.com.br\/portal\/wp-content\/uploads\/2021\/04\/corona_br_11abril-300x168.jpeg 300w, https:\/\/aconteceunovale.com.br\/portal\/wp-content\/uploads\/2021\/04\/corona_br_11abril-696x389.jpeg 696w, https:\/\/aconteceunovale.com.br\/portal\/wp-content\/uploads\/2021\/04\/corona_br_11abril-752x420.jpeg 752w\" sizes=\"auto, (max-width: 754px) 100vw, 754px\" \/><\/figure>\n\n\n\n<h2 class=\"wp-block-heading\">Covid-19 nos estados<\/h2>\n\n\n\n<p class=\"wp-block-paragraph\">Os estados com mais mortes s\u00e3o os seguintes: S\u00e3o Paulo (82.917), Rio\u00a0de Janeiro\u00a0(39.423), Minas Gerais (28.004), Rio Grande do Sul (21.881) e Paran\u00e1 (19.076).<br><br>As unidades da Federa\u00e7\u00e3o com menos \u00f3bitos s\u00e3o Acre (1.343), Amap\u00e1 (1.390), Roraima (1.393), Tocantins (2.248) e Sergipe (3.770).<\/p>\n\n\n\n<p class=\"wp-block-paragraph\">&#8212;&#8212;&#8212;&#8212;&#8212;&#8212;<br><em>Quer receber as not\u00edcias do <strong>Aconteceu no Vale<\/strong> em primeira m\u00e3o? Siga-nos no Facebook <a rel=\"noreferrer noopener\" href=\"http:\/\/facebook.com\/aconteceunovale\" target=\"_blank\">@aconteceunovale<\/a>, Twitter <a rel=\"noreferrer noopener\" href=\"https:\/\/twitter.com\/noticiadosvales\" target=\"_blank\">@noticiadosvales<\/a> e Instagram <a rel=\"noreferrer noopener\" href=\"https:\/\/www.instagram.com\/aconteceunovale\" target=\"_blank\">@aconteceunovale<\/a>.<\/em><\/p>\n","protected":false},"excerpt":{"rendered":"<p>O balan\u00e7o divulgado neste domingo (11\/4\/2021) pelo Minist\u00e9rio da Sa\u00fade registra 37.017 novos diagn\u00f3sticos de covid-19&nbsp;em 24 horas. Esse dado eleva para 13.482.023 o n\u00famero de pessoas infectadas pela doen\u00e7a desde o in\u00edcio da pandemia no pa\u00eds.&nbsp; As mortes pelo novo coronav\u00edrus ao longo da pandemia aproximam-se de 355 mil. Em 24 horas, as autoridades [&hellip;]<\/p>\n","protected":false},"author":4,"featured_media":177029,"comment_status":"open","ping_status":"closed","sticky":false,"template":"","format":"standard","meta":{"amp_status":"","footnotes":""},"categories":[6,40242],"tags":[4785,240739,241206,240425,220477,241327,220660,240423,219520,218049,218205,214884,215394,216498,218043,240422,240152,19326,220349,218044,218045,215653,218206,219105,219104,218876,219519,140166,217692,220478,220479,240424,220944,220945],"class_list":["post-177028","post","type-post","status-publish","format-standard","has-post-thumbnail","hentry","category-br","category-saude-2","tag-brasil","tag-brasil-bate-novo-recorde-e-registra-3-650-obitos-por-covid-19-em-24-horas","tag-brasil-bate-novo-recorde-e-registra-3-780-obitos-por-covid-19-em-24h","tag-brasil-bate-recorde-com-mais-de-3-mil-mortes-por-covid-19-em-24-horas","tag-brasil-bate-recorde-de-obitos-e-casos-confirmados-em-um-dia","tag-brasil-registra-novo-recorde-diario-de-obitos-por-covid-19","tag-brasil-ultrapassa-marca-de-4-mil-obitos-por-covid-19","tag-calamidade-no-brasil","tag-casos-confirmados-e-obitos-no-brasil","tag-casos-de-coronavirus-no-brasil","tag-casos-de-covid-19-no-brasil","tag-coronavirus","tag-coronavirus-no-brasil","tag-covid-19","tag-covid-19-no-brasil","tag-crise-na-saude-no-brasil","tag-crise-sanitaria-no-brasil","tag-ministerio-da-saude","tag-ministerio-da-saude-atualiza-numeros-do-coronavirus-no-brasil","tag-mortes-por-coronavirus-no-brasil","tag-mortes-por-covid-19-no-brasil","tag-novo-coronavirus","tag-numero-de-casos-de-covid-19-confirmados-no-brasil","tag-numeros-da-covid-19-no-brasil","tag-numeros-do-coronavirus-no-brasil","tag-obitos-por-coronavirus-no-brasil","tag-obitos-por-covid-19-no-brasil","tag-pandemia","tag-pandemia-de-coronavirus","tag-recorde-de-obitos-por-coronavirus-no-brasil","tag-recorde-de-obitos-por-covid-19-no-brasil","tag-tragedia-na-saude-do-brasil","tag-virus-vai-atingir-70-da-populacao","tag-virus-vai-atingir-70-da-populacao-diz-jair-bolsonaro"],"yoast_head":"<!-- This site is optimized with the Yoast SEO plugin v28.3 - https:\/\/yoast.com\/product\/yoast-seo-wordpress\/ -->\n<title>Covid-19: Brasil tem 13,4 milh\u00f5es de casos acumulados e 353,1 mil mortes - Aconteceu no Vale<\/title>\n<meta name=\"robots\" content=\"index, follow, max-snippet:-1, max-image-preview:large, max-video-preview:-1\" \/>\n<link rel=\"canonical\" href=\"https:\/\/aconteceunovale.com.br\/portal\/?p=177028\" \/>\n<meta property=\"og:locale\" content=\"pt_BR\" \/>\n<meta property=\"og:type\" content=\"article\" \/>\n<meta property=\"og:title\" content=\"Covid-19: Brasil tem 13,4 milh\u00f5es de casos acumulados e 353,1 mil mortes - Aconteceu no Vale\" \/>\n<meta property=\"og:description\" content=\"O balan\u00e7o divulgado neste domingo (11\/4\/2021) pelo Minist\u00e9rio da Sa\u00fade registra 37.017 novos diagn\u00f3sticos de covid-19&nbsp;em 24 horas. Esse dado eleva para 13.482.023 o n\u00famero de pessoas infectadas pela doen\u00e7a desde o in\u00edcio da pandemia no pa\u00eds.&nbsp; As mortes pelo novo coronav\u00edrus ao longo da pandemia aproximam-se de 355 mil. Em 24 horas, as autoridades [&hellip;]\" \/>\n<meta property=\"og:url\" content=\"https:\/\/aconteceunovale.com.br\/portal\/?p=177028\" \/>\n<meta property=\"og:site_name\" content=\"Aconteceu no Vale\" \/>\n<meta property=\"article:publisher\" content=\"https:\/\/www.facebook.com\/aconteceunovale\/\" \/>\n<meta property=\"article:published_time\" content=\"2021-04-11T23:36:43+00:00\" \/>\n<meta property=\"article:modified_time\" content=\"2021-04-11T23:37:57+00:00\" \/>\n<meta property=\"og:image\" content=\"https:\/\/aconteceunovale.com.br\/portal\/wp-content\/uploads\/2021\/04\/corona_br_11abril.jpeg\" \/>\n\t<meta property=\"og:image:width\" content=\"754\" \/>\n\t<meta property=\"og:image:height\" content=\"421\" \/>\n\t<meta property=\"og:image:type\" content=\"image\/jpeg\" \/>\n<meta name=\"author\" content=\"Reda\u00e7\u00e3o Aconteceu no Vale\" \/>\n<meta name=\"twitter:card\" content=\"summary_large_image\" \/>\n<meta name=\"twitter:creator\" content=\"@noticiadosvales\" \/>\n<meta name=\"twitter:site\" content=\"@noticiadosvales\" \/>\n<meta name=\"twitter:label1\" content=\"Escrito por\" \/>\n\t<meta name=\"twitter:data1\" content=\"Reda\u00e7\u00e3o Aconteceu no Vale\" \/>\n\t<meta name=\"twitter:label2\" content=\"Est. tempo de leitura\" \/>\n\t<meta name=\"twitter:data2\" content=\"1 minuto\" \/>\n<script type=\"application\/ld+json\" class=\"yoast-schema-graph\">{\"@context\":\"https:\\\/\\\/schema.org\",\"@graph\":[{\"@type\":\"Article\",\"@id\":\"https:\\\/\\\/aconteceunovale.com.br\\\/portal\\\/?p=177028#article\",\"isPartOf\":{\"@id\":\"https:\\\/\\\/aconteceunovale.com.br\\\/portal\\\/?p=177028\"},\"author\":{\"name\":\"Reda\u00e7\u00e3o Aconteceu no Vale\",\"@id\":\"https:\\\/\\\/aconteceunovale.com.br\\\/portal\\\/#\\\/schema\\\/person\\\/7d2f26d1483f8a63de73da1ee0754d35\"},\"headline\":\"Covid-19: Brasil tem 13,4 milh\u00f5es de casos acumulados e 353,1 mil mortes\",\"datePublished\":\"2021-04-11T23:36:43+00:00\",\"dateModified\":\"2021-04-11T23:37:57+00:00\",\"mainEntityOfPage\":{\"@id\":\"https:\\\/\\\/aconteceunovale.com.br\\\/portal\\\/?p=177028\"},\"wordCount\":158,\"commentCount\":0,\"image\":{\"@id\":\"https:\\\/\\\/aconteceunovale.com.br\\\/portal\\\/?p=177028#primaryimage\"},\"thumbnailUrl\":\"https:\\\/\\\/aconteceunovale.com.br\\\/portal\\\/wp-content\\\/uploads\\\/2021\\\/04\\\/corona_br_11abril.jpeg\",\"keywords\":[\"brasil\",\"Brasil bate novo recorde e registra 3.650 \u00f3bitos por Covid-19 em 24 horas\",\"Brasil bate novo recorde e registra 3.780 \u00f3bitos por Covid-19 em 24h\",\"Brasil bate recorde com mais de 3 mil mortes por Covid-19 em 24 horas\",\"Brasil bate recorde de \u00f3bitos e casos confirmados em um dia\",\"Brasil registra novo recorde di\u00e1rio de \u00f3bitos por Covid-19\",\"Brasil ultrapassa marca de 4 mil \u00f3bitos por Covid-19\",\"Calamidade no Brasil\",\"Casos confirmados e \u00f3bitos no Brasil\",\"Casos de coronav\u00edrus no Brasil\",\"Casos de Covid-19 no Brasil\",\"Coronav\u00edrus\",\"Coronav\u00edrus no Brasil\",\"COVID-19\",\"Covid-19 no Brasil\",\"Crise na sa\u00fade no Brasil\",\"Crise sanit\u00e1ria no Brasil\",\"Minist\u00e9rio da Sa\u00fade\",\"Minist\u00e9rio da Sa\u00fade atualiza n\u00fameros do coronav\u00edrus no Brasil\",\"Mortes por coronav\u00edrus no Brasil\",\"Mortes por Covid-19 no Brasil\",\"Novo coronav\u00edrus\",\"N\u00famero de casos de covid-19 confirmados no Brasil\",\"N\u00fameros da Covid-19 no Brasil\",\"N\u00fameros do coronav\u00edrus no Brasil\",\"\u00d3bitos por coronav\u00edrus no Brasil\",\"\u00d3bitos por Covid-19 no Brasil\",\"pandemia\",\"Pandemia de coronav\u00edrus\",\"Recorde de \u00f3bitos por coronav\u00edrus no Brasil\",\"Recorde de \u00f3bitos por Covid-19 no Brasil\",\"Trag\u00e9dia na sa\u00fade do Brasil\",\"V\u00edrus vai atingir 70% da popula\u00e7\u00e3o\",\"V\u00edrus vai atingir 70% da popula\u00e7\u00e3o diz Jair Bolsonaro\"],\"articleSection\":[\"Brasil\",\"Sa\u00fade\"],\"inLanguage\":\"pt-BR\",\"potentialAction\":[{\"@type\":\"CommentAction\",\"name\":\"Comment\",\"target\":[\"https:\\\/\\\/aconteceunovale.com.br\\\/portal\\\/?p=177028#respond\"]}]},{\"@type\":\"WebPage\",\"@id\":\"https:\\\/\\\/aconteceunovale.com.br\\\/portal\\\/?p=177028\",\"url\":\"https:\\\/\\\/aconteceunovale.com.br\\\/portal\\\/?p=177028\",\"name\":\"Covid-19: Brasil tem 13,4 milh\u00f5es de casos acumulados e 353,1 mil mortes - Aconteceu no Vale\",\"isPartOf\":{\"@id\":\"https:\\\/\\\/aconteceunovale.com.br\\\/portal\\\/#website\"},\"primaryImageOfPage\":{\"@id\":\"https:\\\/\\\/aconteceunovale.com.br\\\/portal\\\/?p=177028#primaryimage\"},\"image\":{\"@id\":\"https:\\\/\\\/aconteceunovale.com.br\\\/portal\\\/?p=177028#primaryimage\"},\"thumbnailUrl\":\"https:\\\/\\\/aconteceunovale.com.br\\\/portal\\\/wp-content\\\/uploads\\\/2021\\\/04\\\/corona_br_11abril.jpeg\",\"datePublished\":\"2021-04-11T23:36:43+00:00\",\"dateModified\":\"2021-04-11T23:37:57+00:00\",\"author\":{\"@id\":\"https:\\\/\\\/aconteceunovale.com.br\\\/portal\\\/#\\\/schema\\\/person\\\/7d2f26d1483f8a63de73da1ee0754d35\"},\"breadcrumb\":{\"@id\":\"https:\\\/\\\/aconteceunovale.com.br\\\/portal\\\/?p=177028#breadcrumb\"},\"inLanguage\":\"pt-BR\",\"potentialAction\":[{\"@type\":\"ReadAction\",\"target\":[\"https:\\\/\\\/aconteceunovale.com.br\\\/portal\\\/?p=177028\"]}]},{\"@type\":\"ImageObject\",\"inLanguage\":\"pt-BR\",\"@id\":\"https:\\\/\\\/aconteceunovale.com.br\\\/portal\\\/?p=177028#primaryimage\",\"url\":\"https:\\\/\\\/aconteceunovale.com.br\\\/portal\\\/wp-content\\\/uploads\\\/2021\\\/04\\\/corona_br_11abril.jpeg\",\"contentUrl\":\"https:\\\/\\\/aconteceunovale.com.br\\\/portal\\\/wp-content\\\/uploads\\\/2021\\\/04\\\/corona_br_11abril.jpeg\",\"width\":754,\"height\":421},{\"@type\":\"BreadcrumbList\",\"@id\":\"https:\\\/\\\/aconteceunovale.com.br\\\/portal\\\/?p=177028#breadcrumb\",\"itemListElement\":[{\"@type\":\"ListItem\",\"position\":1,\"name\":\"In\u00edcio\",\"item\":\"https:\\\/\\\/aconteceunovale.com.br\\\/portal\\\/\"},{\"@type\":\"ListItem\",\"position\":2,\"name\":\"Covid-19: Brasil tem 13,4 milh\u00f5es de casos acumulados e 353,1 mil mortes\"}]},{\"@type\":\"WebSite\",\"@id\":\"https:\\\/\\\/aconteceunovale.com.br\\\/portal\\\/#website\",\"url\":\"https:\\\/\\\/aconteceunovale.com.br\\\/portal\\\/\",\"name\":\"Aconteceu no Vale\",\"description\":\"Portal de Not\u00edcias\",\"potentialAction\":[{\"@type\":\"SearchAction\",\"target\":{\"@type\":\"EntryPoint\",\"urlTemplate\":\"https:\\\/\\\/aconteceunovale.com.br\\\/portal\\\/?s={search_term_string}\"},\"query-input\":{\"@type\":\"PropertyValueSpecification\",\"valueRequired\":true,\"valueName\":\"search_term_string\"}}],\"inLanguage\":\"pt-BR\"},{\"@type\":\"Person\",\"@id\":\"https:\\\/\\\/aconteceunovale.com.br\\\/portal\\\/#\\\/schema\\\/person\\\/7d2f26d1483f8a63de73da1ee0754d35\",\"name\":\"Reda\u00e7\u00e3o Aconteceu no Vale\",\"description\":\"Equipe de reportagem do Aconteceu no Vale, portal de not\u00edcias do Vale do Jequitinhonha, em Minas Gerais. Cobrimos as 51 cidades do Vale desde 2013. Sugest\u00f5es de pauta e pedidos de corre\u00e7\u00e3o: contato@aconteceunovale.com.br\",\"url\":\"https:\\\/\\\/aconteceunovale.com.br\\\/portal\\\/?author=4\"}]}<\/script>\n<!-- \/ Yoast SEO plugin. -->","yoast_head_json":{"title":"Covid-19: Brasil tem 13,4 milh\u00f5es de casos acumulados e 353,1 mil mortes - Aconteceu no Vale","robots":{"index":"index","follow":"follow","max-snippet":"max-snippet:-1","max-image-preview":"max-image-preview:large","max-video-preview":"max-video-preview:-1"},"canonical":"https:\/\/aconteceunovale.com.br\/portal\/?p=177028","og_locale":"pt_BR","og_type":"article","og_title":"Covid-19: Brasil tem 13,4 milh\u00f5es de casos acumulados e 353,1 mil mortes - Aconteceu no Vale","og_description":"O balan\u00e7o divulgado neste domingo (11\/4\/2021) pelo Minist\u00e9rio da Sa\u00fade registra 37.017 novos diagn\u00f3sticos de covid-19&nbsp;em 24 horas. Esse dado eleva para 13.482.023 o n\u00famero de pessoas infectadas pela doen\u00e7a desde o in\u00edcio da pandemia no pa\u00eds.&nbsp; As mortes pelo novo coronav\u00edrus ao longo da pandemia aproximam-se de 355 mil. Em 24 horas, as autoridades [&hellip;]","og_url":"https:\/\/aconteceunovale.com.br\/portal\/?p=177028","og_site_name":"Aconteceu no Vale","article_publisher":"https:\/\/www.facebook.com\/aconteceunovale\/","article_published_time":"2021-04-11T23:36:43+00:00","article_modified_time":"2021-04-11T23:37:57+00:00","og_image":[{"width":754,"height":421,"url":"https:\/\/aconteceunovale.com.br\/portal\/wp-content\/uploads\/2021\/04\/corona_br_11abril.jpeg","type":"image\/jpeg"}],"author":"Reda\u00e7\u00e3o Aconteceu no Vale","twitter_card":"summary_large_image","twitter_creator":"@noticiadosvales","twitter_site":"@noticiadosvales","twitter_misc":{"Escrito por":"Reda\u00e7\u00e3o Aconteceu no Vale","Est. tempo de leitura":"1 minuto"},"schema":{"@context":"https:\/\/schema.org","@graph":[{"@type":"Article","@id":"https:\/\/aconteceunovale.com.br\/portal\/?p=177028#article","isPartOf":{"@id":"https:\/\/aconteceunovale.com.br\/portal\/?p=177028"},"author":{"name":"Reda\u00e7\u00e3o Aconteceu no Vale","@id":"https:\/\/aconteceunovale.com.br\/portal\/#\/schema\/person\/7d2f26d1483f8a63de73da1ee0754d35"},"headline":"Covid-19: Brasil tem 13,4 milh\u00f5es de casos acumulados e 353,1 mil mortes","datePublished":"2021-04-11T23:36:43+00:00","dateModified":"2021-04-11T23:37:57+00:00","mainEntityOfPage":{"@id":"https:\/\/aconteceunovale.com.br\/portal\/?p=177028"},"wordCount":158,"commentCount":0,"image":{"@id":"https:\/\/aconteceunovale.com.br\/portal\/?p=177028#primaryimage"},"thumbnailUrl":"https:\/\/aconteceunovale.com.br\/portal\/wp-content\/uploads\/2021\/04\/corona_br_11abril.jpeg","keywords":["brasil","Brasil bate novo recorde e registra 3.650 \u00f3bitos por Covid-19 em 24 horas","Brasil bate novo recorde e registra 3.780 \u00f3bitos por Covid-19 em 24h","Brasil bate recorde com mais de 3 mil mortes por Covid-19 em 24 horas","Brasil bate recorde de \u00f3bitos e casos confirmados em um dia","Brasil registra novo recorde di\u00e1rio de \u00f3bitos por Covid-19","Brasil ultrapassa marca de 4 mil \u00f3bitos por Covid-19","Calamidade no Brasil","Casos confirmados e \u00f3bitos no Brasil","Casos de coronav\u00edrus no Brasil","Casos de Covid-19 no Brasil","Coronav\u00edrus","Coronav\u00edrus no Brasil","COVID-19","Covid-19 no Brasil","Crise na sa\u00fade no Brasil","Crise sanit\u00e1ria no Brasil","Minist\u00e9rio da Sa\u00fade","Minist\u00e9rio da Sa\u00fade atualiza n\u00fameros do coronav\u00edrus no Brasil","Mortes por coronav\u00edrus no Brasil","Mortes por Covid-19 no Brasil","Novo coronav\u00edrus","N\u00famero de casos de covid-19 confirmados no Brasil","N\u00fameros da Covid-19 no Brasil","N\u00fameros do coronav\u00edrus no Brasil","\u00d3bitos por coronav\u00edrus no Brasil","\u00d3bitos por Covid-19 no Brasil","pandemia","Pandemia de coronav\u00edrus","Recorde de \u00f3bitos por coronav\u00edrus no Brasil","Recorde de \u00f3bitos por Covid-19 no Brasil","Trag\u00e9dia na sa\u00fade do Brasil","V\u00edrus vai atingir 70% da popula\u00e7\u00e3o","V\u00edrus vai atingir 70% da popula\u00e7\u00e3o diz Jair Bolsonaro"],"articleSection":["Brasil","Sa\u00fade"],"inLanguage":"pt-BR","potentialAction":[{"@type":"CommentAction","name":"Comment","target":["https:\/\/aconteceunovale.com.br\/portal\/?p=177028#respond"]}]},{"@type":"WebPage","@id":"https:\/\/aconteceunovale.com.br\/portal\/?p=177028","url":"https:\/\/aconteceunovale.com.br\/portal\/?p=177028","name":"Covid-19: Brasil tem 13,4 milh\u00f5es de casos acumulados e 353,1 mil mortes - Aconteceu no Vale","isPartOf":{"@id":"https:\/\/aconteceunovale.com.br\/portal\/#website"},"primaryImageOfPage":{"@id":"https:\/\/aconteceunovale.com.br\/portal\/?p=177028#primaryimage"},"image":{"@id":"https:\/\/aconteceunovale.com.br\/portal\/?p=177028#primaryimage"},"thumbnailUrl":"https:\/\/aconteceunovale.com.br\/portal\/wp-content\/uploads\/2021\/04\/corona_br_11abril.jpeg","datePublished":"2021-04-11T23:36:43+00:00","dateModified":"2021-04-11T23:37:57+00:00","author":{"@id":"https:\/\/aconteceunovale.com.br\/portal\/#\/schema\/person\/7d2f26d1483f8a63de73da1ee0754d35"},"breadcrumb":{"@id":"https:\/\/aconteceunovale.com.br\/portal\/?p=177028#breadcrumb"},"inLanguage":"pt-BR","potentialAction":[{"@type":"ReadAction","target":["https:\/\/aconteceunovale.com.br\/portal\/?p=177028"]}]},{"@type":"ImageObject","inLanguage":"pt-BR","@id":"https:\/\/aconteceunovale.com.br\/portal\/?p=177028#primaryimage","url":"https:\/\/aconteceunovale.com.br\/portal\/wp-content\/uploads\/2021\/04\/corona_br_11abril.jpeg","contentUrl":"https:\/\/aconteceunovale.com.br\/portal\/wp-content\/uploads\/2021\/04\/corona_br_11abril.jpeg","width":754,"height":421},{"@type":"BreadcrumbList","@id":"https:\/\/aconteceunovale.com.br\/portal\/?p=177028#breadcrumb","itemListElement":[{"@type":"ListItem","position":1,"name":"In\u00edcio","item":"https:\/\/aconteceunovale.com.br\/portal\/"},{"@type":"ListItem","position":2,"name":"Covid-19: Brasil tem 13,4 milh\u00f5es de casos acumulados e 353,1 mil mortes"}]},{"@type":"WebSite","@id":"https:\/\/aconteceunovale.com.br\/portal\/#website","url":"https:\/\/aconteceunovale.com.br\/portal\/","name":"Aconteceu no Vale","description":"Portal de Not\u00edcias","potentialAction":[{"@type":"SearchAction","target":{"@type":"EntryPoint","urlTemplate":"https:\/\/aconteceunovale.com.br\/portal\/?s={search_term_string}"},"query-input":{"@type":"PropertyValueSpecification","valueRequired":true,"valueName":"search_term_string"}}],"inLanguage":"pt-BR"},{"@type":"Person","@id":"https:\/\/aconteceunovale.com.br\/portal\/#\/schema\/person\/7d2f26d1483f8a63de73da1ee0754d35","name":"Reda\u00e7\u00e3o Aconteceu no Vale","description":"Equipe de reportagem do Aconteceu no Vale, portal de not\u00edcias do Vale do Jequitinhonha, em Minas Gerais. Cobrimos as 51 cidades do Vale desde 2013. Sugest\u00f5es de pauta e pedidos de corre\u00e7\u00e3o: contato@aconteceunovale.com.br","url":"https:\/\/aconteceunovale.com.br\/portal\/?author=4"}]}},"_links":{"self":[{"href":"https:\/\/aconteceunovale.com.br\/portal\/index.php?rest_route=\/wp\/v2\/posts\/177028","targetHints":{"allow":["GET"]}}],"collection":[{"href":"https:\/\/aconteceunovale.com.br\/portal\/index.php?rest_route=\/wp\/v2\/posts"}],"about":[{"href":"https:\/\/aconteceunovale.com.br\/portal\/index.php?rest_route=\/wp\/v2\/types\/post"}],"author":[{"embeddable":true,"href":"https:\/\/aconteceunovale.com.br\/portal\/index.php?rest_route=\/wp\/v2\/users\/4"}],"replies":[{"embeddable":true,"href":"https:\/\/aconteceunovale.com.br\/portal\/index.php?rest_route=%2Fwp%2Fv2%2Fcomments&post=177028"}],"version-history":[{"count":2,"href":"https:\/\/aconteceunovale.com.br\/portal\/index.php?rest_route=\/wp\/v2\/posts\/177028\/revisions"}],"predecessor-version":[{"id":177031,"href":"https:\/\/aconteceunovale.com.br\/portal\/index.php?rest_route=\/wp\/v2\/posts\/177028\/revisions\/177031"}],"wp:featuredmedia":[{"embeddable":true,"href":"https:\/\/aconteceunovale.com.br\/portal\/index.php?rest_route=\/wp\/v2\/media\/177029"}],"wp:attachment":[{"href":"https:\/\/aconteceunovale.com.br\/portal\/index.php?rest_route=%2Fwp%2Fv2%2Fmedia&parent=177028"}],"wp:term":[{"taxonomy":"category","embeddable":true,"href":"https:\/\/aconteceunovale.com.br\/portal\/index.php?rest_route=%2Fwp%2Fv2%2Fcategories&post=177028"},{"taxonomy":"post_tag","embeddable":true,"href":"https:\/\/aconteceunovale.com.br\/portal\/index.php?rest_route=%2Fwp%2Fv2%2Ftags&post=177028"}],"curies":[{"name":"wp","href":"https:\/\/api.w.org\/{rel}","templated":true}]}}